{"id":5871,"date":"2021-05-24T04:33:37","date_gmt":"2021-05-24T08:33:37","guid":{"rendered":"https:\/\/www.eldiario.net\/portal\/?p=5871"},"modified":"2021-05-24T04:33:37","modified_gmt":"2021-05-24T08:33:37","slug":"como-puedo-borrar-mis-publicaciones-de-facebook","status":"publish","type":"post","link":"https:\/\/www.eldiario.net\/portal\/2021\/05\/24\/como-puedo-borrar-mis-publicaciones-de-facebook\/","title":{"rendered":"\u00bfC\u00f3mo puedo borrar mis publicaciones de Facebook?"},"content":{"rendered":"<p>La red de Facebook nos permite realizar diferentes tipos de cambios, puedes cambiar desde tu nombre hasta contenidos que publicaste.<br \/>\nFacebook cuenta con m\u00e1s de 2.740 millones de usuarios activos a nivel global y por eso tu privacidad es importante, puede que en alg\u00fan momento hayas compartido informaci\u00f3n muy personal. Afortunadamente puedes borrar todos esos datos, claro que eso no garantiza que otra persona ya haya hecho una copia de esa informaci\u00f3n.<br \/>\nYa sea si deseas borrar informaci\u00f3n espec\u00edfica o si buscas crear un nuevo aspecto al perfil de tu cuenta y empezar desde cero, sigue los siguientes pasos.<br \/>\nPrimero ingresa a tu perfil de Facebook, ya sea desde el celular o de tu PC.<br \/>\nIdentifica la publicaci\u00f3n que deseas eliminar, luego pulsa en el icono de tres puntos suspensivos que aparece en la parte lateral de la publicaci\u00f3n. Ver\u00e1s la opci\u00f3n \u201cMover a la Papelera\u201d. La eliminaci\u00f3n se har\u00e1 de forma definitiva en 30 d\u00edas, si quieres borrarlo completamente sin esperar el lapso de tiempo debes ir a la opci\u00f3n \u201cRegistro de actividad\u201d en el apartado de \u201cConfiguraci\u00f3n\u201d.<br \/>\nLas \u00fanicas publicaciones que no podr\u00e1s borrar de tu feed ser\u00e1n aquellas donde te hayan etiquetado \u2013 porque no son publicaciones propias -, sin embargo, podr\u00e1s eliminarlas para que no aparezcan en tu biograf\u00eda.<br \/>\nTambi\u00e9n existe la opci\u00f3n de borrar todas tus publicaciones de Facebook de una sola vez.<br \/>\nFacebook tiene una opci\u00f3n en su app m\u00f3vil que te permite eliminar todo el contenido al mismo tiempo y sin mucho esfuerzo. Ten cuidado con esta opci\u00f3n ya que borrar\u00e1s todas tus publicaciones de Facebook a la vez.<br \/>\nPrimero entra en la aplicaci\u00f3n de Facebook, ya sea desde tu celular Android o iOS. Luego pulsa las tres rayas horizontales que aparecen en la parte superior derecha de la pantalla. Dir\u00edgete a tu perfil de usuario y pulsa en el icono de tres puntos suspensivos que aparece debajo de tu nombre de usuario. A continuaci\u00f3n presiona la opci\u00f3n \u201cRegistro de actividad\u201d y luego en \u201cTus publicaciones\u201d. Entonces ver\u00e1s tres opciones: Actualizaciones de texto, registros de visitas, notas y m\u00e1s \u2013 Fotos y v\u00eddeos \u2013 Publicaciones de otras apps. Selecciona las publicaciones que deseas borrar de forma definitiva de Facebook.<br \/>\nPuedes marcar una a una para eliminarlas de forma manual o marcar el cuadro que dice \u201cTodo\u201d en la parte superior izquierda de la pantalla para borrar de forma autom\u00e1tica.<br \/>\nLuego de marcar tus publicaciones a ser borradas da clic en \u201cArchivar\u201d o \u201cMover a papelera\u201d. En este caso, la opci\u00f3n de papelera es la ideal para eliminar todo el contenido al mismo tiempo.<\/p>\n","protected":false},"excerpt":{"rendered":"<p>La red de Facebook nos permite realizar diferentes tipos de cambios, puedes cambiar desde tu nombre hasta contenidos que publicaste. Facebook cuenta con m\u00e1s de 2.740 millones de usuarios activos a nivel global y por eso tu privacidad es importante, puede que en alg\u00fan momento hayas compartido informaci\u00f3n muy personal. Afortunadamente puedes borrar todos esos [&hellip;]<\/p>\n","protected":false},"author":1,"featured_media":0,"comment_status":"closed","ping_status":"closed","sticky":false,"template":"","format":"standard","meta":{"_acf_changed":false,"footnotes":""},"categories":[46],"tags":[],"class_list":["post-5871","post","type-post","status-publish","format-standard","category-ciencia-computacion"],"acf":{"antetitulo":""},"yoast_head":"<!-- This site is optimized with the Yoast SEO plugin v28.4 - https:\/\/yoast.com\/product\/yoast-seo-wordpress\/ -->\n<title>\u00bfC\u00f3mo puedo borrar mis publicaciones de Facebook? - El Diario - Bolivia<\/title>\n<meta name=\"robots\" content=\"index, follow, max-snippet:-1, max-image-preview:large, max-video-preview:-1\" \/>\n<link rel=\"canonical\" href=\"https:\/\/www.eldiario.net\/portal\/2021\/05\/24\/como-puedo-borrar-mis-publicaciones-de-facebook\/\" \/>\n<meta property=\"og:locale\" content=\"es_ES\" \/>\n<meta property=\"og:type\" content=\"article\" \/>\n<meta property=\"og:title\" content=\"\u00bfC\u00f3mo puedo borrar mis publicaciones de Facebook? - El Diario - Bolivia\" \/>\n<meta property=\"og:description\" content=\"La red de Facebook nos permite realizar diferentes tipos de cambios, puedes cambiar desde tu nombre hasta contenidos que publicaste. Facebook cuenta con m\u00e1s de 2.740 millones de usuarios activos a nivel global y por eso tu privacidad es importante, puede que en alg\u00fan momento hayas compartido informaci\u00f3n muy personal. Afortunadamente puedes borrar todos esos [&hellip;]\" \/>\n<meta property=\"og:url\" content=\"https:\/\/www.eldiario.net\/portal\/2021\/05\/24\/como-puedo-borrar-mis-publicaciones-de-facebook\/\" \/>\n<meta property=\"og:site_name\" content=\"El Diario - Bolivia\" \/>\n<meta property=\"article:publisher\" content=\"https:\/\/www.facebook.com\/eldiario.bolivia\/\" \/>\n<meta property=\"article:published_time\" content=\"2021-05-24T08:33:37+00:00\" \/>\n<meta name=\"author\" content=\"Jeanette\" \/>\n<meta name=\"twitter:card\" content=\"summary_large_image\" \/>\n<meta name=\"twitter:creator\" content=\"@eldiario_net\" \/>\n<meta name=\"twitter:site\" content=\"@eldiario_net\" \/>\n<meta name=\"twitter:label1\" content=\"Escrito por\" \/>\n\t<meta name=\"twitter:data1\" content=\"Jeanette\" \/>\n\t<meta name=\"twitter:label2\" content=\"Tiempo de lectura\" \/>\n\t<meta name=\"twitter:data2\" content=\"2 minutos\" \/>\n<script type=\"application\/ld+json\" class=\"yoast-schema-graph\">{\"@context\":\"https:\\\/\\\/schema.org\",\"@graph\":[{\"@type\":\"Article\",\"@id\":\"https:\\\/\\\/www.eldiario.net\\\/portal\\\/2021\\\/05\\\/24\\\/como-puedo-borrar-mis-publicaciones-de-facebook\\\/#article\",\"isPartOf\":{\"@id\":\"https:\\\/\\\/www.eldiario.net\\\/portal\\\/2021\\\/05\\\/24\\\/como-puedo-borrar-mis-publicaciones-de-facebook\\\/\"},\"author\":{\"name\":\"Jeanette\",\"@id\":\"https:\\\/\\\/www.eldiario.net\\\/portal\\\/#\\\/schema\\\/person\\\/2c57cf2b7a7ae032e449e4c9b1019eac\"},\"headline\":\"\u00bfC\u00f3mo puedo borrar mis publicaciones de Facebook?\",\"datePublished\":\"2021-05-24T08:33:37+00:00\",\"mainEntityOfPage\":{\"@id\":\"https:\\\/\\\/www.eldiario.net\\\/portal\\\/2021\\\/05\\\/24\\\/como-puedo-borrar-mis-publicaciones-de-facebook\\\/\"},\"wordCount\":466,\"publisher\":{\"@id\":\"https:\\\/\\\/www.eldiario.net\\\/portal\\\/#organization\"},\"articleSection\":[\"Ciencia y Computaci\u00f3n\"],\"inLanguage\":\"es\"},{\"@type\":\"WebPage\",\"@id\":\"https:\\\/\\\/www.eldiario.net\\\/portal\\\/2021\\\/05\\\/24\\\/como-puedo-borrar-mis-publicaciones-de-facebook\\\/\",\"url\":\"https:\\\/\\\/www.eldiario.net\\\/portal\\\/2021\\\/05\\\/24\\\/como-puedo-borrar-mis-publicaciones-de-facebook\\\/\",\"name\":\"\u00bfC\u00f3mo puedo borrar mis publicaciones de Facebook? - El Diario - Bolivia\",\"isPartOf\":{\"@id\":\"https:\\\/\\\/www.eldiario.net\\\/portal\\\/#website\"},\"datePublished\":\"2021-05-24T08:33:37+00:00\",\"breadcrumb\":{\"@id\":\"https:\\\/\\\/www.eldiario.net\\\/portal\\\/2021\\\/05\\\/24\\\/como-puedo-borrar-mis-publicaciones-de-facebook\\\/#breadcrumb\"},\"inLanguage\":\"es\",\"potentialAction\":[{\"@type\":\"ReadAction\",\"target\":[\"https:\\\/\\\/www.eldiario.net\\\/portal\\\/2021\\\/05\\\/24\\\/como-puedo-borrar-mis-publicaciones-de-facebook\\\/\"]}]},{\"@type\":\"BreadcrumbList\",\"@id\":\"https:\\\/\\\/www.eldiario.net\\\/portal\\\/2021\\\/05\\\/24\\\/como-puedo-borrar-mis-publicaciones-de-facebook\\\/#breadcrumb\",\"itemListElement\":[{\"@type\":\"ListItem\",\"position\":1,\"name\":\"Portada\",\"item\":\"https:\\\/\\\/www.eldiario.net\\\/portal\\\/\"},{\"@type\":\"ListItem\",\"position\":2,\"name\":\"\u00bfC\u00f3mo puedo borrar mis publicaciones de Facebook?\"}]},{\"@type\":\"WebSite\",\"@id\":\"https:\\\/\\\/www.eldiario.net\\\/portal\\\/#website\",\"url\":\"https:\\\/\\\/www.eldiario.net\\\/portal\\\/\",\"name\":\"El Diario - Decano de la prensa nacional\",\"description\":\"El Diario - Decano de la prensa nacional\",\"publisher\":{\"@id\":\"https:\\\/\\\/www.eldiario.net\\\/portal\\\/#organization\"},\"potentialAction\":[{\"@type\":\"SearchAction\",\"target\":{\"@type\":\"EntryPoint\",\"urlTemplate\":\"https:\\\/\\\/www.eldiario.net\\\/portal\\\/?s={search_term_string}\"},\"query-input\":{\"@type\":\"PropertyValueSpecification\",\"valueRequired\":true,\"valueName\":\"search_term_string\"}}],\"inLanguage\":\"es\"},{\"@type\":\"Organization\",\"@id\":\"https:\\\/\\\/www.eldiario.net\\\/portal\\\/#organization\",\"name\":\"El Diario - Decano de la prensa nacional\",\"url\":\"https:\\\/\\\/www.eldiario.net\\\/portal\\\/\",\"logo\":{\"@type\":\"ImageObject\",\"inLanguage\":\"es\",\"@id\":\"https:\\\/\\\/www.eldiario.net\\\/portal\\\/#\\\/schema\\\/logo\\\/image\\\/\",\"url\":\"https:\\\/\\\/www.eldiario.net\\\/portal\\\/wp-content\\\/uploads\\\/2023\\\/07\\\/logo_ED.jpg\",\"contentUrl\":\"https:\\\/\\\/www.eldiario.net\\\/portal\\\/wp-content\\\/uploads\\\/2023\\\/07\\\/logo_ED.jpg\",\"width\":272,\"height\":52,\"caption\":\"El Diario - Decano de la prensa nacional\"},\"image\":{\"@id\":\"https:\\\/\\\/www.eldiario.net\\\/portal\\\/#\\\/schema\\\/logo\\\/image\\\/\"},\"sameAs\":[\"https:\\\/\\\/www.facebook.com\\\/eldiario.bolivia\\\/\",\"https:\\\/\\\/x.com\\\/eldiario_net\"]},{\"@type\":\"Person\",\"@id\":\"https:\\\/\\\/www.eldiario.net\\\/portal\\\/#\\\/schema\\\/person\\\/2c57cf2b7a7ae032e449e4c9b1019eac\",\"name\":\"Jeanette\",\"image\":{\"@type\":\"ImageObject\",\"inLanguage\":\"es\",\"@id\":\"https:\\\/\\\/secure.gravatar.com\\\/avatar\\\/3ea2118a5f7dad2b7138b1187a6b7ee55f160b9968b66013c3a3ef39dd7e5798?s=96&d=mm&r=g\",\"url\":\"https:\\\/\\\/secure.gravatar.com\\\/avatar\\\/3ea2118a5f7dad2b7138b1187a6b7ee55f160b9968b66013c3a3ef39dd7e5798?s=96&d=mm&r=g\",\"contentUrl\":\"https:\\\/\\\/secure.gravatar.com\\\/avatar\\\/3ea2118a5f7dad2b7138b1187a6b7ee55f160b9968b66013c3a3ef39dd7e5798?s=96&d=mm&r=g\",\"caption\":\"Jeanette\"},\"sameAs\":[\"https:\\\/\\\/www.eldiario.net\\\/portal\"],\"url\":\"https:\\\/\\\/www.eldiario.net\\\/portal\\\/author\\\/jeanette\\\/\"}]}<\/script>\n<!-- \/ Yoast SEO plugin. -->","yoast_head_json":{"title":"\u00bfC\u00f3mo puedo borrar mis publicaciones de Facebook? - El Diario - Bolivia","robots":{"index":"index","follow":"follow","max-snippet":"max-snippet:-1","max-image-preview":"max-image-preview:large","max-video-preview":"max-video-preview:-1"},"canonical":"https:\/\/www.eldiario.net\/portal\/2021\/05\/24\/como-puedo-borrar-mis-publicaciones-de-facebook\/","og_locale":"es_ES","og_type":"article","og_title":"\u00bfC\u00f3mo puedo borrar mis publicaciones de Facebook? - El Diario - Bolivia","og_description":"La red de Facebook nos permite realizar diferentes tipos de cambios, puedes cambiar desde tu nombre hasta contenidos que publicaste. Facebook cuenta con m\u00e1s de 2.740 millones de usuarios activos a nivel global y por eso tu privacidad es importante, puede que en alg\u00fan momento hayas compartido informaci\u00f3n muy personal. Afortunadamente puedes borrar todos esos [&hellip;]","og_url":"https:\/\/www.eldiario.net\/portal\/2021\/05\/24\/como-puedo-borrar-mis-publicaciones-de-facebook\/","og_site_name":"El Diario - Bolivia","article_publisher":"https:\/\/www.facebook.com\/eldiario.bolivia\/","article_published_time":"2021-05-24T08:33:37+00:00","author":"Jeanette","twitter_card":"summary_large_image","twitter_creator":"@eldiario_net","twitter_site":"@eldiario_net","twitter_misc":{"Escrito por":"Jeanette","Tiempo de lectura":"2 minutos"},"schema":{"@context":"https:\/\/schema.org","@graph":[{"@type":"Article","@id":"https:\/\/www.eldiario.net\/portal\/2021\/05\/24\/como-puedo-borrar-mis-publicaciones-de-facebook\/#article","isPartOf":{"@id":"https:\/\/www.eldiario.net\/portal\/2021\/05\/24\/como-puedo-borrar-mis-publicaciones-de-facebook\/"},"author":{"name":"Jeanette","@id":"https:\/\/www.eldiario.net\/portal\/#\/schema\/person\/2c57cf2b7a7ae032e449e4c9b1019eac"},"headline":"\u00bfC\u00f3mo puedo borrar mis publicaciones de Facebook?","datePublished":"2021-05-24T08:33:37+00:00","mainEntityOfPage":{"@id":"https:\/\/www.eldiario.net\/portal\/2021\/05\/24\/como-puedo-borrar-mis-publicaciones-de-facebook\/"},"wordCount":466,"publisher":{"@id":"https:\/\/www.eldiario.net\/portal\/#organization"},"articleSection":["Ciencia y Computaci\u00f3n"],"inLanguage":"es"},{"@type":"WebPage","@id":"https:\/\/www.eldiario.net\/portal\/2021\/05\/24\/como-puedo-borrar-mis-publicaciones-de-facebook\/","url":"https:\/\/www.eldiario.net\/portal\/2021\/05\/24\/como-puedo-borrar-mis-publicaciones-de-facebook\/","name":"\u00bfC\u00f3mo puedo borrar mis publicaciones de Facebook? - El Diario - Bolivia","isPartOf":{"@id":"https:\/\/www.eldiario.net\/portal\/#website"},"datePublished":"2021-05-24T08:33:37+00:00","breadcrumb":{"@id":"https:\/\/www.eldiario.net\/portal\/2021\/05\/24\/como-puedo-borrar-mis-publicaciones-de-facebook\/#breadcrumb"},"inLanguage":"es","potentialAction":[{"@type":"ReadAction","target":["https:\/\/www.eldiario.net\/portal\/2021\/05\/24\/como-puedo-borrar-mis-publicaciones-de-facebook\/"]}]},{"@type":"BreadcrumbList","@id":"https:\/\/www.eldiario.net\/portal\/2021\/05\/24\/como-puedo-borrar-mis-publicaciones-de-facebook\/#breadcrumb","itemListElement":[{"@type":"ListItem","position":1,"name":"Portada","item":"https:\/\/www.eldiario.net\/portal\/"},{"@type":"ListItem","position":2,"name":"\u00bfC\u00f3mo puedo borrar mis publicaciones de Facebook?"}]},{"@type":"WebSite","@id":"https:\/\/www.eldiario.net\/portal\/#website","url":"https:\/\/www.eldiario.net\/portal\/","name":"El Diario - Decano de la prensa nacional","description":"El Diario - Decano de la prensa nacional","publisher":{"@id":"https:\/\/www.eldiario.net\/portal\/#organization"},"potentialAction":[{"@type":"SearchAction","target":{"@type":"EntryPoint","urlTemplate":"https:\/\/www.eldiario.net\/portal\/?s={search_term_string}"},"query-input":{"@type":"PropertyValueSpecification","valueRequired":true,"valueName":"search_term_string"}}],"inLanguage":"es"},{"@type":"Organization","@id":"https:\/\/www.eldiario.net\/portal\/#organization","name":"El Diario - Decano de la prensa nacional","url":"https:\/\/www.eldiario.net\/portal\/","logo":{"@type":"ImageObject","inLanguage":"es","@id":"https:\/\/www.eldiario.net\/portal\/#\/schema\/logo\/image\/","url":"https:\/\/www.eldiario.net\/portal\/wp-content\/uploads\/2023\/07\/logo_ED.jpg","contentUrl":"https:\/\/www.eldiario.net\/portal\/wp-content\/uploads\/2023\/07\/logo_ED.jpg","width":272,"height":52,"caption":"El Diario - Decano de la prensa nacional"},"image":{"@id":"https:\/\/www.eldiario.net\/portal\/#\/schema\/logo\/image\/"},"sameAs":["https:\/\/www.facebook.com\/eldiario.bolivia\/","https:\/\/x.com\/eldiario_net"]},{"@type":"Person","@id":"https:\/\/www.eldiario.net\/portal\/#\/schema\/person\/2c57cf2b7a7ae032e449e4c9b1019eac","name":"Jeanette","image":{"@type":"ImageObject","inLanguage":"es","@id":"https:\/\/secure.gravatar.com\/avatar\/3ea2118a5f7dad2b7138b1187a6b7ee55f160b9968b66013c3a3ef39dd7e5798?s=96&d=mm&r=g","url":"https:\/\/secure.gravatar.com\/avatar\/3ea2118a5f7dad2b7138b1187a6b7ee55f160b9968b66013c3a3ef39dd7e5798?s=96&d=mm&r=g","contentUrl":"https:\/\/secure.gravatar.com\/avatar\/3ea2118a5f7dad2b7138b1187a6b7ee55f160b9968b66013c3a3ef39dd7e5798?s=96&d=mm&r=g","caption":"Jeanette"},"sameAs":["https:\/\/www.eldiario.net\/portal"],"url":"https:\/\/www.eldiario.net\/portal\/author\/jeanette\/"}]}},"_links":{"self":[{"href":"https:\/\/www.eldiario.net\/portal\/wp-json\/wp\/v2\/posts\/5871","targetHints":{"allow":["GET"]}}],"collection":[{"href":"https:\/\/www.eldiario.net\/portal\/wp-json\/wp\/v2\/posts"}],"about":[{"href":"https:\/\/www.eldiario.net\/portal\/wp-json\/wp\/v2\/types\/post"}],"author":[{"embeddable":true,"href":"https:\/\/www.eldiario.net\/portal\/wp-json\/wp\/v2\/users\/1"}],"replies":[{"embeddable":true,"href":"https:\/\/www.eldiario.net\/portal\/wp-json\/wp\/v2\/comments?post=5871"}],"version-history":[{"count":0,"href":"https:\/\/www.eldiario.net\/portal\/wp-json\/wp\/v2\/posts\/5871\/revisions"}],"wp:attachment":[{"href":"https:\/\/www.eldiario.net\/portal\/wp-json\/wp\/v2\/media?parent=5871"}],"wp:term":[{"taxonomy":"category","embeddable":true,"href":"https:\/\/www.eldiario.net\/portal\/wp-json\/wp\/v2\/categories?post=5871"},{"taxonomy":"post_tag","embeddable":true,"href":"https:\/\/www.eldiario.net\/portal\/wp-json\/wp\/v2\/tags?post=5871"}],"curies":[{"name":"wp","href":"https:\/\/api.w.org\/{rel}","templated":true}]}}