{"id":5868,"date":"2021-05-24T04:32:54","date_gmt":"2021-05-24T08:32:54","guid":{"rendered":"https:\/\/www.eldiario.net\/portal\/?p=5868"},"modified":"2021-05-24T04:32:54","modified_gmt":"2021-05-24T08:32:54","slug":"que-cambio-desde-el-15-de-mayo-en-whatsapp","status":"publish","type":"post","link":"https:\/\/www.eldiario.net\/portal\/2021\/05\/24\/que-cambio-desde-el-15-de-mayo-en-whatsapp\/","title":{"rendered":"\u00bfQu\u00e9 cambi\u00f3  desde el 15 de mayo en WhatsApp?"},"content":{"rendered":"<p>El pasado 15 de mayo WhatsApp estren\u00f3 sus nuevas condiciones y\u00a0pol\u00edtica de privacidad\u00a0de uso para su aplicaci\u00f3n. Si todav\u00eda no aceptaste \u00a0a partir de ahora,\u00a0te va a mostrar una ventana para que la aceptes\u00a0si quieres seguir utilizando la aplicaci\u00f3n. Si no las aceptas, tu cuenta no se va a borrar, pero con el tiempo\u00a0WhatsApp quedar\u00e1 inutilizable\u00a0y no podr\u00e1s usar casi ninguna funci\u00f3n.<br \/>\nRevisemos un poco de los antecedentes Facebook compr\u00f3 WhatsApp\u00a0por 16.000 millones de d\u00f3lares en 2014, durante ese proceso de adquisici\u00f3n le asegur\u00f3 a la Comisi\u00f3n Europea que no ten\u00edan una forma fiable ni autom\u00e1tica de relacionar las cuentas de WhatsApp y Facebook de sus usuarios,\u00a0el tiempo demostr\u00f3 lo contrario. En cuanto se culmin\u00f3 la compra, Facebook\u00a0anunci\u00f3\u00a0que empezar\u00edan a combinar estos datos y les acus\u00f3 de\u00a0proporcionar informaci\u00f3n enga\u00f1osa. La nueva pol\u00edtica de privacidad que se te propone aceptar desde el 15 de mayo del 2021 es un nuevo paso en esa direcci\u00f3n. En ella, se acepta que\u00a0los datos de los usuarios de WhatsApp se compartir\u00e1n con el resto de servicios de Facebook, un cambio que inicialmente iba a ser obligatorio, pero como vemos al final ahora no lo es.<br \/>\nCompartiendo estos datos, Facebook pretende conseguir\u00a0tener perfiles m\u00e1s completos de todos sus usuarios\u00a0unificando la informaci\u00f3n que le das en todas sus aplicaciones en un \u00fanico perfil. Esto le ayudar\u00e1 a dirigir mejor las campa\u00f1as publicitarias a los gustos personales de sus usuarios, y as\u00ed ganar m\u00e1s dinero con publicidad m\u00e1s efectiva.<\/p>\n<p><strong>\u00bfQu\u00e9 sucede si no aceptas las condiciones de uso de WhatsApp?<\/strong><br \/>\nSi no aceptas las condiciones recibir\u00e1s recordatorios constantes\u00a0para que lo hagas, y pasadas algunas semanas la aplicaci\u00f3n pasar\u00e1 a mostrar un recordatorio persistente. Cuando esto suceda, la app pasar\u00e1 a\u00a0entrar en un modo de funcionalidad limitada, en la que\u00a0no podr\u00e1s utilizar la mayor\u00eda de sus funciones. Despu\u00e9s de unas pocas semanas de funcionalidad limitada, tambi\u00e9n dejar\u00e1s de poder recibir llamadas y notificaciones, y WhatsApp dejar\u00e1 de enviar mensajes y llamadas a tu tel\u00e9fono. La soluci\u00f3n es migrar a otro servicio como Telegram como ya lo hicieron millones de usuarios en todo el mundo.<\/p>\n","protected":false},"excerpt":{"rendered":"<p>El pasado 15 de mayo WhatsApp estren\u00f3 sus nuevas condiciones y\u00a0pol\u00edtica de privacidad\u00a0de uso para su aplicaci\u00f3n. Si todav\u00eda no aceptaste \u00a0a partir de ahora,\u00a0te va a mostrar una ventana para que la aceptes\u00a0si quieres seguir utilizando la aplicaci\u00f3n. Si no las aceptas, tu cuenta no se va a borrar, pero con el tiempo\u00a0WhatsApp quedar\u00e1 [&hellip;]<\/p>\n","protected":false},"author":1,"featured_media":5869,"comment_status":"closed","ping_status":"closed","sticky":false,"template":"","format":"standard","meta":{"_acf_changed":false,"footnotes":""},"categories":[46],"tags":[],"class_list":["post-5868","post","type-post","status-publish","format-standard","has-post-thumbnail","category-ciencia-computacion"],"acf":{"antetitulo":""},"yoast_head":"<!-- This site is optimized with the Yoast SEO plugin v28.4 - https:\/\/yoast.com\/product\/yoast-seo-wordpress\/ -->\n<title>\u00bfQu\u00e9 cambi\u00f3 desde el 15 de mayo en WhatsApp? - El Diario - Bolivia<\/title>\n<meta name=\"robots\" content=\"index, follow, max-snippet:-1, max-image-preview:large, max-video-preview:-1\" \/>\n<link rel=\"canonical\" href=\"https:\/\/www.eldiario.net\/portal\/2021\/05\/24\/que-cambio-desde-el-15-de-mayo-en-whatsapp\/\" \/>\n<meta property=\"og:locale\" content=\"es_ES\" \/>\n<meta property=\"og:type\" content=\"article\" \/>\n<meta property=\"og:title\" content=\"\u00bfQu\u00e9 cambi\u00f3 desde el 15 de mayo en WhatsApp? - El Diario - Bolivia\" \/>\n<meta property=\"og:description\" content=\"El pasado 15 de mayo WhatsApp estren\u00f3 sus nuevas condiciones y\u00a0pol\u00edtica de privacidad\u00a0de uso para su aplicaci\u00f3n. Si todav\u00eda no aceptaste \u00a0a partir de ahora,\u00a0te va a mostrar una ventana para que la aceptes\u00a0si quieres seguir utilizando la aplicaci\u00f3n. Si no las aceptas, tu cuenta no se va a borrar, pero con el tiempo\u00a0WhatsApp quedar\u00e1 [&hellip;]\" \/>\n<meta property=\"og:url\" content=\"https:\/\/www.eldiario.net\/portal\/2021\/05\/24\/que-cambio-desde-el-15-de-mayo-en-whatsapp\/\" \/>\n<meta property=\"og:site_name\" content=\"El Diario - Bolivia\" \/>\n<meta property=\"article:publisher\" content=\"https:\/\/www.facebook.com\/eldiario.bolivia\/\" \/>\n<meta property=\"article:published_time\" content=\"2021-05-24T08:32:54+00:00\" \/>\n<meta name=\"author\" content=\"Jeanette\" \/>\n<meta name=\"twitter:card\" content=\"summary_large_image\" \/>\n<meta name=\"twitter:creator\" content=\"@eldiario_net\" \/>\n<meta name=\"twitter:site\" content=\"@eldiario_net\" \/>\n<meta name=\"twitter:label1\" content=\"Escrito por\" \/>\n\t<meta name=\"twitter:data1\" content=\"Jeanette\" \/>\n\t<meta name=\"twitter:label2\" content=\"Tiempo de lectura\" \/>\n\t<meta name=\"twitter:data2\" content=\"2 minutos\" \/>\n<script type=\"application\/ld+json\" class=\"yoast-schema-graph\">{\"@context\":\"https:\\\/\\\/schema.org\",\"@graph\":[{\"@type\":\"Article\",\"@id\":\"https:\\\/\\\/www.eldiario.net\\\/portal\\\/2021\\\/05\\\/24\\\/que-cambio-desde-el-15-de-mayo-en-whatsapp\\\/#article\",\"isPartOf\":{\"@id\":\"https:\\\/\\\/www.eldiario.net\\\/portal\\\/2021\\\/05\\\/24\\\/que-cambio-desde-el-15-de-mayo-en-whatsapp\\\/\"},\"author\":{\"name\":\"Jeanette\",\"@id\":\"https:\\\/\\\/www.eldiario.net\\\/portal\\\/#\\\/schema\\\/person\\\/2c57cf2b7a7ae032e449e4c9b1019eac\"},\"headline\":\"\u00bfQu\u00e9 cambi\u00f3 desde el 15 de mayo en WhatsApp?\",\"datePublished\":\"2021-05-24T08:32:54+00:00\",\"mainEntityOfPage\":{\"@id\":\"https:\\\/\\\/www.eldiario.net\\\/portal\\\/2021\\\/05\\\/24\\\/que-cambio-desde-el-15-de-mayo-en-whatsapp\\\/\"},\"wordCount\":396,\"publisher\":{\"@id\":\"https:\\\/\\\/www.eldiario.net\\\/portal\\\/#organization\"},\"image\":{\"@id\":\"https:\\\/\\\/www.eldiario.net\\\/portal\\\/2021\\\/05\\\/24\\\/que-cambio-desde-el-15-de-mayo-en-whatsapp\\\/#primaryimage\"},\"thumbnailUrl\":\"\",\"articleSection\":[\"Ciencia y Computaci\u00f3n\"],\"inLanguage\":\"es\"},{\"@type\":\"WebPage\",\"@id\":\"https:\\\/\\\/www.eldiario.net\\\/portal\\\/2021\\\/05\\\/24\\\/que-cambio-desde-el-15-de-mayo-en-whatsapp\\\/\",\"url\":\"https:\\\/\\\/www.eldiario.net\\\/portal\\\/2021\\\/05\\\/24\\\/que-cambio-desde-el-15-de-mayo-en-whatsapp\\\/\",\"name\":\"\u00bfQu\u00e9 cambi\u00f3 desde el 15 de mayo en WhatsApp? - El Diario - Bolivia\",\"isPartOf\":{\"@id\":\"https:\\\/\\\/www.eldiario.net\\\/portal\\\/#website\"},\"primaryImageOfPage\":{\"@id\":\"https:\\\/\\\/www.eldiario.net\\\/portal\\\/2021\\\/05\\\/24\\\/que-cambio-desde-el-15-de-mayo-en-whatsapp\\\/#primaryimage\"},\"image\":{\"@id\":\"https:\\\/\\\/www.eldiario.net\\\/portal\\\/2021\\\/05\\\/24\\\/que-cambio-desde-el-15-de-mayo-en-whatsapp\\\/#primaryimage\"},\"thumbnailUrl\":\"\",\"datePublished\":\"2021-05-24T08:32:54+00:00\",\"breadcrumb\":{\"@id\":\"https:\\\/\\\/www.eldiario.net\\\/portal\\\/2021\\\/05\\\/24\\\/que-cambio-desde-el-15-de-mayo-en-whatsapp\\\/#breadcrumb\"},\"inLanguage\":\"es\",\"potentialAction\":[{\"@type\":\"ReadAction\",\"target\":[\"https:\\\/\\\/www.eldiario.net\\\/portal\\\/2021\\\/05\\\/24\\\/que-cambio-desde-el-15-de-mayo-en-whatsapp\\\/\"]}]},{\"@type\":\"ImageObject\",\"inLanguage\":\"es\",\"@id\":\"https:\\\/\\\/www.eldiario.net\\\/portal\\\/2021\\\/05\\\/24\\\/que-cambio-desde-el-15-de-mayo-en-whatsapp\\\/#primaryimage\",\"url\":\"\",\"contentUrl\":\"\"},{\"@type\":\"BreadcrumbList\",\"@id\":\"https:\\\/\\\/www.eldiario.net\\\/portal\\\/2021\\\/05\\\/24\\\/que-cambio-desde-el-15-de-mayo-en-whatsapp\\\/#breadcrumb\",\"itemListElement\":[{\"@type\":\"ListItem\",\"position\":1,\"name\":\"Portada\",\"item\":\"https:\\\/\\\/www.eldiario.net\\\/portal\\\/\"},{\"@type\":\"ListItem\",\"position\":2,\"name\":\"\u00bfQu\u00e9 cambi\u00f3 desde el 15 de mayo en WhatsApp?\"}]},{\"@type\":\"WebSite\",\"@id\":\"https:\\\/\\\/www.eldiario.net\\\/portal\\\/#website\",\"url\":\"https:\\\/\\\/www.eldiario.net\\\/portal\\\/\",\"name\":\"El Diario - Decano de la prensa nacional\",\"description\":\"El Diario - Decano de la prensa nacional\",\"publisher\":{\"@id\":\"https:\\\/\\\/www.eldiario.net\\\/portal\\\/#organization\"},\"potentialAction\":[{\"@type\":\"SearchAction\",\"target\":{\"@type\":\"EntryPoint\",\"urlTemplate\":\"https:\\\/\\\/www.eldiario.net\\\/portal\\\/?s={search_term_string}\"},\"query-input\":{\"@type\":\"PropertyValueSpecification\",\"valueRequired\":true,\"valueName\":\"search_term_string\"}}],\"inLanguage\":\"es\"},{\"@type\":\"Organization\",\"@id\":\"https:\\\/\\\/www.eldiario.net\\\/portal\\\/#organization\",\"name\":\"El Diario - Decano de la prensa nacional\",\"url\":\"https:\\\/\\\/www.eldiario.net\\\/portal\\\/\",\"logo\":{\"@type\":\"ImageObject\",\"inLanguage\":\"es\",\"@id\":\"https:\\\/\\\/www.eldiario.net\\\/portal\\\/#\\\/schema\\\/logo\\\/image\\\/\",\"url\":\"https:\\\/\\\/www.eldiario.net\\\/portal\\\/wp-content\\\/uploads\\\/2023\\\/07\\\/logo_ED.jpg\",\"contentUrl\":\"https:\\\/\\\/www.eldiario.net\\\/portal\\\/wp-content\\\/uploads\\\/2023\\\/07\\\/logo_ED.jpg\",\"width\":272,\"height\":52,\"caption\":\"El Diario - Decano de la prensa nacional\"},\"image\":{\"@id\":\"https:\\\/\\\/www.eldiario.net\\\/portal\\\/#\\\/schema\\\/logo\\\/image\\\/\"},\"sameAs\":[\"https:\\\/\\\/www.facebook.com\\\/eldiario.bolivia\\\/\",\"https:\\\/\\\/x.com\\\/eldiario_net\"]},{\"@type\":\"Person\",\"@id\":\"https:\\\/\\\/www.eldiario.net\\\/portal\\\/#\\\/schema\\\/person\\\/2c57cf2b7a7ae032e449e4c9b1019eac\",\"name\":\"Jeanette\",\"image\":{\"@type\":\"ImageObject\",\"inLanguage\":\"es\",\"@id\":\"https:\\\/\\\/secure.gravatar.com\\\/avatar\\\/3ea2118a5f7dad2b7138b1187a6b7ee55f160b9968b66013c3a3ef39dd7e5798?s=96&d=mm&r=g\",\"url\":\"https:\\\/\\\/secure.gravatar.com\\\/avatar\\\/3ea2118a5f7dad2b7138b1187a6b7ee55f160b9968b66013c3a3ef39dd7e5798?s=96&d=mm&r=g\",\"contentUrl\":\"https:\\\/\\\/secure.gravatar.com\\\/avatar\\\/3ea2118a5f7dad2b7138b1187a6b7ee55f160b9968b66013c3a3ef39dd7e5798?s=96&d=mm&r=g\",\"caption\":\"Jeanette\"},\"sameAs\":[\"https:\\\/\\\/www.eldiario.net\\\/portal\"],\"url\":\"https:\\\/\\\/www.eldiario.net\\\/portal\\\/author\\\/jeanette\\\/\"}]}<\/script>\n<!-- \/ Yoast SEO plugin. -->","yoast_head_json":{"title":"\u00bfQu\u00e9 cambi\u00f3 desde el 15 de mayo en WhatsApp? - El Diario - Bolivia","robots":{"index":"index","follow":"follow","max-snippet":"max-snippet:-1","max-image-preview":"max-image-preview:large","max-video-preview":"max-video-preview:-1"},"canonical":"https:\/\/www.eldiario.net\/portal\/2021\/05\/24\/que-cambio-desde-el-15-de-mayo-en-whatsapp\/","og_locale":"es_ES","og_type":"article","og_title":"\u00bfQu\u00e9 cambi\u00f3 desde el 15 de mayo en WhatsApp? - El Diario - Bolivia","og_description":"El pasado 15 de mayo WhatsApp estren\u00f3 sus nuevas condiciones y\u00a0pol\u00edtica de privacidad\u00a0de uso para su aplicaci\u00f3n. Si todav\u00eda no aceptaste \u00a0a partir de ahora,\u00a0te va a mostrar una ventana para que la aceptes\u00a0si quieres seguir utilizando la aplicaci\u00f3n. Si no las aceptas, tu cuenta no se va a borrar, pero con el tiempo\u00a0WhatsApp quedar\u00e1 [&hellip;]","og_url":"https:\/\/www.eldiario.net\/portal\/2021\/05\/24\/que-cambio-desde-el-15-de-mayo-en-whatsapp\/","og_site_name":"El Diario - Bolivia","article_publisher":"https:\/\/www.facebook.com\/eldiario.bolivia\/","article_published_time":"2021-05-24T08:32:54+00:00","author":"Jeanette","twitter_card":"summary_large_image","twitter_creator":"@eldiario_net","twitter_site":"@eldiario_net","twitter_misc":{"Escrito por":"Jeanette","Tiempo de lectura":"2 minutos"},"schema":{"@context":"https:\/\/schema.org","@graph":[{"@type":"Article","@id":"https:\/\/www.eldiario.net\/portal\/2021\/05\/24\/que-cambio-desde-el-15-de-mayo-en-whatsapp\/#article","isPartOf":{"@id":"https:\/\/www.eldiario.net\/portal\/2021\/05\/24\/que-cambio-desde-el-15-de-mayo-en-whatsapp\/"},"author":{"name":"Jeanette","@id":"https:\/\/www.eldiario.net\/portal\/#\/schema\/person\/2c57cf2b7a7ae032e449e4c9b1019eac"},"headline":"\u00bfQu\u00e9 cambi\u00f3 desde el 15 de mayo en WhatsApp?","datePublished":"2021-05-24T08:32:54+00:00","mainEntityOfPage":{"@id":"https:\/\/www.eldiario.net\/portal\/2021\/05\/24\/que-cambio-desde-el-15-de-mayo-en-whatsapp\/"},"wordCount":396,"publisher":{"@id":"https:\/\/www.eldiario.net\/portal\/#organization"},"image":{"@id":"https:\/\/www.eldiario.net\/portal\/2021\/05\/24\/que-cambio-desde-el-15-de-mayo-en-whatsapp\/#primaryimage"},"thumbnailUrl":"","articleSection":["Ciencia y Computaci\u00f3n"],"inLanguage":"es"},{"@type":"WebPage","@id":"https:\/\/www.eldiario.net\/portal\/2021\/05\/24\/que-cambio-desde-el-15-de-mayo-en-whatsapp\/","url":"https:\/\/www.eldiario.net\/portal\/2021\/05\/24\/que-cambio-desde-el-15-de-mayo-en-whatsapp\/","name":"\u00bfQu\u00e9 cambi\u00f3 desde el 15 de mayo en WhatsApp? - El Diario - Bolivia","isPartOf":{"@id":"https:\/\/www.eldiario.net\/portal\/#website"},"primaryImageOfPage":{"@id":"https:\/\/www.eldiario.net\/portal\/2021\/05\/24\/que-cambio-desde-el-15-de-mayo-en-whatsapp\/#primaryimage"},"image":{"@id":"https:\/\/www.eldiario.net\/portal\/2021\/05\/24\/que-cambio-desde-el-15-de-mayo-en-whatsapp\/#primaryimage"},"thumbnailUrl":"","datePublished":"2021-05-24T08:32:54+00:00","breadcrumb":{"@id":"https:\/\/www.eldiario.net\/portal\/2021\/05\/24\/que-cambio-desde-el-15-de-mayo-en-whatsapp\/#breadcrumb"},"inLanguage":"es","potentialAction":[{"@type":"ReadAction","target":["https:\/\/www.eldiario.net\/portal\/2021\/05\/24\/que-cambio-desde-el-15-de-mayo-en-whatsapp\/"]}]},{"@type":"ImageObject","inLanguage":"es","@id":"https:\/\/www.eldiario.net\/portal\/2021\/05\/24\/que-cambio-desde-el-15-de-mayo-en-whatsapp\/#primaryimage","url":"","contentUrl":""},{"@type":"BreadcrumbList","@id":"https:\/\/www.eldiario.net\/portal\/2021\/05\/24\/que-cambio-desde-el-15-de-mayo-en-whatsapp\/#breadcrumb","itemListElement":[{"@type":"ListItem","position":1,"name":"Portada","item":"https:\/\/www.eldiario.net\/portal\/"},{"@type":"ListItem","position":2,"name":"\u00bfQu\u00e9 cambi\u00f3 desde el 15 de mayo en WhatsApp?"}]},{"@type":"WebSite","@id":"https:\/\/www.eldiario.net\/portal\/#website","url":"https:\/\/www.eldiario.net\/portal\/","name":"El Diario - Decano de la prensa nacional","description":"El Diario - Decano de la prensa nacional","publisher":{"@id":"https:\/\/www.eldiario.net\/portal\/#organization"},"potentialAction":[{"@type":"SearchAction","target":{"@type":"EntryPoint","urlTemplate":"https:\/\/www.eldiario.net\/portal\/?s={search_term_string}"},"query-input":{"@type":"PropertyValueSpecification","valueRequired":true,"valueName":"search_term_string"}}],"inLanguage":"es"},{"@type":"Organization","@id":"https:\/\/www.eldiario.net\/portal\/#organization","name":"El Diario - Decano de la prensa nacional","url":"https:\/\/www.eldiario.net\/portal\/","logo":{"@type":"ImageObject","inLanguage":"es","@id":"https:\/\/www.eldiario.net\/portal\/#\/schema\/logo\/image\/","url":"https:\/\/www.eldiario.net\/portal\/wp-content\/uploads\/2023\/07\/logo_ED.jpg","contentUrl":"https:\/\/www.eldiario.net\/portal\/wp-content\/uploads\/2023\/07\/logo_ED.jpg","width":272,"height":52,"caption":"El Diario - Decano de la prensa nacional"},"image":{"@id":"https:\/\/www.eldiario.net\/portal\/#\/schema\/logo\/image\/"},"sameAs":["https:\/\/www.facebook.com\/eldiario.bolivia\/","https:\/\/x.com\/eldiario_net"]},{"@type":"Person","@id":"https:\/\/www.eldiario.net\/portal\/#\/schema\/person\/2c57cf2b7a7ae032e449e4c9b1019eac","name":"Jeanette","image":{"@type":"ImageObject","inLanguage":"es","@id":"https:\/\/secure.gravatar.com\/avatar\/3ea2118a5f7dad2b7138b1187a6b7ee55f160b9968b66013c3a3ef39dd7e5798?s=96&d=mm&r=g","url":"https:\/\/secure.gravatar.com\/avatar\/3ea2118a5f7dad2b7138b1187a6b7ee55f160b9968b66013c3a3ef39dd7e5798?s=96&d=mm&r=g","contentUrl":"https:\/\/secure.gravatar.com\/avatar\/3ea2118a5f7dad2b7138b1187a6b7ee55f160b9968b66013c3a3ef39dd7e5798?s=96&d=mm&r=g","caption":"Jeanette"},"sameAs":["https:\/\/www.eldiario.net\/portal"],"url":"https:\/\/www.eldiario.net\/portal\/author\/jeanette\/"}]}},"_links":{"self":[{"href":"https:\/\/www.eldiario.net\/portal\/wp-json\/wp\/v2\/posts\/5868","targetHints":{"allow":["GET"]}}],"collection":[{"href":"https:\/\/www.eldiario.net\/portal\/wp-json\/wp\/v2\/posts"}],"about":[{"href":"https:\/\/www.eldiario.net\/portal\/wp-json\/wp\/v2\/types\/post"}],"author":[{"embeddable":true,"href":"https:\/\/www.eldiario.net\/portal\/wp-json\/wp\/v2\/users\/1"}],"replies":[{"embeddable":true,"href":"https:\/\/www.eldiario.net\/portal\/wp-json\/wp\/v2\/comments?post=5868"}],"version-history":[{"count":0,"href":"https:\/\/www.eldiario.net\/portal\/wp-json\/wp\/v2\/posts\/5868\/revisions"}],"wp:attachment":[{"href":"https:\/\/www.eldiario.net\/portal\/wp-json\/wp\/v2\/media?parent=5868"}],"wp:term":[{"taxonomy":"category","embeddable":true,"href":"https:\/\/www.eldiario.net\/portal\/wp-json\/wp\/v2\/categories?post=5868"},{"taxonomy":"post_tag","embeddable":true,"href":"https:\/\/www.eldiario.net\/portal\/wp-json\/wp\/v2\/tags?post=5868"}],"curies":[{"name":"wp","href":"https:\/\/api.w.org\/{rel}","templated":true}]}}