{"id":5862,"date":"2021-05-24T04:30:04","date_gmt":"2021-05-24T08:30:04","guid":{"rendered":"https:\/\/www.eldiario.net\/portal\/?p=5862"},"modified":"2021-05-24T04:30:04","modified_gmt":"2021-05-24T08:30:04","slug":"tigo-reafirma-su-apoyo-a-la-educacion-con-el-programa-maestrs-conectads-recargado","status":"publish","type":"post","link":"https:\/\/www.eldiario.net\/portal\/2021\/05\/24\/tigo-reafirma-su-apoyo-a-la-educacion-con-el-programa-maestrs-conectads-recargado\/","title":{"rendered":"Tigo reafirma su apoyo a la educaci\u00f3n con el programa Maestr@s Conectad@s recargado"},"content":{"rendered":"<p>Regresa el programa de educaci\u00f3n digital de Tigo con una versi\u00f3n 2021 que apuesta por llevar la ense\u00f1anza a un siguiente nivel. El nombre habla por s\u00ed solo, el proyecto Maestr@s Conectad@s Recargado, este a\u00f1o llega con un plus, pues adem\u00e1s de seguir formando a los profesores en el uso de herramientas digitales para ense\u00f1ar, tambi\u00e9n se trabajar\u00e1 en capacitarlos para que se conviertan en generadores de contenido educativo apto para ni\u00f1os, ni\u00f1as y adolescentes.<br \/>\nEl prop\u00f3sito es seguir revolucionando la educaci\u00f3n de forma positiva y lograr que los maestros tambi\u00e9n apliquen el nuevo conocimiento que aprendan, cuando regresen a la ense\u00f1anza de forma presencial. Otra novedad de este a\u00f1o es que, los cursos virtuales, que son totalmente gratuitos, se impartir\u00e1n por capacitadores de relevancia internacional, como Mar\u00eda Isabel Ballivi\u00e1n, educadora reconocida por la Casa Blanca de Estados Unidos, C\u00e9sar Bona, maestro y escritor de Espa\u00f1a, entre otros destacados expositores.<br \/>\nEn casi un a\u00f1o, el programa Maestr@s Conectad@s, que inici\u00f3 en pandemia, Tigo ha certificado a m\u00e1s de 140 mil maestros, distribuidos en el \u00e1rea rural y los centros urbanos del pa\u00eds; el objetivo es seguir creciendo. El jefe de Responsabilidad Corporativa de Tigo, Carlos Echaz\u00fa, explica que \u201ceste proyecto es un esfuerzo de capacitaci\u00f3n virtual que inici\u00f3 en abril de 2020, en respuesta a la suspensi\u00f3n de actividades presenciales en los colegios. El programa fue creado en Bolivia y, gracias a su \u00e9xito, se est\u00e1 replicando en otros pa\u00edses como Nicaragua, Guatemala y Paraguay\u201d.<br \/>\nEl ejecutivo a\u00f1ade que, este a\u00f1o, Maestr@s Conectad@s Recargado seguir\u00e1 capacitando con nuevos contenidos que se dividen por tres niveles: inicial, avanzado y recargado; cada uno est\u00e1 enfocado en formar a maestros, maestras, personal administrativo de instituciones educativas y toda persona interesada en prepararse para la educaci\u00f3n digital. Al finalizar los cursos, los participantes recibir\u00e1n una certificaci\u00f3n de Tigo de 100 horas acad\u00e9micas en \u201cFormaci\u00f3n en herramientas digitales y humanizaci\u00f3n de la tecnolog\u00eda\u201d.<br \/>\nEstos cursos orientados a profesores, se enmarcan en el prop\u00f3sito que tiene Tigo de estar presente en la transformaci\u00f3n digital de la educaci\u00f3n boliviana y en el compromiso de generar una educaci\u00f3n inclusiva, equitativa y de calidad para promover oportunidades de aprendizaje durante toda la vida para todos.<br \/>\nEchaz\u00fa explica que el nivel recargado de Maestr@s Conectad@s, ayuda a fortalecer habilidades digitales y blandas para procesos formativos y, adem\u00e1s, ofrece un salto cualitativo importante porque se enfoca en que los profesores no solo sean agentes que usan ciertas herramientas, sino que se transformen en generadores de contenido educativo. \u201cCuando los centros educativos regresen a la modalidad presencial, estas herramientas ayudar\u00e1n a los profesores a seguir desarrollando contenido digital apto para ni\u00f1os, ni\u00f1as y adolescentes. Buscamos humanizar la tecnolog\u00eda a trav\u00e9s del desarrollo de las habilidades emocionales y t\u00e9cnicas de los estudiantes\u201d, puntualiza el jefe de Responsabilidad Corporativa de Tigo.<br \/>\n\u00bfC\u00f3mo se desarrollar\u00e1n las clases de Maestr@s Conectad@s?<br \/>\nLos cursos usar\u00e1n la plataforma global Moodle que permite trabajar en un sistema integrado, con la identidad de Maestr@s Conectad@s.<br \/>\nQuienes deseen ser un maestro 3.0, mediante la mejora de habilidades digitales y blandas en clases, tienen que realizar un registro digital.<\/p>\n","protected":false},"excerpt":{"rendered":"<p>Regresa el programa de educaci\u00f3n digital de Tigo con una versi\u00f3n 2021 que apuesta por llevar la ense\u00f1anza a un siguiente nivel. El nombre habla por s\u00ed solo, el proyecto Maestr@s Conectad@s Recargado, este a\u00f1o llega con un plus, pues adem\u00e1s de seguir formando a los profesores en el uso de herramientas digitales para ense\u00f1ar, [&hellip;]<\/p>\n","protected":false},"author":1,"featured_media":5863,"comment_status":"closed","ping_status":"closed","sticky":false,"template":"","format":"standard","meta":{"_acf_changed":false,"footnotes":""},"categories":[46],"tags":[],"class_list":["post-5862","post","type-post","status-publish","format-standard","has-post-thumbnail","category-ciencia-computacion"],"acf":{"antetitulo":""},"yoast_head":"<!-- This site is optimized with the Yoast SEO plugin v28.4 - https:\/\/yoast.com\/product\/yoast-seo-wordpress\/ -->\n<title>Tigo reafirma su apoyo a la educaci\u00f3n con el programa Maestr@s Conectad@s recargado - El Diario - Bolivia<\/title>\n<meta name=\"robots\" content=\"index, follow, max-snippet:-1, max-image-preview:large, max-video-preview:-1\" \/>\n<link rel=\"canonical\" href=\"https:\/\/www.eldiario.net\/portal\/2021\/05\/24\/tigo-reafirma-su-apoyo-a-la-educacion-con-el-programa-maestrs-conectads-recargado\/\" \/>\n<meta property=\"og:locale\" content=\"es_ES\" \/>\n<meta property=\"og:type\" content=\"article\" \/>\n<meta property=\"og:title\" content=\"Tigo reafirma su apoyo a la educaci\u00f3n con el programa Maestr@s Conectad@s recargado - El Diario - Bolivia\" \/>\n<meta property=\"og:description\" content=\"Regresa el programa de educaci\u00f3n digital de Tigo con una versi\u00f3n 2021 que apuesta por llevar la ense\u00f1anza a un siguiente nivel. El nombre habla por s\u00ed solo, el proyecto Maestr@s Conectad@s Recargado, este a\u00f1o llega con un plus, pues adem\u00e1s de seguir formando a los profesores en el uso de herramientas digitales para ense\u00f1ar, [&hellip;]\" \/>\n<meta property=\"og:url\" content=\"https:\/\/www.eldiario.net\/portal\/2021\/05\/24\/tigo-reafirma-su-apoyo-a-la-educacion-con-el-programa-maestrs-conectads-recargado\/\" \/>\n<meta property=\"og:site_name\" content=\"El Diario - Bolivia\" \/>\n<meta property=\"article:publisher\" content=\"https:\/\/www.facebook.com\/eldiario.bolivia\/\" \/>\n<meta property=\"article:published_time\" content=\"2021-05-24T08:30:04+00:00\" \/>\n<meta property=\"og:image\" content=\"https:\/\/www.eldiario.net\/portal\/wp-content\/uploads\/2021\/05\/6-B.png\" \/>\n\t<meta property=\"og:image:width\" content=\"1470\" \/>\n\t<meta property=\"og:image:height\" content=\"842\" \/>\n\t<meta property=\"og:image:type\" content=\"image\/png\" \/>\n<meta name=\"author\" content=\"Jeanette\" \/>\n<meta name=\"twitter:card\" content=\"summary_large_image\" \/>\n<meta name=\"twitter:creator\" content=\"@eldiario_net\" \/>\n<meta name=\"twitter:site\" content=\"@eldiario_net\" \/>\n<meta name=\"twitter:label1\" content=\"Escrito por\" \/>\n\t<meta name=\"twitter:data1\" content=\"Jeanette\" \/>\n\t<meta name=\"twitter:label2\" content=\"Tiempo de lectura\" \/>\n\t<meta name=\"twitter:data2\" content=\"3 minutos\" \/>\n<script type=\"application\/ld+json\" class=\"yoast-schema-graph\">{\"@context\":\"https:\\\/\\\/schema.org\",\"@graph\":[{\"@type\":\"Article\",\"@id\":\"https:\\\/\\\/www.eldiario.net\\\/portal\\\/2021\\\/05\\\/24\\\/tigo-reafirma-su-apoyo-a-la-educacion-con-el-programa-maestrs-conectads-recargado\\\/#article\",\"isPartOf\":{\"@id\":\"https:\\\/\\\/www.eldiario.net\\\/portal\\\/2021\\\/05\\\/24\\\/tigo-reafirma-su-apoyo-a-la-educacion-con-el-programa-maestrs-conectads-recargado\\\/\"},\"author\":{\"name\":\"Jeanette\",\"@id\":\"https:\\\/\\\/www.eldiario.net\\\/portal\\\/#\\\/schema\\\/person\\\/2c57cf2b7a7ae032e449e4c9b1019eac\"},\"headline\":\"Tigo reafirma su apoyo a la educaci\u00f3n con el programa Maestr@s Conectad@s recargado\",\"datePublished\":\"2021-05-24T08:30:04+00:00\",\"mainEntityOfPage\":{\"@id\":\"https:\\\/\\\/www.eldiario.net\\\/portal\\\/2021\\\/05\\\/24\\\/tigo-reafirma-su-apoyo-a-la-educacion-con-el-programa-maestrs-conectads-recargado\\\/\"},\"wordCount\":588,\"publisher\":{\"@id\":\"https:\\\/\\\/www.eldiario.net\\\/portal\\\/#organization\"},\"image\":{\"@id\":\"https:\\\/\\\/www.eldiario.net\\\/portal\\\/2021\\\/05\\\/24\\\/tigo-reafirma-su-apoyo-a-la-educacion-con-el-programa-maestrs-conectads-recargado\\\/#primaryimage\"},\"thumbnailUrl\":\"https:\\\/\\\/www.eldiario.net\\\/portal\\\/wp-content\\\/uploads\\\/2021\\\/05\\\/6-B.png\",\"articleSection\":[\"Ciencia y Computaci\u00f3n\"],\"inLanguage\":\"es\"},{\"@type\":\"WebPage\",\"@id\":\"https:\\\/\\\/www.eldiario.net\\\/portal\\\/2021\\\/05\\\/24\\\/tigo-reafirma-su-apoyo-a-la-educacion-con-el-programa-maestrs-conectads-recargado\\\/\",\"url\":\"https:\\\/\\\/www.eldiario.net\\\/portal\\\/2021\\\/05\\\/24\\\/tigo-reafirma-su-apoyo-a-la-educacion-con-el-programa-maestrs-conectads-recargado\\\/\",\"name\":\"Tigo reafirma su apoyo a la educaci\u00f3n con el programa Maestr@s Conectad@s recargado - El Diario - Bolivia\",\"isPartOf\":{\"@id\":\"https:\\\/\\\/www.eldiario.net\\\/portal\\\/#website\"},\"primaryImageOfPage\":{\"@id\":\"https:\\\/\\\/www.eldiario.net\\\/portal\\\/2021\\\/05\\\/24\\\/tigo-reafirma-su-apoyo-a-la-educacion-con-el-programa-maestrs-conectads-recargado\\\/#primaryimage\"},\"image\":{\"@id\":\"https:\\\/\\\/www.eldiario.net\\\/portal\\\/2021\\\/05\\\/24\\\/tigo-reafirma-su-apoyo-a-la-educacion-con-el-programa-maestrs-conectads-recargado\\\/#primaryimage\"},\"thumbnailUrl\":\"https:\\\/\\\/www.eldiario.net\\\/portal\\\/wp-content\\\/uploads\\\/2021\\\/05\\\/6-B.png\",\"datePublished\":\"2021-05-24T08:30:04+00:00\",\"breadcrumb\":{\"@id\":\"https:\\\/\\\/www.eldiario.net\\\/portal\\\/2021\\\/05\\\/24\\\/tigo-reafirma-su-apoyo-a-la-educacion-con-el-programa-maestrs-conectads-recargado\\\/#breadcrumb\"},\"inLanguage\":\"es\",\"potentialAction\":[{\"@type\":\"ReadAction\",\"target\":[\"https:\\\/\\\/www.eldiario.net\\\/portal\\\/2021\\\/05\\\/24\\\/tigo-reafirma-su-apoyo-a-la-educacion-con-el-programa-maestrs-conectads-recargado\\\/\"]}]},{\"@type\":\"ImageObject\",\"inLanguage\":\"es\",\"@id\":\"https:\\\/\\\/www.eldiario.net\\\/portal\\\/2021\\\/05\\\/24\\\/tigo-reafirma-su-apoyo-a-la-educacion-con-el-programa-maestrs-conectads-recargado\\\/#primaryimage\",\"url\":\"https:\\\/\\\/www.eldiario.net\\\/portal\\\/wp-content\\\/uploads\\\/2021\\\/05\\\/6-B.png\",\"contentUrl\":\"https:\\\/\\\/www.eldiario.net\\\/portal\\\/wp-content\\\/uploads\\\/2021\\\/05\\\/6-B.png\",\"width\":1470,\"height\":842},{\"@type\":\"BreadcrumbList\",\"@id\":\"https:\\\/\\\/www.eldiario.net\\\/portal\\\/2021\\\/05\\\/24\\\/tigo-reafirma-su-apoyo-a-la-educacion-con-el-programa-maestrs-conectads-recargado\\\/#breadcrumb\",\"itemListElement\":[{\"@type\":\"ListItem\",\"position\":1,\"name\":\"Portada\",\"item\":\"https:\\\/\\\/www.eldiario.net\\\/portal\\\/\"},{\"@type\":\"ListItem\",\"position\":2,\"name\":\"Tigo reafirma su apoyo a la educaci\u00f3n con el programa Maestr@s Conectad@s recargado\"}]},{\"@type\":\"WebSite\",\"@id\":\"https:\\\/\\\/www.eldiario.net\\\/portal\\\/#website\",\"url\":\"https:\\\/\\\/www.eldiario.net\\\/portal\\\/\",\"name\":\"El Diario - Decano de la prensa nacional\",\"description\":\"El Diario - Decano de la prensa nacional\",\"publisher\":{\"@id\":\"https:\\\/\\\/www.eldiario.net\\\/portal\\\/#organization\"},\"potentialAction\":[{\"@type\":\"SearchAction\",\"target\":{\"@type\":\"EntryPoint\",\"urlTemplate\":\"https:\\\/\\\/www.eldiario.net\\\/portal\\\/?s={search_term_string}\"},\"query-input\":{\"@type\":\"PropertyValueSpecification\",\"valueRequired\":true,\"valueName\":\"search_term_string\"}}],\"inLanguage\":\"es\"},{\"@type\":\"Organization\",\"@id\":\"https:\\\/\\\/www.eldiario.net\\\/portal\\\/#organization\",\"name\":\"El Diario - Decano de la prensa nacional\",\"url\":\"https:\\\/\\\/www.eldiario.net\\\/portal\\\/\",\"logo\":{\"@type\":\"ImageObject\",\"inLanguage\":\"es\",\"@id\":\"https:\\\/\\\/www.eldiario.net\\\/portal\\\/#\\\/schema\\\/logo\\\/image\\\/\",\"url\":\"https:\\\/\\\/www.eldiario.net\\\/portal\\\/wp-content\\\/uploads\\\/2023\\\/07\\\/logo_ED.jpg\",\"contentUrl\":\"https:\\\/\\\/www.eldiario.net\\\/portal\\\/wp-content\\\/uploads\\\/2023\\\/07\\\/logo_ED.jpg\",\"width\":272,\"height\":52,\"caption\":\"El Diario - Decano de la prensa nacional\"},\"image\":{\"@id\":\"https:\\\/\\\/www.eldiario.net\\\/portal\\\/#\\\/schema\\\/logo\\\/image\\\/\"},\"sameAs\":[\"https:\\\/\\\/www.facebook.com\\\/eldiario.bolivia\\\/\",\"https:\\\/\\\/x.com\\\/eldiario_net\"]},{\"@type\":\"Person\",\"@id\":\"https:\\\/\\\/www.eldiario.net\\\/portal\\\/#\\\/schema\\\/person\\\/2c57cf2b7a7ae032e449e4c9b1019eac\",\"name\":\"Jeanette\",\"image\":{\"@type\":\"ImageObject\",\"inLanguage\":\"es\",\"@id\":\"https:\\\/\\\/secure.gravatar.com\\\/avatar\\\/3ea2118a5f7dad2b7138b1187a6b7ee55f160b9968b66013c3a3ef39dd7e5798?s=96&d=mm&r=g\",\"url\":\"https:\\\/\\\/secure.gravatar.com\\\/avatar\\\/3ea2118a5f7dad2b7138b1187a6b7ee55f160b9968b66013c3a3ef39dd7e5798?s=96&d=mm&r=g\",\"contentUrl\":\"https:\\\/\\\/secure.gravatar.com\\\/avatar\\\/3ea2118a5f7dad2b7138b1187a6b7ee55f160b9968b66013c3a3ef39dd7e5798?s=96&d=mm&r=g\",\"caption\":\"Jeanette\"},\"sameAs\":[\"https:\\\/\\\/www.eldiario.net\\\/portal\"],\"url\":\"https:\\\/\\\/www.eldiario.net\\\/portal\\\/author\\\/jeanette\\\/\"}]}<\/script>\n<!-- \/ Yoast SEO plugin. -->","yoast_head_json":{"title":"Tigo reafirma su apoyo a la educaci\u00f3n con el programa Maestr@s Conectad@s recargado - El Diario - Bolivia","robots":{"index":"index","follow":"follow","max-snippet":"max-snippet:-1","max-image-preview":"max-image-preview:large","max-video-preview":"max-video-preview:-1"},"canonical":"https:\/\/www.eldiario.net\/portal\/2021\/05\/24\/tigo-reafirma-su-apoyo-a-la-educacion-con-el-programa-maestrs-conectads-recargado\/","og_locale":"es_ES","og_type":"article","og_title":"Tigo reafirma su apoyo a la educaci\u00f3n con el programa Maestr@s Conectad@s recargado - El Diario - Bolivia","og_description":"Regresa el programa de educaci\u00f3n digital de Tigo con una versi\u00f3n 2021 que apuesta por llevar la ense\u00f1anza a un siguiente nivel. El nombre habla por s\u00ed solo, el proyecto Maestr@s Conectad@s Recargado, este a\u00f1o llega con un plus, pues adem\u00e1s de seguir formando a los profesores en el uso de herramientas digitales para ense\u00f1ar, [&hellip;]","og_url":"https:\/\/www.eldiario.net\/portal\/2021\/05\/24\/tigo-reafirma-su-apoyo-a-la-educacion-con-el-programa-maestrs-conectads-recargado\/","og_site_name":"El Diario - Bolivia","article_publisher":"https:\/\/www.facebook.com\/eldiario.bolivia\/","article_published_time":"2021-05-24T08:30:04+00:00","og_image":[{"width":1470,"height":842,"url":"https:\/\/www.eldiario.net\/portal\/wp-content\/uploads\/2021\/05\/6-B.png","type":"image\/png"}],"author":"Jeanette","twitter_card":"summary_large_image","twitter_creator":"@eldiario_net","twitter_site":"@eldiario_net","twitter_misc":{"Escrito por":"Jeanette","Tiempo de lectura":"3 minutos"},"schema":{"@context":"https:\/\/schema.org","@graph":[{"@type":"Article","@id":"https:\/\/www.eldiario.net\/portal\/2021\/05\/24\/tigo-reafirma-su-apoyo-a-la-educacion-con-el-programa-maestrs-conectads-recargado\/#article","isPartOf":{"@id":"https:\/\/www.eldiario.net\/portal\/2021\/05\/24\/tigo-reafirma-su-apoyo-a-la-educacion-con-el-programa-maestrs-conectads-recargado\/"},"author":{"name":"Jeanette","@id":"https:\/\/www.eldiario.net\/portal\/#\/schema\/person\/2c57cf2b7a7ae032e449e4c9b1019eac"},"headline":"Tigo reafirma su apoyo a la educaci\u00f3n con el programa Maestr@s Conectad@s recargado","datePublished":"2021-05-24T08:30:04+00:00","mainEntityOfPage":{"@id":"https:\/\/www.eldiario.net\/portal\/2021\/05\/24\/tigo-reafirma-su-apoyo-a-la-educacion-con-el-programa-maestrs-conectads-recargado\/"},"wordCount":588,"publisher":{"@id":"https:\/\/www.eldiario.net\/portal\/#organization"},"image":{"@id":"https:\/\/www.eldiario.net\/portal\/2021\/05\/24\/tigo-reafirma-su-apoyo-a-la-educacion-con-el-programa-maestrs-conectads-recargado\/#primaryimage"},"thumbnailUrl":"https:\/\/www.eldiario.net\/portal\/wp-content\/uploads\/2021\/05\/6-B.png","articleSection":["Ciencia y Computaci\u00f3n"],"inLanguage":"es"},{"@type":"WebPage","@id":"https:\/\/www.eldiario.net\/portal\/2021\/05\/24\/tigo-reafirma-su-apoyo-a-la-educacion-con-el-programa-maestrs-conectads-recargado\/","url":"https:\/\/www.eldiario.net\/portal\/2021\/05\/24\/tigo-reafirma-su-apoyo-a-la-educacion-con-el-programa-maestrs-conectads-recargado\/","name":"Tigo reafirma su apoyo a la educaci\u00f3n con el programa Maestr@s Conectad@s recargado - El Diario - Bolivia","isPartOf":{"@id":"https:\/\/www.eldiario.net\/portal\/#website"},"primaryImageOfPage":{"@id":"https:\/\/www.eldiario.net\/portal\/2021\/05\/24\/tigo-reafirma-su-apoyo-a-la-educacion-con-el-programa-maestrs-conectads-recargado\/#primaryimage"},"image":{"@id":"https:\/\/www.eldiario.net\/portal\/2021\/05\/24\/tigo-reafirma-su-apoyo-a-la-educacion-con-el-programa-maestrs-conectads-recargado\/#primaryimage"},"thumbnailUrl":"https:\/\/www.eldiario.net\/portal\/wp-content\/uploads\/2021\/05\/6-B.png","datePublished":"2021-05-24T08:30:04+00:00","breadcrumb":{"@id":"https:\/\/www.eldiario.net\/portal\/2021\/05\/24\/tigo-reafirma-su-apoyo-a-la-educacion-con-el-programa-maestrs-conectads-recargado\/#breadcrumb"},"inLanguage":"es","potentialAction":[{"@type":"ReadAction","target":["https:\/\/www.eldiario.net\/portal\/2021\/05\/24\/tigo-reafirma-su-apoyo-a-la-educacion-con-el-programa-maestrs-conectads-recargado\/"]}]},{"@type":"ImageObject","inLanguage":"es","@id":"https:\/\/www.eldiario.net\/portal\/2021\/05\/24\/tigo-reafirma-su-apoyo-a-la-educacion-con-el-programa-maestrs-conectads-recargado\/#primaryimage","url":"https:\/\/www.eldiario.net\/portal\/wp-content\/uploads\/2021\/05\/6-B.png","contentUrl":"https:\/\/www.eldiario.net\/portal\/wp-content\/uploads\/2021\/05\/6-B.png","width":1470,"height":842},{"@type":"BreadcrumbList","@id":"https:\/\/www.eldiario.net\/portal\/2021\/05\/24\/tigo-reafirma-su-apoyo-a-la-educacion-con-el-programa-maestrs-conectads-recargado\/#breadcrumb","itemListElement":[{"@type":"ListItem","position":1,"name":"Portada","item":"https:\/\/www.eldiario.net\/portal\/"},{"@type":"ListItem","position":2,"name":"Tigo reafirma su apoyo a la educaci\u00f3n con el programa Maestr@s Conectad@s recargado"}]},{"@type":"WebSite","@id":"https:\/\/www.eldiario.net\/portal\/#website","url":"https:\/\/www.eldiario.net\/portal\/","name":"El Diario - Decano de la prensa nacional","description":"El Diario - Decano de la prensa nacional","publisher":{"@id":"https:\/\/www.eldiario.net\/portal\/#organization"},"potentialAction":[{"@type":"SearchAction","target":{"@type":"EntryPoint","urlTemplate":"https:\/\/www.eldiario.net\/portal\/?s={search_term_string}"},"query-input":{"@type":"PropertyValueSpecification","valueRequired":true,"valueName":"search_term_string"}}],"inLanguage":"es"},{"@type":"Organization","@id":"https:\/\/www.eldiario.net\/portal\/#organization","name":"El Diario - Decano de la prensa nacional","url":"https:\/\/www.eldiario.net\/portal\/","logo":{"@type":"ImageObject","inLanguage":"es","@id":"https:\/\/www.eldiario.net\/portal\/#\/schema\/logo\/image\/","url":"https:\/\/www.eldiario.net\/portal\/wp-content\/uploads\/2023\/07\/logo_ED.jpg","contentUrl":"https:\/\/www.eldiario.net\/portal\/wp-content\/uploads\/2023\/07\/logo_ED.jpg","width":272,"height":52,"caption":"El Diario - Decano de la prensa nacional"},"image":{"@id":"https:\/\/www.eldiario.net\/portal\/#\/schema\/logo\/image\/"},"sameAs":["https:\/\/www.facebook.com\/eldiario.bolivia\/","https:\/\/x.com\/eldiario_net"]},{"@type":"Person","@id":"https:\/\/www.eldiario.net\/portal\/#\/schema\/person\/2c57cf2b7a7ae032e449e4c9b1019eac","name":"Jeanette","image":{"@type":"ImageObject","inLanguage":"es","@id":"https:\/\/secure.gravatar.com\/avatar\/3ea2118a5f7dad2b7138b1187a6b7ee55f160b9968b66013c3a3ef39dd7e5798?s=96&d=mm&r=g","url":"https:\/\/secure.gravatar.com\/avatar\/3ea2118a5f7dad2b7138b1187a6b7ee55f160b9968b66013c3a3ef39dd7e5798?s=96&d=mm&r=g","contentUrl":"https:\/\/secure.gravatar.com\/avatar\/3ea2118a5f7dad2b7138b1187a6b7ee55f160b9968b66013c3a3ef39dd7e5798?s=96&d=mm&r=g","caption":"Jeanette"},"sameAs":["https:\/\/www.eldiario.net\/portal"],"url":"https:\/\/www.eldiario.net\/portal\/author\/jeanette\/"}]}},"_links":{"self":[{"href":"https:\/\/www.eldiario.net\/portal\/wp-json\/wp\/v2\/posts\/5862","targetHints":{"allow":["GET"]}}],"collection":[{"href":"https:\/\/www.eldiario.net\/portal\/wp-json\/wp\/v2\/posts"}],"about":[{"href":"https:\/\/www.eldiario.net\/portal\/wp-json\/wp\/v2\/types\/post"}],"author":[{"embeddable":true,"href":"https:\/\/www.eldiario.net\/portal\/wp-json\/wp\/v2\/users\/1"}],"replies":[{"embeddable":true,"href":"https:\/\/www.eldiario.net\/portal\/wp-json\/wp\/v2\/comments?post=5862"}],"version-history":[{"count":0,"href":"https:\/\/www.eldiario.net\/portal\/wp-json\/wp\/v2\/posts\/5862\/revisions"}],"wp:featuredmedia":[{"embeddable":true,"href":"https:\/\/www.eldiario.net\/portal\/wp-json\/wp\/v2\/media\/5863"}],"wp:attachment":[{"href":"https:\/\/www.eldiario.net\/portal\/wp-json\/wp\/v2\/media?parent=5862"}],"wp:term":[{"taxonomy":"category","embeddable":true,"href":"https:\/\/www.eldiario.net\/portal\/wp-json\/wp\/v2\/categories?post=5862"},{"taxonomy":"post_tag","embeddable":true,"href":"https:\/\/www.eldiario.net\/portal\/wp-json\/wp\/v2\/tags?post=5862"}],"curies":[{"name":"wp","href":"https:\/\/api.w.org\/{rel}","templated":true}]}}