{"id":5859,"date":"2021-05-24T04:28:11","date_gmt":"2021-05-24T08:28:11","guid":{"rendered":"https:\/\/www.eldiario.net\/portal\/?p=5859"},"modified":"2021-05-24T04:28:11","modified_gmt":"2021-05-24T08:28:11","slug":"estudio-sobre-comportamiento-digital-destaca-3-de-10-bolivianos-confiesan-perder-la-nocion-del-tiempo-al-conectarse","status":"publish","type":"post","link":"https:\/\/www.eldiario.net\/portal\/2021\/05\/24\/estudio-sobre-comportamiento-digital-destaca-3-de-10-bolivianos-confiesan-perder-la-nocion-del-tiempo-al-conectarse\/","title":{"rendered":"Estudio sobre comportamiento digital destaca: 3 de 10 bolivianos confiesan perder la noci\u00f3n del tiempo al conectarse"},"content":{"rendered":"<p>La Paz, marzo. Con el principal objetivo de conocer el comportamiento de los usuarios bolivianos con relaci\u00f3n al mundo digital, su nivel de confianza con las plataformas digitales y la navegaci\u00f3n en ellas, Ariadna Comunication Group realiz\u00f3 el estudio basado en la herramienta Smart Human Touchpoint. Los datos destacan a un consumidor boliviano que pierde la noci\u00f3n del tiempo al estar conectado, recurrir al Facebook e Instagram como conductores directos a la compra y venta y al WhatsApp como el canal preferido para cerrar transacciones. Si bien los usuarios se\u00f1alan haber aumentado el uso de transacciones por la v\u00eda digital, aun queda mucho camino por recorrer.<br \/>\n\u201cLa herramienta Smart Human Touchpoint, empleada para el estudio, nos permite cruzar informaci\u00f3n cualitativa y cuantitativa de diferentes perfiles utilizando la \u00faltima tecnolog\u00eda de recopilaci\u00f3n y an\u00e1lisis de datos. Gracias a esta herramienta pudimos fundamentalmente enfocarnos en el pensamiento del usuario, en lo que realmente le importa y el tipo de contenido que le interesa ver cuando est\u00e1 conectado con el mundo digital\u201d, destac\u00f3 Edwin S\u00e1nchez, Managing Director de Arianda Communications Group &#8211; Cono Sur, firma ejecutora del estudio.<br \/>\nEn cuanto a los hallazgos sobre el entendimiento digital, el 98% de las personas encuestadas se considera usuario frecuente de redes sociales. Siendo WhatsApp, Facebook e Instagram las tres redes preferidas a nivel nacional, seguidas por (en orden) Tik Tok, Twitter y Snapchat. En cuanto a g\u00e9nero: La mayor\u00eda de las mujeres bolivianas entrevistadas se inclinan como favoritas por Tik Tok e Instagram, mientras que los hombres prefieren Facebook y WhatsApp.<br \/>\nLas razones que motivan la conexi\u00f3n var\u00edan: en primer lugar, se encuentra \u201cPara ver novedades en las redes\u201d, seguido por las siguientes razones : \u201ctrabajar\u201d, \u201cestudiar\u201d, \u201cescuchar m\u00fasica\u201d, \u201cver noticias\u201d, \u201cver pel\u00edculas o series\u201d, \u201cpara ver videos en Youtube\u201d, y para hacer compras o pagos\u201d, entre otros.<br \/>\nEl 21% de los usuarios lleg\u00f3 a un producto o servicio por un anuncio en Facebook o Instagram, el 17% fue contactado por WhatsApp, 16% a trav\u00e9s de Market Place, entre otros. A pesar de estos n\u00fameros, los usuarios bolivianos encuestados (58%) manifestaban la necesidad de encontrarse en el mercado: La experiencia f\u00edsica sigue siendo parte fundamental de la cultura.<br \/>\n\u201cFacebook e Instagram se convirtieron en las vitrinas de los usuarios a la hora de tomar una decisi\u00f3n que quiz\u00e1 ni ten\u00edan en su cabeza. WhatsApp ahora es la caja registradora de digital, es a trav\u00e9s de esta aplicaci\u00f3n que el 17% de los usuarios concretan y finalizan su proceso de compra. Por su parte, Marketplace se ha convertido para los emprendedores bolivianos en la plataforma ideal para comercializar a costos inferiores,\u201d destac\u00f3 Edwin S\u00e1nchez.<br \/>\nUno de los hallazgos que m\u00e1s llama la atenci\u00f3n, tiene que ver con los nativos digitales. A pesar de su familiaridad con el medio, la mayor\u00eda de Millennias y Centennials encuestados manifestaron nunca haber realizado una transacci\u00f3n v\u00eda internet. Un hecho que marca la pauta, dado que confirma que este tipo de acciones digitales no responden a un tema generacional si no cultural, en el caso de Bolivia.<br \/>\nLas redes favoritas de aquellos que manifiestan hacer transacciones por internet son WhatsApp (62,5%), Instagram (45%) y Facebook (32,5%). Estos usuarios manifestaron la fuerte influencia que tienen estas aplicaciones a la hora de realizar transacciones digitales, independientemente de si el pago lo hacen a trav\u00e9s de pasarelas digitales o por transferencias directas.<br \/>\nEl estudio adicionalmente destaca que la adquisici\u00f3n por internet no siempre estuvo ligada a un pago por la misma v\u00eda. El 32% de los usuarios manifest\u00f3 que durante la cuarentena aprendi\u00f3 a usar canales digitales para solicitar productos de primera necesidad y, al no tener una cuenta bancaria o al no estar conectados a una aplicaci\u00f3n bancaria, recurr\u00edan al pago f\u00edsico para completar su transacci\u00f3n.<br \/>\nCon relaci\u00f3n a las compras realizadas v\u00eda internet, en primer lugar, se encuentra comida y bebida, seguido de suscripciones, ropa, tecnolog\u00eda, mensualidades, entre otros. Las formas en las que realizaron los pagos fueron 46% por transferencia bancaria, 31% pago en f\u00edsico, al momento de realizarse la entrega, 22% por pasarelas de pago (Amazon, PayPal, Pedidos Ya, etc.) y 1% otros.<br \/>\nPara los especialistas a cargo del estudio es fundamental seguir trabajando en una cultura de digitalizaci\u00f3n, en especial enfocarse en disminuir el \u00edndice de desconfianza hacia las transacciones digitales. \u201cEn t\u00e9rminos de comunicaci\u00f3n, para acercar m\u00e1s al usuario a una cultura de transacciones digitales, las marcas deben empezar a comunicar desde la sencillez y la brevedad; a trav\u00e9s de informaci\u00f3n ligera, de f\u00e1cil digesti\u00f3n y en empat\u00eda con el usuario, que lo familiarice m\u00e1s con las transacciones digitales. finaliz\u00f3 S\u00e1nchez, Managing Director de Arianda Communications Group &#8211; Cono Sur, firma ejecutora del estudio.<\/p>\n<p>Sobre el estudio<br \/>\nEl estudio fue basado en la aplicaci\u00f3n de 492 encuestas personales y 62 encuestas telef\u00f3nicas realizadas a hombres y mujeres mayores de 16 a\u00f1os de las ciudades de La Paz, El Alto, Cochabamba, Santa Cruz, Tarija y Sucre.<br \/>\nSobre las edades, la masa de m\u00e1s alta participaci\u00f3n estuvo en las edades entre los 21 a\u00f1os y los 35 a\u00f1os (37%), entre 21 y 25 a\u00f1os (27%), entre 31 y 35 a\u00f1os (21%), entre 16 y 20 a\u00f1os (5%), Entre 36 y 40 a\u00f1os (4%), m\u00e1s de 51 a\u00f1os (3%), entre 46 y 50 a\u00f1os (2%) y entre 41 y 45 a\u00f1os (1%).<\/p>\n","protected":false},"excerpt":{"rendered":"<p>La Paz, marzo. Con el principal objetivo de conocer el comportamiento de los usuarios bolivianos con relaci\u00f3n al mundo digital, su nivel de confianza con las plataformas digitales y la navegaci\u00f3n en ellas, Ariadna Comunication Group realiz\u00f3 el estudio basado en la herramienta Smart Human Touchpoint. Los datos destacan a un consumidor boliviano que pierde [&hellip;]<\/p>\n","protected":false},"author":1,"featured_media":5860,"comment_status":"closed","ping_status":"closed","sticky":false,"template":"","format":"standard","meta":{"_acf_changed":false,"footnotes":""},"categories":[46],"tags":[],"class_list":["post-5859","post","type-post","status-publish","format-standard","has-post-thumbnail","category-ciencia-computacion"],"acf":{"antetitulo":""},"yoast_head":"<!-- This site is optimized with the Yoast SEO plugin v28.4 - https:\/\/yoast.com\/product\/yoast-seo-wordpress\/ -->\n<title>Estudio sobre comportamiento digital destaca: 3 de 10 bolivianos confiesan perder la noci\u00f3n del tiempo al conectarse - El Diario - Bolivia<\/title>\n<meta name=\"robots\" content=\"index, follow, max-snippet:-1, max-image-preview:large, max-video-preview:-1\" \/>\n<link rel=\"canonical\" href=\"https:\/\/www.eldiario.net\/portal\/2021\/05\/24\/estudio-sobre-comportamiento-digital-destaca-3-de-10-bolivianos-confiesan-perder-la-nocion-del-tiempo-al-conectarse\/\" \/>\n<meta property=\"og:locale\" content=\"es_ES\" \/>\n<meta property=\"og:type\" content=\"article\" \/>\n<meta property=\"og:title\" content=\"Estudio sobre comportamiento digital destaca: 3 de 10 bolivianos confiesan perder la noci\u00f3n del tiempo al conectarse - El Diario - Bolivia\" \/>\n<meta property=\"og:description\" content=\"La Paz, marzo. Con el principal objetivo de conocer el comportamiento de los usuarios bolivianos con relaci\u00f3n al mundo digital, su nivel de confianza con las plataformas digitales y la navegaci\u00f3n en ellas, Ariadna Comunication Group realiz\u00f3 el estudio basado en la herramienta Smart Human Touchpoint. Los datos destacan a un consumidor boliviano que pierde [&hellip;]\" \/>\n<meta property=\"og:url\" content=\"https:\/\/www.eldiario.net\/portal\/2021\/05\/24\/estudio-sobre-comportamiento-digital-destaca-3-de-10-bolivianos-confiesan-perder-la-nocion-del-tiempo-al-conectarse\/\" \/>\n<meta property=\"og:site_name\" content=\"El Diario - Bolivia\" \/>\n<meta property=\"article:publisher\" content=\"https:\/\/www.facebook.com\/eldiario.bolivia\/\" \/>\n<meta property=\"article:published_time\" content=\"2021-05-24T08:28:11+00:00\" \/>\n<meta property=\"og:image\" content=\"https:\/\/www.eldiario.net\/portal\/wp-content\/uploads\/2021\/05\/7-A-2.jpg\" \/>\n\t<meta property=\"og:image:width\" content=\"1000\" \/>\n\t<meta property=\"og:image:height\" content=\"1517\" \/>\n\t<meta property=\"og:image:type\" content=\"image\/jpeg\" \/>\n<meta name=\"author\" content=\"Jeanette\" \/>\n<meta name=\"twitter:card\" content=\"summary_large_image\" \/>\n<meta name=\"twitter:creator\" content=\"@eldiario_net\" \/>\n<meta name=\"twitter:site\" content=\"@eldiario_net\" \/>\n<meta name=\"twitter:label1\" content=\"Escrito por\" \/>\n\t<meta name=\"twitter:data1\" content=\"Jeanette\" \/>\n\t<meta name=\"twitter:label2\" content=\"Tiempo de lectura\" \/>\n\t<meta name=\"twitter:data2\" content=\"4 minutos\" \/>\n<script type=\"application\/ld+json\" class=\"yoast-schema-graph\">{\"@context\":\"https:\\\/\\\/schema.org\",\"@graph\":[{\"@type\":\"Article\",\"@id\":\"https:\\\/\\\/www.eldiario.net\\\/portal\\\/2021\\\/05\\\/24\\\/estudio-sobre-comportamiento-digital-destaca-3-de-10-bolivianos-confiesan-perder-la-nocion-del-tiempo-al-conectarse\\\/#article\",\"isPartOf\":{\"@id\":\"https:\\\/\\\/www.eldiario.net\\\/portal\\\/2021\\\/05\\\/24\\\/estudio-sobre-comportamiento-digital-destaca-3-de-10-bolivianos-confiesan-perder-la-nocion-del-tiempo-al-conectarse\\\/\"},\"author\":{\"name\":\"Jeanette\",\"@id\":\"https:\\\/\\\/www.eldiario.net\\\/portal\\\/#\\\/schema\\\/person\\\/2c57cf2b7a7ae032e449e4c9b1019eac\"},\"headline\":\"Estudio sobre comportamiento digital destaca: 3 de 10 bolivianos confiesan perder la noci\u00f3n del tiempo al conectarse\",\"datePublished\":\"2021-05-24T08:28:11+00:00\",\"mainEntityOfPage\":{\"@id\":\"https:\\\/\\\/www.eldiario.net\\\/portal\\\/2021\\\/05\\\/24\\\/estudio-sobre-comportamiento-digital-destaca-3-de-10-bolivianos-confiesan-perder-la-nocion-del-tiempo-al-conectarse\\\/\"},\"wordCount\":922,\"publisher\":{\"@id\":\"https:\\\/\\\/www.eldiario.net\\\/portal\\\/#organization\"},\"image\":{\"@id\":\"https:\\\/\\\/www.eldiario.net\\\/portal\\\/2021\\\/05\\\/24\\\/estudio-sobre-comportamiento-digital-destaca-3-de-10-bolivianos-confiesan-perder-la-nocion-del-tiempo-al-conectarse\\\/#primaryimage\"},\"thumbnailUrl\":\"https:\\\/\\\/www.eldiario.net\\\/portal\\\/wp-content\\\/uploads\\\/2021\\\/05\\\/7-A-2.jpg\",\"articleSection\":[\"Ciencia y Computaci\u00f3n\"],\"inLanguage\":\"es\"},{\"@type\":\"WebPage\",\"@id\":\"https:\\\/\\\/www.eldiario.net\\\/portal\\\/2021\\\/05\\\/24\\\/estudio-sobre-comportamiento-digital-destaca-3-de-10-bolivianos-confiesan-perder-la-nocion-del-tiempo-al-conectarse\\\/\",\"url\":\"https:\\\/\\\/www.eldiario.net\\\/portal\\\/2021\\\/05\\\/24\\\/estudio-sobre-comportamiento-digital-destaca-3-de-10-bolivianos-confiesan-perder-la-nocion-del-tiempo-al-conectarse\\\/\",\"name\":\"Estudio sobre comportamiento digital destaca: 3 de 10 bolivianos confiesan perder la noci\u00f3n del tiempo al conectarse - El Diario - Bolivia\",\"isPartOf\":{\"@id\":\"https:\\\/\\\/www.eldiario.net\\\/portal\\\/#website\"},\"primaryImageOfPage\":{\"@id\":\"https:\\\/\\\/www.eldiario.net\\\/portal\\\/2021\\\/05\\\/24\\\/estudio-sobre-comportamiento-digital-destaca-3-de-10-bolivianos-confiesan-perder-la-nocion-del-tiempo-al-conectarse\\\/#primaryimage\"},\"image\":{\"@id\":\"https:\\\/\\\/www.eldiario.net\\\/portal\\\/2021\\\/05\\\/24\\\/estudio-sobre-comportamiento-digital-destaca-3-de-10-bolivianos-confiesan-perder-la-nocion-del-tiempo-al-conectarse\\\/#primaryimage\"},\"thumbnailUrl\":\"https:\\\/\\\/www.eldiario.net\\\/portal\\\/wp-content\\\/uploads\\\/2021\\\/05\\\/7-A-2.jpg\",\"datePublished\":\"2021-05-24T08:28:11+00:00\",\"breadcrumb\":{\"@id\":\"https:\\\/\\\/www.eldiario.net\\\/portal\\\/2021\\\/05\\\/24\\\/estudio-sobre-comportamiento-digital-destaca-3-de-10-bolivianos-confiesan-perder-la-nocion-del-tiempo-al-conectarse\\\/#breadcrumb\"},\"inLanguage\":\"es\",\"potentialAction\":[{\"@type\":\"ReadAction\",\"target\":[\"https:\\\/\\\/www.eldiario.net\\\/portal\\\/2021\\\/05\\\/24\\\/estudio-sobre-comportamiento-digital-destaca-3-de-10-bolivianos-confiesan-perder-la-nocion-del-tiempo-al-conectarse\\\/\"]}]},{\"@type\":\"ImageObject\",\"inLanguage\":\"es\",\"@id\":\"https:\\\/\\\/www.eldiario.net\\\/portal\\\/2021\\\/05\\\/24\\\/estudio-sobre-comportamiento-digital-destaca-3-de-10-bolivianos-confiesan-perder-la-nocion-del-tiempo-al-conectarse\\\/#primaryimage\",\"url\":\"https:\\\/\\\/www.eldiario.net\\\/portal\\\/wp-content\\\/uploads\\\/2021\\\/05\\\/7-A-2.jpg\",\"contentUrl\":\"https:\\\/\\\/www.eldiario.net\\\/portal\\\/wp-content\\\/uploads\\\/2021\\\/05\\\/7-A-2.jpg\",\"width\":1000,\"height\":1517},{\"@type\":\"BreadcrumbList\",\"@id\":\"https:\\\/\\\/www.eldiario.net\\\/portal\\\/2021\\\/05\\\/24\\\/estudio-sobre-comportamiento-digital-destaca-3-de-10-bolivianos-confiesan-perder-la-nocion-del-tiempo-al-conectarse\\\/#breadcrumb\",\"itemListElement\":[{\"@type\":\"ListItem\",\"position\":1,\"name\":\"Portada\",\"item\":\"https:\\\/\\\/www.eldiario.net\\\/portal\\\/\"},{\"@type\":\"ListItem\",\"position\":2,\"name\":\"Estudio sobre comportamiento digital destaca: 3 de 10 bolivianos confiesan perder la noci\u00f3n del tiempo al conectarse\"}]},{\"@type\":\"WebSite\",\"@id\":\"https:\\\/\\\/www.eldiario.net\\\/portal\\\/#website\",\"url\":\"https:\\\/\\\/www.eldiario.net\\\/portal\\\/\",\"name\":\"El Diario - Decano de la prensa nacional\",\"description\":\"El Diario - Decano de la prensa nacional\",\"publisher\":{\"@id\":\"https:\\\/\\\/www.eldiario.net\\\/portal\\\/#organization\"},\"potentialAction\":[{\"@type\":\"SearchAction\",\"target\":{\"@type\":\"EntryPoint\",\"urlTemplate\":\"https:\\\/\\\/www.eldiario.net\\\/portal\\\/?s={search_term_string}\"},\"query-input\":{\"@type\":\"PropertyValueSpecification\",\"valueRequired\":true,\"valueName\":\"search_term_string\"}}],\"inLanguage\":\"es\"},{\"@type\":\"Organization\",\"@id\":\"https:\\\/\\\/www.eldiario.net\\\/portal\\\/#organization\",\"name\":\"El Diario - Decano de la prensa nacional\",\"url\":\"https:\\\/\\\/www.eldiario.net\\\/portal\\\/\",\"logo\":{\"@type\":\"ImageObject\",\"inLanguage\":\"es\",\"@id\":\"https:\\\/\\\/www.eldiario.net\\\/portal\\\/#\\\/schema\\\/logo\\\/image\\\/\",\"url\":\"https:\\\/\\\/www.eldiario.net\\\/portal\\\/wp-content\\\/uploads\\\/2023\\\/07\\\/logo_ED.jpg\",\"contentUrl\":\"https:\\\/\\\/www.eldiario.net\\\/portal\\\/wp-content\\\/uploads\\\/2023\\\/07\\\/logo_ED.jpg\",\"width\":272,\"height\":52,\"caption\":\"El Diario - Decano de la prensa nacional\"},\"image\":{\"@id\":\"https:\\\/\\\/www.eldiario.net\\\/portal\\\/#\\\/schema\\\/logo\\\/image\\\/\"},\"sameAs\":[\"https:\\\/\\\/www.facebook.com\\\/eldiario.bolivia\\\/\",\"https:\\\/\\\/x.com\\\/eldiario_net\"]},{\"@type\":\"Person\",\"@id\":\"https:\\\/\\\/www.eldiario.net\\\/portal\\\/#\\\/schema\\\/person\\\/2c57cf2b7a7ae032e449e4c9b1019eac\",\"name\":\"Jeanette\",\"image\":{\"@type\":\"ImageObject\",\"inLanguage\":\"es\",\"@id\":\"https:\\\/\\\/secure.gravatar.com\\\/avatar\\\/3ea2118a5f7dad2b7138b1187a6b7ee55f160b9968b66013c3a3ef39dd7e5798?s=96&d=mm&r=g\",\"url\":\"https:\\\/\\\/secure.gravatar.com\\\/avatar\\\/3ea2118a5f7dad2b7138b1187a6b7ee55f160b9968b66013c3a3ef39dd7e5798?s=96&d=mm&r=g\",\"contentUrl\":\"https:\\\/\\\/secure.gravatar.com\\\/avatar\\\/3ea2118a5f7dad2b7138b1187a6b7ee55f160b9968b66013c3a3ef39dd7e5798?s=96&d=mm&r=g\",\"caption\":\"Jeanette\"},\"sameAs\":[\"https:\\\/\\\/www.eldiario.net\\\/portal\"],\"url\":\"https:\\\/\\\/www.eldiario.net\\\/portal\\\/author\\\/jeanette\\\/\"}]}<\/script>\n<!-- \/ Yoast SEO plugin. -->","yoast_head_json":{"title":"Estudio sobre comportamiento digital destaca: 3 de 10 bolivianos confiesan perder la noci\u00f3n del tiempo al conectarse - El Diario - Bolivia","robots":{"index":"index","follow":"follow","max-snippet":"max-snippet:-1","max-image-preview":"max-image-preview:large","max-video-preview":"max-video-preview:-1"},"canonical":"https:\/\/www.eldiario.net\/portal\/2021\/05\/24\/estudio-sobre-comportamiento-digital-destaca-3-de-10-bolivianos-confiesan-perder-la-nocion-del-tiempo-al-conectarse\/","og_locale":"es_ES","og_type":"article","og_title":"Estudio sobre comportamiento digital destaca: 3 de 10 bolivianos confiesan perder la noci\u00f3n del tiempo al conectarse - El Diario - Bolivia","og_description":"La Paz, marzo. Con el principal objetivo de conocer el comportamiento de los usuarios bolivianos con relaci\u00f3n al mundo digital, su nivel de confianza con las plataformas digitales y la navegaci\u00f3n en ellas, Ariadna Comunication Group realiz\u00f3 el estudio basado en la herramienta Smart Human Touchpoint. Los datos destacan a un consumidor boliviano que pierde [&hellip;]","og_url":"https:\/\/www.eldiario.net\/portal\/2021\/05\/24\/estudio-sobre-comportamiento-digital-destaca-3-de-10-bolivianos-confiesan-perder-la-nocion-del-tiempo-al-conectarse\/","og_site_name":"El Diario - Bolivia","article_publisher":"https:\/\/www.facebook.com\/eldiario.bolivia\/","article_published_time":"2021-05-24T08:28:11+00:00","og_image":[{"width":1000,"height":1517,"url":"https:\/\/www.eldiario.net\/portal\/wp-content\/uploads\/2021\/05\/7-A-2.jpg","type":"image\/jpeg"}],"author":"Jeanette","twitter_card":"summary_large_image","twitter_creator":"@eldiario_net","twitter_site":"@eldiario_net","twitter_misc":{"Escrito por":"Jeanette","Tiempo de lectura":"4 minutos"},"schema":{"@context":"https:\/\/schema.org","@graph":[{"@type":"Article","@id":"https:\/\/www.eldiario.net\/portal\/2021\/05\/24\/estudio-sobre-comportamiento-digital-destaca-3-de-10-bolivianos-confiesan-perder-la-nocion-del-tiempo-al-conectarse\/#article","isPartOf":{"@id":"https:\/\/www.eldiario.net\/portal\/2021\/05\/24\/estudio-sobre-comportamiento-digital-destaca-3-de-10-bolivianos-confiesan-perder-la-nocion-del-tiempo-al-conectarse\/"},"author":{"name":"Jeanette","@id":"https:\/\/www.eldiario.net\/portal\/#\/schema\/person\/2c57cf2b7a7ae032e449e4c9b1019eac"},"headline":"Estudio sobre comportamiento digital destaca: 3 de 10 bolivianos confiesan perder la noci\u00f3n del tiempo al conectarse","datePublished":"2021-05-24T08:28:11+00:00","mainEntityOfPage":{"@id":"https:\/\/www.eldiario.net\/portal\/2021\/05\/24\/estudio-sobre-comportamiento-digital-destaca-3-de-10-bolivianos-confiesan-perder-la-nocion-del-tiempo-al-conectarse\/"},"wordCount":922,"publisher":{"@id":"https:\/\/www.eldiario.net\/portal\/#organization"},"image":{"@id":"https:\/\/www.eldiario.net\/portal\/2021\/05\/24\/estudio-sobre-comportamiento-digital-destaca-3-de-10-bolivianos-confiesan-perder-la-nocion-del-tiempo-al-conectarse\/#primaryimage"},"thumbnailUrl":"https:\/\/www.eldiario.net\/portal\/wp-content\/uploads\/2021\/05\/7-A-2.jpg","articleSection":["Ciencia y Computaci\u00f3n"],"inLanguage":"es"},{"@type":"WebPage","@id":"https:\/\/www.eldiario.net\/portal\/2021\/05\/24\/estudio-sobre-comportamiento-digital-destaca-3-de-10-bolivianos-confiesan-perder-la-nocion-del-tiempo-al-conectarse\/","url":"https:\/\/www.eldiario.net\/portal\/2021\/05\/24\/estudio-sobre-comportamiento-digital-destaca-3-de-10-bolivianos-confiesan-perder-la-nocion-del-tiempo-al-conectarse\/","name":"Estudio sobre comportamiento digital destaca: 3 de 10 bolivianos confiesan perder la noci\u00f3n del tiempo al conectarse - El Diario - Bolivia","isPartOf":{"@id":"https:\/\/www.eldiario.net\/portal\/#website"},"primaryImageOfPage":{"@id":"https:\/\/www.eldiario.net\/portal\/2021\/05\/24\/estudio-sobre-comportamiento-digital-destaca-3-de-10-bolivianos-confiesan-perder-la-nocion-del-tiempo-al-conectarse\/#primaryimage"},"image":{"@id":"https:\/\/www.eldiario.net\/portal\/2021\/05\/24\/estudio-sobre-comportamiento-digital-destaca-3-de-10-bolivianos-confiesan-perder-la-nocion-del-tiempo-al-conectarse\/#primaryimage"},"thumbnailUrl":"https:\/\/www.eldiario.net\/portal\/wp-content\/uploads\/2021\/05\/7-A-2.jpg","datePublished":"2021-05-24T08:28:11+00:00","breadcrumb":{"@id":"https:\/\/www.eldiario.net\/portal\/2021\/05\/24\/estudio-sobre-comportamiento-digital-destaca-3-de-10-bolivianos-confiesan-perder-la-nocion-del-tiempo-al-conectarse\/#breadcrumb"},"inLanguage":"es","potentialAction":[{"@type":"ReadAction","target":["https:\/\/www.eldiario.net\/portal\/2021\/05\/24\/estudio-sobre-comportamiento-digital-destaca-3-de-10-bolivianos-confiesan-perder-la-nocion-del-tiempo-al-conectarse\/"]}]},{"@type":"ImageObject","inLanguage":"es","@id":"https:\/\/www.eldiario.net\/portal\/2021\/05\/24\/estudio-sobre-comportamiento-digital-destaca-3-de-10-bolivianos-confiesan-perder-la-nocion-del-tiempo-al-conectarse\/#primaryimage","url":"https:\/\/www.eldiario.net\/portal\/wp-content\/uploads\/2021\/05\/7-A-2.jpg","contentUrl":"https:\/\/www.eldiario.net\/portal\/wp-content\/uploads\/2021\/05\/7-A-2.jpg","width":1000,"height":1517},{"@type":"BreadcrumbList","@id":"https:\/\/www.eldiario.net\/portal\/2021\/05\/24\/estudio-sobre-comportamiento-digital-destaca-3-de-10-bolivianos-confiesan-perder-la-nocion-del-tiempo-al-conectarse\/#breadcrumb","itemListElement":[{"@type":"ListItem","position":1,"name":"Portada","item":"https:\/\/www.eldiario.net\/portal\/"},{"@type":"ListItem","position":2,"name":"Estudio sobre comportamiento digital destaca: 3 de 10 bolivianos confiesan perder la noci\u00f3n del tiempo al conectarse"}]},{"@type":"WebSite","@id":"https:\/\/www.eldiario.net\/portal\/#website","url":"https:\/\/www.eldiario.net\/portal\/","name":"El Diario - Decano de la prensa nacional","description":"El Diario - Decano de la prensa nacional","publisher":{"@id":"https:\/\/www.eldiario.net\/portal\/#organization"},"potentialAction":[{"@type":"SearchAction","target":{"@type":"EntryPoint","urlTemplate":"https:\/\/www.eldiario.net\/portal\/?s={search_term_string}"},"query-input":{"@type":"PropertyValueSpecification","valueRequired":true,"valueName":"search_term_string"}}],"inLanguage":"es"},{"@type":"Organization","@id":"https:\/\/www.eldiario.net\/portal\/#organization","name":"El Diario - Decano de la prensa nacional","url":"https:\/\/www.eldiario.net\/portal\/","logo":{"@type":"ImageObject","inLanguage":"es","@id":"https:\/\/www.eldiario.net\/portal\/#\/schema\/logo\/image\/","url":"https:\/\/www.eldiario.net\/portal\/wp-content\/uploads\/2023\/07\/logo_ED.jpg","contentUrl":"https:\/\/www.eldiario.net\/portal\/wp-content\/uploads\/2023\/07\/logo_ED.jpg","width":272,"height":52,"caption":"El Diario - Decano de la prensa nacional"},"image":{"@id":"https:\/\/www.eldiario.net\/portal\/#\/schema\/logo\/image\/"},"sameAs":["https:\/\/www.facebook.com\/eldiario.bolivia\/","https:\/\/x.com\/eldiario_net"]},{"@type":"Person","@id":"https:\/\/www.eldiario.net\/portal\/#\/schema\/person\/2c57cf2b7a7ae032e449e4c9b1019eac","name":"Jeanette","image":{"@type":"ImageObject","inLanguage":"es","@id":"https:\/\/secure.gravatar.com\/avatar\/3ea2118a5f7dad2b7138b1187a6b7ee55f160b9968b66013c3a3ef39dd7e5798?s=96&d=mm&r=g","url":"https:\/\/secure.gravatar.com\/avatar\/3ea2118a5f7dad2b7138b1187a6b7ee55f160b9968b66013c3a3ef39dd7e5798?s=96&d=mm&r=g","contentUrl":"https:\/\/secure.gravatar.com\/avatar\/3ea2118a5f7dad2b7138b1187a6b7ee55f160b9968b66013c3a3ef39dd7e5798?s=96&d=mm&r=g","caption":"Jeanette"},"sameAs":["https:\/\/www.eldiario.net\/portal"],"url":"https:\/\/www.eldiario.net\/portal\/author\/jeanette\/"}]}},"_links":{"self":[{"href":"https:\/\/www.eldiario.net\/portal\/wp-json\/wp\/v2\/posts\/5859","targetHints":{"allow":["GET"]}}],"collection":[{"href":"https:\/\/www.eldiario.net\/portal\/wp-json\/wp\/v2\/posts"}],"about":[{"href":"https:\/\/www.eldiario.net\/portal\/wp-json\/wp\/v2\/types\/post"}],"author":[{"embeddable":true,"href":"https:\/\/www.eldiario.net\/portal\/wp-json\/wp\/v2\/users\/1"}],"replies":[{"embeddable":true,"href":"https:\/\/www.eldiario.net\/portal\/wp-json\/wp\/v2\/comments?post=5859"}],"version-history":[{"count":0,"href":"https:\/\/www.eldiario.net\/portal\/wp-json\/wp\/v2\/posts\/5859\/revisions"}],"wp:featuredmedia":[{"embeddable":true,"href":"https:\/\/www.eldiario.net\/portal\/wp-json\/wp\/v2\/media\/5860"}],"wp:attachment":[{"href":"https:\/\/www.eldiario.net\/portal\/wp-json\/wp\/v2\/media?parent=5859"}],"wp:term":[{"taxonomy":"category","embeddable":true,"href":"https:\/\/www.eldiario.net\/portal\/wp-json\/wp\/v2\/categories?post=5859"},{"taxonomy":"post_tag","embeddable":true,"href":"https:\/\/www.eldiario.net\/portal\/wp-json\/wp\/v2\/tags?post=5859"}],"curies":[{"name":"wp","href":"https:\/\/api.w.org\/{rel}","templated":true}]}}