{"id":5856,"date":"2021-05-24T04:26:40","date_gmt":"2021-05-24T08:26:40","guid":{"rendered":"https:\/\/www.eldiario.net\/portal\/?p=5856"},"modified":"2021-05-24T04:26:40","modified_gmt":"2021-05-24T08:26:40","slug":"corsair-prepara-la-ram-mas-rapida-del-mundo-para-tu-pc","status":"publish","type":"post","link":"https:\/\/www.eldiario.net\/portal\/2021\/05\/24\/corsair-prepara-la-ram-mas-rapida-del-mundo-para-tu-pc\/","title":{"rendered":"Corsair prepara la RAM m\u00e1s  r\u00e1pida del mundo para tu PC"},"content":{"rendered":"<p>Corsair se alista para poner toda la carne al fuego. Los m\u00f3dulos de memoria de sistema DDR5 ya han entrado en producci\u00f3n: se espera que salgan a la venta en el tercer trimestre de 2021. Corsair nos indica que van a ser los m\u00e1s r\u00e1pidos de la historia de los PC.<br \/>\nLa siguiente generaci\u00f3n de RAM es m\u00e1s r\u00e1pida que los m\u00f3dulos DDR4 actuales. Ser\u00e1 compatible con\u00a0los procesadores Alder Lake, la pr\u00f3xima generaci\u00f3n de CPUs de Intel, que llegar\u00e1n a finales de este a\u00f1o (posiblemente en noviembre).<br \/>\nCorsair afirma que los m\u00f3dulos DDR5 no s\u00f3lo son m\u00e1s r\u00e1pidos que los DDR4, sino que adem\u00e1s\u00a0ofrecer\u00e1n una mayor eficiencia y capacidad,\u00a0con m\u00f3dulos de memoria de hasta 128 GB.<br \/>\nNaturalmente, estas \u00faltimas ser\u00e1n de un precio elevado. De hecho, incluso las memorias DDR5 b\u00e1sicas de peque\u00f1a capacidad van a ser caras al principio, como suele ser habitual con los nuevos est\u00e1ndares y m\u00e1s a\u00fan con\u00a0la crisis de los semiconductores.<br \/>\nLa compa\u00f1\u00eda asegura que su nueva memoria DDR5 aumentar\u00e1 el ancho de banda hasta los 51 GBps para los m\u00f3dulos DDR5-6400, que presumiblemente ser\u00e1 uno de los primeros productos de lanzamiento. Esto supone duplicar los 26 GBps de la memoria DDR4-3200.<br \/>\nSeg\u00fan Corsair, \u00abun mayor ancho de banda permite un\u00a0uso m\u00e1s eficiente del bus de memoria en PCs con CPUs de alto n\u00famero de n\u00facleos\u00bb.\u00a0La capacidad m\u00e1s densa permitir\u00e1, dice, hacer a\u00fan m\u00e1s tareas de alto rendimiento a la vez.<br \/>\nHist\u00f3ricamente, a las primeras memorias de un est\u00e1ndar les suelen seguir versiones m\u00e1s veloces, como ha pasado con la DDR4.<br \/>\nSe percibe cierto temor en las redes, hay usuarios que dicen que la DDR5 tendr\u00e1 m\u00e1s latencia.<br \/>\nCorsair ha tratado de eliminar estos temores en\u00a0un blog\u00a0que dice que las mejoras en otros \u00e1mbitos mitigar\u00e1n cualquier aumento de la latencia: \u201ccon la DDR5, los m\u00f3dulos individuales\u00a0se dividen en dos canales separados por dise\u00f1o, lo que permite trazados m\u00e1s cortos que contribuyen a una menor latencia y mayores velocidades\u00bb.<br \/>\nSeg\u00fan la compa\u00f1\u00eda, \u00abla latencia general de acceso \u00fanico con DDR5 se mantiene relativamente inalterada, mientras que la latencia CAS ha aumentado, la latencia general de un kit DDR5 de alta calidad ser\u00e1 similar a la de las generaciones anteriores de DRAM, con acceso de 14-15ns gracias a las mejoras que hemos mencionado anteriormente\u00bb.<br \/>\nTodav\u00eda\u00a0no hay una fecha concreta de lanzamiento.\u00a0Corsair indica que ser\u00e1 \u00abpronto\u00bb. La industria espera que la memoria RAM DDR5 llegue en el tercer trimestre de este a\u00f1o, anticip\u00e1ndose a la aparici\u00f3n de las Alder Lake de Intel.<\/p>\n","protected":false},"excerpt":{"rendered":"<p>Corsair se alista para poner toda la carne al fuego. Los m\u00f3dulos de memoria de sistema DDR5 ya han entrado en producci\u00f3n: se espera que salgan a la venta en el tercer trimestre de 2021. Corsair nos indica que van a ser los m\u00e1s r\u00e1pidos de la historia de los PC. La siguiente generaci\u00f3n de [&hellip;]<\/p>\n","protected":false},"author":1,"featured_media":5857,"comment_status":"closed","ping_status":"closed","sticky":false,"template":"","format":"standard","meta":{"_acf_changed":false,"footnotes":""},"categories":[46],"tags":[],"class_list":["post-5856","post","type-post","status-publish","format-standard","has-post-thumbnail","category-ciencia-computacion"],"acf":{"antetitulo":""},"yoast_head":"<!-- This site is optimized with the Yoast SEO plugin v28.4 - https:\/\/yoast.com\/product\/yoast-seo-wordpress\/ -->\n<title>Corsair prepara la RAM m\u00e1s r\u00e1pida del mundo para tu PC - El Diario - Bolivia<\/title>\n<meta name=\"robots\" content=\"index, follow, max-snippet:-1, max-image-preview:large, max-video-preview:-1\" \/>\n<link rel=\"canonical\" href=\"https:\/\/www.eldiario.net\/portal\/2021\/05\/24\/corsair-prepara-la-ram-mas-rapida-del-mundo-para-tu-pc\/\" \/>\n<meta property=\"og:locale\" content=\"es_ES\" \/>\n<meta property=\"og:type\" content=\"article\" \/>\n<meta property=\"og:title\" content=\"Corsair prepara la RAM m\u00e1s r\u00e1pida del mundo para tu PC - El Diario - Bolivia\" \/>\n<meta property=\"og:description\" content=\"Corsair se alista para poner toda la carne al fuego. Los m\u00f3dulos de memoria de sistema DDR5 ya han entrado en producci\u00f3n: se espera que salgan a la venta en el tercer trimestre de 2021. Corsair nos indica que van a ser los m\u00e1s r\u00e1pidos de la historia de los PC. La siguiente generaci\u00f3n de [&hellip;]\" \/>\n<meta property=\"og:url\" content=\"https:\/\/www.eldiario.net\/portal\/2021\/05\/24\/corsair-prepara-la-ram-mas-rapida-del-mundo-para-tu-pc\/\" \/>\n<meta property=\"og:site_name\" content=\"El Diario - Bolivia\" \/>\n<meta property=\"article:publisher\" content=\"https:\/\/www.facebook.com\/eldiario.bolivia\/\" \/>\n<meta property=\"article:published_time\" content=\"2021-05-24T08:26:40+00:00\" \/>\n<meta name=\"author\" content=\"Jeanette\" \/>\n<meta name=\"twitter:card\" content=\"summary_large_image\" \/>\n<meta name=\"twitter:creator\" content=\"@eldiario_net\" \/>\n<meta name=\"twitter:site\" content=\"@eldiario_net\" \/>\n<meta name=\"twitter:label1\" content=\"Escrito por\" \/>\n\t<meta name=\"twitter:data1\" content=\"Jeanette\" \/>\n\t<meta name=\"twitter:label2\" content=\"Tiempo de lectura\" \/>\n\t<meta name=\"twitter:data2\" content=\"2 minutos\" \/>\n<script type=\"application\/ld+json\" class=\"yoast-schema-graph\">{\"@context\":\"https:\\\/\\\/schema.org\",\"@graph\":[{\"@type\":\"Article\",\"@id\":\"https:\\\/\\\/www.eldiario.net\\\/portal\\\/2021\\\/05\\\/24\\\/corsair-prepara-la-ram-mas-rapida-del-mundo-para-tu-pc\\\/#article\",\"isPartOf\":{\"@id\":\"https:\\\/\\\/www.eldiario.net\\\/portal\\\/2021\\\/05\\\/24\\\/corsair-prepara-la-ram-mas-rapida-del-mundo-para-tu-pc\\\/\"},\"author\":{\"name\":\"Jeanette\",\"@id\":\"https:\\\/\\\/www.eldiario.net\\\/portal\\\/#\\\/schema\\\/person\\\/2c57cf2b7a7ae032e449e4c9b1019eac\"},\"headline\":\"Corsair prepara la RAM m\u00e1s r\u00e1pida del mundo para tu PC\",\"datePublished\":\"2021-05-24T08:26:40+00:00\",\"mainEntityOfPage\":{\"@id\":\"https:\\\/\\\/www.eldiario.net\\\/portal\\\/2021\\\/05\\\/24\\\/corsair-prepara-la-ram-mas-rapida-del-mundo-para-tu-pc\\\/\"},\"wordCount\":485,\"publisher\":{\"@id\":\"https:\\\/\\\/www.eldiario.net\\\/portal\\\/#organization\"},\"image\":{\"@id\":\"https:\\\/\\\/www.eldiario.net\\\/portal\\\/2021\\\/05\\\/24\\\/corsair-prepara-la-ram-mas-rapida-del-mundo-para-tu-pc\\\/#primaryimage\"},\"thumbnailUrl\":\"\",\"articleSection\":[\"Ciencia y Computaci\u00f3n\"],\"inLanguage\":\"es\"},{\"@type\":\"WebPage\",\"@id\":\"https:\\\/\\\/www.eldiario.net\\\/portal\\\/2021\\\/05\\\/24\\\/corsair-prepara-la-ram-mas-rapida-del-mundo-para-tu-pc\\\/\",\"url\":\"https:\\\/\\\/www.eldiario.net\\\/portal\\\/2021\\\/05\\\/24\\\/corsair-prepara-la-ram-mas-rapida-del-mundo-para-tu-pc\\\/\",\"name\":\"Corsair prepara la RAM m\u00e1s r\u00e1pida del mundo para tu PC - El Diario - Bolivia\",\"isPartOf\":{\"@id\":\"https:\\\/\\\/www.eldiario.net\\\/portal\\\/#website\"},\"primaryImageOfPage\":{\"@id\":\"https:\\\/\\\/www.eldiario.net\\\/portal\\\/2021\\\/05\\\/24\\\/corsair-prepara-la-ram-mas-rapida-del-mundo-para-tu-pc\\\/#primaryimage\"},\"image\":{\"@id\":\"https:\\\/\\\/www.eldiario.net\\\/portal\\\/2021\\\/05\\\/24\\\/corsair-prepara-la-ram-mas-rapida-del-mundo-para-tu-pc\\\/#primaryimage\"},\"thumbnailUrl\":\"\",\"datePublished\":\"2021-05-24T08:26:40+00:00\",\"breadcrumb\":{\"@id\":\"https:\\\/\\\/www.eldiario.net\\\/portal\\\/2021\\\/05\\\/24\\\/corsair-prepara-la-ram-mas-rapida-del-mundo-para-tu-pc\\\/#breadcrumb\"},\"inLanguage\":\"es\",\"potentialAction\":[{\"@type\":\"ReadAction\",\"target\":[\"https:\\\/\\\/www.eldiario.net\\\/portal\\\/2021\\\/05\\\/24\\\/corsair-prepara-la-ram-mas-rapida-del-mundo-para-tu-pc\\\/\"]}]},{\"@type\":\"ImageObject\",\"inLanguage\":\"es\",\"@id\":\"https:\\\/\\\/www.eldiario.net\\\/portal\\\/2021\\\/05\\\/24\\\/corsair-prepara-la-ram-mas-rapida-del-mundo-para-tu-pc\\\/#primaryimage\",\"url\":\"\",\"contentUrl\":\"\"},{\"@type\":\"BreadcrumbList\",\"@id\":\"https:\\\/\\\/www.eldiario.net\\\/portal\\\/2021\\\/05\\\/24\\\/corsair-prepara-la-ram-mas-rapida-del-mundo-para-tu-pc\\\/#breadcrumb\",\"itemListElement\":[{\"@type\":\"ListItem\",\"position\":1,\"name\":\"Portada\",\"item\":\"https:\\\/\\\/www.eldiario.net\\\/portal\\\/\"},{\"@type\":\"ListItem\",\"position\":2,\"name\":\"Corsair prepara la RAM m\u00e1s r\u00e1pida del mundo para tu PC\"}]},{\"@type\":\"WebSite\",\"@id\":\"https:\\\/\\\/www.eldiario.net\\\/portal\\\/#website\",\"url\":\"https:\\\/\\\/www.eldiario.net\\\/portal\\\/\",\"name\":\"El Diario - Decano de la prensa nacional\",\"description\":\"El Diario - Decano de la prensa nacional\",\"publisher\":{\"@id\":\"https:\\\/\\\/www.eldiario.net\\\/portal\\\/#organization\"},\"potentialAction\":[{\"@type\":\"SearchAction\",\"target\":{\"@type\":\"EntryPoint\",\"urlTemplate\":\"https:\\\/\\\/www.eldiario.net\\\/portal\\\/?s={search_term_string}\"},\"query-input\":{\"@type\":\"PropertyValueSpecification\",\"valueRequired\":true,\"valueName\":\"search_term_string\"}}],\"inLanguage\":\"es\"},{\"@type\":\"Organization\",\"@id\":\"https:\\\/\\\/www.eldiario.net\\\/portal\\\/#organization\",\"name\":\"El Diario - Decano de la prensa nacional\",\"url\":\"https:\\\/\\\/www.eldiario.net\\\/portal\\\/\",\"logo\":{\"@type\":\"ImageObject\",\"inLanguage\":\"es\",\"@id\":\"https:\\\/\\\/www.eldiario.net\\\/portal\\\/#\\\/schema\\\/logo\\\/image\\\/\",\"url\":\"https:\\\/\\\/www.eldiario.net\\\/portal\\\/wp-content\\\/uploads\\\/2023\\\/07\\\/logo_ED.jpg\",\"contentUrl\":\"https:\\\/\\\/www.eldiario.net\\\/portal\\\/wp-content\\\/uploads\\\/2023\\\/07\\\/logo_ED.jpg\",\"width\":272,\"height\":52,\"caption\":\"El Diario - Decano de la prensa nacional\"},\"image\":{\"@id\":\"https:\\\/\\\/www.eldiario.net\\\/portal\\\/#\\\/schema\\\/logo\\\/image\\\/\"},\"sameAs\":[\"https:\\\/\\\/www.facebook.com\\\/eldiario.bolivia\\\/\",\"https:\\\/\\\/x.com\\\/eldiario_net\"]},{\"@type\":\"Person\",\"@id\":\"https:\\\/\\\/www.eldiario.net\\\/portal\\\/#\\\/schema\\\/person\\\/2c57cf2b7a7ae032e449e4c9b1019eac\",\"name\":\"Jeanette\",\"image\":{\"@type\":\"ImageObject\",\"inLanguage\":\"es\",\"@id\":\"https:\\\/\\\/secure.gravatar.com\\\/avatar\\\/3ea2118a5f7dad2b7138b1187a6b7ee55f160b9968b66013c3a3ef39dd7e5798?s=96&d=mm&r=g\",\"url\":\"https:\\\/\\\/secure.gravatar.com\\\/avatar\\\/3ea2118a5f7dad2b7138b1187a6b7ee55f160b9968b66013c3a3ef39dd7e5798?s=96&d=mm&r=g\",\"contentUrl\":\"https:\\\/\\\/secure.gravatar.com\\\/avatar\\\/3ea2118a5f7dad2b7138b1187a6b7ee55f160b9968b66013c3a3ef39dd7e5798?s=96&d=mm&r=g\",\"caption\":\"Jeanette\"},\"sameAs\":[\"https:\\\/\\\/www.eldiario.net\\\/portal\"],\"url\":\"https:\\\/\\\/www.eldiario.net\\\/portal\\\/author\\\/jeanette\\\/\"}]}<\/script>\n<!-- \/ Yoast SEO plugin. -->","yoast_head_json":{"title":"Corsair prepara la RAM m\u00e1s r\u00e1pida del mundo para tu PC - El Diario - Bolivia","robots":{"index":"index","follow":"follow","max-snippet":"max-snippet:-1","max-image-preview":"max-image-preview:large","max-video-preview":"max-video-preview:-1"},"canonical":"https:\/\/www.eldiario.net\/portal\/2021\/05\/24\/corsair-prepara-la-ram-mas-rapida-del-mundo-para-tu-pc\/","og_locale":"es_ES","og_type":"article","og_title":"Corsair prepara la RAM m\u00e1s r\u00e1pida del mundo para tu PC - El Diario - Bolivia","og_description":"Corsair se alista para poner toda la carne al fuego. Los m\u00f3dulos de memoria de sistema DDR5 ya han entrado en producci\u00f3n: se espera que salgan a la venta en el tercer trimestre de 2021. Corsair nos indica que van a ser los m\u00e1s r\u00e1pidos de la historia de los PC. La siguiente generaci\u00f3n de [&hellip;]","og_url":"https:\/\/www.eldiario.net\/portal\/2021\/05\/24\/corsair-prepara-la-ram-mas-rapida-del-mundo-para-tu-pc\/","og_site_name":"El Diario - Bolivia","article_publisher":"https:\/\/www.facebook.com\/eldiario.bolivia\/","article_published_time":"2021-05-24T08:26:40+00:00","author":"Jeanette","twitter_card":"summary_large_image","twitter_creator":"@eldiario_net","twitter_site":"@eldiario_net","twitter_misc":{"Escrito por":"Jeanette","Tiempo de lectura":"2 minutos"},"schema":{"@context":"https:\/\/schema.org","@graph":[{"@type":"Article","@id":"https:\/\/www.eldiario.net\/portal\/2021\/05\/24\/corsair-prepara-la-ram-mas-rapida-del-mundo-para-tu-pc\/#article","isPartOf":{"@id":"https:\/\/www.eldiario.net\/portal\/2021\/05\/24\/corsair-prepara-la-ram-mas-rapida-del-mundo-para-tu-pc\/"},"author":{"name":"Jeanette","@id":"https:\/\/www.eldiario.net\/portal\/#\/schema\/person\/2c57cf2b7a7ae032e449e4c9b1019eac"},"headline":"Corsair prepara la RAM m\u00e1s r\u00e1pida del mundo para tu PC","datePublished":"2021-05-24T08:26:40+00:00","mainEntityOfPage":{"@id":"https:\/\/www.eldiario.net\/portal\/2021\/05\/24\/corsair-prepara-la-ram-mas-rapida-del-mundo-para-tu-pc\/"},"wordCount":485,"publisher":{"@id":"https:\/\/www.eldiario.net\/portal\/#organization"},"image":{"@id":"https:\/\/www.eldiario.net\/portal\/2021\/05\/24\/corsair-prepara-la-ram-mas-rapida-del-mundo-para-tu-pc\/#primaryimage"},"thumbnailUrl":"","articleSection":["Ciencia y Computaci\u00f3n"],"inLanguage":"es"},{"@type":"WebPage","@id":"https:\/\/www.eldiario.net\/portal\/2021\/05\/24\/corsair-prepara-la-ram-mas-rapida-del-mundo-para-tu-pc\/","url":"https:\/\/www.eldiario.net\/portal\/2021\/05\/24\/corsair-prepara-la-ram-mas-rapida-del-mundo-para-tu-pc\/","name":"Corsair prepara la RAM m\u00e1s r\u00e1pida del mundo para tu PC - El Diario - Bolivia","isPartOf":{"@id":"https:\/\/www.eldiario.net\/portal\/#website"},"primaryImageOfPage":{"@id":"https:\/\/www.eldiario.net\/portal\/2021\/05\/24\/corsair-prepara-la-ram-mas-rapida-del-mundo-para-tu-pc\/#primaryimage"},"image":{"@id":"https:\/\/www.eldiario.net\/portal\/2021\/05\/24\/corsair-prepara-la-ram-mas-rapida-del-mundo-para-tu-pc\/#primaryimage"},"thumbnailUrl":"","datePublished":"2021-05-24T08:26:40+00:00","breadcrumb":{"@id":"https:\/\/www.eldiario.net\/portal\/2021\/05\/24\/corsair-prepara-la-ram-mas-rapida-del-mundo-para-tu-pc\/#breadcrumb"},"inLanguage":"es","potentialAction":[{"@type":"ReadAction","target":["https:\/\/www.eldiario.net\/portal\/2021\/05\/24\/corsair-prepara-la-ram-mas-rapida-del-mundo-para-tu-pc\/"]}]},{"@type":"ImageObject","inLanguage":"es","@id":"https:\/\/www.eldiario.net\/portal\/2021\/05\/24\/corsair-prepara-la-ram-mas-rapida-del-mundo-para-tu-pc\/#primaryimage","url":"","contentUrl":""},{"@type":"BreadcrumbList","@id":"https:\/\/www.eldiario.net\/portal\/2021\/05\/24\/corsair-prepara-la-ram-mas-rapida-del-mundo-para-tu-pc\/#breadcrumb","itemListElement":[{"@type":"ListItem","position":1,"name":"Portada","item":"https:\/\/www.eldiario.net\/portal\/"},{"@type":"ListItem","position":2,"name":"Corsair prepara la RAM m\u00e1s r\u00e1pida del mundo para tu PC"}]},{"@type":"WebSite","@id":"https:\/\/www.eldiario.net\/portal\/#website","url":"https:\/\/www.eldiario.net\/portal\/","name":"El Diario - Decano de la prensa nacional","description":"El Diario - Decano de la prensa nacional","publisher":{"@id":"https:\/\/www.eldiario.net\/portal\/#organization"},"potentialAction":[{"@type":"SearchAction","target":{"@type":"EntryPoint","urlTemplate":"https:\/\/www.eldiario.net\/portal\/?s={search_term_string}"},"query-input":{"@type":"PropertyValueSpecification","valueRequired":true,"valueName":"search_term_string"}}],"inLanguage":"es"},{"@type":"Organization","@id":"https:\/\/www.eldiario.net\/portal\/#organization","name":"El Diario - Decano de la prensa nacional","url":"https:\/\/www.eldiario.net\/portal\/","logo":{"@type":"ImageObject","inLanguage":"es","@id":"https:\/\/www.eldiario.net\/portal\/#\/schema\/logo\/image\/","url":"https:\/\/www.eldiario.net\/portal\/wp-content\/uploads\/2023\/07\/logo_ED.jpg","contentUrl":"https:\/\/www.eldiario.net\/portal\/wp-content\/uploads\/2023\/07\/logo_ED.jpg","width":272,"height":52,"caption":"El Diario - Decano de la prensa nacional"},"image":{"@id":"https:\/\/www.eldiario.net\/portal\/#\/schema\/logo\/image\/"},"sameAs":["https:\/\/www.facebook.com\/eldiario.bolivia\/","https:\/\/x.com\/eldiario_net"]},{"@type":"Person","@id":"https:\/\/www.eldiario.net\/portal\/#\/schema\/person\/2c57cf2b7a7ae032e449e4c9b1019eac","name":"Jeanette","image":{"@type":"ImageObject","inLanguage":"es","@id":"https:\/\/secure.gravatar.com\/avatar\/3ea2118a5f7dad2b7138b1187a6b7ee55f160b9968b66013c3a3ef39dd7e5798?s=96&d=mm&r=g","url":"https:\/\/secure.gravatar.com\/avatar\/3ea2118a5f7dad2b7138b1187a6b7ee55f160b9968b66013c3a3ef39dd7e5798?s=96&d=mm&r=g","contentUrl":"https:\/\/secure.gravatar.com\/avatar\/3ea2118a5f7dad2b7138b1187a6b7ee55f160b9968b66013c3a3ef39dd7e5798?s=96&d=mm&r=g","caption":"Jeanette"},"sameAs":["https:\/\/www.eldiario.net\/portal"],"url":"https:\/\/www.eldiario.net\/portal\/author\/jeanette\/"}]}},"_links":{"self":[{"href":"https:\/\/www.eldiario.net\/portal\/wp-json\/wp\/v2\/posts\/5856","targetHints":{"allow":["GET"]}}],"collection":[{"href":"https:\/\/www.eldiario.net\/portal\/wp-json\/wp\/v2\/posts"}],"about":[{"href":"https:\/\/www.eldiario.net\/portal\/wp-json\/wp\/v2\/types\/post"}],"author":[{"embeddable":true,"href":"https:\/\/www.eldiario.net\/portal\/wp-json\/wp\/v2\/users\/1"}],"replies":[{"embeddable":true,"href":"https:\/\/www.eldiario.net\/portal\/wp-json\/wp\/v2\/comments?post=5856"}],"version-history":[{"count":0,"href":"https:\/\/www.eldiario.net\/portal\/wp-json\/wp\/v2\/posts\/5856\/revisions"}],"wp:attachment":[{"href":"https:\/\/www.eldiario.net\/portal\/wp-json\/wp\/v2\/media?parent=5856"}],"wp:term":[{"taxonomy":"category","embeddable":true,"href":"https:\/\/www.eldiario.net\/portal\/wp-json\/wp\/v2\/categories?post=5856"},{"taxonomy":"post_tag","embeddable":true,"href":"https:\/\/www.eldiario.net\/portal\/wp-json\/wp\/v2\/tags?post=5856"}],"curies":[{"name":"wp","href":"https:\/\/api.w.org\/{rel}","templated":true}]}}