{"id":5847,"date":"2021-05-24T04:11:38","date_gmt":"2021-05-24T08:11:38","guid":{"rendered":"https:\/\/www.eldiario.net\/portal\/?p=5847"},"modified":"2021-05-24T04:11:38","modified_gmt":"2021-05-24T08:11:38","slug":"instagram-anade-la-nueva-opcion-de-subtitulos-para-historias","status":"publish","type":"post","link":"https:\/\/www.eldiario.net\/portal\/2021\/05\/24\/instagram-anade-la-nueva-opcion-de-subtitulos-para-historias\/","title":{"rendered":"Instagram a\u00f1ade la nueva opci\u00f3n de subt\u00edtulos para Historias"},"content":{"rendered":"<p>Sin duda esta es una buena noticia. Resulta que Instagram integr\u00f3 una herramienta que permite que sus historias y Reels de video sean m\u00e1s accesibles. Se trata del lanzamiento de una nueva \u201cetiqueta de subt\u00edtulos\u201d que permitir\u00e1 a los usuarios ver sin tener el sonido activado. La adici\u00f3n no solo har\u00e1 que sea m\u00e1s f\u00e1cil para los usuarios con problemas de audici\u00f3n o sordos interactuar con el contenido de video, sino que tambi\u00e9n ofrece una forma para que los usuarios vean videos cuando est\u00e1n en un lugar donde no quieren que suene, no quieren usar o no tienen acceso a auriculares o aud\u00edfonos.<br \/>\nPara usar la funci\u00f3n, los creadores primero grabar\u00e1n un nuevo video usando la c\u00e1mara de Historias o Reels en la aplicaci\u00f3n de Instagram, o seleccionar\u00e1n un video para cargar desde la galer\u00eda de su tel\u00e9fono. Despu\u00e9s, se deber\u00e1 abrir la bandeja de stickers para buscar el nuevo \u201cSubt\u00edtulos\u201d, que convertir\u00e1 el discurso en texto. Tambi\u00e9n se puede editar el estilo, la posici\u00f3n del t\u00edtulo y el texto y el color para que coincida con el contenido. Cuando se publique, los subt\u00edtulos aparecer\u00e1n junto con el video para que todos los vean.<br \/>\nDe forma inicial la funci\u00f3n solo est\u00e1 disponible en ingl\u00e9s y en pa\u00edses de habla inglesa, pero Instagram planea implementarla en otros pa\u00edses e idiomas pronto. Tambi\u00e9n est\u00e1 implementando la etiqueta de subt\u00edtulos primero en Stories y luego comenzar\u00e1 a probarla en Reels, con un lanzamiento m\u00e1s amplio a continuaci\u00f3n.<br \/>\nEl sticker de subt\u00edtulos se vio el a\u00f1o pasado mientras estaba en desarrollo, junto con otras posibles nuevas adiciones, como un sticker de enlace, uno para compartir y otros.<br \/>\nEsta nueva herramienta sal a la luz unas semanas despu\u00e9s de que TikTok anunciara su propia funci\u00f3n de subt\u00edtulos, a la que llama subt\u00edtulos autom\u00e1ticos. Los dos productos son algo diferentes. Los subt\u00edtulos autom\u00e1ticos traducen directo el discurso de un video de TikTok en ingl\u00e9s estadounidense y japon\u00e9s, para comenzar, pero el texto en s\u00ed no es personalizable y el espectador puede activarlo o desactivarlo desde el panel para compartir de la aplicaci\u00f3n. Por el momento no se adopt\u00f3 ampliamente y muchos creadores de TikTok y tienden a usar subt\u00edtulos que crean ellos mismos o mediante aplicaciones de terceros.<br \/>\nInstagram se\u00f1ala que anteriormente hab\u00eda lanzado soporte para subt\u00edtulos en Threads e IGTV, pero su expansi\u00f3n a Stories y Reels tendr\u00e1 un mayor impacto, dado que Instagram Stories es utilizado por m\u00e1s de 500 millones de personas todos los d\u00edas.<\/p>\n","protected":false},"excerpt":{"rendered":"<p>Sin duda esta es una buena noticia. Resulta que Instagram integr\u00f3 una herramienta que permite que sus historias y Reels de video sean m\u00e1s accesibles. Se trata del lanzamiento de una nueva \u201cetiqueta de subt\u00edtulos\u201d que permitir\u00e1 a los usuarios ver sin tener el sonido activado. La adici\u00f3n no solo har\u00e1 que sea m\u00e1s f\u00e1cil [&hellip;]<\/p>\n","protected":false},"author":1,"featured_media":5848,"comment_status":"closed","ping_status":"closed","sticky":false,"template":"","format":"standard","meta":{"_acf_changed":false,"footnotes":""},"categories":[46],"tags":[],"class_list":["post-5847","post","type-post","status-publish","format-standard","has-post-thumbnail","category-ciencia-computacion"],"acf":{"antetitulo":""},"yoast_head":"<!-- This site is optimized with the Yoast SEO plugin v28.4 - https:\/\/yoast.com\/product\/yoast-seo-wordpress\/ -->\n<title>Instagram a\u00f1ade la nueva opci\u00f3n de subt\u00edtulos para Historias - El Diario - Bolivia<\/title>\n<meta name=\"robots\" content=\"index, follow, max-snippet:-1, max-image-preview:large, max-video-preview:-1\" \/>\n<link rel=\"canonical\" href=\"https:\/\/www.eldiario.net\/portal\/2021\/05\/24\/instagram-anade-la-nueva-opcion-de-subtitulos-para-historias\/\" \/>\n<meta property=\"og:locale\" content=\"es_ES\" \/>\n<meta property=\"og:type\" content=\"article\" \/>\n<meta property=\"og:title\" content=\"Instagram a\u00f1ade la nueva opci\u00f3n de subt\u00edtulos para Historias - El Diario - Bolivia\" \/>\n<meta property=\"og:description\" content=\"Sin duda esta es una buena noticia. Resulta que Instagram integr\u00f3 una herramienta que permite que sus historias y Reels de video sean m\u00e1s accesibles. Se trata del lanzamiento de una nueva \u201cetiqueta de subt\u00edtulos\u201d que permitir\u00e1 a los usuarios ver sin tener el sonido activado. La adici\u00f3n no solo har\u00e1 que sea m\u00e1s f\u00e1cil [&hellip;]\" \/>\n<meta property=\"og:url\" content=\"https:\/\/www.eldiario.net\/portal\/2021\/05\/24\/instagram-anade-la-nueva-opcion-de-subtitulos-para-historias\/\" \/>\n<meta property=\"og:site_name\" content=\"El Diario - Bolivia\" \/>\n<meta property=\"article:publisher\" content=\"https:\/\/www.facebook.com\/eldiario.bolivia\/\" \/>\n<meta property=\"article:published_time\" content=\"2021-05-24T08:11:38+00:00\" \/>\n<meta name=\"author\" content=\"Jeanette\" \/>\n<meta name=\"twitter:card\" content=\"summary_large_image\" \/>\n<meta name=\"twitter:creator\" content=\"@eldiario_net\" \/>\n<meta name=\"twitter:site\" content=\"@eldiario_net\" \/>\n<meta name=\"twitter:label1\" content=\"Escrito por\" \/>\n\t<meta name=\"twitter:data1\" content=\"Jeanette\" \/>\n\t<meta name=\"twitter:label2\" content=\"Tiempo de lectura\" \/>\n\t<meta name=\"twitter:data2\" content=\"2 minutos\" \/>\n<script type=\"application\/ld+json\" class=\"yoast-schema-graph\">{\"@context\":\"https:\\\/\\\/schema.org\",\"@graph\":[{\"@type\":\"Article\",\"@id\":\"https:\\\/\\\/www.eldiario.net\\\/portal\\\/2021\\\/05\\\/24\\\/instagram-anade-la-nueva-opcion-de-subtitulos-para-historias\\\/#article\",\"isPartOf\":{\"@id\":\"https:\\\/\\\/www.eldiario.net\\\/portal\\\/2021\\\/05\\\/24\\\/instagram-anade-la-nueva-opcion-de-subtitulos-para-historias\\\/\"},\"author\":{\"name\":\"Jeanette\",\"@id\":\"https:\\\/\\\/www.eldiario.net\\\/portal\\\/#\\\/schema\\\/person\\\/2c57cf2b7a7ae032e449e4c9b1019eac\"},\"headline\":\"Instagram a\u00f1ade la nueva opci\u00f3n de subt\u00edtulos para Historias\",\"datePublished\":\"2021-05-24T08:11:38+00:00\",\"mainEntityOfPage\":{\"@id\":\"https:\\\/\\\/www.eldiario.net\\\/portal\\\/2021\\\/05\\\/24\\\/instagram-anade-la-nueva-opcion-de-subtitulos-para-historias\\\/\"},\"wordCount\":473,\"publisher\":{\"@id\":\"https:\\\/\\\/www.eldiario.net\\\/portal\\\/#organization\"},\"image\":{\"@id\":\"https:\\\/\\\/www.eldiario.net\\\/portal\\\/2021\\\/05\\\/24\\\/instagram-anade-la-nueva-opcion-de-subtitulos-para-historias\\\/#primaryimage\"},\"thumbnailUrl\":\"\",\"articleSection\":[\"Ciencia y Computaci\u00f3n\"],\"inLanguage\":\"es\"},{\"@type\":\"WebPage\",\"@id\":\"https:\\\/\\\/www.eldiario.net\\\/portal\\\/2021\\\/05\\\/24\\\/instagram-anade-la-nueva-opcion-de-subtitulos-para-historias\\\/\",\"url\":\"https:\\\/\\\/www.eldiario.net\\\/portal\\\/2021\\\/05\\\/24\\\/instagram-anade-la-nueva-opcion-de-subtitulos-para-historias\\\/\",\"name\":\"Instagram a\u00f1ade la nueva opci\u00f3n de subt\u00edtulos para Historias - El Diario - Bolivia\",\"isPartOf\":{\"@id\":\"https:\\\/\\\/www.eldiario.net\\\/portal\\\/#website\"},\"primaryImageOfPage\":{\"@id\":\"https:\\\/\\\/www.eldiario.net\\\/portal\\\/2021\\\/05\\\/24\\\/instagram-anade-la-nueva-opcion-de-subtitulos-para-historias\\\/#primaryimage\"},\"image\":{\"@id\":\"https:\\\/\\\/www.eldiario.net\\\/portal\\\/2021\\\/05\\\/24\\\/instagram-anade-la-nueva-opcion-de-subtitulos-para-historias\\\/#primaryimage\"},\"thumbnailUrl\":\"\",\"datePublished\":\"2021-05-24T08:11:38+00:00\",\"breadcrumb\":{\"@id\":\"https:\\\/\\\/www.eldiario.net\\\/portal\\\/2021\\\/05\\\/24\\\/instagram-anade-la-nueva-opcion-de-subtitulos-para-historias\\\/#breadcrumb\"},\"inLanguage\":\"es\",\"potentialAction\":[{\"@type\":\"ReadAction\",\"target\":[\"https:\\\/\\\/www.eldiario.net\\\/portal\\\/2021\\\/05\\\/24\\\/instagram-anade-la-nueva-opcion-de-subtitulos-para-historias\\\/\"]}]},{\"@type\":\"ImageObject\",\"inLanguage\":\"es\",\"@id\":\"https:\\\/\\\/www.eldiario.net\\\/portal\\\/2021\\\/05\\\/24\\\/instagram-anade-la-nueva-opcion-de-subtitulos-para-historias\\\/#primaryimage\",\"url\":\"\",\"contentUrl\":\"\"},{\"@type\":\"BreadcrumbList\",\"@id\":\"https:\\\/\\\/www.eldiario.net\\\/portal\\\/2021\\\/05\\\/24\\\/instagram-anade-la-nueva-opcion-de-subtitulos-para-historias\\\/#breadcrumb\",\"itemListElement\":[{\"@type\":\"ListItem\",\"position\":1,\"name\":\"Portada\",\"item\":\"https:\\\/\\\/www.eldiario.net\\\/portal\\\/\"},{\"@type\":\"ListItem\",\"position\":2,\"name\":\"Instagram a\u00f1ade la nueva opci\u00f3n de subt\u00edtulos para Historias\"}]},{\"@type\":\"WebSite\",\"@id\":\"https:\\\/\\\/www.eldiario.net\\\/portal\\\/#website\",\"url\":\"https:\\\/\\\/www.eldiario.net\\\/portal\\\/\",\"name\":\"El Diario - Decano de la prensa nacional\",\"description\":\"El Diario - Decano de la prensa nacional\",\"publisher\":{\"@id\":\"https:\\\/\\\/www.eldiario.net\\\/portal\\\/#organization\"},\"potentialAction\":[{\"@type\":\"SearchAction\",\"target\":{\"@type\":\"EntryPoint\",\"urlTemplate\":\"https:\\\/\\\/www.eldiario.net\\\/portal\\\/?s={search_term_string}\"},\"query-input\":{\"@type\":\"PropertyValueSpecification\",\"valueRequired\":true,\"valueName\":\"search_term_string\"}}],\"inLanguage\":\"es\"},{\"@type\":\"Organization\",\"@id\":\"https:\\\/\\\/www.eldiario.net\\\/portal\\\/#organization\",\"name\":\"El Diario - Decano de la prensa nacional\",\"url\":\"https:\\\/\\\/www.eldiario.net\\\/portal\\\/\",\"logo\":{\"@type\":\"ImageObject\",\"inLanguage\":\"es\",\"@id\":\"https:\\\/\\\/www.eldiario.net\\\/portal\\\/#\\\/schema\\\/logo\\\/image\\\/\",\"url\":\"https:\\\/\\\/www.eldiario.net\\\/portal\\\/wp-content\\\/uploads\\\/2023\\\/07\\\/logo_ED.jpg\",\"contentUrl\":\"https:\\\/\\\/www.eldiario.net\\\/portal\\\/wp-content\\\/uploads\\\/2023\\\/07\\\/logo_ED.jpg\",\"width\":272,\"height\":52,\"caption\":\"El Diario - Decano de la prensa nacional\"},\"image\":{\"@id\":\"https:\\\/\\\/www.eldiario.net\\\/portal\\\/#\\\/schema\\\/logo\\\/image\\\/\"},\"sameAs\":[\"https:\\\/\\\/www.facebook.com\\\/eldiario.bolivia\\\/\",\"https:\\\/\\\/x.com\\\/eldiario_net\"]},{\"@type\":\"Person\",\"@id\":\"https:\\\/\\\/www.eldiario.net\\\/portal\\\/#\\\/schema\\\/person\\\/2c57cf2b7a7ae032e449e4c9b1019eac\",\"name\":\"Jeanette\",\"image\":{\"@type\":\"ImageObject\",\"inLanguage\":\"es\",\"@id\":\"https:\\\/\\\/secure.gravatar.com\\\/avatar\\\/3ea2118a5f7dad2b7138b1187a6b7ee55f160b9968b66013c3a3ef39dd7e5798?s=96&d=mm&r=g\",\"url\":\"https:\\\/\\\/secure.gravatar.com\\\/avatar\\\/3ea2118a5f7dad2b7138b1187a6b7ee55f160b9968b66013c3a3ef39dd7e5798?s=96&d=mm&r=g\",\"contentUrl\":\"https:\\\/\\\/secure.gravatar.com\\\/avatar\\\/3ea2118a5f7dad2b7138b1187a6b7ee55f160b9968b66013c3a3ef39dd7e5798?s=96&d=mm&r=g\",\"caption\":\"Jeanette\"},\"sameAs\":[\"https:\\\/\\\/www.eldiario.net\\\/portal\"],\"url\":\"https:\\\/\\\/www.eldiario.net\\\/portal\\\/author\\\/jeanette\\\/\"}]}<\/script>\n<!-- \/ Yoast SEO plugin. -->","yoast_head_json":{"title":"Instagram a\u00f1ade la nueva opci\u00f3n de subt\u00edtulos para Historias - El Diario - Bolivia","robots":{"index":"index","follow":"follow","max-snippet":"max-snippet:-1","max-image-preview":"max-image-preview:large","max-video-preview":"max-video-preview:-1"},"canonical":"https:\/\/www.eldiario.net\/portal\/2021\/05\/24\/instagram-anade-la-nueva-opcion-de-subtitulos-para-historias\/","og_locale":"es_ES","og_type":"article","og_title":"Instagram a\u00f1ade la nueva opci\u00f3n de subt\u00edtulos para Historias - El Diario - Bolivia","og_description":"Sin duda esta es una buena noticia. Resulta que Instagram integr\u00f3 una herramienta que permite que sus historias y Reels de video sean m\u00e1s accesibles. Se trata del lanzamiento de una nueva \u201cetiqueta de subt\u00edtulos\u201d que permitir\u00e1 a los usuarios ver sin tener el sonido activado. La adici\u00f3n no solo har\u00e1 que sea m\u00e1s f\u00e1cil [&hellip;]","og_url":"https:\/\/www.eldiario.net\/portal\/2021\/05\/24\/instagram-anade-la-nueva-opcion-de-subtitulos-para-historias\/","og_site_name":"El Diario - Bolivia","article_publisher":"https:\/\/www.facebook.com\/eldiario.bolivia\/","article_published_time":"2021-05-24T08:11:38+00:00","author":"Jeanette","twitter_card":"summary_large_image","twitter_creator":"@eldiario_net","twitter_site":"@eldiario_net","twitter_misc":{"Escrito por":"Jeanette","Tiempo de lectura":"2 minutos"},"schema":{"@context":"https:\/\/schema.org","@graph":[{"@type":"Article","@id":"https:\/\/www.eldiario.net\/portal\/2021\/05\/24\/instagram-anade-la-nueva-opcion-de-subtitulos-para-historias\/#article","isPartOf":{"@id":"https:\/\/www.eldiario.net\/portal\/2021\/05\/24\/instagram-anade-la-nueva-opcion-de-subtitulos-para-historias\/"},"author":{"name":"Jeanette","@id":"https:\/\/www.eldiario.net\/portal\/#\/schema\/person\/2c57cf2b7a7ae032e449e4c9b1019eac"},"headline":"Instagram a\u00f1ade la nueva opci\u00f3n de subt\u00edtulos para Historias","datePublished":"2021-05-24T08:11:38+00:00","mainEntityOfPage":{"@id":"https:\/\/www.eldiario.net\/portal\/2021\/05\/24\/instagram-anade-la-nueva-opcion-de-subtitulos-para-historias\/"},"wordCount":473,"publisher":{"@id":"https:\/\/www.eldiario.net\/portal\/#organization"},"image":{"@id":"https:\/\/www.eldiario.net\/portal\/2021\/05\/24\/instagram-anade-la-nueva-opcion-de-subtitulos-para-historias\/#primaryimage"},"thumbnailUrl":"","articleSection":["Ciencia y Computaci\u00f3n"],"inLanguage":"es"},{"@type":"WebPage","@id":"https:\/\/www.eldiario.net\/portal\/2021\/05\/24\/instagram-anade-la-nueva-opcion-de-subtitulos-para-historias\/","url":"https:\/\/www.eldiario.net\/portal\/2021\/05\/24\/instagram-anade-la-nueva-opcion-de-subtitulos-para-historias\/","name":"Instagram a\u00f1ade la nueva opci\u00f3n de subt\u00edtulos para Historias - El Diario - Bolivia","isPartOf":{"@id":"https:\/\/www.eldiario.net\/portal\/#website"},"primaryImageOfPage":{"@id":"https:\/\/www.eldiario.net\/portal\/2021\/05\/24\/instagram-anade-la-nueva-opcion-de-subtitulos-para-historias\/#primaryimage"},"image":{"@id":"https:\/\/www.eldiario.net\/portal\/2021\/05\/24\/instagram-anade-la-nueva-opcion-de-subtitulos-para-historias\/#primaryimage"},"thumbnailUrl":"","datePublished":"2021-05-24T08:11:38+00:00","breadcrumb":{"@id":"https:\/\/www.eldiario.net\/portal\/2021\/05\/24\/instagram-anade-la-nueva-opcion-de-subtitulos-para-historias\/#breadcrumb"},"inLanguage":"es","potentialAction":[{"@type":"ReadAction","target":["https:\/\/www.eldiario.net\/portal\/2021\/05\/24\/instagram-anade-la-nueva-opcion-de-subtitulos-para-historias\/"]}]},{"@type":"ImageObject","inLanguage":"es","@id":"https:\/\/www.eldiario.net\/portal\/2021\/05\/24\/instagram-anade-la-nueva-opcion-de-subtitulos-para-historias\/#primaryimage","url":"","contentUrl":""},{"@type":"BreadcrumbList","@id":"https:\/\/www.eldiario.net\/portal\/2021\/05\/24\/instagram-anade-la-nueva-opcion-de-subtitulos-para-historias\/#breadcrumb","itemListElement":[{"@type":"ListItem","position":1,"name":"Portada","item":"https:\/\/www.eldiario.net\/portal\/"},{"@type":"ListItem","position":2,"name":"Instagram a\u00f1ade la nueva opci\u00f3n de subt\u00edtulos para Historias"}]},{"@type":"WebSite","@id":"https:\/\/www.eldiario.net\/portal\/#website","url":"https:\/\/www.eldiario.net\/portal\/","name":"El Diario - Decano de la prensa nacional","description":"El Diario - Decano de la prensa nacional","publisher":{"@id":"https:\/\/www.eldiario.net\/portal\/#organization"},"potentialAction":[{"@type":"SearchAction","target":{"@type":"EntryPoint","urlTemplate":"https:\/\/www.eldiario.net\/portal\/?s={search_term_string}"},"query-input":{"@type":"PropertyValueSpecification","valueRequired":true,"valueName":"search_term_string"}}],"inLanguage":"es"},{"@type":"Organization","@id":"https:\/\/www.eldiario.net\/portal\/#organization","name":"El Diario - Decano de la prensa nacional","url":"https:\/\/www.eldiario.net\/portal\/","logo":{"@type":"ImageObject","inLanguage":"es","@id":"https:\/\/www.eldiario.net\/portal\/#\/schema\/logo\/image\/","url":"https:\/\/www.eldiario.net\/portal\/wp-content\/uploads\/2023\/07\/logo_ED.jpg","contentUrl":"https:\/\/www.eldiario.net\/portal\/wp-content\/uploads\/2023\/07\/logo_ED.jpg","width":272,"height":52,"caption":"El Diario - Decano de la prensa nacional"},"image":{"@id":"https:\/\/www.eldiario.net\/portal\/#\/schema\/logo\/image\/"},"sameAs":["https:\/\/www.facebook.com\/eldiario.bolivia\/","https:\/\/x.com\/eldiario_net"]},{"@type":"Person","@id":"https:\/\/www.eldiario.net\/portal\/#\/schema\/person\/2c57cf2b7a7ae032e449e4c9b1019eac","name":"Jeanette","image":{"@type":"ImageObject","inLanguage":"es","@id":"https:\/\/secure.gravatar.com\/avatar\/3ea2118a5f7dad2b7138b1187a6b7ee55f160b9968b66013c3a3ef39dd7e5798?s=96&d=mm&r=g","url":"https:\/\/secure.gravatar.com\/avatar\/3ea2118a5f7dad2b7138b1187a6b7ee55f160b9968b66013c3a3ef39dd7e5798?s=96&d=mm&r=g","contentUrl":"https:\/\/secure.gravatar.com\/avatar\/3ea2118a5f7dad2b7138b1187a6b7ee55f160b9968b66013c3a3ef39dd7e5798?s=96&d=mm&r=g","caption":"Jeanette"},"sameAs":["https:\/\/www.eldiario.net\/portal"],"url":"https:\/\/www.eldiario.net\/portal\/author\/jeanette\/"}]}},"_links":{"self":[{"href":"https:\/\/www.eldiario.net\/portal\/wp-json\/wp\/v2\/posts\/5847","targetHints":{"allow":["GET"]}}],"collection":[{"href":"https:\/\/www.eldiario.net\/portal\/wp-json\/wp\/v2\/posts"}],"about":[{"href":"https:\/\/www.eldiario.net\/portal\/wp-json\/wp\/v2\/types\/post"}],"author":[{"embeddable":true,"href":"https:\/\/www.eldiario.net\/portal\/wp-json\/wp\/v2\/users\/1"}],"replies":[{"embeddable":true,"href":"https:\/\/www.eldiario.net\/portal\/wp-json\/wp\/v2\/comments?post=5847"}],"version-history":[{"count":0,"href":"https:\/\/www.eldiario.net\/portal\/wp-json\/wp\/v2\/posts\/5847\/revisions"}],"wp:attachment":[{"href":"https:\/\/www.eldiario.net\/portal\/wp-json\/wp\/v2\/media?parent=5847"}],"wp:term":[{"taxonomy":"category","embeddable":true,"href":"https:\/\/www.eldiario.net\/portal\/wp-json\/wp\/v2\/categories?post=5847"},{"taxonomy":"post_tag","embeddable":true,"href":"https:\/\/www.eldiario.net\/portal\/wp-json\/wp\/v2\/tags?post=5847"}],"curies":[{"name":"wp","href":"https:\/\/api.w.org\/{rel}","templated":true}]}}