{"id":5788,"date":"2021-05-23T07:11:20","date_gmt":"2021-05-23T11:11:20","guid":{"rendered":"https:\/\/www.eldiario.net\/portal\/?p=5788"},"modified":"2021-05-23T07:11:20","modified_gmt":"2021-05-23T11:11:20","slug":"en-bolivia-se-registran-mas-de-35-000-denuncias-anuales-por-diferentes-delitos","status":"publish","type":"post","link":"https:\/\/www.eldiario.net\/portal\/2021\/05\/23\/en-bolivia-se-registran-mas-de-35-000-denuncias-anuales-por-diferentes-delitos\/","title":{"rendered":"En Bolivia se registran m\u00e1s de 35.000  denuncias anuales por diferentes delitos"},"content":{"rendered":"<p>El viceministro de Seguridad Ciudadana, Roberto R\u00edos, en entrevista con EL DIARIO, manifest\u00f3 que en Bolivia se registran al menos 35.000 denuncias anuales por diferentes delitos, principalmente violencia intrafamiliar, robos, narcotr\u00e1fico, entre otros. Buscan reducir los \u00edndices implementando el programa \u2018Mi barrio seguro\u2019 que inici\u00f3 en las ciudades de Santa Cruz de la Sierra y El Alto, y que busca extenderse por todo el territorio nacional.<br \/>\nLa autoridad de Gobierno manifest\u00f3 que para poder prevenir el delito es necesario conocer detalles del mismo, por ello, previamente a la implementaci\u00f3n de \u2018Mi barrio seguro\u2019 realizaron encuestas donde identificaron los mayores problemas que tienen las zonas donde se ejecuta el programa.<br \/>\nApunt\u00f3 que esa informaci\u00f3n es necesaria para basar en ella las respuestas en materia de pol\u00edticas a fin de reducir la delincuencia y sus consecuencias negativas en el futuro.<br \/>\nR\u00edos destac\u00f3 que la seguridad ciudadana debe concebirse como un derecho que se articula mediante la acci\u00f3n integradora entre el Estado, la ciudadan\u00eda y la sociedad civil organizada.<br \/>\n\u201cLa \u00fanica forma de que nuestro pueblo se sienta seguro en todo el territorio nacional es construyendo una cultura ciudadana de paz, integradora, solidaria y que tenga la capacidad de relacionarse constantemente con las fuerzas del orden, en este caso con nuestra Polic\u00eda Bolivia, para denunciar cualquier acto delincuencial\u201d, dijo.<br \/>\nAclar\u00f3 que la misi\u00f3n que tiene su despacho es fortalecer la Seguridad Ciudadana a nivel nacional, con la participaci\u00f3n activa de las gobernaciones, municipios y organizaciones de base de la sociedad civil, despoj\u00e1ndose de colores pol\u00edticos.<\/p>\n<p>\u201cMI BARRIO SEGURO\u201d<br \/>\nR\u00edos explic\u00f3 que gracias a una alianza intersectorial establecida entre autoridades y sectores sociales de las ciudades de Santa Cruz de la Sierra y El Alto, desde inicios de 2021 van desarrollando la implementaci\u00f3n de la estrategia \u2018Mi barrio seguro\u2019, la cual ha dejado ya resultados positivos.<br \/>\nExplic\u00f3 que \u2018Mi barrio seguro\u2019 es un proyecto que consiste en intervenir sectores priorizados en diferentes zonas, en este caso de las ciudades de Santa Cruz de la Sierra y El Alto, generando una construcci\u00f3n de di\u00e1logos de paz con el fin de reducir los \u00edndices de violencia.<br \/>\nLa autoridad de Gobierno apunt\u00f3 que para la implementaci\u00f3n del proyecto se tomaron en cuenta indicadores de gesti\u00f3n como elaboraci\u00f3n de cartograf\u00edas zonales, donde los vecinos fueron identificando los sectores de mayor problema.<br \/>\nEn esa l\u00ednea, la autoridad de Gobierno explic\u00f3 que \u2018Mi barrio seguro\u2019 est\u00e1 basado en cuatro pilares que buscan fortalecer la seguridad de los ciudadanos, teniendo en cuenta que fue dise\u00f1ado de acuerdo a sus necesidades y urgencias.<br \/>\nEl primer pilar planteado es un patrullaje preventivo policial en todos los sectores para reforzar la sensaci\u00f3n de seguridad.<br \/>\nPrecis\u00f3 que en esta fase es fundamental la constante coordinaci\u00f3n entre la Polic\u00eda y los vecinos que estar\u00e1n conectados a trav\u00e9s de grupos de WhatsApp para una comunicaci\u00f3n directa.<br \/>\nApunt\u00f3 que cada encargado de los m\u00f3dulos policiales es el que realiza el contacto con los vecinos para que se logre entrar en confianza y el efectivo policial sea considerado uno m\u00e1s de la zona.<br \/>\nApunt\u00f3 que gracias al acercamiento entre funcionarios policiales y vecinos, se va tomando en cuenta la efectividad de controles con la ayuda de c\u00e1maras de vigilancia, infraestructura, luminarias, entre otros.<br \/>\n\u201cSe tiene que identificar otras problem\u00e1ticas, como los atracos en v\u00eda p\u00fablica, robos en viviendas, consumo excesivo de alcohol y la violencia contra la mujer. Tenemos que activar mecanismos y dar atenci\u00f3n oportuna\u201d, dijo.<br \/>\nEn febrero de 2021, se puso en ejecuci\u00f3n el plan \u2018Mi barrio seguro\u2019 en la zona Villa Primero de Mayo de la ciudad de Santa Cruz de la Sierra y otros cuatro barrios, con el fin de desarticular a las personas que se re\u00fanen con fines il\u00edcitos y generan temor en la ciudadan\u00eda.<br \/>\nLa ejecuci\u00f3n del programa ya arroj\u00f3 resultados importantes como la aprehensi\u00f3n de varios antisociales, durante patrullajes que son parte del plan \u2018Mi barrio seguro\u2019.<\/p>\n<figure id=\"attachment_5790\" aria-describedby=\"caption-attachment-5790\" style=\"width: 300px\" class=\"wp-caption alignleft\"><img loading=\"lazy\" decoding=\"async\" class=\"size-medium wp-image-5790\" src=\"https:\/\/www.eldiario.net\/portal\/wp-content\/uploads\/2021\/05\/VECINOS-300x225.jpg\" alt=\"\" width=\"300\" height=\"225\" srcset=\"https:\/\/www.eldiario.net\/portal\/wp-content\/uploads\/2021\/05\/VECINOS-300x225.jpg 300w, https:\/\/www.eldiario.net\/portal\/wp-content\/uploads\/2021\/05\/VECINOS-1024x766.jpg 1024w, https:\/\/www.eldiario.net\/portal\/wp-content\/uploads\/2021\/05\/VECINOS-768x575.jpg 768w, https:\/\/www.eldiario.net\/portal\/wp-content\/uploads\/2021\/05\/VECINOS-696x521.jpg 696w, https:\/\/www.eldiario.net\/portal\/wp-content\/uploads\/2021\/05\/VECINOS-1068x799.jpg 1068w, https:\/\/www.eldiario.net\/portal\/wp-content\/uploads\/2021\/05\/VECINOS.jpg 1280w\" sizes=\"auto, (max-width: 300px) 100vw, 300px\" \/><figcaption id=\"caption-attachment-5790\" class=\"wp-caption-text\">VECINOS MOSTRANDO EL MAPA DESPU\u00c9S DE IDENTIFICAR LOS LUGARES DONDE MAYOR RIESGO EXISTE.<\/figcaption><\/figure>\n<figure id=\"attachment_5791\" aria-describedby=\"caption-attachment-5791\" style=\"width: 200px\" class=\"wp-caption alignleft\"><img loading=\"lazy\" decoding=\"async\" class=\"size-medium wp-image-5791\" src=\"https:\/\/www.eldiario.net\/portal\/wp-content\/uploads\/2021\/05\/SENORAS-200x300.jpg\" alt=\"\" width=\"200\" height=\"300\" srcset=\"https:\/\/www.eldiario.net\/portal\/wp-content\/uploads\/2021\/05\/SENORAS-200x300.jpg 200w, https:\/\/www.eldiario.net\/portal\/wp-content\/uploads\/2021\/05\/SENORAS-684x1024.jpg 684w, https:\/\/www.eldiario.net\/portal\/wp-content\/uploads\/2021\/05\/SENORAS-768x1150.jpg 768w, https:\/\/www.eldiario.net\/portal\/wp-content\/uploads\/2021\/05\/SENORAS-696x1042.jpg 696w, https:\/\/www.eldiario.net\/portal\/wp-content\/uploads\/2021\/05\/SENORAS.jpg 855w\" sizes=\"auto, (max-width: 200px) 100vw, 200px\" \/><figcaption id=\"caption-attachment-5791\" class=\"wp-caption-text\">SE\u00d1ORAS APRENDIENDO A MANIPULAR SU CELULAR DESPU\u00c9S DE AGREGADAS A UN GRUPO DE WHATSAPP.<\/figcaption><\/figure>\n<figure id=\"attachment_5792\" aria-describedby=\"caption-attachment-5792\" style=\"width: 200px\" class=\"wp-caption alignleft\"><img loading=\"lazy\" decoding=\"async\" class=\"size-medium wp-image-5792\" src=\"https:\/\/www.eldiario.net\/portal\/wp-content\/uploads\/2021\/05\/PACOS-200x300.jpg\" alt=\"\" width=\"200\" height=\"300\" \/><figcaption id=\"caption-attachment-5792\" class=\"wp-caption-text\">efectivos QUE PATRULLAN ZONAS DE MI BARRIO SEGURO.<\/figcaption><\/figure>\n","protected":false},"excerpt":{"rendered":"<p>El viceministro de Seguridad Ciudadana, Roberto R\u00edos, en entrevista con EL DIARIO, manifest\u00f3 que en Bolivia se registran al menos 35.000 denuncias anuales por diferentes delitos, principalmente violencia intrafamiliar, robos, narcotr\u00e1fico, entre otros. Buscan reducir los \u00edndices implementando el programa \u2018Mi barrio seguro\u2019 que inici\u00f3 en las ciudades de Santa Cruz de la Sierra y [&hellip;]<\/p>\n","protected":false},"author":1,"featured_media":5789,"comment_status":"closed","ping_status":"closed","sticky":false,"template":"","format":"standard","meta":{"_acf_changed":false,"footnotes":""},"categories":[39],"tags":[],"class_list":["post-5788","post","type-post","status-publish","format-standard","has-post-thumbnail","category-sociedad"],"acf":{"antetitulo":""},"yoast_head":"<!-- This site is optimized with the Yoast SEO plugin v28.3 - https:\/\/yoast.com\/product\/yoast-seo-wordpress\/ -->\n<title>En Bolivia se registran m\u00e1s de 35.000 denuncias anuales por diferentes delitos - El Diario - Bolivia<\/title>\n<meta name=\"robots\" content=\"index, follow, max-snippet:-1, max-image-preview:large, max-video-preview:-1\" \/>\n<link rel=\"canonical\" href=\"https:\/\/www.eldiario.net\/portal\/2021\/05\/23\/en-bolivia-se-registran-mas-de-35-000-denuncias-anuales-por-diferentes-delitos\/\" \/>\n<meta property=\"og:locale\" content=\"es_ES\" \/>\n<meta property=\"og:type\" content=\"article\" \/>\n<meta property=\"og:title\" content=\"En Bolivia se registran m\u00e1s de 35.000 denuncias anuales por diferentes delitos - El Diario - Bolivia\" \/>\n<meta property=\"og:description\" content=\"El viceministro de Seguridad Ciudadana, Roberto R\u00edos, en entrevista con EL DIARIO, manifest\u00f3 que en Bolivia se registran al menos 35.000 denuncias anuales por diferentes delitos, principalmente violencia intrafamiliar, robos, narcotr\u00e1fico, entre otros. Buscan reducir los \u00edndices implementando el programa \u2018Mi barrio seguro\u2019 que inici\u00f3 en las ciudades de Santa Cruz de la Sierra y [&hellip;]\" \/>\n<meta property=\"og:url\" content=\"https:\/\/www.eldiario.net\/portal\/2021\/05\/23\/en-bolivia-se-registran-mas-de-35-000-denuncias-anuales-por-diferentes-delitos\/\" \/>\n<meta property=\"og:site_name\" content=\"El Diario - Bolivia\" \/>\n<meta property=\"article:publisher\" content=\"https:\/\/www.facebook.com\/eldiario.bolivia\/\" \/>\n<meta property=\"article:published_time\" content=\"2021-05-23T11:11:20+00:00\" \/>\n<meta name=\"author\" content=\"Jeanette\" \/>\n<meta name=\"twitter:card\" content=\"summary_large_image\" \/>\n<meta name=\"twitter:creator\" content=\"@eldiario_net\" \/>\n<meta name=\"twitter:site\" content=\"@eldiario_net\" \/>\n<meta name=\"twitter:label1\" content=\"Escrito por\" \/>\n\t<meta name=\"twitter:data1\" content=\"Jeanette\" \/>\n\t<meta name=\"twitter:label2\" content=\"Tiempo de lectura\" \/>\n\t<meta name=\"twitter:data2\" content=\"4 minutos\" \/>\n<script type=\"application\/ld+json\" class=\"yoast-schema-graph\">{\"@context\":\"https:\\\/\\\/schema.org\",\"@graph\":[{\"@type\":\"Article\",\"@id\":\"https:\\\/\\\/www.eldiario.net\\\/portal\\\/2021\\\/05\\\/23\\\/en-bolivia-se-registran-mas-de-35-000-denuncias-anuales-por-diferentes-delitos\\\/#article\",\"isPartOf\":{\"@id\":\"https:\\\/\\\/www.eldiario.net\\\/portal\\\/2021\\\/05\\\/23\\\/en-bolivia-se-registran-mas-de-35-000-denuncias-anuales-por-diferentes-delitos\\\/\"},\"author\":{\"name\":\"Jeanette\",\"@id\":\"https:\\\/\\\/www.eldiario.net\\\/portal\\\/#\\\/schema\\\/person\\\/f46445640444750d7d753ccd04ae01b7\"},\"headline\":\"En Bolivia se registran m\u00e1s de 35.000 denuncias anuales por diferentes delitos\",\"datePublished\":\"2021-05-23T11:11:20+00:00\",\"mainEntityOfPage\":{\"@id\":\"https:\\\/\\\/www.eldiario.net\\\/portal\\\/2021\\\/05\\\/23\\\/en-bolivia-se-registran-mas-de-35-000-denuncias-anuales-por-diferentes-delitos\\\/\"},\"wordCount\":755,\"publisher\":{\"@id\":\"https:\\\/\\\/www.eldiario.net\\\/portal\\\/#organization\"},\"image\":{\"@id\":\"https:\\\/\\\/www.eldiario.net\\\/portal\\\/2021\\\/05\\\/23\\\/en-bolivia-se-registran-mas-de-35-000-denuncias-anuales-por-diferentes-delitos\\\/#primaryimage\"},\"thumbnailUrl\":\"\",\"articleSection\":[\"Sociedad - Seguridad\"],\"inLanguage\":\"es\"},{\"@type\":\"WebPage\",\"@id\":\"https:\\\/\\\/www.eldiario.net\\\/portal\\\/2021\\\/05\\\/23\\\/en-bolivia-se-registran-mas-de-35-000-denuncias-anuales-por-diferentes-delitos\\\/\",\"url\":\"https:\\\/\\\/www.eldiario.net\\\/portal\\\/2021\\\/05\\\/23\\\/en-bolivia-se-registran-mas-de-35-000-denuncias-anuales-por-diferentes-delitos\\\/\",\"name\":\"En Bolivia se registran m\u00e1s de 35.000 denuncias anuales por diferentes delitos - El Diario - Bolivia\",\"isPartOf\":{\"@id\":\"https:\\\/\\\/www.eldiario.net\\\/portal\\\/#website\"},\"primaryImageOfPage\":{\"@id\":\"https:\\\/\\\/www.eldiario.net\\\/portal\\\/2021\\\/05\\\/23\\\/en-bolivia-se-registran-mas-de-35-000-denuncias-anuales-por-diferentes-delitos\\\/#primaryimage\"},\"image\":{\"@id\":\"https:\\\/\\\/www.eldiario.net\\\/portal\\\/2021\\\/05\\\/23\\\/en-bolivia-se-registran-mas-de-35-000-denuncias-anuales-por-diferentes-delitos\\\/#primaryimage\"},\"thumbnailUrl\":\"\",\"datePublished\":\"2021-05-23T11:11:20+00:00\",\"breadcrumb\":{\"@id\":\"https:\\\/\\\/www.eldiario.net\\\/portal\\\/2021\\\/05\\\/23\\\/en-bolivia-se-registran-mas-de-35-000-denuncias-anuales-por-diferentes-delitos\\\/#breadcrumb\"},\"inLanguage\":\"es\",\"potentialAction\":[{\"@type\":\"ReadAction\",\"target\":[\"https:\\\/\\\/www.eldiario.net\\\/portal\\\/2021\\\/05\\\/23\\\/en-bolivia-se-registran-mas-de-35-000-denuncias-anuales-por-diferentes-delitos\\\/\"]}]},{\"@type\":\"ImageObject\",\"inLanguage\":\"es\",\"@id\":\"https:\\\/\\\/www.eldiario.net\\\/portal\\\/2021\\\/05\\\/23\\\/en-bolivia-se-registran-mas-de-35-000-denuncias-anuales-por-diferentes-delitos\\\/#primaryimage\",\"url\":\"\",\"contentUrl\":\"\"},{\"@type\":\"BreadcrumbList\",\"@id\":\"https:\\\/\\\/www.eldiario.net\\\/portal\\\/2021\\\/05\\\/23\\\/en-bolivia-se-registran-mas-de-35-000-denuncias-anuales-por-diferentes-delitos\\\/#breadcrumb\",\"itemListElement\":[{\"@type\":\"ListItem\",\"position\":1,\"name\":\"Portada\",\"item\":\"https:\\\/\\\/www.eldiario.net\\\/portal\\\/\"},{\"@type\":\"ListItem\",\"position\":2,\"name\":\"En Bolivia se registran m\u00e1s de 35.000 denuncias anuales por diferentes delitos\"}]},{\"@type\":\"WebSite\",\"@id\":\"https:\\\/\\\/www.eldiario.net\\\/portal\\\/#website\",\"url\":\"https:\\\/\\\/www.eldiario.net\\\/portal\\\/\",\"name\":\"El Diario - Decano de la prensa nacional\",\"description\":\"El Diario - Decano de la prensa nacional\",\"publisher\":{\"@id\":\"https:\\\/\\\/www.eldiario.net\\\/portal\\\/#organization\"},\"potentialAction\":[{\"@type\":\"SearchAction\",\"target\":{\"@type\":\"EntryPoint\",\"urlTemplate\":\"https:\\\/\\\/www.eldiario.net\\\/portal\\\/?s={search_term_string}\"},\"query-input\":{\"@type\":\"PropertyValueSpecification\",\"valueRequired\":true,\"valueName\":\"search_term_string\"}}],\"inLanguage\":\"es\"},{\"@type\":\"Organization\",\"@id\":\"https:\\\/\\\/www.eldiario.net\\\/portal\\\/#organization\",\"name\":\"El Diario - Decano de la prensa nacional\",\"url\":\"https:\\\/\\\/www.eldiario.net\\\/portal\\\/\",\"logo\":{\"@type\":\"ImageObject\",\"inLanguage\":\"es\",\"@id\":\"https:\\\/\\\/www.eldiario.net\\\/portal\\\/#\\\/schema\\\/logo\\\/image\\\/\",\"url\":\"https:\\\/\\\/www.eldiario.net\\\/portal\\\/wp-content\\\/uploads\\\/2023\\\/07\\\/logo_ED.jpg\",\"contentUrl\":\"https:\\\/\\\/www.eldiario.net\\\/portal\\\/wp-content\\\/uploads\\\/2023\\\/07\\\/logo_ED.jpg\",\"width\":272,\"height\":52,\"caption\":\"El Diario - Decano de la prensa nacional\"},\"image\":{\"@id\":\"https:\\\/\\\/www.eldiario.net\\\/portal\\\/#\\\/schema\\\/logo\\\/image\\\/\"},\"sameAs\":[\"https:\\\/\\\/www.facebook.com\\\/eldiario.bolivia\\\/\",\"https:\\\/\\\/x.com\\\/eldiario_net\"]},{\"@type\":\"Person\",\"@id\":\"https:\\\/\\\/www.eldiario.net\\\/portal\\\/#\\\/schema\\\/person\\\/f46445640444750d7d753ccd04ae01b7\",\"name\":\"Jeanette\",\"image\":{\"@type\":\"ImageObject\",\"inLanguage\":\"es\",\"@id\":\"https:\\\/\\\/secure.gravatar.com\\\/avatar\\\/3ea2118a5f7dad2b7138b1187a6b7ee55f160b9968b66013c3a3ef39dd7e5798?s=96&d=mm&r=g\",\"url\":\"https:\\\/\\\/secure.gravatar.com\\\/avatar\\\/3ea2118a5f7dad2b7138b1187a6b7ee55f160b9968b66013c3a3ef39dd7e5798?s=96&d=mm&r=g\",\"contentUrl\":\"https:\\\/\\\/secure.gravatar.com\\\/avatar\\\/3ea2118a5f7dad2b7138b1187a6b7ee55f160b9968b66013c3a3ef39dd7e5798?s=96&d=mm&r=g\",\"caption\":\"Jeanette\"},\"sameAs\":[\"https:\\\/\\\/www.eldiario.net\\\/portal\"],\"url\":\"https:\\\/\\\/www.eldiario.net\\\/portal\\\/author\\\/jeanette\\\/\"}]}<\/script>\n<!-- \/ Yoast SEO plugin. -->","yoast_head_json":{"title":"En Bolivia se registran m\u00e1s de 35.000 denuncias anuales por diferentes delitos - El Diario - Bolivia","robots":{"index":"index","follow":"follow","max-snippet":"max-snippet:-1","max-image-preview":"max-image-preview:large","max-video-preview":"max-video-preview:-1"},"canonical":"https:\/\/www.eldiario.net\/portal\/2021\/05\/23\/en-bolivia-se-registran-mas-de-35-000-denuncias-anuales-por-diferentes-delitos\/","og_locale":"es_ES","og_type":"article","og_title":"En Bolivia se registran m\u00e1s de 35.000 denuncias anuales por diferentes delitos - El Diario - Bolivia","og_description":"El viceministro de Seguridad Ciudadana, Roberto R\u00edos, en entrevista con EL DIARIO, manifest\u00f3 que en Bolivia se registran al menos 35.000 denuncias anuales por diferentes delitos, principalmente violencia intrafamiliar, robos, narcotr\u00e1fico, entre otros. Buscan reducir los \u00edndices implementando el programa \u2018Mi barrio seguro\u2019 que inici\u00f3 en las ciudades de Santa Cruz de la Sierra y [&hellip;]","og_url":"https:\/\/www.eldiario.net\/portal\/2021\/05\/23\/en-bolivia-se-registran-mas-de-35-000-denuncias-anuales-por-diferentes-delitos\/","og_site_name":"El Diario - Bolivia","article_publisher":"https:\/\/www.facebook.com\/eldiario.bolivia\/","article_published_time":"2021-05-23T11:11:20+00:00","author":"Jeanette","twitter_card":"summary_large_image","twitter_creator":"@eldiario_net","twitter_site":"@eldiario_net","twitter_misc":{"Escrito por":"Jeanette","Tiempo de lectura":"4 minutos"},"schema":{"@context":"https:\/\/schema.org","@graph":[{"@type":"Article","@id":"https:\/\/www.eldiario.net\/portal\/2021\/05\/23\/en-bolivia-se-registran-mas-de-35-000-denuncias-anuales-por-diferentes-delitos\/#article","isPartOf":{"@id":"https:\/\/www.eldiario.net\/portal\/2021\/05\/23\/en-bolivia-se-registran-mas-de-35-000-denuncias-anuales-por-diferentes-delitos\/"},"author":{"name":"Jeanette","@id":"https:\/\/www.eldiario.net\/portal\/#\/schema\/person\/f46445640444750d7d753ccd04ae01b7"},"headline":"En Bolivia se registran m\u00e1s de 35.000 denuncias anuales por diferentes delitos","datePublished":"2021-05-23T11:11:20+00:00","mainEntityOfPage":{"@id":"https:\/\/www.eldiario.net\/portal\/2021\/05\/23\/en-bolivia-se-registran-mas-de-35-000-denuncias-anuales-por-diferentes-delitos\/"},"wordCount":755,"publisher":{"@id":"https:\/\/www.eldiario.net\/portal\/#organization"},"image":{"@id":"https:\/\/www.eldiario.net\/portal\/2021\/05\/23\/en-bolivia-se-registran-mas-de-35-000-denuncias-anuales-por-diferentes-delitos\/#primaryimage"},"thumbnailUrl":"","articleSection":["Sociedad - Seguridad"],"inLanguage":"es"},{"@type":"WebPage","@id":"https:\/\/www.eldiario.net\/portal\/2021\/05\/23\/en-bolivia-se-registran-mas-de-35-000-denuncias-anuales-por-diferentes-delitos\/","url":"https:\/\/www.eldiario.net\/portal\/2021\/05\/23\/en-bolivia-se-registran-mas-de-35-000-denuncias-anuales-por-diferentes-delitos\/","name":"En Bolivia se registran m\u00e1s de 35.000 denuncias anuales por diferentes delitos - El Diario - Bolivia","isPartOf":{"@id":"https:\/\/www.eldiario.net\/portal\/#website"},"primaryImageOfPage":{"@id":"https:\/\/www.eldiario.net\/portal\/2021\/05\/23\/en-bolivia-se-registran-mas-de-35-000-denuncias-anuales-por-diferentes-delitos\/#primaryimage"},"image":{"@id":"https:\/\/www.eldiario.net\/portal\/2021\/05\/23\/en-bolivia-se-registran-mas-de-35-000-denuncias-anuales-por-diferentes-delitos\/#primaryimage"},"thumbnailUrl":"","datePublished":"2021-05-23T11:11:20+00:00","breadcrumb":{"@id":"https:\/\/www.eldiario.net\/portal\/2021\/05\/23\/en-bolivia-se-registran-mas-de-35-000-denuncias-anuales-por-diferentes-delitos\/#breadcrumb"},"inLanguage":"es","potentialAction":[{"@type":"ReadAction","target":["https:\/\/www.eldiario.net\/portal\/2021\/05\/23\/en-bolivia-se-registran-mas-de-35-000-denuncias-anuales-por-diferentes-delitos\/"]}]},{"@type":"ImageObject","inLanguage":"es","@id":"https:\/\/www.eldiario.net\/portal\/2021\/05\/23\/en-bolivia-se-registran-mas-de-35-000-denuncias-anuales-por-diferentes-delitos\/#primaryimage","url":"","contentUrl":""},{"@type":"BreadcrumbList","@id":"https:\/\/www.eldiario.net\/portal\/2021\/05\/23\/en-bolivia-se-registran-mas-de-35-000-denuncias-anuales-por-diferentes-delitos\/#breadcrumb","itemListElement":[{"@type":"ListItem","position":1,"name":"Portada","item":"https:\/\/www.eldiario.net\/portal\/"},{"@type":"ListItem","position":2,"name":"En Bolivia se registran m\u00e1s de 35.000 denuncias anuales por diferentes delitos"}]},{"@type":"WebSite","@id":"https:\/\/www.eldiario.net\/portal\/#website","url":"https:\/\/www.eldiario.net\/portal\/","name":"El Diario - Decano de la prensa nacional","description":"El Diario - Decano de la prensa nacional","publisher":{"@id":"https:\/\/www.eldiario.net\/portal\/#organization"},"potentialAction":[{"@type":"SearchAction","target":{"@type":"EntryPoint","urlTemplate":"https:\/\/www.eldiario.net\/portal\/?s={search_term_string}"},"query-input":{"@type":"PropertyValueSpecification","valueRequired":true,"valueName":"search_term_string"}}],"inLanguage":"es"},{"@type":"Organization","@id":"https:\/\/www.eldiario.net\/portal\/#organization","name":"El Diario - Decano de la prensa nacional","url":"https:\/\/www.eldiario.net\/portal\/","logo":{"@type":"ImageObject","inLanguage":"es","@id":"https:\/\/www.eldiario.net\/portal\/#\/schema\/logo\/image\/","url":"https:\/\/www.eldiario.net\/portal\/wp-content\/uploads\/2023\/07\/logo_ED.jpg","contentUrl":"https:\/\/www.eldiario.net\/portal\/wp-content\/uploads\/2023\/07\/logo_ED.jpg","width":272,"height":52,"caption":"El Diario - Decano de la prensa nacional"},"image":{"@id":"https:\/\/www.eldiario.net\/portal\/#\/schema\/logo\/image\/"},"sameAs":["https:\/\/www.facebook.com\/eldiario.bolivia\/","https:\/\/x.com\/eldiario_net"]},{"@type":"Person","@id":"https:\/\/www.eldiario.net\/portal\/#\/schema\/person\/f46445640444750d7d753ccd04ae01b7","name":"Jeanette","image":{"@type":"ImageObject","inLanguage":"es","@id":"https:\/\/secure.gravatar.com\/avatar\/3ea2118a5f7dad2b7138b1187a6b7ee55f160b9968b66013c3a3ef39dd7e5798?s=96&d=mm&r=g","url":"https:\/\/secure.gravatar.com\/avatar\/3ea2118a5f7dad2b7138b1187a6b7ee55f160b9968b66013c3a3ef39dd7e5798?s=96&d=mm&r=g","contentUrl":"https:\/\/secure.gravatar.com\/avatar\/3ea2118a5f7dad2b7138b1187a6b7ee55f160b9968b66013c3a3ef39dd7e5798?s=96&d=mm&r=g","caption":"Jeanette"},"sameAs":["https:\/\/www.eldiario.net\/portal"],"url":"https:\/\/www.eldiario.net\/portal\/author\/jeanette\/"}]}},"_links":{"self":[{"href":"https:\/\/www.eldiario.net\/portal\/wp-json\/wp\/v2\/posts\/5788","targetHints":{"allow":["GET"]}}],"collection":[{"href":"https:\/\/www.eldiario.net\/portal\/wp-json\/wp\/v2\/posts"}],"about":[{"href":"https:\/\/www.eldiario.net\/portal\/wp-json\/wp\/v2\/types\/post"}],"author":[{"embeddable":true,"href":"https:\/\/www.eldiario.net\/portal\/wp-json\/wp\/v2\/users\/1"}],"replies":[{"embeddable":true,"href":"https:\/\/www.eldiario.net\/portal\/wp-json\/wp\/v2\/comments?post=5788"}],"version-history":[{"count":0,"href":"https:\/\/www.eldiario.net\/portal\/wp-json\/wp\/v2\/posts\/5788\/revisions"}],"wp:attachment":[{"href":"https:\/\/www.eldiario.net\/portal\/wp-json\/wp\/v2\/media?parent=5788"}],"wp:term":[{"taxonomy":"category","embeddable":true,"href":"https:\/\/www.eldiario.net\/portal\/wp-json\/wp\/v2\/categories?post=5788"},{"taxonomy":"post_tag","embeddable":true,"href":"https:\/\/www.eldiario.net\/portal\/wp-json\/wp\/v2\/tags?post=5788"}],"curies":[{"name":"wp","href":"https:\/\/api.w.org\/{rel}","templated":true}]}}