{"id":5783,"date":"2021-05-23T07:08:12","date_gmt":"2021-05-23T11:08:12","guid":{"rendered":"https:\/\/www.eldiario.net\/portal\/?p=5783"},"modified":"2021-05-23T07:08:12","modified_gmt":"2021-05-23T11:08:12","slug":"seguridad-ciudadana-activa-plan-psico-pac","status":"publish","type":"post","link":"https:\/\/www.eldiario.net\/portal\/2021\/05\/23\/seguridad-ciudadana-activa-plan-psico-pac\/","title":{"rendered":"Seguridad Ciudadana  activa plan Psico \u2013 Pac"},"content":{"rendered":"<p>Debido a los \u00faltimos sucesos de personas que se quitaron la vida y otras que pretendieron hacerlo, lanz\u00e1ndose del puente de Las Am\u00e9ricas de la ciudad de La Paz, el viceministro de Seguridad Ciudadana, Roberto R\u00edos, inform\u00f3 a EL DIARIO, que tras un acuerdo con el Colegio de Psic\u00f3logos trabajan en actividades coordinadas para evitar suicidios y brindar terapias a v\u00edctimas de violencia.<br \/>\nR\u00edos apunt\u00f3 que desde que se puso en marcha este proyecto, en las \u00faltimas semanas se logr\u00f3 salvar la vida de al menos tres personas, que intentaron quitarse la vida por diferentes factores.<br \/>\n\u201cHemos podido evitar el desenlace de tres personas que quer\u00edan quitarse la vida. La primera era una mujer de 29 a\u00f1os que tiene cinco hijos y que por problemas familiares intent\u00f3 quitarse la vida. Tambi\u00e9n se logr\u00f3 evitar que un joven de 19 a\u00f1os y una menor de 14 a\u00f1os tome la dr\u00e1stica decisi\u00f3n, actualmente las tres personas reciben terapia psicol\u00f3gica con apoyo del Psico \u2013 Pac\u201d, apunt\u00f3.<br \/>\nLa autoridad precis\u00f3 que el colegio de Psic\u00f3logos de La Paz activ\u00f3 un protocolo para que profesionales voluntarios puedan brindar auxilios psicol\u00f3gicos, cuando las personas se encuentran en el lugar de los hechos ya sea en sus domicilios donde fueron v\u00edctimas de violencia o en lugares como el puente de Las Am\u00e9ricas, donde intentan tomar la medida extrema.<br \/>\nEn ese marco, en d\u00edas precedentes, en coordinaci\u00f3n con artistas (grafiteros y muralistas) y voluntarios que se hicieron presentes en el puente de Las Am\u00e9ricas, realizaron una intervenci\u00f3n con mensajes positivos que generen esperanza y revaloricen la vida.<br \/>\n\u201cEsperamos que esta intervenci\u00f3n ayude a visibilizar este problema y que nos permita trabajar de manera estructural para evitar estas acciones\u201d, dijo R\u00edos.<\/p>\n<p>DATOS<br \/>\nEl 4 de mayo de 2021, R\u00edos apunt\u00f3 que desde 2019, la Polic\u00eda Boliviana envi\u00f3 notas a la Alcald\u00eda de La Paz para que realice modificaciones a la baranda del puente de las Am\u00e9ricas, donde atendieron 181 casos de suicidios, en los \u00faltimos dos a\u00f1os.<br \/>\nEse mismo d\u00eda insisti\u00f3 al alcalde de La Paz, Iv\u00e1n Arias, la modificaci\u00f3n del puente de Las Am\u00e9ricas con el fin de evitar m\u00e1s decesos, debido a que en menos de 15 d\u00edas cuatro personas perdieron la vida, lanz\u00e1ndose de esa infraestructura.<br \/>\nEn ese marco, la autoridad de Gobierno acot\u00f3 que se dispuso patrullaje permanente de efectivos policiales en la zona y que esa labor debe ser complementada por medidas de la Alcald\u00eda.<br \/>\n\u201cHemos solicitado a la nueva autoridad electa asumir acciones que tengan que ver con modificaciones o adecuaciones que se tiene que realizar al puente de las Am\u00e9ricas, esto debido a los \u00faltimos sucesos acaecidos. En menos de 15 d\u00edas hemos podido presenciar tres sucesos, de los cuales se lamenta la p\u00e9rdida de cuatro vidas humanas\u201d, dijo R\u00edos en la oportunidad.<br \/>\nEn respuesta, el alcalde de La Paz, Iv\u00e1n Arias, anunci\u00f3 que en el lugar se pondr\u00e1 un enmallado con el objetivo de evitar que personas cometan suicidios desde esa estructura.<br \/>\n\u201cVamos a poner un enmallado en forma de \u2018L\u2019, que impida el que la gente pueda subirse a la baranda y suicidarse\u201d, dijo el burgomaestre.<br \/>\nLa iniciativa surgi\u00f3 despu\u00e9s de que en las \u00faltimas dos semanas se registraron tres hechos en los cuales fallecieron cuatro personas en el puente de Las Am\u00e9ricas.<\/p>\n<p><img loading=\"lazy\" decoding=\"async\" class=\"alignleft size-medium wp-image-5785\" src=\"https:\/\/www.eldiario.net\/portal\/wp-content\/uploads\/2021\/05\/LETRA-300x169.jpg\" alt=\"\" width=\"300\" height=\"169\" \/><\/p>\n<figure id=\"attachment_5786\" aria-describedby=\"caption-attachment-5786\" style=\"width: 300px\" class=\"wp-caption alignleft\"><img loading=\"lazy\" decoding=\"async\" class=\"size-medium wp-image-5786\" src=\"https:\/\/www.eldiario.net\/portal\/wp-content\/uploads\/2021\/05\/RIOS-300x200.jpg\" alt=\"\" width=\"300\" height=\"200\" \/><figcaption id=\"caption-attachment-5786\" class=\"wp-caption-text\">roberto r\u00edos, VICEMINISTRO DE SEGURIDAD CIUDADANA.<\/figcaption><\/figure>\n","protected":false},"excerpt":{"rendered":"<p>Debido a los \u00faltimos sucesos de personas que se quitaron la vida y otras que pretendieron hacerlo, lanz\u00e1ndose del puente de Las Am\u00e9ricas de la ciudad de La Paz, el viceministro de Seguridad Ciudadana, Roberto R\u00edos, inform\u00f3 a EL DIARIO, que tras un acuerdo con el Colegio de Psic\u00f3logos trabajan en actividades coordinadas para evitar [&hellip;]<\/p>\n","protected":false},"author":1,"featured_media":5784,"comment_status":"closed","ping_status":"closed","sticky":false,"template":"","format":"standard","meta":{"_acf_changed":false,"footnotes":""},"categories":[39],"tags":[],"class_list":["post-5783","post","type-post","status-publish","format-standard","has-post-thumbnail","category-sociedad"],"acf":{"antetitulo":""},"yoast_head":"<!-- This site is optimized with the Yoast SEO plugin v28.3 - https:\/\/yoast.com\/product\/yoast-seo-wordpress\/ -->\n<title>Seguridad Ciudadana activa plan Psico \u2013 Pac - El Diario - Bolivia<\/title>\n<meta name=\"robots\" content=\"index, follow, max-snippet:-1, max-image-preview:large, max-video-preview:-1\" \/>\n<link rel=\"canonical\" href=\"https:\/\/www.eldiario.net\/portal\/2021\/05\/23\/seguridad-ciudadana-activa-plan-psico-pac\/\" \/>\n<meta property=\"og:locale\" content=\"es_ES\" \/>\n<meta property=\"og:type\" content=\"article\" \/>\n<meta property=\"og:title\" content=\"Seguridad Ciudadana activa plan Psico \u2013 Pac - El Diario - Bolivia\" \/>\n<meta property=\"og:description\" content=\"Debido a los \u00faltimos sucesos de personas que se quitaron la vida y otras que pretendieron hacerlo, lanz\u00e1ndose del puente de Las Am\u00e9ricas de la ciudad de La Paz, el viceministro de Seguridad Ciudadana, Roberto R\u00edos, inform\u00f3 a EL DIARIO, que tras un acuerdo con el Colegio de Psic\u00f3logos trabajan en actividades coordinadas para evitar [&hellip;]\" \/>\n<meta property=\"og:url\" content=\"https:\/\/www.eldiario.net\/portal\/2021\/05\/23\/seguridad-ciudadana-activa-plan-psico-pac\/\" \/>\n<meta property=\"og:site_name\" content=\"El Diario - Bolivia\" \/>\n<meta property=\"article:publisher\" content=\"https:\/\/www.facebook.com\/eldiario.bolivia\/\" \/>\n<meta property=\"article:published_time\" content=\"2021-05-23T11:08:12+00:00\" \/>\n<meta property=\"og:image\" content=\"https:\/\/www.eldiario.net\/portal\/wp-content\/uploads\/2021\/05\/NINA.jpg\" \/>\n\t<meta property=\"og:image:width\" content=\"1280\" \/>\n\t<meta property=\"og:image:height\" content=\"720\" \/>\n\t<meta property=\"og:image:type\" content=\"image\/jpeg\" \/>\n<meta name=\"author\" content=\"Jeanette\" \/>\n<meta name=\"twitter:card\" content=\"summary_large_image\" \/>\n<meta name=\"twitter:creator\" content=\"@eldiario_net\" \/>\n<meta name=\"twitter:site\" content=\"@eldiario_net\" \/>\n<meta name=\"twitter:label1\" content=\"Escrito por\" \/>\n\t<meta name=\"twitter:data1\" content=\"Jeanette\" \/>\n\t<meta name=\"twitter:label2\" content=\"Tiempo de lectura\" \/>\n\t<meta name=\"twitter:data2\" content=\"3 minutos\" \/>\n<script type=\"application\/ld+json\" class=\"yoast-schema-graph\">{\"@context\":\"https:\\\/\\\/schema.org\",\"@graph\":[{\"@type\":\"Article\",\"@id\":\"https:\\\/\\\/www.eldiario.net\\\/portal\\\/2021\\\/05\\\/23\\\/seguridad-ciudadana-activa-plan-psico-pac\\\/#article\",\"isPartOf\":{\"@id\":\"https:\\\/\\\/www.eldiario.net\\\/portal\\\/2021\\\/05\\\/23\\\/seguridad-ciudadana-activa-plan-psico-pac\\\/\"},\"author\":{\"name\":\"Jeanette\",\"@id\":\"https:\\\/\\\/www.eldiario.net\\\/portal\\\/#\\\/schema\\\/person\\\/f46445640444750d7d753ccd04ae01b7\"},\"headline\":\"Seguridad Ciudadana activa plan Psico \u2013 Pac\",\"datePublished\":\"2021-05-23T11:08:12+00:00\",\"mainEntityOfPage\":{\"@id\":\"https:\\\/\\\/www.eldiario.net\\\/portal\\\/2021\\\/05\\\/23\\\/seguridad-ciudadana-activa-plan-psico-pac\\\/\"},\"wordCount\":598,\"publisher\":{\"@id\":\"https:\\\/\\\/www.eldiario.net\\\/portal\\\/#organization\"},\"image\":{\"@id\":\"https:\\\/\\\/www.eldiario.net\\\/portal\\\/2021\\\/05\\\/23\\\/seguridad-ciudadana-activa-plan-psico-pac\\\/#primaryimage\"},\"thumbnailUrl\":\"https:\\\/\\\/www.eldiario.net\\\/portal\\\/wp-content\\\/uploads\\\/2021\\\/05\\\/NINA.jpg\",\"articleSection\":[\"Sociedad - Seguridad\"],\"inLanguage\":\"es\"},{\"@type\":\"WebPage\",\"@id\":\"https:\\\/\\\/www.eldiario.net\\\/portal\\\/2021\\\/05\\\/23\\\/seguridad-ciudadana-activa-plan-psico-pac\\\/\",\"url\":\"https:\\\/\\\/www.eldiario.net\\\/portal\\\/2021\\\/05\\\/23\\\/seguridad-ciudadana-activa-plan-psico-pac\\\/\",\"name\":\"Seguridad Ciudadana activa plan Psico \u2013 Pac - El Diario - Bolivia\",\"isPartOf\":{\"@id\":\"https:\\\/\\\/www.eldiario.net\\\/portal\\\/#website\"},\"primaryImageOfPage\":{\"@id\":\"https:\\\/\\\/www.eldiario.net\\\/portal\\\/2021\\\/05\\\/23\\\/seguridad-ciudadana-activa-plan-psico-pac\\\/#primaryimage\"},\"image\":{\"@id\":\"https:\\\/\\\/www.eldiario.net\\\/portal\\\/2021\\\/05\\\/23\\\/seguridad-ciudadana-activa-plan-psico-pac\\\/#primaryimage\"},\"thumbnailUrl\":\"https:\\\/\\\/www.eldiario.net\\\/portal\\\/wp-content\\\/uploads\\\/2021\\\/05\\\/NINA.jpg\",\"datePublished\":\"2021-05-23T11:08:12+00:00\",\"breadcrumb\":{\"@id\":\"https:\\\/\\\/www.eldiario.net\\\/portal\\\/2021\\\/05\\\/23\\\/seguridad-ciudadana-activa-plan-psico-pac\\\/#breadcrumb\"},\"inLanguage\":\"es\",\"potentialAction\":[{\"@type\":\"ReadAction\",\"target\":[\"https:\\\/\\\/www.eldiario.net\\\/portal\\\/2021\\\/05\\\/23\\\/seguridad-ciudadana-activa-plan-psico-pac\\\/\"]}]},{\"@type\":\"ImageObject\",\"inLanguage\":\"es\",\"@id\":\"https:\\\/\\\/www.eldiario.net\\\/portal\\\/2021\\\/05\\\/23\\\/seguridad-ciudadana-activa-plan-psico-pac\\\/#primaryimage\",\"url\":\"https:\\\/\\\/www.eldiario.net\\\/portal\\\/wp-content\\\/uploads\\\/2021\\\/05\\\/NINA.jpg\",\"contentUrl\":\"https:\\\/\\\/www.eldiario.net\\\/portal\\\/wp-content\\\/uploads\\\/2021\\\/05\\\/NINA.jpg\",\"width\":1280,\"height\":720},{\"@type\":\"BreadcrumbList\",\"@id\":\"https:\\\/\\\/www.eldiario.net\\\/portal\\\/2021\\\/05\\\/23\\\/seguridad-ciudadana-activa-plan-psico-pac\\\/#breadcrumb\",\"itemListElement\":[{\"@type\":\"ListItem\",\"position\":1,\"name\":\"Portada\",\"item\":\"https:\\\/\\\/www.eldiario.net\\\/portal\\\/\"},{\"@type\":\"ListItem\",\"position\":2,\"name\":\"Seguridad Ciudadana activa plan Psico \u2013 Pac\"}]},{\"@type\":\"WebSite\",\"@id\":\"https:\\\/\\\/www.eldiario.net\\\/portal\\\/#website\",\"url\":\"https:\\\/\\\/www.eldiario.net\\\/portal\\\/\",\"name\":\"El Diario - Decano de la prensa nacional\",\"description\":\"El Diario - Decano de la prensa nacional\",\"publisher\":{\"@id\":\"https:\\\/\\\/www.eldiario.net\\\/portal\\\/#organization\"},\"potentialAction\":[{\"@type\":\"SearchAction\",\"target\":{\"@type\":\"EntryPoint\",\"urlTemplate\":\"https:\\\/\\\/www.eldiario.net\\\/portal\\\/?s={search_term_string}\"},\"query-input\":{\"@type\":\"PropertyValueSpecification\",\"valueRequired\":true,\"valueName\":\"search_term_string\"}}],\"inLanguage\":\"es\"},{\"@type\":\"Organization\",\"@id\":\"https:\\\/\\\/www.eldiario.net\\\/portal\\\/#organization\",\"name\":\"El Diario - Decano de la prensa nacional\",\"url\":\"https:\\\/\\\/www.eldiario.net\\\/portal\\\/\",\"logo\":{\"@type\":\"ImageObject\",\"inLanguage\":\"es\",\"@id\":\"https:\\\/\\\/www.eldiario.net\\\/portal\\\/#\\\/schema\\\/logo\\\/image\\\/\",\"url\":\"https:\\\/\\\/www.eldiario.net\\\/portal\\\/wp-content\\\/uploads\\\/2023\\\/07\\\/logo_ED.jpg\",\"contentUrl\":\"https:\\\/\\\/www.eldiario.net\\\/portal\\\/wp-content\\\/uploads\\\/2023\\\/07\\\/logo_ED.jpg\",\"width\":272,\"height\":52,\"caption\":\"El Diario - Decano de la prensa nacional\"},\"image\":{\"@id\":\"https:\\\/\\\/www.eldiario.net\\\/portal\\\/#\\\/schema\\\/logo\\\/image\\\/\"},\"sameAs\":[\"https:\\\/\\\/www.facebook.com\\\/eldiario.bolivia\\\/\",\"https:\\\/\\\/x.com\\\/eldiario_net\"]},{\"@type\":\"Person\",\"@id\":\"https:\\\/\\\/www.eldiario.net\\\/portal\\\/#\\\/schema\\\/person\\\/f46445640444750d7d753ccd04ae01b7\",\"name\":\"Jeanette\",\"image\":{\"@type\":\"ImageObject\",\"inLanguage\":\"es\",\"@id\":\"https:\\\/\\\/secure.gravatar.com\\\/avatar\\\/3ea2118a5f7dad2b7138b1187a6b7ee55f160b9968b66013c3a3ef39dd7e5798?s=96&d=mm&r=g\",\"url\":\"https:\\\/\\\/secure.gravatar.com\\\/avatar\\\/3ea2118a5f7dad2b7138b1187a6b7ee55f160b9968b66013c3a3ef39dd7e5798?s=96&d=mm&r=g\",\"contentUrl\":\"https:\\\/\\\/secure.gravatar.com\\\/avatar\\\/3ea2118a5f7dad2b7138b1187a6b7ee55f160b9968b66013c3a3ef39dd7e5798?s=96&d=mm&r=g\",\"caption\":\"Jeanette\"},\"sameAs\":[\"https:\\\/\\\/www.eldiario.net\\\/portal\"],\"url\":\"https:\\\/\\\/www.eldiario.net\\\/portal\\\/author\\\/jeanette\\\/\"}]}<\/script>\n<!-- \/ Yoast SEO plugin. -->","yoast_head_json":{"title":"Seguridad Ciudadana activa plan Psico \u2013 Pac - El Diario - Bolivia","robots":{"index":"index","follow":"follow","max-snippet":"max-snippet:-1","max-image-preview":"max-image-preview:large","max-video-preview":"max-video-preview:-1"},"canonical":"https:\/\/www.eldiario.net\/portal\/2021\/05\/23\/seguridad-ciudadana-activa-plan-psico-pac\/","og_locale":"es_ES","og_type":"article","og_title":"Seguridad Ciudadana activa plan Psico \u2013 Pac - El Diario - Bolivia","og_description":"Debido a los \u00faltimos sucesos de personas que se quitaron la vida y otras que pretendieron hacerlo, lanz\u00e1ndose del puente de Las Am\u00e9ricas de la ciudad de La Paz, el viceministro de Seguridad Ciudadana, Roberto R\u00edos, inform\u00f3 a EL DIARIO, que tras un acuerdo con el Colegio de Psic\u00f3logos trabajan en actividades coordinadas para evitar [&hellip;]","og_url":"https:\/\/www.eldiario.net\/portal\/2021\/05\/23\/seguridad-ciudadana-activa-plan-psico-pac\/","og_site_name":"El Diario - Bolivia","article_publisher":"https:\/\/www.facebook.com\/eldiario.bolivia\/","article_published_time":"2021-05-23T11:08:12+00:00","og_image":[{"width":1280,"height":720,"url":"https:\/\/www.eldiario.net\/portal\/wp-content\/uploads\/2021\/05\/NINA.jpg","type":"image\/jpeg"}],"author":"Jeanette","twitter_card":"summary_large_image","twitter_creator":"@eldiario_net","twitter_site":"@eldiario_net","twitter_misc":{"Escrito por":"Jeanette","Tiempo de lectura":"3 minutos"},"schema":{"@context":"https:\/\/schema.org","@graph":[{"@type":"Article","@id":"https:\/\/www.eldiario.net\/portal\/2021\/05\/23\/seguridad-ciudadana-activa-plan-psico-pac\/#article","isPartOf":{"@id":"https:\/\/www.eldiario.net\/portal\/2021\/05\/23\/seguridad-ciudadana-activa-plan-psico-pac\/"},"author":{"name":"Jeanette","@id":"https:\/\/www.eldiario.net\/portal\/#\/schema\/person\/f46445640444750d7d753ccd04ae01b7"},"headline":"Seguridad Ciudadana activa plan Psico \u2013 Pac","datePublished":"2021-05-23T11:08:12+00:00","mainEntityOfPage":{"@id":"https:\/\/www.eldiario.net\/portal\/2021\/05\/23\/seguridad-ciudadana-activa-plan-psico-pac\/"},"wordCount":598,"publisher":{"@id":"https:\/\/www.eldiario.net\/portal\/#organization"},"image":{"@id":"https:\/\/www.eldiario.net\/portal\/2021\/05\/23\/seguridad-ciudadana-activa-plan-psico-pac\/#primaryimage"},"thumbnailUrl":"https:\/\/www.eldiario.net\/portal\/wp-content\/uploads\/2021\/05\/NINA.jpg","articleSection":["Sociedad - Seguridad"],"inLanguage":"es"},{"@type":"WebPage","@id":"https:\/\/www.eldiario.net\/portal\/2021\/05\/23\/seguridad-ciudadana-activa-plan-psico-pac\/","url":"https:\/\/www.eldiario.net\/portal\/2021\/05\/23\/seguridad-ciudadana-activa-plan-psico-pac\/","name":"Seguridad Ciudadana activa plan Psico \u2013 Pac - El Diario - Bolivia","isPartOf":{"@id":"https:\/\/www.eldiario.net\/portal\/#website"},"primaryImageOfPage":{"@id":"https:\/\/www.eldiario.net\/portal\/2021\/05\/23\/seguridad-ciudadana-activa-plan-psico-pac\/#primaryimage"},"image":{"@id":"https:\/\/www.eldiario.net\/portal\/2021\/05\/23\/seguridad-ciudadana-activa-plan-psico-pac\/#primaryimage"},"thumbnailUrl":"https:\/\/www.eldiario.net\/portal\/wp-content\/uploads\/2021\/05\/NINA.jpg","datePublished":"2021-05-23T11:08:12+00:00","breadcrumb":{"@id":"https:\/\/www.eldiario.net\/portal\/2021\/05\/23\/seguridad-ciudadana-activa-plan-psico-pac\/#breadcrumb"},"inLanguage":"es","potentialAction":[{"@type":"ReadAction","target":["https:\/\/www.eldiario.net\/portal\/2021\/05\/23\/seguridad-ciudadana-activa-plan-psico-pac\/"]}]},{"@type":"ImageObject","inLanguage":"es","@id":"https:\/\/www.eldiario.net\/portal\/2021\/05\/23\/seguridad-ciudadana-activa-plan-psico-pac\/#primaryimage","url":"https:\/\/www.eldiario.net\/portal\/wp-content\/uploads\/2021\/05\/NINA.jpg","contentUrl":"https:\/\/www.eldiario.net\/portal\/wp-content\/uploads\/2021\/05\/NINA.jpg","width":1280,"height":720},{"@type":"BreadcrumbList","@id":"https:\/\/www.eldiario.net\/portal\/2021\/05\/23\/seguridad-ciudadana-activa-plan-psico-pac\/#breadcrumb","itemListElement":[{"@type":"ListItem","position":1,"name":"Portada","item":"https:\/\/www.eldiario.net\/portal\/"},{"@type":"ListItem","position":2,"name":"Seguridad Ciudadana activa plan Psico \u2013 Pac"}]},{"@type":"WebSite","@id":"https:\/\/www.eldiario.net\/portal\/#website","url":"https:\/\/www.eldiario.net\/portal\/","name":"El Diario - Decano de la prensa nacional","description":"El Diario - Decano de la prensa nacional","publisher":{"@id":"https:\/\/www.eldiario.net\/portal\/#organization"},"potentialAction":[{"@type":"SearchAction","target":{"@type":"EntryPoint","urlTemplate":"https:\/\/www.eldiario.net\/portal\/?s={search_term_string}"},"query-input":{"@type":"PropertyValueSpecification","valueRequired":true,"valueName":"search_term_string"}}],"inLanguage":"es"},{"@type":"Organization","@id":"https:\/\/www.eldiario.net\/portal\/#organization","name":"El Diario - Decano de la prensa nacional","url":"https:\/\/www.eldiario.net\/portal\/","logo":{"@type":"ImageObject","inLanguage":"es","@id":"https:\/\/www.eldiario.net\/portal\/#\/schema\/logo\/image\/","url":"https:\/\/www.eldiario.net\/portal\/wp-content\/uploads\/2023\/07\/logo_ED.jpg","contentUrl":"https:\/\/www.eldiario.net\/portal\/wp-content\/uploads\/2023\/07\/logo_ED.jpg","width":272,"height":52,"caption":"El Diario - Decano de la prensa nacional"},"image":{"@id":"https:\/\/www.eldiario.net\/portal\/#\/schema\/logo\/image\/"},"sameAs":["https:\/\/www.facebook.com\/eldiario.bolivia\/","https:\/\/x.com\/eldiario_net"]},{"@type":"Person","@id":"https:\/\/www.eldiario.net\/portal\/#\/schema\/person\/f46445640444750d7d753ccd04ae01b7","name":"Jeanette","image":{"@type":"ImageObject","inLanguage":"es","@id":"https:\/\/secure.gravatar.com\/avatar\/3ea2118a5f7dad2b7138b1187a6b7ee55f160b9968b66013c3a3ef39dd7e5798?s=96&d=mm&r=g","url":"https:\/\/secure.gravatar.com\/avatar\/3ea2118a5f7dad2b7138b1187a6b7ee55f160b9968b66013c3a3ef39dd7e5798?s=96&d=mm&r=g","contentUrl":"https:\/\/secure.gravatar.com\/avatar\/3ea2118a5f7dad2b7138b1187a6b7ee55f160b9968b66013c3a3ef39dd7e5798?s=96&d=mm&r=g","caption":"Jeanette"},"sameAs":["https:\/\/www.eldiario.net\/portal"],"url":"https:\/\/www.eldiario.net\/portal\/author\/jeanette\/"}]}},"_links":{"self":[{"href":"https:\/\/www.eldiario.net\/portal\/wp-json\/wp\/v2\/posts\/5783","targetHints":{"allow":["GET"]}}],"collection":[{"href":"https:\/\/www.eldiario.net\/portal\/wp-json\/wp\/v2\/posts"}],"about":[{"href":"https:\/\/www.eldiario.net\/portal\/wp-json\/wp\/v2\/types\/post"}],"author":[{"embeddable":true,"href":"https:\/\/www.eldiario.net\/portal\/wp-json\/wp\/v2\/users\/1"}],"replies":[{"embeddable":true,"href":"https:\/\/www.eldiario.net\/portal\/wp-json\/wp\/v2\/comments?post=5783"}],"version-history":[{"count":0,"href":"https:\/\/www.eldiario.net\/portal\/wp-json\/wp\/v2\/posts\/5783\/revisions"}],"wp:featuredmedia":[{"embeddable":true,"href":"https:\/\/www.eldiario.net\/portal\/wp-json\/wp\/v2\/media\/5784"}],"wp:attachment":[{"href":"https:\/\/www.eldiario.net\/portal\/wp-json\/wp\/v2\/media?parent=5783"}],"wp:term":[{"taxonomy":"category","embeddable":true,"href":"https:\/\/www.eldiario.net\/portal\/wp-json\/wp\/v2\/categories?post=5783"},{"taxonomy":"post_tag","embeddable":true,"href":"https:\/\/www.eldiario.net\/portal\/wp-json\/wp\/v2\/tags?post=5783"}],"curies":[{"name":"wp","href":"https:\/\/api.w.org\/{rel}","templated":true}]}}