{"id":5780,"date":"2021-05-23T07:05:49","date_gmt":"2021-05-23T11:05:49","guid":{"rendered":"https:\/\/www.eldiario.net\/portal\/?p=5780"},"modified":"2021-05-23T07:05:49","modified_gmt":"2021-05-23T11:05:49","slug":"centralismo-del-gobierno-impide-que-mayoria-de-poblacion-logre-vacunarse","status":"publish","type":"post","link":"https:\/\/www.eldiario.net\/portal\/2021\/05\/23\/centralismo-del-gobierno-impide-que-mayoria-de-poblacion-logre-vacunarse\/","title":{"rendered":"Centralismo del Gobierno impide que mayor\u00eda de poblaci\u00f3n logre vacunarse"},"content":{"rendered":"<p>La ineficiencia del plan de vacunaci\u00f3n masiva contra el covid-19 se debe a la actitud centralista del Gobierno nacional porque no coordina con los municipios ni gobernaciones, lo que impide que gestionen las vacunas y desarrollen un plan seg\u00fan sus requerimientos, declar\u00f3 ayer el diputado Jos\u00e9 Carlos Guti\u00e9rrez (alianza Creemos).<br \/>\n\u201cYo acuso al centralismo, al gobierno del MAS (Movimiento al Socialismo) por no permitirle a los gobiernos municipales y departamentales a que puedan comprar y hacer gestiones propias para que vacunen a su poblaci\u00f3n con una estrategia propia. El Gobierno est\u00e1 centrado en pelear con los m\u00e9dicos y perseguir pol\u00edticamente a exautoridades\u201d, declar\u00f3 el legislador.<br \/>\nEl proceso de vacunaci\u00f3n masiva no tiene los resultados esperados debido al uso pol\u00edtico de la salud de la poblaci\u00f3n menos protegida por parte de los gobernantes, esto puede desalienta a la poblaci\u00f3n porque genera desconfianza, en criterio del diputado. Otro aspecto que entorpece la vacunaci\u00f3n masiva tiene que ver con el discurso pol\u00edtico en sentido de que se trata una acci\u00f3n pol\u00edtica \u201cde la derecha\u201d, a pesar del preocupante aumento de contagios con la tercera ola de la pandemia y el n\u00famero de muertes. \u201cToda la poblaci\u00f3n boliviana sabe que el ministro de Salud, Jeyson Auza, y el presidente del Estado, Luis Arce, se han aplazado en la gesti\u00f3n de salud y de la pandemia del covid espec\u00edficamente, no hay eficiencia en el plan de vacunaci\u00f3n y la gente sigue muriendo por falta de acceso a la vacuna de manera temprana\u201d, puntualiz\u00f3.<br \/>\nAnte los deficientes resultados del plan de inmunizaci\u00f3n masiva, seg\u00fan el rango de edad, es necesario abrir a la poblaci\u00f3n de menor edad a fin de evitar m\u00e1s muertes y permitir que los municipios y gobernaciones act\u00faen directamente.<br \/>\nAsimismo, el asamble\u00edsta lament\u00f3 el deceso del ex secretario municipal de Salud de La Paz, Ren\u00e9 Sahonero, fallecido por covid-19 la ma\u00f1ana del viernes, cuya p\u00e9rdida es penosa para el sistema de salud, tal como es la del ex secretario departamental de Salud de la Gobernaci\u00f3n de Santa Cruz, Oscar Urenda, y otros profesionales de gran val\u00eda.<br \/>\n\u201cCada muerte de cada boliviano nos preocupa y nos duele, y todo por una mala gesti\u00f3n del gobierno. \u00bfPor qu\u00e9 no permite que las gobernaciones y los privados compren vacunas si pueden hacerlo. \u00bfQu\u00e9 hay detr\u00e1s de esa decisi\u00f3n del presidente (del Estado) Arce?\u201d, plante\u00f3 Guti\u00e9rrez.<br \/>\nAnte la escalada de casos positivos y la presencia de la tercera ola con la cepa brasile\u00f1a, las autoridades aut\u00f3nomas departamentales y municipales determinaron retomar medidas restrictivas colectivas, inclusive, sujetas a sanciones.<br \/>\nLa alcaldesa de El Alto, Eva Copa, dispuso el uso obligatorio de barbijo, el ciudadano que incumpla con esta medida de prevenci\u00f3n cumplir\u00e1 24 horas de trabajo comunitario.<br \/>\n\u201cTranse\u00fante que no quiera usar su barbijo que les estamos donando, va a ser retenido 24 horas para poder hacer trabajo comunitario\u201d, advirti\u00f3 Copa.<br \/>\nAsimismo, record\u00f3 la vigencia de las normativas ediles respecto de las medidas de prevenci\u00f3n contra el covid-19, las mismas que son aplicadas rigurosamente a partir de ayer.<br \/>\nEn Cochabamba, el Comit\u00e9 de Emergencias Municipal (COEM) restringi\u00f3 el horario de circulaci\u00f3n vehicular y peatonal 5.00 a 20.00 horas de lunes a s\u00e1bado. Los domingos rige la cuarentena r\u00edgida.<br \/>\nEn tanto, los servicios financieros atienden seg\u00fan el n\u00famero del \u00faltimo d\u00edgito de la c\u00e9dula de identidad. Lunes, mi\u00e9rcoles y viernes con la terminaci\u00f3n 0, 2, 4, 6 y 8. Martes, jueves y s\u00e1bado con terminaci\u00f3n 1, 3, 5, 7 y 9.<br \/>\nEn los centros de abasto popular el uso de tarimas es obligatorio, se prohibi\u00f3 la venta de productos sobre el nivel del suelo. Las visitas al cementerio se realizan s\u00f3lo los d\u00edas martes y jueves, entre otras.<br \/>\nEl Centro de Operaciones de Emergencia Municipal (COEM) de Santa Cruz determin\u00f3 que a partir de ayer, s\u00e1bado (22 de mayo), el transporte p\u00fablico y privado podr\u00e1 circular de 05.00 a 20.00 horas, los domingos se cumplir\u00e1 cuarentena r\u00edgida, a fin de cortar la cadena de contagios.<\/p>\n","protected":false},"excerpt":{"rendered":"<p>La ineficiencia del plan de vacunaci\u00f3n masiva contra el covid-19 se debe a la actitud centralista del Gobierno nacional porque no coordina con los municipios ni gobernaciones, lo que impide que gestionen las vacunas y desarrollen un plan seg\u00fan sus requerimientos, declar\u00f3 ayer el diputado Jos\u00e9 Carlos Guti\u00e9rrez (alianza Creemos). \u201cYo acuso al centralismo, al [&hellip;]<\/p>\n","protected":false},"author":1,"featured_media":5781,"comment_status":"closed","ping_status":"closed","sticky":false,"template":"","format":"standard","meta":{"_acf_changed":false,"footnotes":""},"categories":[12],"tags":[],"class_list":["post-5780","post","type-post","status-publish","format-standard","has-post-thumbnail","category-nacional"],"acf":{"antetitulo":""},"yoast_head":"<!-- This site is optimized with the Yoast SEO plugin v28.3 - https:\/\/yoast.com\/product\/yoast-seo-wordpress\/ -->\n<title>Centralismo del Gobierno impide que mayor\u00eda de poblaci\u00f3n logre vacunarse - El Diario - Bolivia<\/title>\n<meta name=\"robots\" content=\"index, follow, max-snippet:-1, max-image-preview:large, max-video-preview:-1\" \/>\n<link rel=\"canonical\" href=\"https:\/\/www.eldiario.net\/portal\/2021\/05\/23\/centralismo-del-gobierno-impide-que-mayoria-de-poblacion-logre-vacunarse\/\" \/>\n<meta property=\"og:locale\" content=\"es_ES\" \/>\n<meta property=\"og:type\" content=\"article\" \/>\n<meta property=\"og:title\" content=\"Centralismo del Gobierno impide que mayor\u00eda de poblaci\u00f3n logre vacunarse - El Diario - Bolivia\" \/>\n<meta property=\"og:description\" content=\"La ineficiencia del plan de vacunaci\u00f3n masiva contra el covid-19 se debe a la actitud centralista del Gobierno nacional porque no coordina con los municipios ni gobernaciones, lo que impide que gestionen las vacunas y desarrollen un plan seg\u00fan sus requerimientos, declar\u00f3 ayer el diputado Jos\u00e9 Carlos Guti\u00e9rrez (alianza Creemos). \u201cYo acuso al centralismo, al [&hellip;]\" \/>\n<meta property=\"og:url\" content=\"https:\/\/www.eldiario.net\/portal\/2021\/05\/23\/centralismo-del-gobierno-impide-que-mayoria-de-poblacion-logre-vacunarse\/\" \/>\n<meta property=\"og:site_name\" content=\"El Diario - Bolivia\" \/>\n<meta property=\"article:publisher\" content=\"https:\/\/www.facebook.com\/eldiario.bolivia\/\" \/>\n<meta property=\"article:published_time\" content=\"2021-05-23T11:05:49+00:00\" \/>\n<meta name=\"author\" content=\"Jeanette\" \/>\n<meta name=\"twitter:card\" content=\"summary_large_image\" \/>\n<meta name=\"twitter:creator\" content=\"@eldiario_net\" \/>\n<meta name=\"twitter:site\" content=\"@eldiario_net\" \/>\n<meta name=\"twitter:label1\" content=\"Escrito por\" \/>\n\t<meta name=\"twitter:data1\" content=\"Jeanette\" \/>\n\t<meta name=\"twitter:label2\" content=\"Tiempo de lectura\" \/>\n\t<meta name=\"twitter:data2\" content=\"3 minutos\" \/>\n<script type=\"application\/ld+json\" class=\"yoast-schema-graph\">{\"@context\":\"https:\\\/\\\/schema.org\",\"@graph\":[{\"@type\":\"Article\",\"@id\":\"https:\\\/\\\/www.eldiario.net\\\/portal\\\/2021\\\/05\\\/23\\\/centralismo-del-gobierno-impide-que-mayoria-de-poblacion-logre-vacunarse\\\/#article\",\"isPartOf\":{\"@id\":\"https:\\\/\\\/www.eldiario.net\\\/portal\\\/2021\\\/05\\\/23\\\/centralismo-del-gobierno-impide-que-mayoria-de-poblacion-logre-vacunarse\\\/\"},\"author\":{\"name\":\"Jeanette\",\"@id\":\"https:\\\/\\\/www.eldiario.net\\\/portal\\\/#\\\/schema\\\/person\\\/f46445640444750d7d753ccd04ae01b7\"},\"headline\":\"Centralismo del Gobierno impide que mayor\u00eda de poblaci\u00f3n logre vacunarse\",\"datePublished\":\"2021-05-23T11:05:49+00:00\",\"mainEntityOfPage\":{\"@id\":\"https:\\\/\\\/www.eldiario.net\\\/portal\\\/2021\\\/05\\\/23\\\/centralismo-del-gobierno-impide-que-mayoria-de-poblacion-logre-vacunarse\\\/\"},\"wordCount\":705,\"publisher\":{\"@id\":\"https:\\\/\\\/www.eldiario.net\\\/portal\\\/#organization\"},\"image\":{\"@id\":\"https:\\\/\\\/www.eldiario.net\\\/portal\\\/2021\\\/05\\\/23\\\/centralismo-del-gobierno-impide-que-mayoria-de-poblacion-logre-vacunarse\\\/#primaryimage\"},\"thumbnailUrl\":\"\",\"articleSection\":[\"Nacional\"],\"inLanguage\":\"es\"},{\"@type\":\"WebPage\",\"@id\":\"https:\\\/\\\/www.eldiario.net\\\/portal\\\/2021\\\/05\\\/23\\\/centralismo-del-gobierno-impide-que-mayoria-de-poblacion-logre-vacunarse\\\/\",\"url\":\"https:\\\/\\\/www.eldiario.net\\\/portal\\\/2021\\\/05\\\/23\\\/centralismo-del-gobierno-impide-que-mayoria-de-poblacion-logre-vacunarse\\\/\",\"name\":\"Centralismo del Gobierno impide que mayor\u00eda de poblaci\u00f3n logre vacunarse - El Diario - Bolivia\",\"isPartOf\":{\"@id\":\"https:\\\/\\\/www.eldiario.net\\\/portal\\\/#website\"},\"primaryImageOfPage\":{\"@id\":\"https:\\\/\\\/www.eldiario.net\\\/portal\\\/2021\\\/05\\\/23\\\/centralismo-del-gobierno-impide-que-mayoria-de-poblacion-logre-vacunarse\\\/#primaryimage\"},\"image\":{\"@id\":\"https:\\\/\\\/www.eldiario.net\\\/portal\\\/2021\\\/05\\\/23\\\/centralismo-del-gobierno-impide-que-mayoria-de-poblacion-logre-vacunarse\\\/#primaryimage\"},\"thumbnailUrl\":\"\",\"datePublished\":\"2021-05-23T11:05:49+00:00\",\"breadcrumb\":{\"@id\":\"https:\\\/\\\/www.eldiario.net\\\/portal\\\/2021\\\/05\\\/23\\\/centralismo-del-gobierno-impide-que-mayoria-de-poblacion-logre-vacunarse\\\/#breadcrumb\"},\"inLanguage\":\"es\",\"potentialAction\":[{\"@type\":\"ReadAction\",\"target\":[\"https:\\\/\\\/www.eldiario.net\\\/portal\\\/2021\\\/05\\\/23\\\/centralismo-del-gobierno-impide-que-mayoria-de-poblacion-logre-vacunarse\\\/\"]}]},{\"@type\":\"ImageObject\",\"inLanguage\":\"es\",\"@id\":\"https:\\\/\\\/www.eldiario.net\\\/portal\\\/2021\\\/05\\\/23\\\/centralismo-del-gobierno-impide-que-mayoria-de-poblacion-logre-vacunarse\\\/#primaryimage\",\"url\":\"\",\"contentUrl\":\"\"},{\"@type\":\"BreadcrumbList\",\"@id\":\"https:\\\/\\\/www.eldiario.net\\\/portal\\\/2021\\\/05\\\/23\\\/centralismo-del-gobierno-impide-que-mayoria-de-poblacion-logre-vacunarse\\\/#breadcrumb\",\"itemListElement\":[{\"@type\":\"ListItem\",\"position\":1,\"name\":\"Portada\",\"item\":\"https:\\\/\\\/www.eldiario.net\\\/portal\\\/\"},{\"@type\":\"ListItem\",\"position\":2,\"name\":\"Centralismo del Gobierno impide que mayor\u00eda de poblaci\u00f3n logre vacunarse\"}]},{\"@type\":\"WebSite\",\"@id\":\"https:\\\/\\\/www.eldiario.net\\\/portal\\\/#website\",\"url\":\"https:\\\/\\\/www.eldiario.net\\\/portal\\\/\",\"name\":\"El Diario - Decano de la prensa nacional\",\"description\":\"El Diario - Decano de la prensa nacional\",\"publisher\":{\"@id\":\"https:\\\/\\\/www.eldiario.net\\\/portal\\\/#organization\"},\"potentialAction\":[{\"@type\":\"SearchAction\",\"target\":{\"@type\":\"EntryPoint\",\"urlTemplate\":\"https:\\\/\\\/www.eldiario.net\\\/portal\\\/?s={search_term_string}\"},\"query-input\":{\"@type\":\"PropertyValueSpecification\",\"valueRequired\":true,\"valueName\":\"search_term_string\"}}],\"inLanguage\":\"es\"},{\"@type\":\"Organization\",\"@id\":\"https:\\\/\\\/www.eldiario.net\\\/portal\\\/#organization\",\"name\":\"El Diario - Decano de la prensa nacional\",\"url\":\"https:\\\/\\\/www.eldiario.net\\\/portal\\\/\",\"logo\":{\"@type\":\"ImageObject\",\"inLanguage\":\"es\",\"@id\":\"https:\\\/\\\/www.eldiario.net\\\/portal\\\/#\\\/schema\\\/logo\\\/image\\\/\",\"url\":\"https:\\\/\\\/www.eldiario.net\\\/portal\\\/wp-content\\\/uploads\\\/2023\\\/07\\\/logo_ED.jpg\",\"contentUrl\":\"https:\\\/\\\/www.eldiario.net\\\/portal\\\/wp-content\\\/uploads\\\/2023\\\/07\\\/logo_ED.jpg\",\"width\":272,\"height\":52,\"caption\":\"El Diario - Decano de la prensa nacional\"},\"image\":{\"@id\":\"https:\\\/\\\/www.eldiario.net\\\/portal\\\/#\\\/schema\\\/logo\\\/image\\\/\"},\"sameAs\":[\"https:\\\/\\\/www.facebook.com\\\/eldiario.bolivia\\\/\",\"https:\\\/\\\/x.com\\\/eldiario_net\"]},{\"@type\":\"Person\",\"@id\":\"https:\\\/\\\/www.eldiario.net\\\/portal\\\/#\\\/schema\\\/person\\\/f46445640444750d7d753ccd04ae01b7\",\"name\":\"Jeanette\",\"image\":{\"@type\":\"ImageObject\",\"inLanguage\":\"es\",\"@id\":\"https:\\\/\\\/secure.gravatar.com\\\/avatar\\\/3ea2118a5f7dad2b7138b1187a6b7ee55f160b9968b66013c3a3ef39dd7e5798?s=96&d=mm&r=g\",\"url\":\"https:\\\/\\\/secure.gravatar.com\\\/avatar\\\/3ea2118a5f7dad2b7138b1187a6b7ee55f160b9968b66013c3a3ef39dd7e5798?s=96&d=mm&r=g\",\"contentUrl\":\"https:\\\/\\\/secure.gravatar.com\\\/avatar\\\/3ea2118a5f7dad2b7138b1187a6b7ee55f160b9968b66013c3a3ef39dd7e5798?s=96&d=mm&r=g\",\"caption\":\"Jeanette\"},\"sameAs\":[\"https:\\\/\\\/www.eldiario.net\\\/portal\"],\"url\":\"https:\\\/\\\/www.eldiario.net\\\/portal\\\/author\\\/jeanette\\\/\"}]}<\/script>\n<!-- \/ Yoast SEO plugin. -->","yoast_head_json":{"title":"Centralismo del Gobierno impide que mayor\u00eda de poblaci\u00f3n logre vacunarse - El Diario - Bolivia","robots":{"index":"index","follow":"follow","max-snippet":"max-snippet:-1","max-image-preview":"max-image-preview:large","max-video-preview":"max-video-preview:-1"},"canonical":"https:\/\/www.eldiario.net\/portal\/2021\/05\/23\/centralismo-del-gobierno-impide-que-mayoria-de-poblacion-logre-vacunarse\/","og_locale":"es_ES","og_type":"article","og_title":"Centralismo del Gobierno impide que mayor\u00eda de poblaci\u00f3n logre vacunarse - El Diario - Bolivia","og_description":"La ineficiencia del plan de vacunaci\u00f3n masiva contra el covid-19 se debe a la actitud centralista del Gobierno nacional porque no coordina con los municipios ni gobernaciones, lo que impide que gestionen las vacunas y desarrollen un plan seg\u00fan sus requerimientos, declar\u00f3 ayer el diputado Jos\u00e9 Carlos Guti\u00e9rrez (alianza Creemos). \u201cYo acuso al centralismo, al [&hellip;]","og_url":"https:\/\/www.eldiario.net\/portal\/2021\/05\/23\/centralismo-del-gobierno-impide-que-mayoria-de-poblacion-logre-vacunarse\/","og_site_name":"El Diario - Bolivia","article_publisher":"https:\/\/www.facebook.com\/eldiario.bolivia\/","article_published_time":"2021-05-23T11:05:49+00:00","author":"Jeanette","twitter_card":"summary_large_image","twitter_creator":"@eldiario_net","twitter_site":"@eldiario_net","twitter_misc":{"Escrito por":"Jeanette","Tiempo de lectura":"3 minutos"},"schema":{"@context":"https:\/\/schema.org","@graph":[{"@type":"Article","@id":"https:\/\/www.eldiario.net\/portal\/2021\/05\/23\/centralismo-del-gobierno-impide-que-mayoria-de-poblacion-logre-vacunarse\/#article","isPartOf":{"@id":"https:\/\/www.eldiario.net\/portal\/2021\/05\/23\/centralismo-del-gobierno-impide-que-mayoria-de-poblacion-logre-vacunarse\/"},"author":{"name":"Jeanette","@id":"https:\/\/www.eldiario.net\/portal\/#\/schema\/person\/f46445640444750d7d753ccd04ae01b7"},"headline":"Centralismo del Gobierno impide que mayor\u00eda de poblaci\u00f3n logre vacunarse","datePublished":"2021-05-23T11:05:49+00:00","mainEntityOfPage":{"@id":"https:\/\/www.eldiario.net\/portal\/2021\/05\/23\/centralismo-del-gobierno-impide-que-mayoria-de-poblacion-logre-vacunarse\/"},"wordCount":705,"publisher":{"@id":"https:\/\/www.eldiario.net\/portal\/#organization"},"image":{"@id":"https:\/\/www.eldiario.net\/portal\/2021\/05\/23\/centralismo-del-gobierno-impide-que-mayoria-de-poblacion-logre-vacunarse\/#primaryimage"},"thumbnailUrl":"","articleSection":["Nacional"],"inLanguage":"es"},{"@type":"WebPage","@id":"https:\/\/www.eldiario.net\/portal\/2021\/05\/23\/centralismo-del-gobierno-impide-que-mayoria-de-poblacion-logre-vacunarse\/","url":"https:\/\/www.eldiario.net\/portal\/2021\/05\/23\/centralismo-del-gobierno-impide-que-mayoria-de-poblacion-logre-vacunarse\/","name":"Centralismo del Gobierno impide que mayor\u00eda de poblaci\u00f3n logre vacunarse - El Diario - Bolivia","isPartOf":{"@id":"https:\/\/www.eldiario.net\/portal\/#website"},"primaryImageOfPage":{"@id":"https:\/\/www.eldiario.net\/portal\/2021\/05\/23\/centralismo-del-gobierno-impide-que-mayoria-de-poblacion-logre-vacunarse\/#primaryimage"},"image":{"@id":"https:\/\/www.eldiario.net\/portal\/2021\/05\/23\/centralismo-del-gobierno-impide-que-mayoria-de-poblacion-logre-vacunarse\/#primaryimage"},"thumbnailUrl":"","datePublished":"2021-05-23T11:05:49+00:00","breadcrumb":{"@id":"https:\/\/www.eldiario.net\/portal\/2021\/05\/23\/centralismo-del-gobierno-impide-que-mayoria-de-poblacion-logre-vacunarse\/#breadcrumb"},"inLanguage":"es","potentialAction":[{"@type":"ReadAction","target":["https:\/\/www.eldiario.net\/portal\/2021\/05\/23\/centralismo-del-gobierno-impide-que-mayoria-de-poblacion-logre-vacunarse\/"]}]},{"@type":"ImageObject","inLanguage":"es","@id":"https:\/\/www.eldiario.net\/portal\/2021\/05\/23\/centralismo-del-gobierno-impide-que-mayoria-de-poblacion-logre-vacunarse\/#primaryimage","url":"","contentUrl":""},{"@type":"BreadcrumbList","@id":"https:\/\/www.eldiario.net\/portal\/2021\/05\/23\/centralismo-del-gobierno-impide-que-mayoria-de-poblacion-logre-vacunarse\/#breadcrumb","itemListElement":[{"@type":"ListItem","position":1,"name":"Portada","item":"https:\/\/www.eldiario.net\/portal\/"},{"@type":"ListItem","position":2,"name":"Centralismo del Gobierno impide que mayor\u00eda de poblaci\u00f3n logre vacunarse"}]},{"@type":"WebSite","@id":"https:\/\/www.eldiario.net\/portal\/#website","url":"https:\/\/www.eldiario.net\/portal\/","name":"El Diario - Decano de la prensa nacional","description":"El Diario - Decano de la prensa nacional","publisher":{"@id":"https:\/\/www.eldiario.net\/portal\/#organization"},"potentialAction":[{"@type":"SearchAction","target":{"@type":"EntryPoint","urlTemplate":"https:\/\/www.eldiario.net\/portal\/?s={search_term_string}"},"query-input":{"@type":"PropertyValueSpecification","valueRequired":true,"valueName":"search_term_string"}}],"inLanguage":"es"},{"@type":"Organization","@id":"https:\/\/www.eldiario.net\/portal\/#organization","name":"El Diario - Decano de la prensa nacional","url":"https:\/\/www.eldiario.net\/portal\/","logo":{"@type":"ImageObject","inLanguage":"es","@id":"https:\/\/www.eldiario.net\/portal\/#\/schema\/logo\/image\/","url":"https:\/\/www.eldiario.net\/portal\/wp-content\/uploads\/2023\/07\/logo_ED.jpg","contentUrl":"https:\/\/www.eldiario.net\/portal\/wp-content\/uploads\/2023\/07\/logo_ED.jpg","width":272,"height":52,"caption":"El Diario - Decano de la prensa nacional"},"image":{"@id":"https:\/\/www.eldiario.net\/portal\/#\/schema\/logo\/image\/"},"sameAs":["https:\/\/www.facebook.com\/eldiario.bolivia\/","https:\/\/x.com\/eldiario_net"]},{"@type":"Person","@id":"https:\/\/www.eldiario.net\/portal\/#\/schema\/person\/f46445640444750d7d753ccd04ae01b7","name":"Jeanette","image":{"@type":"ImageObject","inLanguage":"es","@id":"https:\/\/secure.gravatar.com\/avatar\/3ea2118a5f7dad2b7138b1187a6b7ee55f160b9968b66013c3a3ef39dd7e5798?s=96&d=mm&r=g","url":"https:\/\/secure.gravatar.com\/avatar\/3ea2118a5f7dad2b7138b1187a6b7ee55f160b9968b66013c3a3ef39dd7e5798?s=96&d=mm&r=g","contentUrl":"https:\/\/secure.gravatar.com\/avatar\/3ea2118a5f7dad2b7138b1187a6b7ee55f160b9968b66013c3a3ef39dd7e5798?s=96&d=mm&r=g","caption":"Jeanette"},"sameAs":["https:\/\/www.eldiario.net\/portal"],"url":"https:\/\/www.eldiario.net\/portal\/author\/jeanette\/"}]}},"_links":{"self":[{"href":"https:\/\/www.eldiario.net\/portal\/wp-json\/wp\/v2\/posts\/5780","targetHints":{"allow":["GET"]}}],"collection":[{"href":"https:\/\/www.eldiario.net\/portal\/wp-json\/wp\/v2\/posts"}],"about":[{"href":"https:\/\/www.eldiario.net\/portal\/wp-json\/wp\/v2\/types\/post"}],"author":[{"embeddable":true,"href":"https:\/\/www.eldiario.net\/portal\/wp-json\/wp\/v2\/users\/1"}],"replies":[{"embeddable":true,"href":"https:\/\/www.eldiario.net\/portal\/wp-json\/wp\/v2\/comments?post=5780"}],"version-history":[{"count":0,"href":"https:\/\/www.eldiario.net\/portal\/wp-json\/wp\/v2\/posts\/5780\/revisions"}],"wp:attachment":[{"href":"https:\/\/www.eldiario.net\/portal\/wp-json\/wp\/v2\/media?parent=5780"}],"wp:term":[{"taxonomy":"category","embeddable":true,"href":"https:\/\/www.eldiario.net\/portal\/wp-json\/wp\/v2\/categories?post=5780"},{"taxonomy":"post_tag","embeddable":true,"href":"https:\/\/www.eldiario.net\/portal\/wp-json\/wp\/v2\/tags?post=5780"}],"curies":[{"name":"wp","href":"https:\/\/api.w.org\/{rel}","templated":true}]}}