{"id":5777,"date":"2021-05-23T07:04:43","date_gmt":"2021-05-23T11:04:43","guid":{"rendered":"https:\/\/www.eldiario.net\/portal\/?p=5777"},"modified":"2021-05-23T07:04:43","modified_gmt":"2021-05-23T11:04:43","slug":"restaurante-donde-el-can-recibe-atencion-preferente","status":"publish","type":"post","link":"https:\/\/www.eldiario.net\/portal\/2021\/05\/23\/restaurante-donde-el-can-recibe-atencion-preferente\/","title":{"rendered":"Restaurante donde el can recibe atenci\u00f3n preferente"},"content":{"rendered":"<p>Llama la atenci\u00f3n un particular restaurante destinado para quienes desean compartir un descanso y algunos alimentos junto a su mascota. En lugares tradicionales est\u00e1 prohibido que un can permanezca y peor que coma en el mismo sitio, pero aqu\u00ed el perro es el cliente preferido.<br \/>\nPaLadrar se encuentra en la zona Sur de La Paz, en la calle Jos\u00e9 Mar\u00eda Zalles H27, San Miguel.<br \/>\n\u201cSomos una pareja que ama a los perritos, aunque cada uno tiene su carrera, siempre quisimos emprender un negocio con perritos. Fuimos viendo diferentes ideas, desde un hotel hasta un parque de diversiones para canes, pero esta idea del restaurante fue dando forma cuando en la cuarentena por la pandemia viral fuimos averiguando por redes sociales sobre restaurantes con estas caracter\u00edsticas y vimos con tristeza que no hab\u00eda\u201d.<br \/>\n\u201cNosotros sol\u00edamos sufrir cuando sal\u00edamos con mi perro y no sab\u00edamos d\u00f3nde ir. Porque \u00e9l (mi can) es grande y entonces era m\u00e1s complicado que nos acepten en un lugar, y ten\u00edamos que tomar la opci\u00f3n de comprar comida e ir a comer a un \u00e1rea libre y abierta o por \u00faltimo no llevarlo\u201d, relata Jacqueline Cuentas.<br \/>\nEntonces, \u201cdecidimos empezar con esta idea que fue tomando forma junto a una pareja de amigos chefs, empezamos a armar el lugar y los men\u00fas. Se arm\u00f3 la infraestructura con todas las exigencias y comodidades que quisi\u00e9ramos para nuestros propios perritos y junto a ellos fuimos escogiendo el men\u00fa canino\u201d, dijo.<br \/>\n\u201cNuestro restaurante cuenta con asientos c\u00f3modos y de material reciclable, otros asientos son adecuados para que se puedan desplazar y sea m\u00e1s libre para las mascotas y personas, cada \u00e1rea est\u00e1 cercada para que puedan comer tranquilos sin tener que estar sujetando al perrito por miedo a que se vayan o surja una pelea con otro can. Todo el restaurante est\u00e1 alfombrado con pasto sint\u00e9tico adem\u00e1s cada perrito cuenta con sus camas y sus platos\u201d. Tambi\u00e9n cuentan con un parque para que puedan socializar y divertirse los perritos junto a sus due\u00f1os y los ni\u00f1os.<br \/>\nAseguran que todo el personal fue minuciosamente seleccionado con la principal caracter\u00edstica de que ame a los perritos y los respete como su principal comensal.<br \/>\n\u201cEn los pocos d\u00edas que est\u00e1 abierto recibimos muchos halagos en cuanto a la comida canina que fue bien aceptada por los perrunos, en especial el arroz chaufa y los helados, adem\u00e1s de la comida y jugos para las personas. Pusimos mucho amor y dedicaci\u00f3n en este emprendimiento y s\u00e9 que la gente lo nota cuando nos visita, nos sentimos muy felices ya que todos los visitantes salen satisfechos\u201d, finaliz\u00f3.<\/p>\n<p>2LP:<\/p>\n","protected":false},"excerpt":{"rendered":"<p>Llama la atenci\u00f3n un particular restaurante destinado para quienes desean compartir un descanso y algunos alimentos junto a su mascota. En lugares tradicionales est\u00e1 prohibido que un can permanezca y peor que coma en el mismo sitio, pero aqu\u00ed el perro es el cliente preferido. PaLadrar se encuentra en la zona Sur de La Paz, [&hellip;]<\/p>\n","protected":false},"author":1,"featured_media":5778,"comment_status":"closed","ping_status":"closed","sticky":false,"template":"","format":"standard","meta":{"_acf_changed":false,"footnotes":""},"categories":[12],"tags":[],"class_list":["post-5777","post","type-post","status-publish","format-standard","has-post-thumbnail","category-nacional"],"acf":{"antetitulo":""},"yoast_head":"<!-- This site is optimized with the Yoast SEO plugin v28.3 - https:\/\/yoast.com\/product\/yoast-seo-wordpress\/ -->\n<title>Restaurante donde el can recibe atenci\u00f3n preferente - El Diario - Bolivia<\/title>\n<meta name=\"robots\" content=\"index, follow, max-snippet:-1, max-image-preview:large, max-video-preview:-1\" \/>\n<link rel=\"canonical\" href=\"https:\/\/www.eldiario.net\/portal\/2021\/05\/23\/restaurante-donde-el-can-recibe-atencion-preferente\/\" \/>\n<meta property=\"og:locale\" content=\"es_ES\" \/>\n<meta property=\"og:type\" content=\"article\" \/>\n<meta property=\"og:title\" content=\"Restaurante donde el can recibe atenci\u00f3n preferente - El Diario - Bolivia\" \/>\n<meta property=\"og:description\" content=\"Llama la atenci\u00f3n un particular restaurante destinado para quienes desean compartir un descanso y algunos alimentos junto a su mascota. En lugares tradicionales est\u00e1 prohibido que un can permanezca y peor que coma en el mismo sitio, pero aqu\u00ed el perro es el cliente preferido. PaLadrar se encuentra en la zona Sur de La Paz, [&hellip;]\" \/>\n<meta property=\"og:url\" content=\"https:\/\/www.eldiario.net\/portal\/2021\/05\/23\/restaurante-donde-el-can-recibe-atencion-preferente\/\" \/>\n<meta property=\"og:site_name\" content=\"El Diario - Bolivia\" \/>\n<meta property=\"article:publisher\" content=\"https:\/\/www.facebook.com\/eldiario.bolivia\/\" \/>\n<meta property=\"article:published_time\" content=\"2021-05-23T11:04:43+00:00\" \/>\n<meta name=\"author\" content=\"Jeanette\" \/>\n<meta name=\"twitter:card\" content=\"summary_large_image\" \/>\n<meta name=\"twitter:creator\" content=\"@eldiario_net\" \/>\n<meta name=\"twitter:site\" content=\"@eldiario_net\" \/>\n<meta name=\"twitter:label1\" content=\"Escrito por\" \/>\n\t<meta name=\"twitter:data1\" content=\"Jeanette\" \/>\n\t<meta name=\"twitter:label2\" content=\"Tiempo de lectura\" \/>\n\t<meta name=\"twitter:data2\" content=\"2 minutos\" \/>\n<script type=\"application\/ld+json\" class=\"yoast-schema-graph\">{\"@context\":\"https:\\\/\\\/schema.org\",\"@graph\":[{\"@type\":\"Article\",\"@id\":\"https:\\\/\\\/www.eldiario.net\\\/portal\\\/2021\\\/05\\\/23\\\/restaurante-donde-el-can-recibe-atencion-preferente\\\/#article\",\"isPartOf\":{\"@id\":\"https:\\\/\\\/www.eldiario.net\\\/portal\\\/2021\\\/05\\\/23\\\/restaurante-donde-el-can-recibe-atencion-preferente\\\/\"},\"author\":{\"name\":\"Jeanette\",\"@id\":\"https:\\\/\\\/www.eldiario.net\\\/portal\\\/#\\\/schema\\\/person\\\/f46445640444750d7d753ccd04ae01b7\"},\"headline\":\"Restaurante donde el can recibe atenci\u00f3n preferente\",\"datePublished\":\"2021-05-23T11:04:43+00:00\",\"mainEntityOfPage\":{\"@id\":\"https:\\\/\\\/www.eldiario.net\\\/portal\\\/2021\\\/05\\\/23\\\/restaurante-donde-el-can-recibe-atencion-preferente\\\/\"},\"wordCount\":463,\"publisher\":{\"@id\":\"https:\\\/\\\/www.eldiario.net\\\/portal\\\/#organization\"},\"image\":{\"@id\":\"https:\\\/\\\/www.eldiario.net\\\/portal\\\/2021\\\/05\\\/23\\\/restaurante-donde-el-can-recibe-atencion-preferente\\\/#primaryimage\"},\"thumbnailUrl\":\"\",\"articleSection\":[\"Nacional\"],\"inLanguage\":\"es\"},{\"@type\":\"WebPage\",\"@id\":\"https:\\\/\\\/www.eldiario.net\\\/portal\\\/2021\\\/05\\\/23\\\/restaurante-donde-el-can-recibe-atencion-preferente\\\/\",\"url\":\"https:\\\/\\\/www.eldiario.net\\\/portal\\\/2021\\\/05\\\/23\\\/restaurante-donde-el-can-recibe-atencion-preferente\\\/\",\"name\":\"Restaurante donde el can recibe atenci\u00f3n preferente - El Diario - Bolivia\",\"isPartOf\":{\"@id\":\"https:\\\/\\\/www.eldiario.net\\\/portal\\\/#website\"},\"primaryImageOfPage\":{\"@id\":\"https:\\\/\\\/www.eldiario.net\\\/portal\\\/2021\\\/05\\\/23\\\/restaurante-donde-el-can-recibe-atencion-preferente\\\/#primaryimage\"},\"image\":{\"@id\":\"https:\\\/\\\/www.eldiario.net\\\/portal\\\/2021\\\/05\\\/23\\\/restaurante-donde-el-can-recibe-atencion-preferente\\\/#primaryimage\"},\"thumbnailUrl\":\"\",\"datePublished\":\"2021-05-23T11:04:43+00:00\",\"breadcrumb\":{\"@id\":\"https:\\\/\\\/www.eldiario.net\\\/portal\\\/2021\\\/05\\\/23\\\/restaurante-donde-el-can-recibe-atencion-preferente\\\/#breadcrumb\"},\"inLanguage\":\"es\",\"potentialAction\":[{\"@type\":\"ReadAction\",\"target\":[\"https:\\\/\\\/www.eldiario.net\\\/portal\\\/2021\\\/05\\\/23\\\/restaurante-donde-el-can-recibe-atencion-preferente\\\/\"]}]},{\"@type\":\"ImageObject\",\"inLanguage\":\"es\",\"@id\":\"https:\\\/\\\/www.eldiario.net\\\/portal\\\/2021\\\/05\\\/23\\\/restaurante-donde-el-can-recibe-atencion-preferente\\\/#primaryimage\",\"url\":\"\",\"contentUrl\":\"\"},{\"@type\":\"BreadcrumbList\",\"@id\":\"https:\\\/\\\/www.eldiario.net\\\/portal\\\/2021\\\/05\\\/23\\\/restaurante-donde-el-can-recibe-atencion-preferente\\\/#breadcrumb\",\"itemListElement\":[{\"@type\":\"ListItem\",\"position\":1,\"name\":\"Portada\",\"item\":\"https:\\\/\\\/www.eldiario.net\\\/portal\\\/\"},{\"@type\":\"ListItem\",\"position\":2,\"name\":\"Restaurante donde el can recibe atenci\u00f3n preferente\"}]},{\"@type\":\"WebSite\",\"@id\":\"https:\\\/\\\/www.eldiario.net\\\/portal\\\/#website\",\"url\":\"https:\\\/\\\/www.eldiario.net\\\/portal\\\/\",\"name\":\"El Diario - Decano de la prensa nacional\",\"description\":\"El Diario - Decano de la prensa nacional\",\"publisher\":{\"@id\":\"https:\\\/\\\/www.eldiario.net\\\/portal\\\/#organization\"},\"potentialAction\":[{\"@type\":\"SearchAction\",\"target\":{\"@type\":\"EntryPoint\",\"urlTemplate\":\"https:\\\/\\\/www.eldiario.net\\\/portal\\\/?s={search_term_string}\"},\"query-input\":{\"@type\":\"PropertyValueSpecification\",\"valueRequired\":true,\"valueName\":\"search_term_string\"}}],\"inLanguage\":\"es\"},{\"@type\":\"Organization\",\"@id\":\"https:\\\/\\\/www.eldiario.net\\\/portal\\\/#organization\",\"name\":\"El Diario - Decano de la prensa nacional\",\"url\":\"https:\\\/\\\/www.eldiario.net\\\/portal\\\/\",\"logo\":{\"@type\":\"ImageObject\",\"inLanguage\":\"es\",\"@id\":\"https:\\\/\\\/www.eldiario.net\\\/portal\\\/#\\\/schema\\\/logo\\\/image\\\/\",\"url\":\"https:\\\/\\\/www.eldiario.net\\\/portal\\\/wp-content\\\/uploads\\\/2023\\\/07\\\/logo_ED.jpg\",\"contentUrl\":\"https:\\\/\\\/www.eldiario.net\\\/portal\\\/wp-content\\\/uploads\\\/2023\\\/07\\\/logo_ED.jpg\",\"width\":272,\"height\":52,\"caption\":\"El Diario - Decano de la prensa nacional\"},\"image\":{\"@id\":\"https:\\\/\\\/www.eldiario.net\\\/portal\\\/#\\\/schema\\\/logo\\\/image\\\/\"},\"sameAs\":[\"https:\\\/\\\/www.facebook.com\\\/eldiario.bolivia\\\/\",\"https:\\\/\\\/x.com\\\/eldiario_net\"]},{\"@type\":\"Person\",\"@id\":\"https:\\\/\\\/www.eldiario.net\\\/portal\\\/#\\\/schema\\\/person\\\/f46445640444750d7d753ccd04ae01b7\",\"name\":\"Jeanette\",\"image\":{\"@type\":\"ImageObject\",\"inLanguage\":\"es\",\"@id\":\"https:\\\/\\\/secure.gravatar.com\\\/avatar\\\/3ea2118a5f7dad2b7138b1187a6b7ee55f160b9968b66013c3a3ef39dd7e5798?s=96&d=mm&r=g\",\"url\":\"https:\\\/\\\/secure.gravatar.com\\\/avatar\\\/3ea2118a5f7dad2b7138b1187a6b7ee55f160b9968b66013c3a3ef39dd7e5798?s=96&d=mm&r=g\",\"contentUrl\":\"https:\\\/\\\/secure.gravatar.com\\\/avatar\\\/3ea2118a5f7dad2b7138b1187a6b7ee55f160b9968b66013c3a3ef39dd7e5798?s=96&d=mm&r=g\",\"caption\":\"Jeanette\"},\"sameAs\":[\"https:\\\/\\\/www.eldiario.net\\\/portal\"],\"url\":\"https:\\\/\\\/www.eldiario.net\\\/portal\\\/author\\\/jeanette\\\/\"}]}<\/script>\n<!-- \/ Yoast SEO plugin. -->","yoast_head_json":{"title":"Restaurante donde el can recibe atenci\u00f3n preferente - El Diario - Bolivia","robots":{"index":"index","follow":"follow","max-snippet":"max-snippet:-1","max-image-preview":"max-image-preview:large","max-video-preview":"max-video-preview:-1"},"canonical":"https:\/\/www.eldiario.net\/portal\/2021\/05\/23\/restaurante-donde-el-can-recibe-atencion-preferente\/","og_locale":"es_ES","og_type":"article","og_title":"Restaurante donde el can recibe atenci\u00f3n preferente - El Diario - Bolivia","og_description":"Llama la atenci\u00f3n un particular restaurante destinado para quienes desean compartir un descanso y algunos alimentos junto a su mascota. En lugares tradicionales est\u00e1 prohibido que un can permanezca y peor que coma en el mismo sitio, pero aqu\u00ed el perro es el cliente preferido. PaLadrar se encuentra en la zona Sur de La Paz, [&hellip;]","og_url":"https:\/\/www.eldiario.net\/portal\/2021\/05\/23\/restaurante-donde-el-can-recibe-atencion-preferente\/","og_site_name":"El Diario - Bolivia","article_publisher":"https:\/\/www.facebook.com\/eldiario.bolivia\/","article_published_time":"2021-05-23T11:04:43+00:00","author":"Jeanette","twitter_card":"summary_large_image","twitter_creator":"@eldiario_net","twitter_site":"@eldiario_net","twitter_misc":{"Escrito por":"Jeanette","Tiempo de lectura":"2 minutos"},"schema":{"@context":"https:\/\/schema.org","@graph":[{"@type":"Article","@id":"https:\/\/www.eldiario.net\/portal\/2021\/05\/23\/restaurante-donde-el-can-recibe-atencion-preferente\/#article","isPartOf":{"@id":"https:\/\/www.eldiario.net\/portal\/2021\/05\/23\/restaurante-donde-el-can-recibe-atencion-preferente\/"},"author":{"name":"Jeanette","@id":"https:\/\/www.eldiario.net\/portal\/#\/schema\/person\/f46445640444750d7d753ccd04ae01b7"},"headline":"Restaurante donde el can recibe atenci\u00f3n preferente","datePublished":"2021-05-23T11:04:43+00:00","mainEntityOfPage":{"@id":"https:\/\/www.eldiario.net\/portal\/2021\/05\/23\/restaurante-donde-el-can-recibe-atencion-preferente\/"},"wordCount":463,"publisher":{"@id":"https:\/\/www.eldiario.net\/portal\/#organization"},"image":{"@id":"https:\/\/www.eldiario.net\/portal\/2021\/05\/23\/restaurante-donde-el-can-recibe-atencion-preferente\/#primaryimage"},"thumbnailUrl":"","articleSection":["Nacional"],"inLanguage":"es"},{"@type":"WebPage","@id":"https:\/\/www.eldiario.net\/portal\/2021\/05\/23\/restaurante-donde-el-can-recibe-atencion-preferente\/","url":"https:\/\/www.eldiario.net\/portal\/2021\/05\/23\/restaurante-donde-el-can-recibe-atencion-preferente\/","name":"Restaurante donde el can recibe atenci\u00f3n preferente - El Diario - Bolivia","isPartOf":{"@id":"https:\/\/www.eldiario.net\/portal\/#website"},"primaryImageOfPage":{"@id":"https:\/\/www.eldiario.net\/portal\/2021\/05\/23\/restaurante-donde-el-can-recibe-atencion-preferente\/#primaryimage"},"image":{"@id":"https:\/\/www.eldiario.net\/portal\/2021\/05\/23\/restaurante-donde-el-can-recibe-atencion-preferente\/#primaryimage"},"thumbnailUrl":"","datePublished":"2021-05-23T11:04:43+00:00","breadcrumb":{"@id":"https:\/\/www.eldiario.net\/portal\/2021\/05\/23\/restaurante-donde-el-can-recibe-atencion-preferente\/#breadcrumb"},"inLanguage":"es","potentialAction":[{"@type":"ReadAction","target":["https:\/\/www.eldiario.net\/portal\/2021\/05\/23\/restaurante-donde-el-can-recibe-atencion-preferente\/"]}]},{"@type":"ImageObject","inLanguage":"es","@id":"https:\/\/www.eldiario.net\/portal\/2021\/05\/23\/restaurante-donde-el-can-recibe-atencion-preferente\/#primaryimage","url":"","contentUrl":""},{"@type":"BreadcrumbList","@id":"https:\/\/www.eldiario.net\/portal\/2021\/05\/23\/restaurante-donde-el-can-recibe-atencion-preferente\/#breadcrumb","itemListElement":[{"@type":"ListItem","position":1,"name":"Portada","item":"https:\/\/www.eldiario.net\/portal\/"},{"@type":"ListItem","position":2,"name":"Restaurante donde el can recibe atenci\u00f3n preferente"}]},{"@type":"WebSite","@id":"https:\/\/www.eldiario.net\/portal\/#website","url":"https:\/\/www.eldiario.net\/portal\/","name":"El Diario - Decano de la prensa nacional","description":"El Diario - Decano de la prensa nacional","publisher":{"@id":"https:\/\/www.eldiario.net\/portal\/#organization"},"potentialAction":[{"@type":"SearchAction","target":{"@type":"EntryPoint","urlTemplate":"https:\/\/www.eldiario.net\/portal\/?s={search_term_string}"},"query-input":{"@type":"PropertyValueSpecification","valueRequired":true,"valueName":"search_term_string"}}],"inLanguage":"es"},{"@type":"Organization","@id":"https:\/\/www.eldiario.net\/portal\/#organization","name":"El Diario - Decano de la prensa nacional","url":"https:\/\/www.eldiario.net\/portal\/","logo":{"@type":"ImageObject","inLanguage":"es","@id":"https:\/\/www.eldiario.net\/portal\/#\/schema\/logo\/image\/","url":"https:\/\/www.eldiario.net\/portal\/wp-content\/uploads\/2023\/07\/logo_ED.jpg","contentUrl":"https:\/\/www.eldiario.net\/portal\/wp-content\/uploads\/2023\/07\/logo_ED.jpg","width":272,"height":52,"caption":"El Diario - Decano de la prensa nacional"},"image":{"@id":"https:\/\/www.eldiario.net\/portal\/#\/schema\/logo\/image\/"},"sameAs":["https:\/\/www.facebook.com\/eldiario.bolivia\/","https:\/\/x.com\/eldiario_net"]},{"@type":"Person","@id":"https:\/\/www.eldiario.net\/portal\/#\/schema\/person\/f46445640444750d7d753ccd04ae01b7","name":"Jeanette","image":{"@type":"ImageObject","inLanguage":"es","@id":"https:\/\/secure.gravatar.com\/avatar\/3ea2118a5f7dad2b7138b1187a6b7ee55f160b9968b66013c3a3ef39dd7e5798?s=96&d=mm&r=g","url":"https:\/\/secure.gravatar.com\/avatar\/3ea2118a5f7dad2b7138b1187a6b7ee55f160b9968b66013c3a3ef39dd7e5798?s=96&d=mm&r=g","contentUrl":"https:\/\/secure.gravatar.com\/avatar\/3ea2118a5f7dad2b7138b1187a6b7ee55f160b9968b66013c3a3ef39dd7e5798?s=96&d=mm&r=g","caption":"Jeanette"},"sameAs":["https:\/\/www.eldiario.net\/portal"],"url":"https:\/\/www.eldiario.net\/portal\/author\/jeanette\/"}]}},"_links":{"self":[{"href":"https:\/\/www.eldiario.net\/portal\/wp-json\/wp\/v2\/posts\/5777","targetHints":{"allow":["GET"]}}],"collection":[{"href":"https:\/\/www.eldiario.net\/portal\/wp-json\/wp\/v2\/posts"}],"about":[{"href":"https:\/\/www.eldiario.net\/portal\/wp-json\/wp\/v2\/types\/post"}],"author":[{"embeddable":true,"href":"https:\/\/www.eldiario.net\/portal\/wp-json\/wp\/v2\/users\/1"}],"replies":[{"embeddable":true,"href":"https:\/\/www.eldiario.net\/portal\/wp-json\/wp\/v2\/comments?post=5777"}],"version-history":[{"count":0,"href":"https:\/\/www.eldiario.net\/portal\/wp-json\/wp\/v2\/posts\/5777\/revisions"}],"wp:attachment":[{"href":"https:\/\/www.eldiario.net\/portal\/wp-json\/wp\/v2\/media?parent=5777"}],"wp:term":[{"taxonomy":"category","embeddable":true,"href":"https:\/\/www.eldiario.net\/portal\/wp-json\/wp\/v2\/categories?post=5777"},{"taxonomy":"post_tag","embeddable":true,"href":"https:\/\/www.eldiario.net\/portal\/wp-json\/wp\/v2\/tags?post=5777"}],"curies":[{"name":"wp","href":"https:\/\/api.w.org\/{rel}","templated":true}]}}