{"id":5739,"date":"2021-05-23T06:41:46","date_gmt":"2021-05-23T10:41:46","guid":{"rendered":"https:\/\/www.eldiario.net\/portal\/?p=5739"},"modified":"2021-05-23T06:41:46","modified_gmt":"2021-05-23T10:41:46","slug":"animosidad-con-la-elite-productiva","status":"publish","type":"post","link":"https:\/\/www.eldiario.net\/portal\/2021\/05\/23\/animosidad-con-la-elite-productiva\/","title":{"rendered":"Animosidad con la \u00e9lite productiva"},"content":{"rendered":"<p><span class=\"dropcap \" style=\"background-color: #ffffff; color: #000000; border-color: #ffffff;\">L<\/span>os discursos, las actitudes y las amenazas de Evo Morales y de Luis Arce Catacora contra lo que podemos ilustrar como la \u00e9lite productiva, a la que parecer\u00eda quieren ahogar, contradice el objetivo nacional de enfrentar la crisis econ\u00f3mica.<br \/>\nNo es una consigna ideol\u00f3gica de encono contra los ricos, pues hay millonarios que gozan del amparo oficial. \u00bfAcaso los hermanos Garc\u00eda Linera devolvieron los 400.000 d\u00f3lares robados a la universidad p\u00fablica? \u00bfAcaso se a\u00edsla a los clanes narcos que lucen mansiones, finos autos, clubes de f\u00fatbol y avionetas? \u00bfAlg\u00fan due\u00f1o de lujosos veh\u00edculos y salones de fiesta en Ivirgarzama enfrenta inspecciones del SIN?<br \/>\nCarlos Valverde considera que Arce odia a Santa Cruz. Otros analistas lamentan la vendetta contra la regi\u00f3n que contuvo el avance del Movimiento Al Socialismo en momentos de tensi\u00f3n pol\u00edtica. Muchos, dentro y fuera de ese departamento, difunden mensajes de protesta por el maltrato a los cruce\u00f1os. Morales los calific\u00f3 de flojos; cuando la prensa pace\u00f1a reprodujo el desatino, la respuesta fue enjuiciar a varios medios de comunicaci\u00f3n. Esta semana maltrat\u00f3 a los j\u00f3venes que lograron derribar su autoritarismo, llam\u00e1ndolos \u201cpandilleros\u201d.<br \/>\nUna mirada m\u00e1s larga muestra que el resentimiento del d\u00fao Arce\/Morales abarca no solamente a una regi\u00f3n sino a un sector de personas, entidades y empresas que &#8211;parad\u00f3jicamente&#8211; deber\u00edan ser fortalecidas para mejorar la econom\u00eda nacional. Da la impresi\u00f3n de una hostilidad hacia ellos, aunque son los responsables de la modernidad productiva del pa\u00eds. \u00bfQuiz\u00e1 porque son una \u00e9lite con estudios superiores, con conocimiento t\u00e9cnico, con capacidad de imaginar c\u00f3mo mejorar sus emprendimientos?<br \/>\nCuando Arce dispuso el segundo aguinaldo hubo reclamos porque la medida afectaba a industrias, servicios tur\u00edsticos, clubes, asociaciones profesionales; a peque\u00f1as y medianas empresas. \u00c9l respondi\u00f3 altivo que hab\u00edan ganado dinero suficiente. \u00c9l pagaba el segundo aguinaldo con plata del Estado y con los aportes de los bolivianos legales. \u00bfAlguna vez supo cu\u00e1ntos empleos legales se perdieron o cu\u00e1ntas iniciativas productivas cerraron sus puertas como efecto de esa medida?<br \/>\nLa ojeriza es justamente contra los que podr\u00e1n ser aliados estrat\u00e9gicos para los planes econ\u00f3micos y sociales del gobierno, si los tuviera. M\u00e1s impuestos, m\u00e1s controles, m\u00e1s persecuci\u00f3n contra las empresas que luchan por sobrevivir en un ambiente que no es propicio, pues Bolivia no cuenta con facilidades para acceder competitivamente a la electricidad, al internet, al transporte internacional, a los mercados externos. Enfrentan tr\u00e1mites enredados, aduanas ineficientes, burocracia y corrupci\u00f3n.<br \/>\nSi el binomio Arce-Morales dedicase sus horas de ocio a leer la historia pol\u00edtica y econ\u00f3mica boliviana (esa historiograf\u00eda que recoge datos y biograf\u00edas), m\u00e1s all\u00e1 de narrativas ideologizadas, aprender\u00edan a respetar a esa \u00e9lite productiva a la que desprecian.<br \/>\nPodr\u00edan imitar a esos migrantes que crearon las marcas emblem\u00e1ticas de alimentos, embutidos, pastas, gaseosas, cervezas; a tantos bolivianos que producen caf\u00e9, t\u00e9, arroz, aceite, vinos, telas, cartones, cemento, muebles, panes y galletas, m\u00e1quinas, sueros, jarabes, pomadas, pinturas, quinua, quesos, chocolates.<br \/>\nLuis Arce eligi\u00f3 a un gabinete con ministros enmudecidos y cada ministerio es una olla de grillos, donde triunfa el responsable de recursos humanos que cobra los diezmos. De ah\u00ed no saldr\u00e1n buenos consejos. \u00bfNo tendr\u00e1 un pariente, un buen amigo, un conocido con una mirada estrat\u00e9gica que lo ayude a salvarse del naufragio? El tiempo se acorta. Los votos de ayer pueden volverse humo.<\/p>\n","protected":false},"excerpt":{"rendered":"<p>Los discursos, las actitudes y las amenazas de Evo Morales y de Luis Arce Catacora contra lo que podemos ilustrar como la \u00e9lite productiva, a la que parecer\u00eda quieren ahogar, contradice el objetivo nacional de enfrentar la crisis econ\u00f3mica. No es una consigna ideol\u00f3gica de encono contra los ricos, pues hay millonarios que gozan del [&hellip;]<\/p>\n","protected":false},"author":1,"featured_media":0,"comment_status":"closed","ping_status":"closed","sticky":false,"template":"","format":"standard","meta":{"_acf_changed":false,"footnotes":""},"categories":[9],"tags":[],"class_list":["post-5739","post","type-post","status-publish","format-standard","category-opinion"],"acf":{"antetitulo":""},"yoast_head":"<!-- This site is optimized with the Yoast SEO plugin v28.3 - https:\/\/yoast.com\/product\/yoast-seo-wordpress\/ -->\n<title>Animosidad con la \u00e9lite productiva - El Diario - Bolivia<\/title>\n<meta name=\"robots\" content=\"index, follow, max-snippet:-1, max-image-preview:large, max-video-preview:-1\" \/>\n<link rel=\"canonical\" href=\"https:\/\/www.eldiario.net\/portal\/2021\/05\/23\/animosidad-con-la-elite-productiva\/\" \/>\n<meta property=\"og:locale\" content=\"es_ES\" \/>\n<meta property=\"og:type\" content=\"article\" \/>\n<meta property=\"og:title\" content=\"Animosidad con la \u00e9lite productiva - El Diario - Bolivia\" \/>\n<meta property=\"og:description\" content=\"Los discursos, las actitudes y las amenazas de Evo Morales y de Luis Arce Catacora contra lo que podemos ilustrar como la \u00e9lite productiva, a la que parecer\u00eda quieren ahogar, contradice el objetivo nacional de enfrentar la crisis econ\u00f3mica. No es una consigna ideol\u00f3gica de encono contra los ricos, pues hay millonarios que gozan del [&hellip;]\" \/>\n<meta property=\"og:url\" content=\"https:\/\/www.eldiario.net\/portal\/2021\/05\/23\/animosidad-con-la-elite-productiva\/\" \/>\n<meta property=\"og:site_name\" content=\"El Diario - Bolivia\" \/>\n<meta property=\"article:publisher\" content=\"https:\/\/www.facebook.com\/eldiario.bolivia\/\" \/>\n<meta property=\"article:published_time\" content=\"2021-05-23T10:41:46+00:00\" \/>\n<meta name=\"author\" content=\"Jeanette\" \/>\n<meta name=\"twitter:card\" content=\"summary_large_image\" \/>\n<meta name=\"twitter:creator\" content=\"@eldiario_net\" \/>\n<meta name=\"twitter:site\" content=\"@eldiario_net\" \/>\n<meta name=\"twitter:label1\" content=\"Escrito por\" \/>\n\t<meta name=\"twitter:data1\" content=\"Jeanette\" \/>\n\t<meta name=\"twitter:label2\" content=\"Tiempo de lectura\" \/>\n\t<meta name=\"twitter:data2\" content=\"3 minutos\" \/>\n<script type=\"application\/ld+json\" class=\"yoast-schema-graph\">{\"@context\":\"https:\\\/\\\/schema.org\",\"@graph\":[{\"@type\":\"Article\",\"@id\":\"https:\\\/\\\/www.eldiario.net\\\/portal\\\/2021\\\/05\\\/23\\\/animosidad-con-la-elite-productiva\\\/#article\",\"isPartOf\":{\"@id\":\"https:\\\/\\\/www.eldiario.net\\\/portal\\\/2021\\\/05\\\/23\\\/animosidad-con-la-elite-productiva\\\/\"},\"author\":{\"name\":\"Jeanette\",\"@id\":\"https:\\\/\\\/www.eldiario.net\\\/portal\\\/#\\\/schema\\\/person\\\/f46445640444750d7d753ccd04ae01b7\"},\"headline\":\"Animosidad con la \u00e9lite productiva\",\"datePublished\":\"2021-05-23T10:41:46+00:00\",\"mainEntityOfPage\":{\"@id\":\"https:\\\/\\\/www.eldiario.net\\\/portal\\\/2021\\\/05\\\/23\\\/animosidad-con-la-elite-productiva\\\/\"},\"wordCount\":602,\"publisher\":{\"@id\":\"https:\\\/\\\/www.eldiario.net\\\/portal\\\/#organization\"},\"articleSection\":[\"Opini\u00f3n\"],\"inLanguage\":\"es\"},{\"@type\":\"WebPage\",\"@id\":\"https:\\\/\\\/www.eldiario.net\\\/portal\\\/2021\\\/05\\\/23\\\/animosidad-con-la-elite-productiva\\\/\",\"url\":\"https:\\\/\\\/www.eldiario.net\\\/portal\\\/2021\\\/05\\\/23\\\/animosidad-con-la-elite-productiva\\\/\",\"name\":\"Animosidad con la \u00e9lite productiva - El Diario - Bolivia\",\"isPartOf\":{\"@id\":\"https:\\\/\\\/www.eldiario.net\\\/portal\\\/#website\"},\"datePublished\":\"2021-05-23T10:41:46+00:00\",\"breadcrumb\":{\"@id\":\"https:\\\/\\\/www.eldiario.net\\\/portal\\\/2021\\\/05\\\/23\\\/animosidad-con-la-elite-productiva\\\/#breadcrumb\"},\"inLanguage\":\"es\",\"potentialAction\":[{\"@type\":\"ReadAction\",\"target\":[\"https:\\\/\\\/www.eldiario.net\\\/portal\\\/2021\\\/05\\\/23\\\/animosidad-con-la-elite-productiva\\\/\"]}]},{\"@type\":\"BreadcrumbList\",\"@id\":\"https:\\\/\\\/www.eldiario.net\\\/portal\\\/2021\\\/05\\\/23\\\/animosidad-con-la-elite-productiva\\\/#breadcrumb\",\"itemListElement\":[{\"@type\":\"ListItem\",\"position\":1,\"name\":\"Portada\",\"item\":\"https:\\\/\\\/www.eldiario.net\\\/portal\\\/\"},{\"@type\":\"ListItem\",\"position\":2,\"name\":\"Animosidad con la \u00e9lite productiva\"}]},{\"@type\":\"WebSite\",\"@id\":\"https:\\\/\\\/www.eldiario.net\\\/portal\\\/#website\",\"url\":\"https:\\\/\\\/www.eldiario.net\\\/portal\\\/\",\"name\":\"El Diario - Decano de la prensa nacional\",\"description\":\"El Diario - Decano de la prensa nacional\",\"publisher\":{\"@id\":\"https:\\\/\\\/www.eldiario.net\\\/portal\\\/#organization\"},\"potentialAction\":[{\"@type\":\"SearchAction\",\"target\":{\"@type\":\"EntryPoint\",\"urlTemplate\":\"https:\\\/\\\/www.eldiario.net\\\/portal\\\/?s={search_term_string}\"},\"query-input\":{\"@type\":\"PropertyValueSpecification\",\"valueRequired\":true,\"valueName\":\"search_term_string\"}}],\"inLanguage\":\"es\"},{\"@type\":\"Organization\",\"@id\":\"https:\\\/\\\/www.eldiario.net\\\/portal\\\/#organization\",\"name\":\"El Diario - Decano de la prensa nacional\",\"url\":\"https:\\\/\\\/www.eldiario.net\\\/portal\\\/\",\"logo\":{\"@type\":\"ImageObject\",\"inLanguage\":\"es\",\"@id\":\"https:\\\/\\\/www.eldiario.net\\\/portal\\\/#\\\/schema\\\/logo\\\/image\\\/\",\"url\":\"https:\\\/\\\/www.eldiario.net\\\/portal\\\/wp-content\\\/uploads\\\/2023\\\/07\\\/logo_ED.jpg\",\"contentUrl\":\"https:\\\/\\\/www.eldiario.net\\\/portal\\\/wp-content\\\/uploads\\\/2023\\\/07\\\/logo_ED.jpg\",\"width\":272,\"height\":52,\"caption\":\"El Diario - Decano de la prensa nacional\"},\"image\":{\"@id\":\"https:\\\/\\\/www.eldiario.net\\\/portal\\\/#\\\/schema\\\/logo\\\/image\\\/\"},\"sameAs\":[\"https:\\\/\\\/www.facebook.com\\\/eldiario.bolivia\\\/\",\"https:\\\/\\\/x.com\\\/eldiario_net\"]},{\"@type\":\"Person\",\"@id\":\"https:\\\/\\\/www.eldiario.net\\\/portal\\\/#\\\/schema\\\/person\\\/f46445640444750d7d753ccd04ae01b7\",\"name\":\"Jeanette\",\"image\":{\"@type\":\"ImageObject\",\"inLanguage\":\"es\",\"@id\":\"https:\\\/\\\/secure.gravatar.com\\\/avatar\\\/3ea2118a5f7dad2b7138b1187a6b7ee55f160b9968b66013c3a3ef39dd7e5798?s=96&d=mm&r=g\",\"url\":\"https:\\\/\\\/secure.gravatar.com\\\/avatar\\\/3ea2118a5f7dad2b7138b1187a6b7ee55f160b9968b66013c3a3ef39dd7e5798?s=96&d=mm&r=g\",\"contentUrl\":\"https:\\\/\\\/secure.gravatar.com\\\/avatar\\\/3ea2118a5f7dad2b7138b1187a6b7ee55f160b9968b66013c3a3ef39dd7e5798?s=96&d=mm&r=g\",\"caption\":\"Jeanette\"},\"sameAs\":[\"https:\\\/\\\/www.eldiario.net\\\/portal\"],\"url\":\"https:\\\/\\\/www.eldiario.net\\\/portal\\\/author\\\/jeanette\\\/\"}]}<\/script>\n<!-- \/ Yoast SEO plugin. -->","yoast_head_json":{"title":"Animosidad con la \u00e9lite productiva - El Diario - Bolivia","robots":{"index":"index","follow":"follow","max-snippet":"max-snippet:-1","max-image-preview":"max-image-preview:large","max-video-preview":"max-video-preview:-1"},"canonical":"https:\/\/www.eldiario.net\/portal\/2021\/05\/23\/animosidad-con-la-elite-productiva\/","og_locale":"es_ES","og_type":"article","og_title":"Animosidad con la \u00e9lite productiva - El Diario - Bolivia","og_description":"Los discursos, las actitudes y las amenazas de Evo Morales y de Luis Arce Catacora contra lo que podemos ilustrar como la \u00e9lite productiva, a la que parecer\u00eda quieren ahogar, contradice el objetivo nacional de enfrentar la crisis econ\u00f3mica. No es una consigna ideol\u00f3gica de encono contra los ricos, pues hay millonarios que gozan del [&hellip;]","og_url":"https:\/\/www.eldiario.net\/portal\/2021\/05\/23\/animosidad-con-la-elite-productiva\/","og_site_name":"El Diario - Bolivia","article_publisher":"https:\/\/www.facebook.com\/eldiario.bolivia\/","article_published_time":"2021-05-23T10:41:46+00:00","author":"Jeanette","twitter_card":"summary_large_image","twitter_creator":"@eldiario_net","twitter_site":"@eldiario_net","twitter_misc":{"Escrito por":"Jeanette","Tiempo de lectura":"3 minutos"},"schema":{"@context":"https:\/\/schema.org","@graph":[{"@type":"Article","@id":"https:\/\/www.eldiario.net\/portal\/2021\/05\/23\/animosidad-con-la-elite-productiva\/#article","isPartOf":{"@id":"https:\/\/www.eldiario.net\/portal\/2021\/05\/23\/animosidad-con-la-elite-productiva\/"},"author":{"name":"Jeanette","@id":"https:\/\/www.eldiario.net\/portal\/#\/schema\/person\/f46445640444750d7d753ccd04ae01b7"},"headline":"Animosidad con la \u00e9lite productiva","datePublished":"2021-05-23T10:41:46+00:00","mainEntityOfPage":{"@id":"https:\/\/www.eldiario.net\/portal\/2021\/05\/23\/animosidad-con-la-elite-productiva\/"},"wordCount":602,"publisher":{"@id":"https:\/\/www.eldiario.net\/portal\/#organization"},"articleSection":["Opini\u00f3n"],"inLanguage":"es"},{"@type":"WebPage","@id":"https:\/\/www.eldiario.net\/portal\/2021\/05\/23\/animosidad-con-la-elite-productiva\/","url":"https:\/\/www.eldiario.net\/portal\/2021\/05\/23\/animosidad-con-la-elite-productiva\/","name":"Animosidad con la \u00e9lite productiva - El Diario - Bolivia","isPartOf":{"@id":"https:\/\/www.eldiario.net\/portal\/#website"},"datePublished":"2021-05-23T10:41:46+00:00","breadcrumb":{"@id":"https:\/\/www.eldiario.net\/portal\/2021\/05\/23\/animosidad-con-la-elite-productiva\/#breadcrumb"},"inLanguage":"es","potentialAction":[{"@type":"ReadAction","target":["https:\/\/www.eldiario.net\/portal\/2021\/05\/23\/animosidad-con-la-elite-productiva\/"]}]},{"@type":"BreadcrumbList","@id":"https:\/\/www.eldiario.net\/portal\/2021\/05\/23\/animosidad-con-la-elite-productiva\/#breadcrumb","itemListElement":[{"@type":"ListItem","position":1,"name":"Portada","item":"https:\/\/www.eldiario.net\/portal\/"},{"@type":"ListItem","position":2,"name":"Animosidad con la \u00e9lite productiva"}]},{"@type":"WebSite","@id":"https:\/\/www.eldiario.net\/portal\/#website","url":"https:\/\/www.eldiario.net\/portal\/","name":"El Diario - Decano de la prensa nacional","description":"El Diario - Decano de la prensa nacional","publisher":{"@id":"https:\/\/www.eldiario.net\/portal\/#organization"},"potentialAction":[{"@type":"SearchAction","target":{"@type":"EntryPoint","urlTemplate":"https:\/\/www.eldiario.net\/portal\/?s={search_term_string}"},"query-input":{"@type":"PropertyValueSpecification","valueRequired":true,"valueName":"search_term_string"}}],"inLanguage":"es"},{"@type":"Organization","@id":"https:\/\/www.eldiario.net\/portal\/#organization","name":"El Diario - Decano de la prensa nacional","url":"https:\/\/www.eldiario.net\/portal\/","logo":{"@type":"ImageObject","inLanguage":"es","@id":"https:\/\/www.eldiario.net\/portal\/#\/schema\/logo\/image\/","url":"https:\/\/www.eldiario.net\/portal\/wp-content\/uploads\/2023\/07\/logo_ED.jpg","contentUrl":"https:\/\/www.eldiario.net\/portal\/wp-content\/uploads\/2023\/07\/logo_ED.jpg","width":272,"height":52,"caption":"El Diario - Decano de la prensa nacional"},"image":{"@id":"https:\/\/www.eldiario.net\/portal\/#\/schema\/logo\/image\/"},"sameAs":["https:\/\/www.facebook.com\/eldiario.bolivia\/","https:\/\/x.com\/eldiario_net"]},{"@type":"Person","@id":"https:\/\/www.eldiario.net\/portal\/#\/schema\/person\/f46445640444750d7d753ccd04ae01b7","name":"Jeanette","image":{"@type":"ImageObject","inLanguage":"es","@id":"https:\/\/secure.gravatar.com\/avatar\/3ea2118a5f7dad2b7138b1187a6b7ee55f160b9968b66013c3a3ef39dd7e5798?s=96&d=mm&r=g","url":"https:\/\/secure.gravatar.com\/avatar\/3ea2118a5f7dad2b7138b1187a6b7ee55f160b9968b66013c3a3ef39dd7e5798?s=96&d=mm&r=g","contentUrl":"https:\/\/secure.gravatar.com\/avatar\/3ea2118a5f7dad2b7138b1187a6b7ee55f160b9968b66013c3a3ef39dd7e5798?s=96&d=mm&r=g","caption":"Jeanette"},"sameAs":["https:\/\/www.eldiario.net\/portal"],"url":"https:\/\/www.eldiario.net\/portal\/author\/jeanette\/"}]}},"_links":{"self":[{"href":"https:\/\/www.eldiario.net\/portal\/wp-json\/wp\/v2\/posts\/5739","targetHints":{"allow":["GET"]}}],"collection":[{"href":"https:\/\/www.eldiario.net\/portal\/wp-json\/wp\/v2\/posts"}],"about":[{"href":"https:\/\/www.eldiario.net\/portal\/wp-json\/wp\/v2\/types\/post"}],"author":[{"embeddable":true,"href":"https:\/\/www.eldiario.net\/portal\/wp-json\/wp\/v2\/users\/1"}],"replies":[{"embeddable":true,"href":"https:\/\/www.eldiario.net\/portal\/wp-json\/wp\/v2\/comments?post=5739"}],"version-history":[{"count":0,"href":"https:\/\/www.eldiario.net\/portal\/wp-json\/wp\/v2\/posts\/5739\/revisions"}],"wp:attachment":[{"href":"https:\/\/www.eldiario.net\/portal\/wp-json\/wp\/v2\/media?parent=5739"}],"wp:term":[{"taxonomy":"category","embeddable":true,"href":"https:\/\/www.eldiario.net\/portal\/wp-json\/wp\/v2\/categories?post=5739"},{"taxonomy":"post_tag","embeddable":true,"href":"https:\/\/www.eldiario.net\/portal\/wp-json\/wp\/v2\/tags?post=5739"}],"curies":[{"name":"wp","href":"https:\/\/api.w.org\/{rel}","templated":true}]}}