{"id":5736,"date":"2021-05-23T06:40:09","date_gmt":"2021-05-23T10:40:09","guid":{"rendered":"https:\/\/www.eldiario.net\/portal\/?p=5736"},"modified":"2021-05-23T06:40:09","modified_gmt":"2021-05-23T10:40:09","slug":"declaran-desierta-oferta-para-venta-del-crudo-reconstituido","status":"publish","type":"post","link":"https:\/\/www.eldiario.net\/portal\/2021\/05\/23\/declaran-desierta-oferta-para-venta-del-crudo-reconstituido\/","title":{"rendered":"Declaran desierta oferta para venta del crudo reconstituido"},"content":{"rendered":"<p>Yacimientos Petrol\u00edferos Fiscales Bolivianos (YPFB) realiz\u00f3 un proceso de venta bajo la modalidad de comparaci\u00f3n de ofertas, hace meses, para la venta del crudo reconstituido (Recon), la cual fue declarada desierta, ya que los proponentes presentaban precios basados en f\u00f3rmulas y no as\u00ed un precio fijo como YPFB lo establec\u00eda en el Documento Base de Venta (DBV).<br \/>\nSeg\u00fan YPFB, no brindaba condiciones comerciales favorables para la estatal petrolera. Ante ello, siguiendo la normativa interna y en cumplimiento al reglamento para la venta de hidrocarburos l\u00edquidos y productos derivados e industrializados al Mercado Interno y Mercado Externo, se aplic\u00f3 las causales de venta directa.<br \/>\n\u201cDesde YPFB dejamos en claro que hay una mala interpretaci\u00f3n al referirse a irregularidades para la venta del Recon (Crudo Reconstituido). Nos apegamos a la normativa interna y todo el proceso se enmarca en las pol\u00edticas de transparencia\u201d, se\u00f1al\u00f3 Gabriela Delgadillo, gerente de Productos Industrializados de YPFB.<br \/>\nAdem\u00e1s, la ejecutiva enfatiz\u00f3 que, apegados a la normativa y siempre buscando las mejores condiciones comerciales y econ\u00f3micas para la empresa, \u201cel recurrir a la causal de modalidad de venta directa se justifica y es legal cuando se tiene una necesidad expresa como es la de evacuar el producto como en este caso, pues resultaba imperioso optimizar tiempos tomando en cuenta que la capacidad de almacenaje estaba llegando a su tope y, si esto ocurr\u00eda, podr\u00eda haber afectado la continuidad operativa de refiner\u00edas, ductos y plantas\u201d.<br \/>\nEn el marco de la transparencia, YPFB brindar\u00e1 la informaci\u00f3n que sea necesaria y ante las instancias formales y llamadas por ley.<\/p>\n","protected":false},"excerpt":{"rendered":"<p>Yacimientos Petrol\u00edferos Fiscales Bolivianos (YPFB) realiz\u00f3 un proceso de venta bajo la modalidad de comparaci\u00f3n de ofertas, hace meses, para la venta del crudo reconstituido (Recon), la cual fue declarada desierta, ya que los proponentes presentaban precios basados en f\u00f3rmulas y no as\u00ed un precio fijo como YPFB lo establec\u00eda en el Documento Base de [&hellip;]<\/p>\n","protected":false},"author":1,"featured_media":5737,"comment_status":"closed","ping_status":"closed","sticky":false,"template":"","format":"standard","meta":{"_acf_changed":false,"footnotes":""},"categories":[7],"tags":[],"class_list":["post-5736","post","type-post","status-publish","format-standard","has-post-thumbnail","category-economia"],"acf":{"antetitulo":""},"yoast_head":"<!-- This site is optimized with the Yoast SEO plugin v28.3 - https:\/\/yoast.com\/product\/yoast-seo-wordpress\/ -->\n<title>Declaran desierta oferta para venta del crudo reconstituido - El Diario - Bolivia<\/title>\n<meta name=\"robots\" content=\"index, follow, max-snippet:-1, max-image-preview:large, max-video-preview:-1\" \/>\n<link rel=\"canonical\" href=\"https:\/\/www.eldiario.net\/portal\/2021\/05\/23\/declaran-desierta-oferta-para-venta-del-crudo-reconstituido\/\" \/>\n<meta property=\"og:locale\" content=\"es_ES\" \/>\n<meta property=\"og:type\" content=\"article\" \/>\n<meta property=\"og:title\" content=\"Declaran desierta oferta para venta del crudo reconstituido - El Diario - Bolivia\" \/>\n<meta property=\"og:description\" content=\"Yacimientos Petrol\u00edferos Fiscales Bolivianos (YPFB) realiz\u00f3 un proceso de venta bajo la modalidad de comparaci\u00f3n de ofertas, hace meses, para la venta del crudo reconstituido (Recon), la cual fue declarada desierta, ya que los proponentes presentaban precios basados en f\u00f3rmulas y no as\u00ed un precio fijo como YPFB lo establec\u00eda en el Documento Base de [&hellip;]\" \/>\n<meta property=\"og:url\" content=\"https:\/\/www.eldiario.net\/portal\/2021\/05\/23\/declaran-desierta-oferta-para-venta-del-crudo-reconstituido\/\" \/>\n<meta property=\"og:site_name\" content=\"El Diario - Bolivia\" \/>\n<meta property=\"article:publisher\" content=\"https:\/\/www.facebook.com\/eldiario.bolivia\/\" \/>\n<meta property=\"article:published_time\" content=\"2021-05-23T10:40:09+00:00\" \/>\n<meta name=\"author\" content=\"Jeanette\" \/>\n<meta name=\"twitter:card\" content=\"summary_large_image\" \/>\n<meta name=\"twitter:creator\" content=\"@eldiario_net\" \/>\n<meta name=\"twitter:site\" content=\"@eldiario_net\" \/>\n<meta name=\"twitter:label1\" content=\"Escrito por\" \/>\n\t<meta name=\"twitter:data1\" content=\"Jeanette\" \/>\n\t<meta name=\"twitter:label2\" content=\"Tiempo de lectura\" \/>\n\t<meta name=\"twitter:data2\" content=\"2 minutos\" \/>\n<script type=\"application\/ld+json\" class=\"yoast-schema-graph\">{\"@context\":\"https:\\\/\\\/schema.org\",\"@graph\":[{\"@type\":\"Article\",\"@id\":\"https:\\\/\\\/www.eldiario.net\\\/portal\\\/2021\\\/05\\\/23\\\/declaran-desierta-oferta-para-venta-del-crudo-reconstituido\\\/#article\",\"isPartOf\":{\"@id\":\"https:\\\/\\\/www.eldiario.net\\\/portal\\\/2021\\\/05\\\/23\\\/declaran-desierta-oferta-para-venta-del-crudo-reconstituido\\\/\"},\"author\":{\"name\":\"Jeanette\",\"@id\":\"https:\\\/\\\/www.eldiario.net\\\/portal\\\/#\\\/schema\\\/person\\\/f46445640444750d7d753ccd04ae01b7\"},\"headline\":\"Declaran desierta oferta para venta del crudo reconstituido\",\"datePublished\":\"2021-05-23T10:40:09+00:00\",\"mainEntityOfPage\":{\"@id\":\"https:\\\/\\\/www.eldiario.net\\\/portal\\\/2021\\\/05\\\/23\\\/declaran-desierta-oferta-para-venta-del-crudo-reconstituido\\\/\"},\"wordCount\":281,\"publisher\":{\"@id\":\"https:\\\/\\\/www.eldiario.net\\\/portal\\\/#organization\"},\"image\":{\"@id\":\"https:\\\/\\\/www.eldiario.net\\\/portal\\\/2021\\\/05\\\/23\\\/declaran-desierta-oferta-para-venta-del-crudo-reconstituido\\\/#primaryimage\"},\"thumbnailUrl\":\"\",\"articleSection\":[\"Econom\u00eda\"],\"inLanguage\":\"es\"},{\"@type\":\"WebPage\",\"@id\":\"https:\\\/\\\/www.eldiario.net\\\/portal\\\/2021\\\/05\\\/23\\\/declaran-desierta-oferta-para-venta-del-crudo-reconstituido\\\/\",\"url\":\"https:\\\/\\\/www.eldiario.net\\\/portal\\\/2021\\\/05\\\/23\\\/declaran-desierta-oferta-para-venta-del-crudo-reconstituido\\\/\",\"name\":\"Declaran desierta oferta para venta del crudo reconstituido - El Diario - Bolivia\",\"isPartOf\":{\"@id\":\"https:\\\/\\\/www.eldiario.net\\\/portal\\\/#website\"},\"primaryImageOfPage\":{\"@id\":\"https:\\\/\\\/www.eldiario.net\\\/portal\\\/2021\\\/05\\\/23\\\/declaran-desierta-oferta-para-venta-del-crudo-reconstituido\\\/#primaryimage\"},\"image\":{\"@id\":\"https:\\\/\\\/www.eldiario.net\\\/portal\\\/2021\\\/05\\\/23\\\/declaran-desierta-oferta-para-venta-del-crudo-reconstituido\\\/#primaryimage\"},\"thumbnailUrl\":\"\",\"datePublished\":\"2021-05-23T10:40:09+00:00\",\"breadcrumb\":{\"@id\":\"https:\\\/\\\/www.eldiario.net\\\/portal\\\/2021\\\/05\\\/23\\\/declaran-desierta-oferta-para-venta-del-crudo-reconstituido\\\/#breadcrumb\"},\"inLanguage\":\"es\",\"potentialAction\":[{\"@type\":\"ReadAction\",\"target\":[\"https:\\\/\\\/www.eldiario.net\\\/portal\\\/2021\\\/05\\\/23\\\/declaran-desierta-oferta-para-venta-del-crudo-reconstituido\\\/\"]}]},{\"@type\":\"ImageObject\",\"inLanguage\":\"es\",\"@id\":\"https:\\\/\\\/www.eldiario.net\\\/portal\\\/2021\\\/05\\\/23\\\/declaran-desierta-oferta-para-venta-del-crudo-reconstituido\\\/#primaryimage\",\"url\":\"\",\"contentUrl\":\"\"},{\"@type\":\"BreadcrumbList\",\"@id\":\"https:\\\/\\\/www.eldiario.net\\\/portal\\\/2021\\\/05\\\/23\\\/declaran-desierta-oferta-para-venta-del-crudo-reconstituido\\\/#breadcrumb\",\"itemListElement\":[{\"@type\":\"ListItem\",\"position\":1,\"name\":\"Portada\",\"item\":\"https:\\\/\\\/www.eldiario.net\\\/portal\\\/\"},{\"@type\":\"ListItem\",\"position\":2,\"name\":\"Declaran desierta oferta para venta del crudo reconstituido\"}]},{\"@type\":\"WebSite\",\"@id\":\"https:\\\/\\\/www.eldiario.net\\\/portal\\\/#website\",\"url\":\"https:\\\/\\\/www.eldiario.net\\\/portal\\\/\",\"name\":\"El Diario - Decano de la prensa nacional\",\"description\":\"El Diario - Decano de la prensa nacional\",\"publisher\":{\"@id\":\"https:\\\/\\\/www.eldiario.net\\\/portal\\\/#organization\"},\"potentialAction\":[{\"@type\":\"SearchAction\",\"target\":{\"@type\":\"EntryPoint\",\"urlTemplate\":\"https:\\\/\\\/www.eldiario.net\\\/portal\\\/?s={search_term_string}\"},\"query-input\":{\"@type\":\"PropertyValueSpecification\",\"valueRequired\":true,\"valueName\":\"search_term_string\"}}],\"inLanguage\":\"es\"},{\"@type\":\"Organization\",\"@id\":\"https:\\\/\\\/www.eldiario.net\\\/portal\\\/#organization\",\"name\":\"El Diario - Decano de la prensa nacional\",\"url\":\"https:\\\/\\\/www.eldiario.net\\\/portal\\\/\",\"logo\":{\"@type\":\"ImageObject\",\"inLanguage\":\"es\",\"@id\":\"https:\\\/\\\/www.eldiario.net\\\/portal\\\/#\\\/schema\\\/logo\\\/image\\\/\",\"url\":\"https:\\\/\\\/www.eldiario.net\\\/portal\\\/wp-content\\\/uploads\\\/2023\\\/07\\\/logo_ED.jpg\",\"contentUrl\":\"https:\\\/\\\/www.eldiario.net\\\/portal\\\/wp-content\\\/uploads\\\/2023\\\/07\\\/logo_ED.jpg\",\"width\":272,\"height\":52,\"caption\":\"El Diario - Decano de la prensa nacional\"},\"image\":{\"@id\":\"https:\\\/\\\/www.eldiario.net\\\/portal\\\/#\\\/schema\\\/logo\\\/image\\\/\"},\"sameAs\":[\"https:\\\/\\\/www.facebook.com\\\/eldiario.bolivia\\\/\",\"https:\\\/\\\/x.com\\\/eldiario_net\"]},{\"@type\":\"Person\",\"@id\":\"https:\\\/\\\/www.eldiario.net\\\/portal\\\/#\\\/schema\\\/person\\\/f46445640444750d7d753ccd04ae01b7\",\"name\":\"Jeanette\",\"image\":{\"@type\":\"ImageObject\",\"inLanguage\":\"es\",\"@id\":\"https:\\\/\\\/secure.gravatar.com\\\/avatar\\\/3ea2118a5f7dad2b7138b1187a6b7ee55f160b9968b66013c3a3ef39dd7e5798?s=96&d=mm&r=g\",\"url\":\"https:\\\/\\\/secure.gravatar.com\\\/avatar\\\/3ea2118a5f7dad2b7138b1187a6b7ee55f160b9968b66013c3a3ef39dd7e5798?s=96&d=mm&r=g\",\"contentUrl\":\"https:\\\/\\\/secure.gravatar.com\\\/avatar\\\/3ea2118a5f7dad2b7138b1187a6b7ee55f160b9968b66013c3a3ef39dd7e5798?s=96&d=mm&r=g\",\"caption\":\"Jeanette\"},\"sameAs\":[\"https:\\\/\\\/www.eldiario.net\\\/portal\"],\"url\":\"https:\\\/\\\/www.eldiario.net\\\/portal\\\/author\\\/jeanette\\\/\"}]}<\/script>\n<!-- \/ Yoast SEO plugin. -->","yoast_head_json":{"title":"Declaran desierta oferta para venta del crudo reconstituido - El Diario - Bolivia","robots":{"index":"index","follow":"follow","max-snippet":"max-snippet:-1","max-image-preview":"max-image-preview:large","max-video-preview":"max-video-preview:-1"},"canonical":"https:\/\/www.eldiario.net\/portal\/2021\/05\/23\/declaran-desierta-oferta-para-venta-del-crudo-reconstituido\/","og_locale":"es_ES","og_type":"article","og_title":"Declaran desierta oferta para venta del crudo reconstituido - El Diario - Bolivia","og_description":"Yacimientos Petrol\u00edferos Fiscales Bolivianos (YPFB) realiz\u00f3 un proceso de venta bajo la modalidad de comparaci\u00f3n de ofertas, hace meses, para la venta del crudo reconstituido (Recon), la cual fue declarada desierta, ya que los proponentes presentaban precios basados en f\u00f3rmulas y no as\u00ed un precio fijo como YPFB lo establec\u00eda en el Documento Base de [&hellip;]","og_url":"https:\/\/www.eldiario.net\/portal\/2021\/05\/23\/declaran-desierta-oferta-para-venta-del-crudo-reconstituido\/","og_site_name":"El Diario - Bolivia","article_publisher":"https:\/\/www.facebook.com\/eldiario.bolivia\/","article_published_time":"2021-05-23T10:40:09+00:00","author":"Jeanette","twitter_card":"summary_large_image","twitter_creator":"@eldiario_net","twitter_site":"@eldiario_net","twitter_misc":{"Escrito por":"Jeanette","Tiempo de lectura":"2 minutos"},"schema":{"@context":"https:\/\/schema.org","@graph":[{"@type":"Article","@id":"https:\/\/www.eldiario.net\/portal\/2021\/05\/23\/declaran-desierta-oferta-para-venta-del-crudo-reconstituido\/#article","isPartOf":{"@id":"https:\/\/www.eldiario.net\/portal\/2021\/05\/23\/declaran-desierta-oferta-para-venta-del-crudo-reconstituido\/"},"author":{"name":"Jeanette","@id":"https:\/\/www.eldiario.net\/portal\/#\/schema\/person\/f46445640444750d7d753ccd04ae01b7"},"headline":"Declaran desierta oferta para venta del crudo reconstituido","datePublished":"2021-05-23T10:40:09+00:00","mainEntityOfPage":{"@id":"https:\/\/www.eldiario.net\/portal\/2021\/05\/23\/declaran-desierta-oferta-para-venta-del-crudo-reconstituido\/"},"wordCount":281,"publisher":{"@id":"https:\/\/www.eldiario.net\/portal\/#organization"},"image":{"@id":"https:\/\/www.eldiario.net\/portal\/2021\/05\/23\/declaran-desierta-oferta-para-venta-del-crudo-reconstituido\/#primaryimage"},"thumbnailUrl":"","articleSection":["Econom\u00eda"],"inLanguage":"es"},{"@type":"WebPage","@id":"https:\/\/www.eldiario.net\/portal\/2021\/05\/23\/declaran-desierta-oferta-para-venta-del-crudo-reconstituido\/","url":"https:\/\/www.eldiario.net\/portal\/2021\/05\/23\/declaran-desierta-oferta-para-venta-del-crudo-reconstituido\/","name":"Declaran desierta oferta para venta del crudo reconstituido - El Diario - Bolivia","isPartOf":{"@id":"https:\/\/www.eldiario.net\/portal\/#website"},"primaryImageOfPage":{"@id":"https:\/\/www.eldiario.net\/portal\/2021\/05\/23\/declaran-desierta-oferta-para-venta-del-crudo-reconstituido\/#primaryimage"},"image":{"@id":"https:\/\/www.eldiario.net\/portal\/2021\/05\/23\/declaran-desierta-oferta-para-venta-del-crudo-reconstituido\/#primaryimage"},"thumbnailUrl":"","datePublished":"2021-05-23T10:40:09+00:00","breadcrumb":{"@id":"https:\/\/www.eldiario.net\/portal\/2021\/05\/23\/declaran-desierta-oferta-para-venta-del-crudo-reconstituido\/#breadcrumb"},"inLanguage":"es","potentialAction":[{"@type":"ReadAction","target":["https:\/\/www.eldiario.net\/portal\/2021\/05\/23\/declaran-desierta-oferta-para-venta-del-crudo-reconstituido\/"]}]},{"@type":"ImageObject","inLanguage":"es","@id":"https:\/\/www.eldiario.net\/portal\/2021\/05\/23\/declaran-desierta-oferta-para-venta-del-crudo-reconstituido\/#primaryimage","url":"","contentUrl":""},{"@type":"BreadcrumbList","@id":"https:\/\/www.eldiario.net\/portal\/2021\/05\/23\/declaran-desierta-oferta-para-venta-del-crudo-reconstituido\/#breadcrumb","itemListElement":[{"@type":"ListItem","position":1,"name":"Portada","item":"https:\/\/www.eldiario.net\/portal\/"},{"@type":"ListItem","position":2,"name":"Declaran desierta oferta para venta del crudo reconstituido"}]},{"@type":"WebSite","@id":"https:\/\/www.eldiario.net\/portal\/#website","url":"https:\/\/www.eldiario.net\/portal\/","name":"El Diario - Decano de la prensa nacional","description":"El Diario - Decano de la prensa nacional","publisher":{"@id":"https:\/\/www.eldiario.net\/portal\/#organization"},"potentialAction":[{"@type":"SearchAction","target":{"@type":"EntryPoint","urlTemplate":"https:\/\/www.eldiario.net\/portal\/?s={search_term_string}"},"query-input":{"@type":"PropertyValueSpecification","valueRequired":true,"valueName":"search_term_string"}}],"inLanguage":"es"},{"@type":"Organization","@id":"https:\/\/www.eldiario.net\/portal\/#organization","name":"El Diario - Decano de la prensa nacional","url":"https:\/\/www.eldiario.net\/portal\/","logo":{"@type":"ImageObject","inLanguage":"es","@id":"https:\/\/www.eldiario.net\/portal\/#\/schema\/logo\/image\/","url":"https:\/\/www.eldiario.net\/portal\/wp-content\/uploads\/2023\/07\/logo_ED.jpg","contentUrl":"https:\/\/www.eldiario.net\/portal\/wp-content\/uploads\/2023\/07\/logo_ED.jpg","width":272,"height":52,"caption":"El Diario - Decano de la prensa nacional"},"image":{"@id":"https:\/\/www.eldiario.net\/portal\/#\/schema\/logo\/image\/"},"sameAs":["https:\/\/www.facebook.com\/eldiario.bolivia\/","https:\/\/x.com\/eldiario_net"]},{"@type":"Person","@id":"https:\/\/www.eldiario.net\/portal\/#\/schema\/person\/f46445640444750d7d753ccd04ae01b7","name":"Jeanette","image":{"@type":"ImageObject","inLanguage":"es","@id":"https:\/\/secure.gravatar.com\/avatar\/3ea2118a5f7dad2b7138b1187a6b7ee55f160b9968b66013c3a3ef39dd7e5798?s=96&d=mm&r=g","url":"https:\/\/secure.gravatar.com\/avatar\/3ea2118a5f7dad2b7138b1187a6b7ee55f160b9968b66013c3a3ef39dd7e5798?s=96&d=mm&r=g","contentUrl":"https:\/\/secure.gravatar.com\/avatar\/3ea2118a5f7dad2b7138b1187a6b7ee55f160b9968b66013c3a3ef39dd7e5798?s=96&d=mm&r=g","caption":"Jeanette"},"sameAs":["https:\/\/www.eldiario.net\/portal"],"url":"https:\/\/www.eldiario.net\/portal\/author\/jeanette\/"}]}},"_links":{"self":[{"href":"https:\/\/www.eldiario.net\/portal\/wp-json\/wp\/v2\/posts\/5736","targetHints":{"allow":["GET"]}}],"collection":[{"href":"https:\/\/www.eldiario.net\/portal\/wp-json\/wp\/v2\/posts"}],"about":[{"href":"https:\/\/www.eldiario.net\/portal\/wp-json\/wp\/v2\/types\/post"}],"author":[{"embeddable":true,"href":"https:\/\/www.eldiario.net\/portal\/wp-json\/wp\/v2\/users\/1"}],"replies":[{"embeddable":true,"href":"https:\/\/www.eldiario.net\/portal\/wp-json\/wp\/v2\/comments?post=5736"}],"version-history":[{"count":0,"href":"https:\/\/www.eldiario.net\/portal\/wp-json\/wp\/v2\/posts\/5736\/revisions"}],"wp:attachment":[{"href":"https:\/\/www.eldiario.net\/portal\/wp-json\/wp\/v2\/media?parent=5736"}],"wp:term":[{"taxonomy":"category","embeddable":true,"href":"https:\/\/www.eldiario.net\/portal\/wp-json\/wp\/v2\/categories?post=5736"},{"taxonomy":"post_tag","embeddable":true,"href":"https:\/\/www.eldiario.net\/portal\/wp-json\/wp\/v2\/tags?post=5736"}],"curies":[{"name":"wp","href":"https:\/\/api.w.org\/{rel}","templated":true}]}}