{"id":55705,"date":"2022-01-12T05:23:35","date_gmt":"2022-01-12T09:23:35","guid":{"rendered":"https:\/\/www.eldiario.net\/portal\/?p=55705"},"modified":"2022-01-12T05:23:35","modified_gmt":"2022-01-12T09:23:35","slug":"proyectan-crecimiento-menor-al-4-para-bolivia-este-ano-y-el-2023","status":"publish","type":"post","link":"https:\/\/www.eldiario.net\/portal\/2022\/01\/12\/proyectan-crecimiento-menor-al-4-para-bolivia-este-ano-y-el-2023\/","title":{"rendered":"Proyectan crecimiento menor al 4 % para Bolivia este a\u00f1o y el 2023"},"content":{"rendered":"<p>De acuerdo a proyecciones del Banco Mundial (BM), Bolivia tendr\u00e1 un crecimiento de 3,5 % durante esta gesti\u00f3n y solo de 2,7 % en 2023, situaci\u00f3n que ser\u00eda provocada por la baja demanda de los denominados commodities y la pandemia.<br \/>\nEl crecimiento ocasionado por el rebote c\u00edclico registrado en 2021 por la recuperaci\u00f3n de las econom\u00edas desarrolladas, impulsaron un incremento de los precios de los commodities en el mercado internacional, pero en esta gesti\u00f3n la situaci\u00f3n ser\u00e1 diferente ante las nuevas variantes de covid-19, y la desaceleraci\u00f3n de la econom\u00eda mundial.<br \/>\nLa regi\u00f3n de Am\u00e9rica Latina y el Caribe se recuper\u00f3 hasta ubicarse en un estimado del 6,7\u00a0% en 2021, impulsado por condiciones externas favorables y diversos acontecimientos relacionados con la pandemia, se\u00f1ala el informe perspectivas econ\u00f3micas mundiales del organismo internacional.<br \/>\nTras el fuerte repunte registrado en 2021, la econom\u00eda mundial est\u00e1 entrando en una pronunciada desaceleraci\u00f3n en medio de las nuevas amenazas derivadas de las variantes de covid-19 y el aumento de la inflaci\u00f3n, la deuda y la desigualdad de ingresos, lo que podr\u00eda poner en peligro la recuperaci\u00f3n de las econom\u00edas emergentes y en desarrollo, seg\u00fan la edici\u00f3n m\u00e1s reciente del informe.<br \/>\nSe espera que el crecimiento mundial se desacelere notablemente, del 5,5\u00a0% en 2021 al 4,1\u00a0% en 2022 y al 3,2\u00a0% en 2023, a medida que la demanda reprimida se disipe y vaya disminuyendo el nivel de apoyo fiscal y monetario en todo el mundo.<br \/>\nSe\u00f1ala que la cantidad de nuevos casos de covid-19 disminuy\u00f3 dr\u00e1sticamente en toda la regi\u00f3n durante la segunda mitad del a\u00f1o; sin embargo, volvieron a aumentar a fines de diciembre, a pesar del avance en el proceso de vacunaci\u00f3n.<br \/>\nLa fuerte demanda en destinos clave de las exportaciones (Estados Unidos y China), los precios altos de los productos b\u00e1sicos y el volumen elevado y constante de las remesas enviadas a los pa\u00edses de Am\u00e9rica Central y el Caribe tambi\u00e9n apoyaron el crecimiento en 2021.<br \/>\nPero varios pa\u00edses, incluidos Brasil, Chile y Paraguay, est\u00e1n sufriendo la peor sequ\u00eda en d\u00e9cadas, lo que hace necesario utilizar combustibles f\u00f3siles m\u00e1s costosos para producir la electricidad habitualmente generada a partir de la energ\u00eda hidroel\u00e9ctrica.<\/p>\n<p>Perspectivas<br \/>\nSe prev\u00e9 que el crecimiento regional disminuir\u00e1 hasta ubicarse en el 2,6\u00a0% en 2022 y el 2,7\u00a0% en 2023, a medida que se endurezca la pol\u00edtica fiscal y monetaria, la demora en las mejoras en las condiciones del mercado laboral contin\u00faen y las condiciones externas se vuelvan menos favorables.<br \/>\nEl proceso de recuperaci\u00f3n hacia los niveles del Producto Interno Bruto (PIB) anteriores a la pandemia ser\u00e1 desigual en la regi\u00f3n y prolongado en algunos pa\u00edses. Las proyecciones elaboradas hasta fin de 2023 implican que, si se ponderan las cifras en funci\u00f3n del PIB, la regi\u00f3n de Am\u00e9rica Latina y el Caribe perder\u00e1 terreno en el ingreso per c\u00e1pita no solo en relaci\u00f3n con las econom\u00edas avanzadas, sino tambi\u00e9n con las de Asia oriental y el Pac\u00edfico y las de Europa y Asia central.<br \/>\nSe proyecta que la econom\u00eda de Brasil se desacelerar\u00e1 hasta llegar al 1,4\u00a0% en 2022 (debido a la limitada confianza de los inversionistas, la erosi\u00f3n del poder adquisitivo derivada de la alta inflaci\u00f3n, el endurecimiento de la pol\u00edtica macroecon\u00f3mica, la desaceleraci\u00f3n de la demanda de China y la ca\u00edda de los precios del mineral de hierro) para luego repuntar al 2,7\u00a0% en 2023.<br \/>\nEl crecimiento de M\u00e9xico, por su parte, disminuir\u00e1 seg\u00fan las proyecciones hasta el 3\u00a0% en 2022 y el 2,2\u00a0% en 2023. Se espera que los cuellos de botella de las cadenas de suministro persistan durante la primera mitad de 2022, mientras que la demanda externa se ver\u00e1 limitada por la desaceleraci\u00f3n del crecimiento de Estados Unidos, y la pol\u00edtica macroecon\u00f3mica se endurecer\u00e1.<br \/>\nPor otro lado, las proyecciones indican que en Argentina el crecimiento se desacelerar\u00e1 al 2,6\u00a0% en 2022 a medida que el consumo privado se aten\u00fae como consecuencia de la reducci\u00f3n del est\u00edmulo fiscal y la inversi\u00f3n disminuya, aunque el continuo impacto del fuerte crecimiento de 2021 dio lugar a una mejora del pron\u00f3stico para 2022. Los fuertes rebotes c\u00edclicos observados en Chile, Colombia y Per\u00fa en 2021 se debilitar\u00e1n en 2022 y nuevamente en 2023.<\/p>\n<p>Bolivia<br \/>\nEl informe del Banco Mundial disminuye las perspectivas de crecimiento para Bolivia, a pesar de las proyecciones realizadas por el Gobierno en su Presupuesto General del Estado 2022, que fija en 5,1 %, y adelant\u00f3 que en 2021 habr\u00eda llegado a m\u00e1s del 5 %.<br \/>\nEl 2020 la recesi\u00f3n afect\u00f3 a toda la regi\u00f3n, y Bolivia cerr\u00f3 con una cifra negativa de 8,1 %, as\u00ed como un d\u00e9ficit fiscal de 12 %.<\/p>\n<p>Riesgos<\/p>\n<p>El Banco advierte que las perspectivas sobre el crecimiento est\u00e1n expuestas a diversos riesgos de deterioro, entre los que se incluyen un aumento abrupto en la cantidad de casos de covid-19, tensiones en el financiamiento y estr\u00e9s relacionado con la deuda, y disrupciones provocadas por acontecimientos meteorol\u00f3gicos extremos y desastres naturales.<br \/>\nLa durabilidad de la recuperaci\u00f3n econ\u00f3mica en Am\u00e9rica Latina y el Caribe, como en otros lugares, depende de que se controle la pandemia. Los brotes de covid-19, incluidos los ocasionados por nuevas variantes del virus, siguen constituyendo un riesgo a la baja incluso en pa\u00edses con altas tasas de vacunaci\u00f3n.<br \/>\n\u00abUn deterioro repentino de la actitud de los inversores, especialmente en un entorno de alta inflaci\u00f3n y cuantiosa deuda p\u00fablica, podr\u00eda generar dificultades para afrontar el servicio de la deuda y episodios de salidas de capitales\u00bb.<br \/>\n\u201cLa econom\u00eda mundial se enfrenta simult\u00e1neamente a covid-19, la inflaci\u00f3n y la incertidumbre respecto de las pol\u00edticas; el gasto p\u00fablico y las pol\u00edticas monetarias se adentran en un territorio desconocido. El aumento de la desigualdad y los problemas de seguridad son particularmente perjudiciales para los pa\u00edses en desarrollo\u201d, dijo David Malpass, presidente del Grupo Banco Mundial.<br \/>\n\u201cLas decisiones que tomen los responsables de la formulaci\u00f3n de pol\u00edticas en los pr\u00f3ximos a\u00f1os decidir\u00e1n el curso de la pr\u00f3xima d\u00e9cada\u201d, afirm\u00f3 Mari Pangestu, directora gerente de Pol\u00edticas de Desarrollo y Alianzas del Banco Mundial.<\/p>\n","protected":false},"excerpt":{"rendered":"<p>De acuerdo a proyecciones del Banco Mundial (BM), Bolivia tendr\u00e1 un crecimiento de 3,5 % durante esta gesti\u00f3n y solo de 2,7 % en 2023, situaci\u00f3n que ser\u00eda provocada por la baja demanda de los denominados commodities y la pandemia. El crecimiento ocasionado por el rebote c\u00edclico registrado en 2021 por la recuperaci\u00f3n de las [&hellip;]<\/p>\n","protected":false},"author":1,"featured_media":55706,"comment_status":"closed","ping_status":"closed","sticky":false,"template":"","format":"standard","meta":{"_acf_changed":false,"footnotes":""},"categories":[7],"tags":[],"class_list":["post-55705","post","type-post","status-publish","format-standard","has-post-thumbnail","category-economia"],"acf":{"antetitulo":""},"yoast_head":"<!-- This site is optimized with the Yoast SEO plugin v28.3 - https:\/\/yoast.com\/product\/yoast-seo-wordpress\/ -->\n<title>Proyectan crecimiento menor al 4 % para Bolivia este a\u00f1o y el 2023 - El Diario - Bolivia<\/title>\n<meta name=\"robots\" content=\"index, follow, max-snippet:-1, max-image-preview:large, max-video-preview:-1\" \/>\n<link rel=\"canonical\" href=\"https:\/\/www.eldiario.net\/portal\/2022\/01\/12\/proyectan-crecimiento-menor-al-4-para-bolivia-este-ano-y-el-2023\/\" \/>\n<meta property=\"og:locale\" content=\"es_ES\" \/>\n<meta property=\"og:type\" content=\"article\" \/>\n<meta property=\"og:title\" content=\"Proyectan crecimiento menor al 4 % para Bolivia este a\u00f1o y el 2023 - El Diario - Bolivia\" \/>\n<meta property=\"og:description\" content=\"De acuerdo a proyecciones del Banco Mundial (BM), Bolivia tendr\u00e1 un crecimiento de 3,5 % durante esta gesti\u00f3n y solo de 2,7 % en 2023, situaci\u00f3n que ser\u00eda provocada por la baja demanda de los denominados commodities y la pandemia. El crecimiento ocasionado por el rebote c\u00edclico registrado en 2021 por la recuperaci\u00f3n de las [&hellip;]\" \/>\n<meta property=\"og:url\" content=\"https:\/\/www.eldiario.net\/portal\/2022\/01\/12\/proyectan-crecimiento-menor-al-4-para-bolivia-este-ano-y-el-2023\/\" \/>\n<meta property=\"og:site_name\" content=\"El Diario - Bolivia\" \/>\n<meta property=\"article:publisher\" content=\"https:\/\/www.facebook.com\/eldiario.bolivia\/\" \/>\n<meta property=\"article:published_time\" content=\"2022-01-12T09:23:35+00:00\" \/>\n<meta name=\"author\" content=\"Jeanette\" \/>\n<meta name=\"twitter:card\" content=\"summary_large_image\" \/>\n<meta name=\"twitter:creator\" content=\"@eldiario_net\" \/>\n<meta name=\"twitter:site\" content=\"@eldiario_net\" \/>\n<meta name=\"twitter:label1\" content=\"Escrito por\" \/>\n\t<meta name=\"twitter:data1\" content=\"Jeanette\" \/>\n\t<meta name=\"twitter:label2\" content=\"Tiempo de lectura\" \/>\n\t<meta name=\"twitter:data2\" content=\"5 minutos\" \/>\n<script type=\"application\/ld+json\" class=\"yoast-schema-graph\">{\"@context\":\"https:\\\/\\\/schema.org\",\"@graph\":[{\"@type\":\"Article\",\"@id\":\"https:\\\/\\\/www.eldiario.net\\\/portal\\\/2022\\\/01\\\/12\\\/proyectan-crecimiento-menor-al-4-para-bolivia-este-ano-y-el-2023\\\/#article\",\"isPartOf\":{\"@id\":\"https:\\\/\\\/www.eldiario.net\\\/portal\\\/2022\\\/01\\\/12\\\/proyectan-crecimiento-menor-al-4-para-bolivia-este-ano-y-el-2023\\\/\"},\"author\":{\"name\":\"Jeanette\",\"@id\":\"https:\\\/\\\/www.eldiario.net\\\/portal\\\/#\\\/schema\\\/person\\\/f46445640444750d7d753ccd04ae01b7\"},\"headline\":\"Proyectan crecimiento menor al 4 % para Bolivia este a\u00f1o y el 2023\",\"datePublished\":\"2022-01-12T09:23:35+00:00\",\"mainEntityOfPage\":{\"@id\":\"https:\\\/\\\/www.eldiario.net\\\/portal\\\/2022\\\/01\\\/12\\\/proyectan-crecimiento-menor-al-4-para-bolivia-este-ano-y-el-2023\\\/\"},\"wordCount\":1061,\"publisher\":{\"@id\":\"https:\\\/\\\/www.eldiario.net\\\/portal\\\/#organization\"},\"image\":{\"@id\":\"https:\\\/\\\/www.eldiario.net\\\/portal\\\/2022\\\/01\\\/12\\\/proyectan-crecimiento-menor-al-4-para-bolivia-este-ano-y-el-2023\\\/#primaryimage\"},\"thumbnailUrl\":\"\",\"articleSection\":[\"Econom\u00eda\"],\"inLanguage\":\"es\"},{\"@type\":\"WebPage\",\"@id\":\"https:\\\/\\\/www.eldiario.net\\\/portal\\\/2022\\\/01\\\/12\\\/proyectan-crecimiento-menor-al-4-para-bolivia-este-ano-y-el-2023\\\/\",\"url\":\"https:\\\/\\\/www.eldiario.net\\\/portal\\\/2022\\\/01\\\/12\\\/proyectan-crecimiento-menor-al-4-para-bolivia-este-ano-y-el-2023\\\/\",\"name\":\"Proyectan crecimiento menor al 4 % para Bolivia este a\u00f1o y el 2023 - El Diario - Bolivia\",\"isPartOf\":{\"@id\":\"https:\\\/\\\/www.eldiario.net\\\/portal\\\/#website\"},\"primaryImageOfPage\":{\"@id\":\"https:\\\/\\\/www.eldiario.net\\\/portal\\\/2022\\\/01\\\/12\\\/proyectan-crecimiento-menor-al-4-para-bolivia-este-ano-y-el-2023\\\/#primaryimage\"},\"image\":{\"@id\":\"https:\\\/\\\/www.eldiario.net\\\/portal\\\/2022\\\/01\\\/12\\\/proyectan-crecimiento-menor-al-4-para-bolivia-este-ano-y-el-2023\\\/#primaryimage\"},\"thumbnailUrl\":\"\",\"datePublished\":\"2022-01-12T09:23:35+00:00\",\"breadcrumb\":{\"@id\":\"https:\\\/\\\/www.eldiario.net\\\/portal\\\/2022\\\/01\\\/12\\\/proyectan-crecimiento-menor-al-4-para-bolivia-este-ano-y-el-2023\\\/#breadcrumb\"},\"inLanguage\":\"es\",\"potentialAction\":[{\"@type\":\"ReadAction\",\"target\":[\"https:\\\/\\\/www.eldiario.net\\\/portal\\\/2022\\\/01\\\/12\\\/proyectan-crecimiento-menor-al-4-para-bolivia-este-ano-y-el-2023\\\/\"]}]},{\"@type\":\"ImageObject\",\"inLanguage\":\"es\",\"@id\":\"https:\\\/\\\/www.eldiario.net\\\/portal\\\/2022\\\/01\\\/12\\\/proyectan-crecimiento-menor-al-4-para-bolivia-este-ano-y-el-2023\\\/#primaryimage\",\"url\":\"\",\"contentUrl\":\"\"},{\"@type\":\"BreadcrumbList\",\"@id\":\"https:\\\/\\\/www.eldiario.net\\\/portal\\\/2022\\\/01\\\/12\\\/proyectan-crecimiento-menor-al-4-para-bolivia-este-ano-y-el-2023\\\/#breadcrumb\",\"itemListElement\":[{\"@type\":\"ListItem\",\"position\":1,\"name\":\"Portada\",\"item\":\"https:\\\/\\\/www.eldiario.net\\\/portal\\\/\"},{\"@type\":\"ListItem\",\"position\":2,\"name\":\"Proyectan crecimiento menor al 4 % para Bolivia este a\u00f1o y el 2023\"}]},{\"@type\":\"WebSite\",\"@id\":\"https:\\\/\\\/www.eldiario.net\\\/portal\\\/#website\",\"url\":\"https:\\\/\\\/www.eldiario.net\\\/portal\\\/\",\"name\":\"El Diario - Decano de la prensa nacional\",\"description\":\"El Diario - Decano de la prensa nacional\",\"publisher\":{\"@id\":\"https:\\\/\\\/www.eldiario.net\\\/portal\\\/#organization\"},\"potentialAction\":[{\"@type\":\"SearchAction\",\"target\":{\"@type\":\"EntryPoint\",\"urlTemplate\":\"https:\\\/\\\/www.eldiario.net\\\/portal\\\/?s={search_term_string}\"},\"query-input\":{\"@type\":\"PropertyValueSpecification\",\"valueRequired\":true,\"valueName\":\"search_term_string\"}}],\"inLanguage\":\"es\"},{\"@type\":\"Organization\",\"@id\":\"https:\\\/\\\/www.eldiario.net\\\/portal\\\/#organization\",\"name\":\"El Diario - Decano de la prensa nacional\",\"url\":\"https:\\\/\\\/www.eldiario.net\\\/portal\\\/\",\"logo\":{\"@type\":\"ImageObject\",\"inLanguage\":\"es\",\"@id\":\"https:\\\/\\\/www.eldiario.net\\\/portal\\\/#\\\/schema\\\/logo\\\/image\\\/\",\"url\":\"https:\\\/\\\/www.eldiario.net\\\/portal\\\/wp-content\\\/uploads\\\/2023\\\/07\\\/logo_ED.jpg\",\"contentUrl\":\"https:\\\/\\\/www.eldiario.net\\\/portal\\\/wp-content\\\/uploads\\\/2023\\\/07\\\/logo_ED.jpg\",\"width\":272,\"height\":52,\"caption\":\"El Diario - Decano de la prensa nacional\"},\"image\":{\"@id\":\"https:\\\/\\\/www.eldiario.net\\\/portal\\\/#\\\/schema\\\/logo\\\/image\\\/\"},\"sameAs\":[\"https:\\\/\\\/www.facebook.com\\\/eldiario.bolivia\\\/\",\"https:\\\/\\\/x.com\\\/eldiario_net\"]},{\"@type\":\"Person\",\"@id\":\"https:\\\/\\\/www.eldiario.net\\\/portal\\\/#\\\/schema\\\/person\\\/f46445640444750d7d753ccd04ae01b7\",\"name\":\"Jeanette\",\"image\":{\"@type\":\"ImageObject\",\"inLanguage\":\"es\",\"@id\":\"https:\\\/\\\/secure.gravatar.com\\\/avatar\\\/3ea2118a5f7dad2b7138b1187a6b7ee55f160b9968b66013c3a3ef39dd7e5798?s=96&d=mm&r=g\",\"url\":\"https:\\\/\\\/secure.gravatar.com\\\/avatar\\\/3ea2118a5f7dad2b7138b1187a6b7ee55f160b9968b66013c3a3ef39dd7e5798?s=96&d=mm&r=g\",\"contentUrl\":\"https:\\\/\\\/secure.gravatar.com\\\/avatar\\\/3ea2118a5f7dad2b7138b1187a6b7ee55f160b9968b66013c3a3ef39dd7e5798?s=96&d=mm&r=g\",\"caption\":\"Jeanette\"},\"sameAs\":[\"https:\\\/\\\/www.eldiario.net\\\/portal\"],\"url\":\"https:\\\/\\\/www.eldiario.net\\\/portal\\\/author\\\/jeanette\\\/\"}]}<\/script>\n<!-- \/ Yoast SEO plugin. -->","yoast_head_json":{"title":"Proyectan crecimiento menor al 4 % para Bolivia este a\u00f1o y el 2023 - El Diario - Bolivia","robots":{"index":"index","follow":"follow","max-snippet":"max-snippet:-1","max-image-preview":"max-image-preview:large","max-video-preview":"max-video-preview:-1"},"canonical":"https:\/\/www.eldiario.net\/portal\/2022\/01\/12\/proyectan-crecimiento-menor-al-4-para-bolivia-este-ano-y-el-2023\/","og_locale":"es_ES","og_type":"article","og_title":"Proyectan crecimiento menor al 4 % para Bolivia este a\u00f1o y el 2023 - El Diario - Bolivia","og_description":"De acuerdo a proyecciones del Banco Mundial (BM), Bolivia tendr\u00e1 un crecimiento de 3,5 % durante esta gesti\u00f3n y solo de 2,7 % en 2023, situaci\u00f3n que ser\u00eda provocada por la baja demanda de los denominados commodities y la pandemia. El crecimiento ocasionado por el rebote c\u00edclico registrado en 2021 por la recuperaci\u00f3n de las [&hellip;]","og_url":"https:\/\/www.eldiario.net\/portal\/2022\/01\/12\/proyectan-crecimiento-menor-al-4-para-bolivia-este-ano-y-el-2023\/","og_site_name":"El Diario - Bolivia","article_publisher":"https:\/\/www.facebook.com\/eldiario.bolivia\/","article_published_time":"2022-01-12T09:23:35+00:00","author":"Jeanette","twitter_card":"summary_large_image","twitter_creator":"@eldiario_net","twitter_site":"@eldiario_net","twitter_misc":{"Escrito por":"Jeanette","Tiempo de lectura":"5 minutos"},"schema":{"@context":"https:\/\/schema.org","@graph":[{"@type":"Article","@id":"https:\/\/www.eldiario.net\/portal\/2022\/01\/12\/proyectan-crecimiento-menor-al-4-para-bolivia-este-ano-y-el-2023\/#article","isPartOf":{"@id":"https:\/\/www.eldiario.net\/portal\/2022\/01\/12\/proyectan-crecimiento-menor-al-4-para-bolivia-este-ano-y-el-2023\/"},"author":{"name":"Jeanette","@id":"https:\/\/www.eldiario.net\/portal\/#\/schema\/person\/f46445640444750d7d753ccd04ae01b7"},"headline":"Proyectan crecimiento menor al 4 % para Bolivia este a\u00f1o y el 2023","datePublished":"2022-01-12T09:23:35+00:00","mainEntityOfPage":{"@id":"https:\/\/www.eldiario.net\/portal\/2022\/01\/12\/proyectan-crecimiento-menor-al-4-para-bolivia-este-ano-y-el-2023\/"},"wordCount":1061,"publisher":{"@id":"https:\/\/www.eldiario.net\/portal\/#organization"},"image":{"@id":"https:\/\/www.eldiario.net\/portal\/2022\/01\/12\/proyectan-crecimiento-menor-al-4-para-bolivia-este-ano-y-el-2023\/#primaryimage"},"thumbnailUrl":"","articleSection":["Econom\u00eda"],"inLanguage":"es"},{"@type":"WebPage","@id":"https:\/\/www.eldiario.net\/portal\/2022\/01\/12\/proyectan-crecimiento-menor-al-4-para-bolivia-este-ano-y-el-2023\/","url":"https:\/\/www.eldiario.net\/portal\/2022\/01\/12\/proyectan-crecimiento-menor-al-4-para-bolivia-este-ano-y-el-2023\/","name":"Proyectan crecimiento menor al 4 % para Bolivia este a\u00f1o y el 2023 - El Diario - Bolivia","isPartOf":{"@id":"https:\/\/www.eldiario.net\/portal\/#website"},"primaryImageOfPage":{"@id":"https:\/\/www.eldiario.net\/portal\/2022\/01\/12\/proyectan-crecimiento-menor-al-4-para-bolivia-este-ano-y-el-2023\/#primaryimage"},"image":{"@id":"https:\/\/www.eldiario.net\/portal\/2022\/01\/12\/proyectan-crecimiento-menor-al-4-para-bolivia-este-ano-y-el-2023\/#primaryimage"},"thumbnailUrl":"","datePublished":"2022-01-12T09:23:35+00:00","breadcrumb":{"@id":"https:\/\/www.eldiario.net\/portal\/2022\/01\/12\/proyectan-crecimiento-menor-al-4-para-bolivia-este-ano-y-el-2023\/#breadcrumb"},"inLanguage":"es","potentialAction":[{"@type":"ReadAction","target":["https:\/\/www.eldiario.net\/portal\/2022\/01\/12\/proyectan-crecimiento-menor-al-4-para-bolivia-este-ano-y-el-2023\/"]}]},{"@type":"ImageObject","inLanguage":"es","@id":"https:\/\/www.eldiario.net\/portal\/2022\/01\/12\/proyectan-crecimiento-menor-al-4-para-bolivia-este-ano-y-el-2023\/#primaryimage","url":"","contentUrl":""},{"@type":"BreadcrumbList","@id":"https:\/\/www.eldiario.net\/portal\/2022\/01\/12\/proyectan-crecimiento-menor-al-4-para-bolivia-este-ano-y-el-2023\/#breadcrumb","itemListElement":[{"@type":"ListItem","position":1,"name":"Portada","item":"https:\/\/www.eldiario.net\/portal\/"},{"@type":"ListItem","position":2,"name":"Proyectan crecimiento menor al 4 % para Bolivia este a\u00f1o y el 2023"}]},{"@type":"WebSite","@id":"https:\/\/www.eldiario.net\/portal\/#website","url":"https:\/\/www.eldiario.net\/portal\/","name":"El Diario - Decano de la prensa nacional","description":"El Diario - Decano de la prensa nacional","publisher":{"@id":"https:\/\/www.eldiario.net\/portal\/#organization"},"potentialAction":[{"@type":"SearchAction","target":{"@type":"EntryPoint","urlTemplate":"https:\/\/www.eldiario.net\/portal\/?s={search_term_string}"},"query-input":{"@type":"PropertyValueSpecification","valueRequired":true,"valueName":"search_term_string"}}],"inLanguage":"es"},{"@type":"Organization","@id":"https:\/\/www.eldiario.net\/portal\/#organization","name":"El Diario - Decano de la prensa nacional","url":"https:\/\/www.eldiario.net\/portal\/","logo":{"@type":"ImageObject","inLanguage":"es","@id":"https:\/\/www.eldiario.net\/portal\/#\/schema\/logo\/image\/","url":"https:\/\/www.eldiario.net\/portal\/wp-content\/uploads\/2023\/07\/logo_ED.jpg","contentUrl":"https:\/\/www.eldiario.net\/portal\/wp-content\/uploads\/2023\/07\/logo_ED.jpg","width":272,"height":52,"caption":"El Diario - Decano de la prensa nacional"},"image":{"@id":"https:\/\/www.eldiario.net\/portal\/#\/schema\/logo\/image\/"},"sameAs":["https:\/\/www.facebook.com\/eldiario.bolivia\/","https:\/\/x.com\/eldiario_net"]},{"@type":"Person","@id":"https:\/\/www.eldiario.net\/portal\/#\/schema\/person\/f46445640444750d7d753ccd04ae01b7","name":"Jeanette","image":{"@type":"ImageObject","inLanguage":"es","@id":"https:\/\/secure.gravatar.com\/avatar\/3ea2118a5f7dad2b7138b1187a6b7ee55f160b9968b66013c3a3ef39dd7e5798?s=96&d=mm&r=g","url":"https:\/\/secure.gravatar.com\/avatar\/3ea2118a5f7dad2b7138b1187a6b7ee55f160b9968b66013c3a3ef39dd7e5798?s=96&d=mm&r=g","contentUrl":"https:\/\/secure.gravatar.com\/avatar\/3ea2118a5f7dad2b7138b1187a6b7ee55f160b9968b66013c3a3ef39dd7e5798?s=96&d=mm&r=g","caption":"Jeanette"},"sameAs":["https:\/\/www.eldiario.net\/portal"],"url":"https:\/\/www.eldiario.net\/portal\/author\/jeanette\/"}]}},"_links":{"self":[{"href":"https:\/\/www.eldiario.net\/portal\/wp-json\/wp\/v2\/posts\/55705","targetHints":{"allow":["GET"]}}],"collection":[{"href":"https:\/\/www.eldiario.net\/portal\/wp-json\/wp\/v2\/posts"}],"about":[{"href":"https:\/\/www.eldiario.net\/portal\/wp-json\/wp\/v2\/types\/post"}],"author":[{"embeddable":true,"href":"https:\/\/www.eldiario.net\/portal\/wp-json\/wp\/v2\/users\/1"}],"replies":[{"embeddable":true,"href":"https:\/\/www.eldiario.net\/portal\/wp-json\/wp\/v2\/comments?post=55705"}],"version-history":[{"count":0,"href":"https:\/\/www.eldiario.net\/portal\/wp-json\/wp\/v2\/posts\/55705\/revisions"}],"wp:attachment":[{"href":"https:\/\/www.eldiario.net\/portal\/wp-json\/wp\/v2\/media?parent=55705"}],"wp:term":[{"taxonomy":"category","embeddable":true,"href":"https:\/\/www.eldiario.net\/portal\/wp-json\/wp\/v2\/categories?post=55705"},{"taxonomy":"post_tag","embeddable":true,"href":"https:\/\/www.eldiario.net\/portal\/wp-json\/wp\/v2\/tags?post=55705"}],"curies":[{"name":"wp","href":"https:\/\/api.w.org\/{rel}","templated":true}]}}