{"id":55702,"date":"2022-01-12T05:22:29","date_gmt":"2022-01-12T09:22:29","guid":{"rendered":"https:\/\/www.eldiario.net\/portal\/?p=55702"},"modified":"2022-01-12T05:22:29","modified_gmt":"2022-01-12T09:22:29","slug":"comercio-internacional-afectado-nuevamente-por-la-pandemia","status":"publish","type":"post","link":"https:\/\/www.eldiario.net\/portal\/2022\/01\/12\/comercio-internacional-afectado-nuevamente-por-la-pandemia\/","title":{"rendered":"Comercio internacional afectado  nuevamente por la pandemia"},"content":{"rendered":"<p>La pandemia de covid-19 cerr\u00f3 las fronteras en el 2020 y paulatinamente se fueron abriendo nuevamente, y la reactivaci\u00f3n econ\u00f3mica de pa\u00edses desarrollados aceler\u00f3 el crecimiento del comercio mundial a tal punto que se \u201cingres\u00f3 a una guerra de contenedores\u201d; ahora con las nuevas variantes y pese a la vacuna, las naciones aplican r\u00edgidos controles sanitarios, lo que actualmente pasa con Chile, lo cual afecta a las exportaciones nacionales.<br \/>\nLas nuevas variantes del covid-19 han puesto en vilo a las grandes econom\u00edas del mundo, China tom\u00f3 medidas restrictivas, Estados Unidos implementar\u00e1 una cuarta dosis, y tambi\u00e9n va por este camino Europa, y en Sudam\u00e9rica los pa\u00edses endurecen sus controles sanitarios, como Chile, que implement\u00f3 pruebas covid-19 para los choferes que ingresen a su territorio.<br \/>\nLa determinaci\u00f3n del vecino pa\u00eds perjudica a camiones bolivianos, en especial, ya que el 80 % del comercio exterior se despacha y llega por puertos chilenos.<br \/>\nEl a\u00f1o pasado una delegaci\u00f3n de la Canciller\u00eda fue al vecino pa\u00eds a buscar una soluci\u00f3n con sus pares, al parecer no logr\u00f3 acuerdos y el problema persiste para los camioneros bolivianos.<\/p>\n<p>Costos<br \/>\nA eso hay que sumar el incremento de los costos, durante los \u00faltimos 18 meses, de los env\u00edos internacionales de bienes, de manera vertiginosa. El precio promedio del flete de las importaciones de Estados Unidos, basado en el valor del cargamento, aument\u00f3 un punto porcentual con respecto a los niveles prepand\u00e9micos.<br \/>\nEl costo promedio de flete de un contenedor global de 40 pies subi\u00f3 m\u00e1s de cinco veces desde el inicio de la pandemia, con aumentos que superan ocho veces en rutas como la de Shangh\u00e1i a Los \u00c1ngeles, se\u00f1alan ejecutivos del Banco Interamericano de Desarrollo (BID), Juan Blyde y Christian Volpe Martincus, en su an\u00e1lisis titulado: \u00bfPor qu\u00e9 est\u00e1n aumentando los costos de transporte?<br \/>\nLos resultados revelan que el costo de env\u00edo de los productos manufacturados empez\u00f3 a desviarse de forma marcada en la segunda mitad de 2020. En cambio, los precios del flete de los bienes no manufacturados mostraron m\u00e1s heterogeneidad con el tiempo y solo difirieron significativamente del valor de referencia en los \u00faltimos meses.<br \/>\nUn ejercicio similar basado en las regiones de origen muestra que las importaciones de Asia parecen estar impulsando la mayor parte del incremento de los precios del flete. En particular, los costos de transporte asociados con las importaciones estadounidenses provenientes de Asia reflejan desde mucho antes una tendencia por encima de lo normal. Muestran niveles, marcadamente, m\u00e1s altos que los que corresponden a las importaciones provenientes de Am\u00e9rica Latina y Europa, que solo mostraron una tendencia por encima de lo normal en los \u00faltimos meses, se\u00f1alan los autores.<br \/>\nAunque no lo se\u00f1alan, en su momento los expertos en temas de comercio exterior indicaron que el mundo ingres\u00f3 en una \u201cguerra de contendores\u201d, los que incrementaron sus fletes ante la escasez de los mismos, que derivaron en el aumento de los productos importados, y Bolivia no qued\u00f3 al margen, sino fue afectada.<br \/>\nEn general, las importaciones de manufacturas asi\u00e1ticas est\u00e1n desempe\u00f1ando un papel central en el reciente incremento de los costos de transporte.<br \/>\nUna confluencia de fuerzas, primordialmente relacionadas con covid-19, parece estar detr\u00e1s de esta tendencia. Por un lado, la necesidad de implementar medidas para detener la propagaci\u00f3n del virus implic\u00f3 un aumento de las demoras de los tr\u00e1mites portuarios, lo que llev\u00f3 a situaciones de congesti\u00f3n, cuellos de botella e incrementos de los costos. En principio, esto podr\u00eda haber afectado las importaciones provenientes de todos los or\u00edgenes.<\/p>\n<p>Perspectivas<br \/>\nfuturas<br \/>\nDada la naturaleza de las fuerzas involucradas, parecer\u00eda razonable esperar que estas perturbaciones sean transitorias. A medida que aumente la cantidad de personas vacunadas y se levanten las restricciones impuestas por la pandemia, los consumidores deber\u00edan empezar a derivar sus gastos nuevamente a restaurantes, hoteles, gimnasios y otros servicios, aliviando as\u00ed la presi\u00f3n en los bienes importados.<br \/>\nAsimismo, es de esperar que las medidas adoptadas en las operaciones portuarias que prolongan los tiempos de tramitaci\u00f3n disminuyan a medida que se controle la pandemia, lo cual reducir\u00eda las demoras y las congestiones. No obstante, que sea transitorio no significa ni que pueda resolverse inmediatamente \u2014ya que las condiciones actuales pueden persistir durante alg\u00fan tiempo\u2014 ni que no pueda tener consecuencias duraderas, se\u00f1alan los autores.<\/p>\n","protected":false},"excerpt":{"rendered":"<p>La pandemia de covid-19 cerr\u00f3 las fronteras en el 2020 y paulatinamente se fueron abriendo nuevamente, y la reactivaci\u00f3n econ\u00f3mica de pa\u00edses desarrollados aceler\u00f3 el crecimiento del comercio mundial a tal punto que se \u201cingres\u00f3 a una guerra de contenedores\u201d; ahora con las nuevas variantes y pese a la vacuna, las naciones aplican r\u00edgidos controles [&hellip;]<\/p>\n","protected":false},"author":1,"featured_media":55703,"comment_status":"closed","ping_status":"closed","sticky":false,"template":"","format":"standard","meta":{"_acf_changed":false,"footnotes":""},"categories":[7],"tags":[],"class_list":["post-55702","post","type-post","status-publish","format-standard","has-post-thumbnail","category-economia"],"acf":{"antetitulo":""},"yoast_head":"<!-- This site is optimized with the Yoast SEO plugin v28.3 - https:\/\/yoast.com\/product\/yoast-seo-wordpress\/ -->\n<title>Comercio internacional afectado nuevamente por la pandemia - El Diario - Bolivia<\/title>\n<meta name=\"robots\" content=\"index, follow, max-snippet:-1, max-image-preview:large, max-video-preview:-1\" \/>\n<link rel=\"canonical\" href=\"https:\/\/www.eldiario.net\/portal\/2022\/01\/12\/comercio-internacional-afectado-nuevamente-por-la-pandemia\/\" \/>\n<meta property=\"og:locale\" content=\"es_ES\" \/>\n<meta property=\"og:type\" content=\"article\" \/>\n<meta property=\"og:title\" content=\"Comercio internacional afectado nuevamente por la pandemia - El Diario - Bolivia\" \/>\n<meta property=\"og:description\" content=\"La pandemia de covid-19 cerr\u00f3 las fronteras en el 2020 y paulatinamente se fueron abriendo nuevamente, y la reactivaci\u00f3n econ\u00f3mica de pa\u00edses desarrollados aceler\u00f3 el crecimiento del comercio mundial a tal punto que se \u201cingres\u00f3 a una guerra de contenedores\u201d; ahora con las nuevas variantes y pese a la vacuna, las naciones aplican r\u00edgidos controles [&hellip;]\" \/>\n<meta property=\"og:url\" content=\"https:\/\/www.eldiario.net\/portal\/2022\/01\/12\/comercio-internacional-afectado-nuevamente-por-la-pandemia\/\" \/>\n<meta property=\"og:site_name\" content=\"El Diario - Bolivia\" \/>\n<meta property=\"article:publisher\" content=\"https:\/\/www.facebook.com\/eldiario.bolivia\/\" \/>\n<meta property=\"article:published_time\" content=\"2022-01-12T09:22:29+00:00\" \/>\n<meta name=\"author\" content=\"Jeanette\" \/>\n<meta name=\"twitter:card\" content=\"summary_large_image\" \/>\n<meta name=\"twitter:creator\" content=\"@eldiario_net\" \/>\n<meta name=\"twitter:site\" content=\"@eldiario_net\" \/>\n<meta name=\"twitter:label1\" content=\"Escrito por\" \/>\n\t<meta name=\"twitter:data1\" content=\"Jeanette\" \/>\n\t<meta name=\"twitter:label2\" content=\"Tiempo de lectura\" \/>\n\t<meta name=\"twitter:data2\" content=\"4 minutos\" \/>\n<script type=\"application\/ld+json\" class=\"yoast-schema-graph\">{\"@context\":\"https:\\\/\\\/schema.org\",\"@graph\":[{\"@type\":\"Article\",\"@id\":\"https:\\\/\\\/www.eldiario.net\\\/portal\\\/2022\\\/01\\\/12\\\/comercio-internacional-afectado-nuevamente-por-la-pandemia\\\/#article\",\"isPartOf\":{\"@id\":\"https:\\\/\\\/www.eldiario.net\\\/portal\\\/2022\\\/01\\\/12\\\/comercio-internacional-afectado-nuevamente-por-la-pandemia\\\/\"},\"author\":{\"name\":\"Jeanette\",\"@id\":\"https:\\\/\\\/www.eldiario.net\\\/portal\\\/#\\\/schema\\\/person\\\/f46445640444750d7d753ccd04ae01b7\"},\"headline\":\"Comercio internacional afectado nuevamente por la pandemia\",\"datePublished\":\"2022-01-12T09:22:29+00:00\",\"mainEntityOfPage\":{\"@id\":\"https:\\\/\\\/www.eldiario.net\\\/portal\\\/2022\\\/01\\\/12\\\/comercio-internacional-afectado-nuevamente-por-la-pandemia\\\/\"},\"wordCount\":749,\"publisher\":{\"@id\":\"https:\\\/\\\/www.eldiario.net\\\/portal\\\/#organization\"},\"image\":{\"@id\":\"https:\\\/\\\/www.eldiario.net\\\/portal\\\/2022\\\/01\\\/12\\\/comercio-internacional-afectado-nuevamente-por-la-pandemia\\\/#primaryimage\"},\"thumbnailUrl\":\"\",\"articleSection\":[\"Econom\u00eda\"],\"inLanguage\":\"es\"},{\"@type\":\"WebPage\",\"@id\":\"https:\\\/\\\/www.eldiario.net\\\/portal\\\/2022\\\/01\\\/12\\\/comercio-internacional-afectado-nuevamente-por-la-pandemia\\\/\",\"url\":\"https:\\\/\\\/www.eldiario.net\\\/portal\\\/2022\\\/01\\\/12\\\/comercio-internacional-afectado-nuevamente-por-la-pandemia\\\/\",\"name\":\"Comercio internacional afectado nuevamente por la pandemia - El Diario - Bolivia\",\"isPartOf\":{\"@id\":\"https:\\\/\\\/www.eldiario.net\\\/portal\\\/#website\"},\"primaryImageOfPage\":{\"@id\":\"https:\\\/\\\/www.eldiario.net\\\/portal\\\/2022\\\/01\\\/12\\\/comercio-internacional-afectado-nuevamente-por-la-pandemia\\\/#primaryimage\"},\"image\":{\"@id\":\"https:\\\/\\\/www.eldiario.net\\\/portal\\\/2022\\\/01\\\/12\\\/comercio-internacional-afectado-nuevamente-por-la-pandemia\\\/#primaryimage\"},\"thumbnailUrl\":\"\",\"datePublished\":\"2022-01-12T09:22:29+00:00\",\"breadcrumb\":{\"@id\":\"https:\\\/\\\/www.eldiario.net\\\/portal\\\/2022\\\/01\\\/12\\\/comercio-internacional-afectado-nuevamente-por-la-pandemia\\\/#breadcrumb\"},\"inLanguage\":\"es\",\"potentialAction\":[{\"@type\":\"ReadAction\",\"target\":[\"https:\\\/\\\/www.eldiario.net\\\/portal\\\/2022\\\/01\\\/12\\\/comercio-internacional-afectado-nuevamente-por-la-pandemia\\\/\"]}]},{\"@type\":\"ImageObject\",\"inLanguage\":\"es\",\"@id\":\"https:\\\/\\\/www.eldiario.net\\\/portal\\\/2022\\\/01\\\/12\\\/comercio-internacional-afectado-nuevamente-por-la-pandemia\\\/#primaryimage\",\"url\":\"\",\"contentUrl\":\"\"},{\"@type\":\"BreadcrumbList\",\"@id\":\"https:\\\/\\\/www.eldiario.net\\\/portal\\\/2022\\\/01\\\/12\\\/comercio-internacional-afectado-nuevamente-por-la-pandemia\\\/#breadcrumb\",\"itemListElement\":[{\"@type\":\"ListItem\",\"position\":1,\"name\":\"Portada\",\"item\":\"https:\\\/\\\/www.eldiario.net\\\/portal\\\/\"},{\"@type\":\"ListItem\",\"position\":2,\"name\":\"Comercio internacional afectado nuevamente por la pandemia\"}]},{\"@type\":\"WebSite\",\"@id\":\"https:\\\/\\\/www.eldiario.net\\\/portal\\\/#website\",\"url\":\"https:\\\/\\\/www.eldiario.net\\\/portal\\\/\",\"name\":\"El Diario - Decano de la prensa nacional\",\"description\":\"El Diario - Decano de la prensa nacional\",\"publisher\":{\"@id\":\"https:\\\/\\\/www.eldiario.net\\\/portal\\\/#organization\"},\"potentialAction\":[{\"@type\":\"SearchAction\",\"target\":{\"@type\":\"EntryPoint\",\"urlTemplate\":\"https:\\\/\\\/www.eldiario.net\\\/portal\\\/?s={search_term_string}\"},\"query-input\":{\"@type\":\"PropertyValueSpecification\",\"valueRequired\":true,\"valueName\":\"search_term_string\"}}],\"inLanguage\":\"es\"},{\"@type\":\"Organization\",\"@id\":\"https:\\\/\\\/www.eldiario.net\\\/portal\\\/#organization\",\"name\":\"El Diario - Decano de la prensa nacional\",\"url\":\"https:\\\/\\\/www.eldiario.net\\\/portal\\\/\",\"logo\":{\"@type\":\"ImageObject\",\"inLanguage\":\"es\",\"@id\":\"https:\\\/\\\/www.eldiario.net\\\/portal\\\/#\\\/schema\\\/logo\\\/image\\\/\",\"url\":\"https:\\\/\\\/www.eldiario.net\\\/portal\\\/wp-content\\\/uploads\\\/2023\\\/07\\\/logo_ED.jpg\",\"contentUrl\":\"https:\\\/\\\/www.eldiario.net\\\/portal\\\/wp-content\\\/uploads\\\/2023\\\/07\\\/logo_ED.jpg\",\"width\":272,\"height\":52,\"caption\":\"El Diario - Decano de la prensa nacional\"},\"image\":{\"@id\":\"https:\\\/\\\/www.eldiario.net\\\/portal\\\/#\\\/schema\\\/logo\\\/image\\\/\"},\"sameAs\":[\"https:\\\/\\\/www.facebook.com\\\/eldiario.bolivia\\\/\",\"https:\\\/\\\/x.com\\\/eldiario_net\"]},{\"@type\":\"Person\",\"@id\":\"https:\\\/\\\/www.eldiario.net\\\/portal\\\/#\\\/schema\\\/person\\\/f46445640444750d7d753ccd04ae01b7\",\"name\":\"Jeanette\",\"image\":{\"@type\":\"ImageObject\",\"inLanguage\":\"es\",\"@id\":\"https:\\\/\\\/secure.gravatar.com\\\/avatar\\\/3ea2118a5f7dad2b7138b1187a6b7ee55f160b9968b66013c3a3ef39dd7e5798?s=96&d=mm&r=g\",\"url\":\"https:\\\/\\\/secure.gravatar.com\\\/avatar\\\/3ea2118a5f7dad2b7138b1187a6b7ee55f160b9968b66013c3a3ef39dd7e5798?s=96&d=mm&r=g\",\"contentUrl\":\"https:\\\/\\\/secure.gravatar.com\\\/avatar\\\/3ea2118a5f7dad2b7138b1187a6b7ee55f160b9968b66013c3a3ef39dd7e5798?s=96&d=mm&r=g\",\"caption\":\"Jeanette\"},\"sameAs\":[\"https:\\\/\\\/www.eldiario.net\\\/portal\"],\"url\":\"https:\\\/\\\/www.eldiario.net\\\/portal\\\/author\\\/jeanette\\\/\"}]}<\/script>\n<!-- \/ Yoast SEO plugin. -->","yoast_head_json":{"title":"Comercio internacional afectado nuevamente por la pandemia - El Diario - Bolivia","robots":{"index":"index","follow":"follow","max-snippet":"max-snippet:-1","max-image-preview":"max-image-preview:large","max-video-preview":"max-video-preview:-1"},"canonical":"https:\/\/www.eldiario.net\/portal\/2022\/01\/12\/comercio-internacional-afectado-nuevamente-por-la-pandemia\/","og_locale":"es_ES","og_type":"article","og_title":"Comercio internacional afectado nuevamente por la pandemia - El Diario - Bolivia","og_description":"La pandemia de covid-19 cerr\u00f3 las fronteras en el 2020 y paulatinamente se fueron abriendo nuevamente, y la reactivaci\u00f3n econ\u00f3mica de pa\u00edses desarrollados aceler\u00f3 el crecimiento del comercio mundial a tal punto que se \u201cingres\u00f3 a una guerra de contenedores\u201d; ahora con las nuevas variantes y pese a la vacuna, las naciones aplican r\u00edgidos controles [&hellip;]","og_url":"https:\/\/www.eldiario.net\/portal\/2022\/01\/12\/comercio-internacional-afectado-nuevamente-por-la-pandemia\/","og_site_name":"El Diario - Bolivia","article_publisher":"https:\/\/www.facebook.com\/eldiario.bolivia\/","article_published_time":"2022-01-12T09:22:29+00:00","author":"Jeanette","twitter_card":"summary_large_image","twitter_creator":"@eldiario_net","twitter_site":"@eldiario_net","twitter_misc":{"Escrito por":"Jeanette","Tiempo de lectura":"4 minutos"},"schema":{"@context":"https:\/\/schema.org","@graph":[{"@type":"Article","@id":"https:\/\/www.eldiario.net\/portal\/2022\/01\/12\/comercio-internacional-afectado-nuevamente-por-la-pandemia\/#article","isPartOf":{"@id":"https:\/\/www.eldiario.net\/portal\/2022\/01\/12\/comercio-internacional-afectado-nuevamente-por-la-pandemia\/"},"author":{"name":"Jeanette","@id":"https:\/\/www.eldiario.net\/portal\/#\/schema\/person\/f46445640444750d7d753ccd04ae01b7"},"headline":"Comercio internacional afectado nuevamente por la pandemia","datePublished":"2022-01-12T09:22:29+00:00","mainEntityOfPage":{"@id":"https:\/\/www.eldiario.net\/portal\/2022\/01\/12\/comercio-internacional-afectado-nuevamente-por-la-pandemia\/"},"wordCount":749,"publisher":{"@id":"https:\/\/www.eldiario.net\/portal\/#organization"},"image":{"@id":"https:\/\/www.eldiario.net\/portal\/2022\/01\/12\/comercio-internacional-afectado-nuevamente-por-la-pandemia\/#primaryimage"},"thumbnailUrl":"","articleSection":["Econom\u00eda"],"inLanguage":"es"},{"@type":"WebPage","@id":"https:\/\/www.eldiario.net\/portal\/2022\/01\/12\/comercio-internacional-afectado-nuevamente-por-la-pandemia\/","url":"https:\/\/www.eldiario.net\/portal\/2022\/01\/12\/comercio-internacional-afectado-nuevamente-por-la-pandemia\/","name":"Comercio internacional afectado nuevamente por la pandemia - El Diario - Bolivia","isPartOf":{"@id":"https:\/\/www.eldiario.net\/portal\/#website"},"primaryImageOfPage":{"@id":"https:\/\/www.eldiario.net\/portal\/2022\/01\/12\/comercio-internacional-afectado-nuevamente-por-la-pandemia\/#primaryimage"},"image":{"@id":"https:\/\/www.eldiario.net\/portal\/2022\/01\/12\/comercio-internacional-afectado-nuevamente-por-la-pandemia\/#primaryimage"},"thumbnailUrl":"","datePublished":"2022-01-12T09:22:29+00:00","breadcrumb":{"@id":"https:\/\/www.eldiario.net\/portal\/2022\/01\/12\/comercio-internacional-afectado-nuevamente-por-la-pandemia\/#breadcrumb"},"inLanguage":"es","potentialAction":[{"@type":"ReadAction","target":["https:\/\/www.eldiario.net\/portal\/2022\/01\/12\/comercio-internacional-afectado-nuevamente-por-la-pandemia\/"]}]},{"@type":"ImageObject","inLanguage":"es","@id":"https:\/\/www.eldiario.net\/portal\/2022\/01\/12\/comercio-internacional-afectado-nuevamente-por-la-pandemia\/#primaryimage","url":"","contentUrl":""},{"@type":"BreadcrumbList","@id":"https:\/\/www.eldiario.net\/portal\/2022\/01\/12\/comercio-internacional-afectado-nuevamente-por-la-pandemia\/#breadcrumb","itemListElement":[{"@type":"ListItem","position":1,"name":"Portada","item":"https:\/\/www.eldiario.net\/portal\/"},{"@type":"ListItem","position":2,"name":"Comercio internacional afectado nuevamente por la pandemia"}]},{"@type":"WebSite","@id":"https:\/\/www.eldiario.net\/portal\/#website","url":"https:\/\/www.eldiario.net\/portal\/","name":"El Diario - Decano de la prensa nacional","description":"El Diario - Decano de la prensa nacional","publisher":{"@id":"https:\/\/www.eldiario.net\/portal\/#organization"},"potentialAction":[{"@type":"SearchAction","target":{"@type":"EntryPoint","urlTemplate":"https:\/\/www.eldiario.net\/portal\/?s={search_term_string}"},"query-input":{"@type":"PropertyValueSpecification","valueRequired":true,"valueName":"search_term_string"}}],"inLanguage":"es"},{"@type":"Organization","@id":"https:\/\/www.eldiario.net\/portal\/#organization","name":"El Diario - Decano de la prensa nacional","url":"https:\/\/www.eldiario.net\/portal\/","logo":{"@type":"ImageObject","inLanguage":"es","@id":"https:\/\/www.eldiario.net\/portal\/#\/schema\/logo\/image\/","url":"https:\/\/www.eldiario.net\/portal\/wp-content\/uploads\/2023\/07\/logo_ED.jpg","contentUrl":"https:\/\/www.eldiario.net\/portal\/wp-content\/uploads\/2023\/07\/logo_ED.jpg","width":272,"height":52,"caption":"El Diario - Decano de la prensa nacional"},"image":{"@id":"https:\/\/www.eldiario.net\/portal\/#\/schema\/logo\/image\/"},"sameAs":["https:\/\/www.facebook.com\/eldiario.bolivia\/","https:\/\/x.com\/eldiario_net"]},{"@type":"Person","@id":"https:\/\/www.eldiario.net\/portal\/#\/schema\/person\/f46445640444750d7d753ccd04ae01b7","name":"Jeanette","image":{"@type":"ImageObject","inLanguage":"es","@id":"https:\/\/secure.gravatar.com\/avatar\/3ea2118a5f7dad2b7138b1187a6b7ee55f160b9968b66013c3a3ef39dd7e5798?s=96&d=mm&r=g","url":"https:\/\/secure.gravatar.com\/avatar\/3ea2118a5f7dad2b7138b1187a6b7ee55f160b9968b66013c3a3ef39dd7e5798?s=96&d=mm&r=g","contentUrl":"https:\/\/secure.gravatar.com\/avatar\/3ea2118a5f7dad2b7138b1187a6b7ee55f160b9968b66013c3a3ef39dd7e5798?s=96&d=mm&r=g","caption":"Jeanette"},"sameAs":["https:\/\/www.eldiario.net\/portal"],"url":"https:\/\/www.eldiario.net\/portal\/author\/jeanette\/"}]}},"_links":{"self":[{"href":"https:\/\/www.eldiario.net\/portal\/wp-json\/wp\/v2\/posts\/55702","targetHints":{"allow":["GET"]}}],"collection":[{"href":"https:\/\/www.eldiario.net\/portal\/wp-json\/wp\/v2\/posts"}],"about":[{"href":"https:\/\/www.eldiario.net\/portal\/wp-json\/wp\/v2\/types\/post"}],"author":[{"embeddable":true,"href":"https:\/\/www.eldiario.net\/portal\/wp-json\/wp\/v2\/users\/1"}],"replies":[{"embeddable":true,"href":"https:\/\/www.eldiario.net\/portal\/wp-json\/wp\/v2\/comments?post=55702"}],"version-history":[{"count":0,"href":"https:\/\/www.eldiario.net\/portal\/wp-json\/wp\/v2\/posts\/55702\/revisions"}],"wp:attachment":[{"href":"https:\/\/www.eldiario.net\/portal\/wp-json\/wp\/v2\/media?parent=55702"}],"wp:term":[{"taxonomy":"category","embeddable":true,"href":"https:\/\/www.eldiario.net\/portal\/wp-json\/wp\/v2\/categories?post=55702"},{"taxonomy":"post_tag","embeddable":true,"href":"https:\/\/www.eldiario.net\/portal\/wp-json\/wp\/v2\/tags?post=55702"}],"curies":[{"name":"wp","href":"https:\/\/api.w.org\/{rel}","templated":true}]}}