{"id":55699,"date":"2022-01-12T05:21:45","date_gmt":"2022-01-12T09:21:45","guid":{"rendered":"https:\/\/www.eldiario.net\/portal\/?p=55699"},"modified":"2022-01-12T05:21:45","modified_gmt":"2022-01-12T09:21:45","slug":"inra-encara-nueva-gestion-en-medio-de-criticas-a-su-trabajo","status":"publish","type":"post","link":"https:\/\/www.eldiario.net\/portal\/2022\/01\/12\/inra-encara-nueva-gestion-en-medio-de-criticas-a-su-trabajo\/","title":{"rendered":"INRA encara nueva gesti\u00f3n en  medio de cr\u00edticas a su trabajo"},"content":{"rendered":"<p>El personal del Instituto Nacional de Reforma Agraria (INRA) sostuvo una reuni\u00f3n de planificaci\u00f3n, coordinaci\u00f3n, seguimiento y evaluaci\u00f3n para encarar la nueva gesti\u00f3n administrativa, en torno al saneamiento y titulaci\u00f3n de tierras en el pa\u00eds, en medio de cr\u00edticas a su trabajo por los avasallamientos en el departamento de Santa Cruz.<br \/>\nLos afectados solicitaron a las autoridades del INRA a trabajar coordinadamente para acelerar el proceso de saneamiento, y evitar los avasallamientos de regiones productivas, pero no fueron atendidos sus pedidos.<br \/>\nTambi\u00e9n la gobernaci\u00f3n de Santa Cruz, a ra\u00edz de los m\u00faltiples avasallamientos, convocaron a un consejo departamental para trabajar en el tema, pero tampoco asistieron al llamado de las autoridades departamentales.<br \/>\nDenunciaron que los avasalladores tendr\u00edan el apoyo de personal de INRA, aunque la entidad rechaz\u00f3 tal informaci\u00f3n, al indicar que trabaja en el marco de la normativa boliviana.<br \/>\nREUNI\u00d3N<br \/>\nLa reuni\u00f3n realizada habr\u00eda abordado los planteamientos trazados por la entidad estatal en el marco de los objetivos del Gobierno, concluir con el proceso de saneamiento y titulaci\u00f3n de tierras en todo el pa\u00eds.<br \/>\nEl director nacional del INRA, Eulogio N\u00fa\u00f1ez, felicit\u00f3 y agradeci\u00f3 a los directores generales, departamentales y personal en general por el esfuerzo y compromiso asumidos en el cumplimiento de las metas institucionales, seg\u00fan la informaci\u00f3n de la entidad, en redes sociales.<br \/>\nEn 2021, el Instituto Nacional de Reforma Agraria (INRA) garantiz\u00f3 la seguridad jur\u00eddica sobre la propiedad y saneamiento de tierras con la entrega de aproximadamente 75.000 t\u00edtulos ejecutoriales, generando de esa forma certidumbre para la producci\u00f3n agropecuaria nacional, seg\u00fan la ABI.<br \/>\nSeg\u00fan datos del INRA, en los \u00faltimos 14 a\u00f1os, el Gobierno nacional sane\u00f3 y titul\u00f3 80,4 millones de hect\u00e1reas (ha) de superficie de tierras en Bolivia, nueve veces m\u00e1s que en el periodo republicano (1996 &#8211; 2005), cuando se sane\u00f3 9,1 millones de ha. ABI<\/p>\n","protected":false},"excerpt":{"rendered":"<p>El personal del Instituto Nacional de Reforma Agraria (INRA) sostuvo una reuni\u00f3n de planificaci\u00f3n, coordinaci\u00f3n, seguimiento y evaluaci\u00f3n para encarar la nueva gesti\u00f3n administrativa, en torno al saneamiento y titulaci\u00f3n de tierras en el pa\u00eds, en medio de cr\u00edticas a su trabajo por los avasallamientos en el departamento de Santa Cruz. Los afectados solicitaron a [&hellip;]<\/p>\n","protected":false},"author":1,"featured_media":55700,"comment_status":"closed","ping_status":"closed","sticky":false,"template":"","format":"standard","meta":{"_acf_changed":false,"footnotes":""},"categories":[7],"tags":[],"class_list":["post-55699","post","type-post","status-publish","format-standard","has-post-thumbnail","category-economia"],"acf":{"antetitulo":""},"yoast_head":"<!-- This site is optimized with the Yoast SEO plugin v28.3 - https:\/\/yoast.com\/product\/yoast-seo-wordpress\/ -->\n<title>INRA encara nueva gesti\u00f3n en medio de cr\u00edticas a su trabajo - El Diario - Bolivia<\/title>\n<meta name=\"robots\" content=\"index, follow, max-snippet:-1, max-image-preview:large, max-video-preview:-1\" \/>\n<link rel=\"canonical\" href=\"https:\/\/www.eldiario.net\/portal\/2022\/01\/12\/inra-encara-nueva-gestion-en-medio-de-criticas-a-su-trabajo\/\" \/>\n<meta property=\"og:locale\" content=\"es_ES\" \/>\n<meta property=\"og:type\" content=\"article\" \/>\n<meta property=\"og:title\" content=\"INRA encara nueva gesti\u00f3n en medio de cr\u00edticas a su trabajo - El Diario - Bolivia\" \/>\n<meta property=\"og:description\" content=\"El personal del Instituto Nacional de Reforma Agraria (INRA) sostuvo una reuni\u00f3n de planificaci\u00f3n, coordinaci\u00f3n, seguimiento y evaluaci\u00f3n para encarar la nueva gesti\u00f3n administrativa, en torno al saneamiento y titulaci\u00f3n de tierras en el pa\u00eds, en medio de cr\u00edticas a su trabajo por los avasallamientos en el departamento de Santa Cruz. Los afectados solicitaron a [&hellip;]\" \/>\n<meta property=\"og:url\" content=\"https:\/\/www.eldiario.net\/portal\/2022\/01\/12\/inra-encara-nueva-gestion-en-medio-de-criticas-a-su-trabajo\/\" \/>\n<meta property=\"og:site_name\" content=\"El Diario - Bolivia\" \/>\n<meta property=\"article:publisher\" content=\"https:\/\/www.facebook.com\/eldiario.bolivia\/\" \/>\n<meta property=\"article:published_time\" content=\"2022-01-12T09:21:45+00:00\" \/>\n<meta name=\"author\" content=\"Jeanette\" \/>\n<meta name=\"twitter:card\" content=\"summary_large_image\" \/>\n<meta name=\"twitter:creator\" content=\"@eldiario_net\" \/>\n<meta name=\"twitter:site\" content=\"@eldiario_net\" \/>\n<meta name=\"twitter:label1\" content=\"Escrito por\" \/>\n\t<meta name=\"twitter:data1\" content=\"Jeanette\" \/>\n\t<meta name=\"twitter:label2\" content=\"Tiempo de lectura\" \/>\n\t<meta name=\"twitter:data2\" content=\"2 minutos\" \/>\n<script type=\"application\/ld+json\" class=\"yoast-schema-graph\">{\"@context\":\"https:\\\/\\\/schema.org\",\"@graph\":[{\"@type\":\"Article\",\"@id\":\"https:\\\/\\\/www.eldiario.net\\\/portal\\\/2022\\\/01\\\/12\\\/inra-encara-nueva-gestion-en-medio-de-criticas-a-su-trabajo\\\/#article\",\"isPartOf\":{\"@id\":\"https:\\\/\\\/www.eldiario.net\\\/portal\\\/2022\\\/01\\\/12\\\/inra-encara-nueva-gestion-en-medio-de-criticas-a-su-trabajo\\\/\"},\"author\":{\"name\":\"Jeanette\",\"@id\":\"https:\\\/\\\/www.eldiario.net\\\/portal\\\/#\\\/schema\\\/person\\\/f46445640444750d7d753ccd04ae01b7\"},\"headline\":\"INRA encara nueva gesti\u00f3n en medio de cr\u00edticas a su trabajo\",\"datePublished\":\"2022-01-12T09:21:45+00:00\",\"mainEntityOfPage\":{\"@id\":\"https:\\\/\\\/www.eldiario.net\\\/portal\\\/2022\\\/01\\\/12\\\/inra-encara-nueva-gestion-en-medio-de-criticas-a-su-trabajo\\\/\"},\"wordCount\":338,\"publisher\":{\"@id\":\"https:\\\/\\\/www.eldiario.net\\\/portal\\\/#organization\"},\"image\":{\"@id\":\"https:\\\/\\\/www.eldiario.net\\\/portal\\\/2022\\\/01\\\/12\\\/inra-encara-nueva-gestion-en-medio-de-criticas-a-su-trabajo\\\/#primaryimage\"},\"thumbnailUrl\":\"\",\"articleSection\":[\"Econom\u00eda\"],\"inLanguage\":\"es\"},{\"@type\":\"WebPage\",\"@id\":\"https:\\\/\\\/www.eldiario.net\\\/portal\\\/2022\\\/01\\\/12\\\/inra-encara-nueva-gestion-en-medio-de-criticas-a-su-trabajo\\\/\",\"url\":\"https:\\\/\\\/www.eldiario.net\\\/portal\\\/2022\\\/01\\\/12\\\/inra-encara-nueva-gestion-en-medio-de-criticas-a-su-trabajo\\\/\",\"name\":\"INRA encara nueva gesti\u00f3n en medio de cr\u00edticas a su trabajo - El Diario - Bolivia\",\"isPartOf\":{\"@id\":\"https:\\\/\\\/www.eldiario.net\\\/portal\\\/#website\"},\"primaryImageOfPage\":{\"@id\":\"https:\\\/\\\/www.eldiario.net\\\/portal\\\/2022\\\/01\\\/12\\\/inra-encara-nueva-gestion-en-medio-de-criticas-a-su-trabajo\\\/#primaryimage\"},\"image\":{\"@id\":\"https:\\\/\\\/www.eldiario.net\\\/portal\\\/2022\\\/01\\\/12\\\/inra-encara-nueva-gestion-en-medio-de-criticas-a-su-trabajo\\\/#primaryimage\"},\"thumbnailUrl\":\"\",\"datePublished\":\"2022-01-12T09:21:45+00:00\",\"breadcrumb\":{\"@id\":\"https:\\\/\\\/www.eldiario.net\\\/portal\\\/2022\\\/01\\\/12\\\/inra-encara-nueva-gestion-en-medio-de-criticas-a-su-trabajo\\\/#breadcrumb\"},\"inLanguage\":\"es\",\"potentialAction\":[{\"@type\":\"ReadAction\",\"target\":[\"https:\\\/\\\/www.eldiario.net\\\/portal\\\/2022\\\/01\\\/12\\\/inra-encara-nueva-gestion-en-medio-de-criticas-a-su-trabajo\\\/\"]}]},{\"@type\":\"ImageObject\",\"inLanguage\":\"es\",\"@id\":\"https:\\\/\\\/www.eldiario.net\\\/portal\\\/2022\\\/01\\\/12\\\/inra-encara-nueva-gestion-en-medio-de-criticas-a-su-trabajo\\\/#primaryimage\",\"url\":\"\",\"contentUrl\":\"\"},{\"@type\":\"BreadcrumbList\",\"@id\":\"https:\\\/\\\/www.eldiario.net\\\/portal\\\/2022\\\/01\\\/12\\\/inra-encara-nueva-gestion-en-medio-de-criticas-a-su-trabajo\\\/#breadcrumb\",\"itemListElement\":[{\"@type\":\"ListItem\",\"position\":1,\"name\":\"Portada\",\"item\":\"https:\\\/\\\/www.eldiario.net\\\/portal\\\/\"},{\"@type\":\"ListItem\",\"position\":2,\"name\":\"INRA encara nueva gesti\u00f3n en medio de cr\u00edticas a su trabajo\"}]},{\"@type\":\"WebSite\",\"@id\":\"https:\\\/\\\/www.eldiario.net\\\/portal\\\/#website\",\"url\":\"https:\\\/\\\/www.eldiario.net\\\/portal\\\/\",\"name\":\"El Diario - Decano de la prensa nacional\",\"description\":\"El Diario - Decano de la prensa nacional\",\"publisher\":{\"@id\":\"https:\\\/\\\/www.eldiario.net\\\/portal\\\/#organization\"},\"potentialAction\":[{\"@type\":\"SearchAction\",\"target\":{\"@type\":\"EntryPoint\",\"urlTemplate\":\"https:\\\/\\\/www.eldiario.net\\\/portal\\\/?s={search_term_string}\"},\"query-input\":{\"@type\":\"PropertyValueSpecification\",\"valueRequired\":true,\"valueName\":\"search_term_string\"}}],\"inLanguage\":\"es\"},{\"@type\":\"Organization\",\"@id\":\"https:\\\/\\\/www.eldiario.net\\\/portal\\\/#organization\",\"name\":\"El Diario - Decano de la prensa nacional\",\"url\":\"https:\\\/\\\/www.eldiario.net\\\/portal\\\/\",\"logo\":{\"@type\":\"ImageObject\",\"inLanguage\":\"es\",\"@id\":\"https:\\\/\\\/www.eldiario.net\\\/portal\\\/#\\\/schema\\\/logo\\\/image\\\/\",\"url\":\"https:\\\/\\\/www.eldiario.net\\\/portal\\\/wp-content\\\/uploads\\\/2023\\\/07\\\/logo_ED.jpg\",\"contentUrl\":\"https:\\\/\\\/www.eldiario.net\\\/portal\\\/wp-content\\\/uploads\\\/2023\\\/07\\\/logo_ED.jpg\",\"width\":272,\"height\":52,\"caption\":\"El Diario - Decano de la prensa nacional\"},\"image\":{\"@id\":\"https:\\\/\\\/www.eldiario.net\\\/portal\\\/#\\\/schema\\\/logo\\\/image\\\/\"},\"sameAs\":[\"https:\\\/\\\/www.facebook.com\\\/eldiario.bolivia\\\/\",\"https:\\\/\\\/x.com\\\/eldiario_net\"]},{\"@type\":\"Person\",\"@id\":\"https:\\\/\\\/www.eldiario.net\\\/portal\\\/#\\\/schema\\\/person\\\/f46445640444750d7d753ccd04ae01b7\",\"name\":\"Jeanette\",\"image\":{\"@type\":\"ImageObject\",\"inLanguage\":\"es\",\"@id\":\"https:\\\/\\\/secure.gravatar.com\\\/avatar\\\/3ea2118a5f7dad2b7138b1187a6b7ee55f160b9968b66013c3a3ef39dd7e5798?s=96&d=mm&r=g\",\"url\":\"https:\\\/\\\/secure.gravatar.com\\\/avatar\\\/3ea2118a5f7dad2b7138b1187a6b7ee55f160b9968b66013c3a3ef39dd7e5798?s=96&d=mm&r=g\",\"contentUrl\":\"https:\\\/\\\/secure.gravatar.com\\\/avatar\\\/3ea2118a5f7dad2b7138b1187a6b7ee55f160b9968b66013c3a3ef39dd7e5798?s=96&d=mm&r=g\",\"caption\":\"Jeanette\"},\"sameAs\":[\"https:\\\/\\\/www.eldiario.net\\\/portal\"],\"url\":\"https:\\\/\\\/www.eldiario.net\\\/portal\\\/author\\\/jeanette\\\/\"}]}<\/script>\n<!-- \/ Yoast SEO plugin. -->","yoast_head_json":{"title":"INRA encara nueva gesti\u00f3n en medio de cr\u00edticas a su trabajo - El Diario - Bolivia","robots":{"index":"index","follow":"follow","max-snippet":"max-snippet:-1","max-image-preview":"max-image-preview:large","max-video-preview":"max-video-preview:-1"},"canonical":"https:\/\/www.eldiario.net\/portal\/2022\/01\/12\/inra-encara-nueva-gestion-en-medio-de-criticas-a-su-trabajo\/","og_locale":"es_ES","og_type":"article","og_title":"INRA encara nueva gesti\u00f3n en medio de cr\u00edticas a su trabajo - El Diario - Bolivia","og_description":"El personal del Instituto Nacional de Reforma Agraria (INRA) sostuvo una reuni\u00f3n de planificaci\u00f3n, coordinaci\u00f3n, seguimiento y evaluaci\u00f3n para encarar la nueva gesti\u00f3n administrativa, en torno al saneamiento y titulaci\u00f3n de tierras en el pa\u00eds, en medio de cr\u00edticas a su trabajo por los avasallamientos en el departamento de Santa Cruz. Los afectados solicitaron a [&hellip;]","og_url":"https:\/\/www.eldiario.net\/portal\/2022\/01\/12\/inra-encara-nueva-gestion-en-medio-de-criticas-a-su-trabajo\/","og_site_name":"El Diario - Bolivia","article_publisher":"https:\/\/www.facebook.com\/eldiario.bolivia\/","article_published_time":"2022-01-12T09:21:45+00:00","author":"Jeanette","twitter_card":"summary_large_image","twitter_creator":"@eldiario_net","twitter_site":"@eldiario_net","twitter_misc":{"Escrito por":"Jeanette","Tiempo de lectura":"2 minutos"},"schema":{"@context":"https:\/\/schema.org","@graph":[{"@type":"Article","@id":"https:\/\/www.eldiario.net\/portal\/2022\/01\/12\/inra-encara-nueva-gestion-en-medio-de-criticas-a-su-trabajo\/#article","isPartOf":{"@id":"https:\/\/www.eldiario.net\/portal\/2022\/01\/12\/inra-encara-nueva-gestion-en-medio-de-criticas-a-su-trabajo\/"},"author":{"name":"Jeanette","@id":"https:\/\/www.eldiario.net\/portal\/#\/schema\/person\/f46445640444750d7d753ccd04ae01b7"},"headline":"INRA encara nueva gesti\u00f3n en medio de cr\u00edticas a su trabajo","datePublished":"2022-01-12T09:21:45+00:00","mainEntityOfPage":{"@id":"https:\/\/www.eldiario.net\/portal\/2022\/01\/12\/inra-encara-nueva-gestion-en-medio-de-criticas-a-su-trabajo\/"},"wordCount":338,"publisher":{"@id":"https:\/\/www.eldiario.net\/portal\/#organization"},"image":{"@id":"https:\/\/www.eldiario.net\/portal\/2022\/01\/12\/inra-encara-nueva-gestion-en-medio-de-criticas-a-su-trabajo\/#primaryimage"},"thumbnailUrl":"","articleSection":["Econom\u00eda"],"inLanguage":"es"},{"@type":"WebPage","@id":"https:\/\/www.eldiario.net\/portal\/2022\/01\/12\/inra-encara-nueva-gestion-en-medio-de-criticas-a-su-trabajo\/","url":"https:\/\/www.eldiario.net\/portal\/2022\/01\/12\/inra-encara-nueva-gestion-en-medio-de-criticas-a-su-trabajo\/","name":"INRA encara nueva gesti\u00f3n en medio de cr\u00edticas a su trabajo - El Diario - Bolivia","isPartOf":{"@id":"https:\/\/www.eldiario.net\/portal\/#website"},"primaryImageOfPage":{"@id":"https:\/\/www.eldiario.net\/portal\/2022\/01\/12\/inra-encara-nueva-gestion-en-medio-de-criticas-a-su-trabajo\/#primaryimage"},"image":{"@id":"https:\/\/www.eldiario.net\/portal\/2022\/01\/12\/inra-encara-nueva-gestion-en-medio-de-criticas-a-su-trabajo\/#primaryimage"},"thumbnailUrl":"","datePublished":"2022-01-12T09:21:45+00:00","breadcrumb":{"@id":"https:\/\/www.eldiario.net\/portal\/2022\/01\/12\/inra-encara-nueva-gestion-en-medio-de-criticas-a-su-trabajo\/#breadcrumb"},"inLanguage":"es","potentialAction":[{"@type":"ReadAction","target":["https:\/\/www.eldiario.net\/portal\/2022\/01\/12\/inra-encara-nueva-gestion-en-medio-de-criticas-a-su-trabajo\/"]}]},{"@type":"ImageObject","inLanguage":"es","@id":"https:\/\/www.eldiario.net\/portal\/2022\/01\/12\/inra-encara-nueva-gestion-en-medio-de-criticas-a-su-trabajo\/#primaryimage","url":"","contentUrl":""},{"@type":"BreadcrumbList","@id":"https:\/\/www.eldiario.net\/portal\/2022\/01\/12\/inra-encara-nueva-gestion-en-medio-de-criticas-a-su-trabajo\/#breadcrumb","itemListElement":[{"@type":"ListItem","position":1,"name":"Portada","item":"https:\/\/www.eldiario.net\/portal\/"},{"@type":"ListItem","position":2,"name":"INRA encara nueva gesti\u00f3n en medio de cr\u00edticas a su trabajo"}]},{"@type":"WebSite","@id":"https:\/\/www.eldiario.net\/portal\/#website","url":"https:\/\/www.eldiario.net\/portal\/","name":"El Diario - Decano de la prensa nacional","description":"El Diario - Decano de la prensa nacional","publisher":{"@id":"https:\/\/www.eldiario.net\/portal\/#organization"},"potentialAction":[{"@type":"SearchAction","target":{"@type":"EntryPoint","urlTemplate":"https:\/\/www.eldiario.net\/portal\/?s={search_term_string}"},"query-input":{"@type":"PropertyValueSpecification","valueRequired":true,"valueName":"search_term_string"}}],"inLanguage":"es"},{"@type":"Organization","@id":"https:\/\/www.eldiario.net\/portal\/#organization","name":"El Diario - Decano de la prensa nacional","url":"https:\/\/www.eldiario.net\/portal\/","logo":{"@type":"ImageObject","inLanguage":"es","@id":"https:\/\/www.eldiario.net\/portal\/#\/schema\/logo\/image\/","url":"https:\/\/www.eldiario.net\/portal\/wp-content\/uploads\/2023\/07\/logo_ED.jpg","contentUrl":"https:\/\/www.eldiario.net\/portal\/wp-content\/uploads\/2023\/07\/logo_ED.jpg","width":272,"height":52,"caption":"El Diario - Decano de la prensa nacional"},"image":{"@id":"https:\/\/www.eldiario.net\/portal\/#\/schema\/logo\/image\/"},"sameAs":["https:\/\/www.facebook.com\/eldiario.bolivia\/","https:\/\/x.com\/eldiario_net"]},{"@type":"Person","@id":"https:\/\/www.eldiario.net\/portal\/#\/schema\/person\/f46445640444750d7d753ccd04ae01b7","name":"Jeanette","image":{"@type":"ImageObject","inLanguage":"es","@id":"https:\/\/secure.gravatar.com\/avatar\/3ea2118a5f7dad2b7138b1187a6b7ee55f160b9968b66013c3a3ef39dd7e5798?s=96&d=mm&r=g","url":"https:\/\/secure.gravatar.com\/avatar\/3ea2118a5f7dad2b7138b1187a6b7ee55f160b9968b66013c3a3ef39dd7e5798?s=96&d=mm&r=g","contentUrl":"https:\/\/secure.gravatar.com\/avatar\/3ea2118a5f7dad2b7138b1187a6b7ee55f160b9968b66013c3a3ef39dd7e5798?s=96&d=mm&r=g","caption":"Jeanette"},"sameAs":["https:\/\/www.eldiario.net\/portal"],"url":"https:\/\/www.eldiario.net\/portal\/author\/jeanette\/"}]}},"_links":{"self":[{"href":"https:\/\/www.eldiario.net\/portal\/wp-json\/wp\/v2\/posts\/55699","targetHints":{"allow":["GET"]}}],"collection":[{"href":"https:\/\/www.eldiario.net\/portal\/wp-json\/wp\/v2\/posts"}],"about":[{"href":"https:\/\/www.eldiario.net\/portal\/wp-json\/wp\/v2\/types\/post"}],"author":[{"embeddable":true,"href":"https:\/\/www.eldiario.net\/portal\/wp-json\/wp\/v2\/users\/1"}],"replies":[{"embeddable":true,"href":"https:\/\/www.eldiario.net\/portal\/wp-json\/wp\/v2\/comments?post=55699"}],"version-history":[{"count":0,"href":"https:\/\/www.eldiario.net\/portal\/wp-json\/wp\/v2\/posts\/55699\/revisions"}],"wp:attachment":[{"href":"https:\/\/www.eldiario.net\/portal\/wp-json\/wp\/v2\/media?parent=55699"}],"wp:term":[{"taxonomy":"category","embeddable":true,"href":"https:\/\/www.eldiario.net\/portal\/wp-json\/wp\/v2\/categories?post=55699"},{"taxonomy":"post_tag","embeddable":true,"href":"https:\/\/www.eldiario.net\/portal\/wp-json\/wp\/v2\/tags?post=55699"}],"curies":[{"name":"wp","href":"https:\/\/api.w.org\/{rel}","templated":true}]}}