{"id":55697,"date":"2022-01-12T05:21:00","date_gmt":"2022-01-12T09:21:00","guid":{"rendered":"https:\/\/www.eldiario.net\/portal\/?p=55697"},"modified":"2022-01-12T05:21:00","modified_gmt":"2022-01-12T09:21:00","slug":"posesionan-a-nuevo-director-de-ipdsa","status":"publish","type":"post","link":"https:\/\/www.eldiario.net\/portal\/2022\/01\/12\/posesionan-a-nuevo-director-de-ipdsa\/","title":{"rendered":"Posesionan a nuevo  director de IPDSA"},"content":{"rendered":"<p>El exgobernador de Oruro se incorpora al Ministerio de Desarrollo Rural y Tierras. V\u00edctor Hugo V\u00e1squez fue posesionado ayer como nuevo director general ejecutivo de la Instituci\u00f3n P\u00fablica Desconcentrada Soberan\u00eda Alimentaria (IPDSA).<br \/>\nEl ministro de Desarrollo Rural y Tierras (MDRyT), Remmy Gonzales, en el marco de sus atribuciones, efectu\u00f3 el acto de posesi\u00f3n de V\u00edctor Hugo V\u00e1squez, con la premisa de fortalecer el trabajo de esta entidad estrat\u00e9gica del Ministerio.<br \/>\nEl nombramiento de V\u00edctor Hugo V\u00e1squez, de profesi\u00f3n antrop\u00f3logo, se llev\u00f3 adelante en cumplimiento a la Resoluci\u00f3n Ministerial N\u00b0 007\/2022. La nueva autoridad cuenta con una amplia experiencia en gesti\u00f3n p\u00fablica, habiendo liderado instituciones gubernamentales y procesos de construcci\u00f3n democr\u00e1tica, como la Asamblea Constituyente; siendo esta una de sus fortalezas.<br \/>\nV\u00e1squez manifest\u00f3 su compromiso de llevar adelante la IPDSA, instancia que articula el trabajo de cientos de productores del sector agropecuario, a trav\u00e9s de Programas y Proyectos, que buscan mejorar la calidad y los ingresos econ\u00f3micos con la producci\u00f3n de caf\u00e9, cacao, frutas y frutos amaz\u00f3nicos; y con los recientes Decretos aprobados fortalecer la ganader\u00eda, la producci\u00f3n de hortalizas, tub\u00e9rculos y m\u00e1s alimentaci\u00f3n sana para Bolivia.<br \/>\nNuevamente, llueven cr\u00edticas a las autoridades de gobierno, puesto que siguen las sugerencias del expresidente, de incluir a pol\u00edticos en las esferas del Gobierno y no a t\u00e9cnicos, lo que provocar\u00e1 un retroceso o politizaci\u00f3n de la actividad agr\u00edcola y agropecuaria, de acuerdo a las redes sociales.<br \/>\nAdem\u00e1s, a eso se suma que a la fecha no muestran evaluaciones de todos los programadas implementados, pero si hay anuncios de inversi\u00f3n de millones de bolivianos para fortalecer al sector agr\u00edcola y agropecuario.<\/p>\n","protected":false},"excerpt":{"rendered":"<p>El exgobernador de Oruro se incorpora al Ministerio de Desarrollo Rural y Tierras. V\u00edctor Hugo V\u00e1squez fue posesionado ayer como nuevo director general ejecutivo de la Instituci\u00f3n P\u00fablica Desconcentrada Soberan\u00eda Alimentaria (IPDSA). El ministro de Desarrollo Rural y Tierras (MDRyT), Remmy Gonzales, en el marco de sus atribuciones, efectu\u00f3 el acto de posesi\u00f3n de V\u00edctor [&hellip;]<\/p>\n","protected":false},"author":1,"featured_media":0,"comment_status":"closed","ping_status":"closed","sticky":false,"template":"","format":"standard","meta":{"_acf_changed":false,"footnotes":""},"categories":[7],"tags":[],"class_list":["post-55697","post","type-post","status-publish","format-standard","category-economia"],"acf":{"antetitulo":""},"yoast_head":"<!-- This site is optimized with the Yoast SEO plugin v28.3 - https:\/\/yoast.com\/product\/yoast-seo-wordpress\/ -->\n<title>Posesionan a nuevo director de IPDSA - El Diario - Bolivia<\/title>\n<meta name=\"robots\" content=\"index, follow, max-snippet:-1, max-image-preview:large, max-video-preview:-1\" \/>\n<link rel=\"canonical\" href=\"https:\/\/www.eldiario.net\/portal\/2022\/01\/12\/posesionan-a-nuevo-director-de-ipdsa\/\" \/>\n<meta property=\"og:locale\" content=\"es_ES\" \/>\n<meta property=\"og:type\" content=\"article\" \/>\n<meta property=\"og:title\" content=\"Posesionan a nuevo director de IPDSA - El Diario - Bolivia\" \/>\n<meta property=\"og:description\" content=\"El exgobernador de Oruro se incorpora al Ministerio de Desarrollo Rural y Tierras. V\u00edctor Hugo V\u00e1squez fue posesionado ayer como nuevo director general ejecutivo de la Instituci\u00f3n P\u00fablica Desconcentrada Soberan\u00eda Alimentaria (IPDSA). El ministro de Desarrollo Rural y Tierras (MDRyT), Remmy Gonzales, en el marco de sus atribuciones, efectu\u00f3 el acto de posesi\u00f3n de V\u00edctor [&hellip;]\" \/>\n<meta property=\"og:url\" content=\"https:\/\/www.eldiario.net\/portal\/2022\/01\/12\/posesionan-a-nuevo-director-de-ipdsa\/\" \/>\n<meta property=\"og:site_name\" content=\"El Diario - Bolivia\" \/>\n<meta property=\"article:publisher\" content=\"https:\/\/www.facebook.com\/eldiario.bolivia\/\" \/>\n<meta property=\"article:published_time\" content=\"2022-01-12T09:21:00+00:00\" \/>\n<meta name=\"author\" content=\"Jeanette\" \/>\n<meta name=\"twitter:card\" content=\"summary_large_image\" \/>\n<meta name=\"twitter:creator\" content=\"@eldiario_net\" \/>\n<meta name=\"twitter:site\" content=\"@eldiario_net\" \/>\n<meta name=\"twitter:label1\" content=\"Escrito por\" \/>\n\t<meta name=\"twitter:data1\" content=\"Jeanette\" \/>\n\t<meta name=\"twitter:label2\" content=\"Tiempo de lectura\" \/>\n\t<meta name=\"twitter:data2\" content=\"2 minutos\" \/>\n<script type=\"application\/ld+json\" class=\"yoast-schema-graph\">{\"@context\":\"https:\\\/\\\/schema.org\",\"@graph\":[{\"@type\":\"Article\",\"@id\":\"https:\\\/\\\/www.eldiario.net\\\/portal\\\/2022\\\/01\\\/12\\\/posesionan-a-nuevo-director-de-ipdsa\\\/#article\",\"isPartOf\":{\"@id\":\"https:\\\/\\\/www.eldiario.net\\\/portal\\\/2022\\\/01\\\/12\\\/posesionan-a-nuevo-director-de-ipdsa\\\/\"},\"author\":{\"name\":\"Jeanette\",\"@id\":\"https:\\\/\\\/www.eldiario.net\\\/portal\\\/#\\\/schema\\\/person\\\/f46445640444750d7d753ccd04ae01b7\"},\"headline\":\"Posesionan a nuevo director de IPDSA\",\"datePublished\":\"2022-01-12T09:21:00+00:00\",\"mainEntityOfPage\":{\"@id\":\"https:\\\/\\\/www.eldiario.net\\\/portal\\\/2022\\\/01\\\/12\\\/posesionan-a-nuevo-director-de-ipdsa\\\/\"},\"wordCount\":308,\"publisher\":{\"@id\":\"https:\\\/\\\/www.eldiario.net\\\/portal\\\/#organization\"},\"articleSection\":[\"Econom\u00eda\"],\"inLanguage\":\"es\"},{\"@type\":\"WebPage\",\"@id\":\"https:\\\/\\\/www.eldiario.net\\\/portal\\\/2022\\\/01\\\/12\\\/posesionan-a-nuevo-director-de-ipdsa\\\/\",\"url\":\"https:\\\/\\\/www.eldiario.net\\\/portal\\\/2022\\\/01\\\/12\\\/posesionan-a-nuevo-director-de-ipdsa\\\/\",\"name\":\"Posesionan a nuevo director de IPDSA - El Diario - Bolivia\",\"isPartOf\":{\"@id\":\"https:\\\/\\\/www.eldiario.net\\\/portal\\\/#website\"},\"datePublished\":\"2022-01-12T09:21:00+00:00\",\"breadcrumb\":{\"@id\":\"https:\\\/\\\/www.eldiario.net\\\/portal\\\/2022\\\/01\\\/12\\\/posesionan-a-nuevo-director-de-ipdsa\\\/#breadcrumb\"},\"inLanguage\":\"es\",\"potentialAction\":[{\"@type\":\"ReadAction\",\"target\":[\"https:\\\/\\\/www.eldiario.net\\\/portal\\\/2022\\\/01\\\/12\\\/posesionan-a-nuevo-director-de-ipdsa\\\/\"]}]},{\"@type\":\"BreadcrumbList\",\"@id\":\"https:\\\/\\\/www.eldiario.net\\\/portal\\\/2022\\\/01\\\/12\\\/posesionan-a-nuevo-director-de-ipdsa\\\/#breadcrumb\",\"itemListElement\":[{\"@type\":\"ListItem\",\"position\":1,\"name\":\"Portada\",\"item\":\"https:\\\/\\\/www.eldiario.net\\\/portal\\\/\"},{\"@type\":\"ListItem\",\"position\":2,\"name\":\"Posesionan a nuevo director de IPDSA\"}]},{\"@type\":\"WebSite\",\"@id\":\"https:\\\/\\\/www.eldiario.net\\\/portal\\\/#website\",\"url\":\"https:\\\/\\\/www.eldiario.net\\\/portal\\\/\",\"name\":\"El Diario - Decano de la prensa nacional\",\"description\":\"El Diario - Decano de la prensa nacional\",\"publisher\":{\"@id\":\"https:\\\/\\\/www.eldiario.net\\\/portal\\\/#organization\"},\"potentialAction\":[{\"@type\":\"SearchAction\",\"target\":{\"@type\":\"EntryPoint\",\"urlTemplate\":\"https:\\\/\\\/www.eldiario.net\\\/portal\\\/?s={search_term_string}\"},\"query-input\":{\"@type\":\"PropertyValueSpecification\",\"valueRequired\":true,\"valueName\":\"search_term_string\"}}],\"inLanguage\":\"es\"},{\"@type\":\"Organization\",\"@id\":\"https:\\\/\\\/www.eldiario.net\\\/portal\\\/#organization\",\"name\":\"El Diario - Decano de la prensa nacional\",\"url\":\"https:\\\/\\\/www.eldiario.net\\\/portal\\\/\",\"logo\":{\"@type\":\"ImageObject\",\"inLanguage\":\"es\",\"@id\":\"https:\\\/\\\/www.eldiario.net\\\/portal\\\/#\\\/schema\\\/logo\\\/image\\\/\",\"url\":\"https:\\\/\\\/www.eldiario.net\\\/portal\\\/wp-content\\\/uploads\\\/2023\\\/07\\\/logo_ED.jpg\",\"contentUrl\":\"https:\\\/\\\/www.eldiario.net\\\/portal\\\/wp-content\\\/uploads\\\/2023\\\/07\\\/logo_ED.jpg\",\"width\":272,\"height\":52,\"caption\":\"El Diario - Decano de la prensa nacional\"},\"image\":{\"@id\":\"https:\\\/\\\/www.eldiario.net\\\/portal\\\/#\\\/schema\\\/logo\\\/image\\\/\"},\"sameAs\":[\"https:\\\/\\\/www.facebook.com\\\/eldiario.bolivia\\\/\",\"https:\\\/\\\/x.com\\\/eldiario_net\"]},{\"@type\":\"Person\",\"@id\":\"https:\\\/\\\/www.eldiario.net\\\/portal\\\/#\\\/schema\\\/person\\\/f46445640444750d7d753ccd04ae01b7\",\"name\":\"Jeanette\",\"image\":{\"@type\":\"ImageObject\",\"inLanguage\":\"es\",\"@id\":\"https:\\\/\\\/secure.gravatar.com\\\/avatar\\\/3ea2118a5f7dad2b7138b1187a6b7ee55f160b9968b66013c3a3ef39dd7e5798?s=96&d=mm&r=g\",\"url\":\"https:\\\/\\\/secure.gravatar.com\\\/avatar\\\/3ea2118a5f7dad2b7138b1187a6b7ee55f160b9968b66013c3a3ef39dd7e5798?s=96&d=mm&r=g\",\"contentUrl\":\"https:\\\/\\\/secure.gravatar.com\\\/avatar\\\/3ea2118a5f7dad2b7138b1187a6b7ee55f160b9968b66013c3a3ef39dd7e5798?s=96&d=mm&r=g\",\"caption\":\"Jeanette\"},\"sameAs\":[\"https:\\\/\\\/www.eldiario.net\\\/portal\"],\"url\":\"https:\\\/\\\/www.eldiario.net\\\/portal\\\/author\\\/jeanette\\\/\"}]}<\/script>\n<!-- \/ Yoast SEO plugin. -->","yoast_head_json":{"title":"Posesionan a nuevo director de IPDSA - El Diario - Bolivia","robots":{"index":"index","follow":"follow","max-snippet":"max-snippet:-1","max-image-preview":"max-image-preview:large","max-video-preview":"max-video-preview:-1"},"canonical":"https:\/\/www.eldiario.net\/portal\/2022\/01\/12\/posesionan-a-nuevo-director-de-ipdsa\/","og_locale":"es_ES","og_type":"article","og_title":"Posesionan a nuevo director de IPDSA - El Diario - Bolivia","og_description":"El exgobernador de Oruro se incorpora al Ministerio de Desarrollo Rural y Tierras. V\u00edctor Hugo V\u00e1squez fue posesionado ayer como nuevo director general ejecutivo de la Instituci\u00f3n P\u00fablica Desconcentrada Soberan\u00eda Alimentaria (IPDSA). El ministro de Desarrollo Rural y Tierras (MDRyT), Remmy Gonzales, en el marco de sus atribuciones, efectu\u00f3 el acto de posesi\u00f3n de V\u00edctor [&hellip;]","og_url":"https:\/\/www.eldiario.net\/portal\/2022\/01\/12\/posesionan-a-nuevo-director-de-ipdsa\/","og_site_name":"El Diario - Bolivia","article_publisher":"https:\/\/www.facebook.com\/eldiario.bolivia\/","article_published_time":"2022-01-12T09:21:00+00:00","author":"Jeanette","twitter_card":"summary_large_image","twitter_creator":"@eldiario_net","twitter_site":"@eldiario_net","twitter_misc":{"Escrito por":"Jeanette","Tiempo de lectura":"2 minutos"},"schema":{"@context":"https:\/\/schema.org","@graph":[{"@type":"Article","@id":"https:\/\/www.eldiario.net\/portal\/2022\/01\/12\/posesionan-a-nuevo-director-de-ipdsa\/#article","isPartOf":{"@id":"https:\/\/www.eldiario.net\/portal\/2022\/01\/12\/posesionan-a-nuevo-director-de-ipdsa\/"},"author":{"name":"Jeanette","@id":"https:\/\/www.eldiario.net\/portal\/#\/schema\/person\/f46445640444750d7d753ccd04ae01b7"},"headline":"Posesionan a nuevo director de IPDSA","datePublished":"2022-01-12T09:21:00+00:00","mainEntityOfPage":{"@id":"https:\/\/www.eldiario.net\/portal\/2022\/01\/12\/posesionan-a-nuevo-director-de-ipdsa\/"},"wordCount":308,"publisher":{"@id":"https:\/\/www.eldiario.net\/portal\/#organization"},"articleSection":["Econom\u00eda"],"inLanguage":"es"},{"@type":"WebPage","@id":"https:\/\/www.eldiario.net\/portal\/2022\/01\/12\/posesionan-a-nuevo-director-de-ipdsa\/","url":"https:\/\/www.eldiario.net\/portal\/2022\/01\/12\/posesionan-a-nuevo-director-de-ipdsa\/","name":"Posesionan a nuevo director de IPDSA - El Diario - Bolivia","isPartOf":{"@id":"https:\/\/www.eldiario.net\/portal\/#website"},"datePublished":"2022-01-12T09:21:00+00:00","breadcrumb":{"@id":"https:\/\/www.eldiario.net\/portal\/2022\/01\/12\/posesionan-a-nuevo-director-de-ipdsa\/#breadcrumb"},"inLanguage":"es","potentialAction":[{"@type":"ReadAction","target":["https:\/\/www.eldiario.net\/portal\/2022\/01\/12\/posesionan-a-nuevo-director-de-ipdsa\/"]}]},{"@type":"BreadcrumbList","@id":"https:\/\/www.eldiario.net\/portal\/2022\/01\/12\/posesionan-a-nuevo-director-de-ipdsa\/#breadcrumb","itemListElement":[{"@type":"ListItem","position":1,"name":"Portada","item":"https:\/\/www.eldiario.net\/portal\/"},{"@type":"ListItem","position":2,"name":"Posesionan a nuevo director de IPDSA"}]},{"@type":"WebSite","@id":"https:\/\/www.eldiario.net\/portal\/#website","url":"https:\/\/www.eldiario.net\/portal\/","name":"El Diario - Decano de la prensa nacional","description":"El Diario - Decano de la prensa nacional","publisher":{"@id":"https:\/\/www.eldiario.net\/portal\/#organization"},"potentialAction":[{"@type":"SearchAction","target":{"@type":"EntryPoint","urlTemplate":"https:\/\/www.eldiario.net\/portal\/?s={search_term_string}"},"query-input":{"@type":"PropertyValueSpecification","valueRequired":true,"valueName":"search_term_string"}}],"inLanguage":"es"},{"@type":"Organization","@id":"https:\/\/www.eldiario.net\/portal\/#organization","name":"El Diario - Decano de la prensa nacional","url":"https:\/\/www.eldiario.net\/portal\/","logo":{"@type":"ImageObject","inLanguage":"es","@id":"https:\/\/www.eldiario.net\/portal\/#\/schema\/logo\/image\/","url":"https:\/\/www.eldiario.net\/portal\/wp-content\/uploads\/2023\/07\/logo_ED.jpg","contentUrl":"https:\/\/www.eldiario.net\/portal\/wp-content\/uploads\/2023\/07\/logo_ED.jpg","width":272,"height":52,"caption":"El Diario - Decano de la prensa nacional"},"image":{"@id":"https:\/\/www.eldiario.net\/portal\/#\/schema\/logo\/image\/"},"sameAs":["https:\/\/www.facebook.com\/eldiario.bolivia\/","https:\/\/x.com\/eldiario_net"]},{"@type":"Person","@id":"https:\/\/www.eldiario.net\/portal\/#\/schema\/person\/f46445640444750d7d753ccd04ae01b7","name":"Jeanette","image":{"@type":"ImageObject","inLanguage":"es","@id":"https:\/\/secure.gravatar.com\/avatar\/3ea2118a5f7dad2b7138b1187a6b7ee55f160b9968b66013c3a3ef39dd7e5798?s=96&d=mm&r=g","url":"https:\/\/secure.gravatar.com\/avatar\/3ea2118a5f7dad2b7138b1187a6b7ee55f160b9968b66013c3a3ef39dd7e5798?s=96&d=mm&r=g","contentUrl":"https:\/\/secure.gravatar.com\/avatar\/3ea2118a5f7dad2b7138b1187a6b7ee55f160b9968b66013c3a3ef39dd7e5798?s=96&d=mm&r=g","caption":"Jeanette"},"sameAs":["https:\/\/www.eldiario.net\/portal"],"url":"https:\/\/www.eldiario.net\/portal\/author\/jeanette\/"}]}},"_links":{"self":[{"href":"https:\/\/www.eldiario.net\/portal\/wp-json\/wp\/v2\/posts\/55697","targetHints":{"allow":["GET"]}}],"collection":[{"href":"https:\/\/www.eldiario.net\/portal\/wp-json\/wp\/v2\/posts"}],"about":[{"href":"https:\/\/www.eldiario.net\/portal\/wp-json\/wp\/v2\/types\/post"}],"author":[{"embeddable":true,"href":"https:\/\/www.eldiario.net\/portal\/wp-json\/wp\/v2\/users\/1"}],"replies":[{"embeddable":true,"href":"https:\/\/www.eldiario.net\/portal\/wp-json\/wp\/v2\/comments?post=55697"}],"version-history":[{"count":0,"href":"https:\/\/www.eldiario.net\/portal\/wp-json\/wp\/v2\/posts\/55697\/revisions"}],"wp:attachment":[{"href":"https:\/\/www.eldiario.net\/portal\/wp-json\/wp\/v2\/media?parent=55697"}],"wp:term":[{"taxonomy":"category","embeddable":true,"href":"https:\/\/www.eldiario.net\/portal\/wp-json\/wp\/v2\/categories?post=55697"},{"taxonomy":"post_tag","embeddable":true,"href":"https:\/\/www.eldiario.net\/portal\/wp-json\/wp\/v2\/tags?post=55697"}],"curies":[{"name":"wp","href":"https:\/\/api.w.org\/{rel}","templated":true}]}}