{"id":55693,"date":"2022-01-12T05:20:32","date_gmt":"2022-01-12T09:20:32","guid":{"rendered":"https:\/\/www.eldiario.net\/portal\/?p=55693"},"modified":"2022-01-12T05:20:32","modified_gmt":"2022-01-12T09:20:32","slug":"centro-de-vacunacion-atendera-6-mil-personas-en-campo-ferial","status":"publish","type":"post","link":"https:\/\/www.eldiario.net\/portal\/2022\/01\/12\/centro-de-vacunacion-atendera-6-mil-personas-en-campo-ferial\/","title":{"rendered":"Centro de vacunaci\u00f3n atender\u00e1  6 mil personas en campo ferial"},"content":{"rendered":"<p>El Centro Masivo de Vacunaci\u00f3n Alalay, ubicado en el campo ferial de la ciudad de Cochabamba, comenz\u00f3 a funcionar y tiene una capacidad de inocular contra el covid-19 a 6.000 por d\u00eda, adem\u00e1s de realizar toma de muestras para an\u00e1lisis de ant\u00edgeno nasal, inform\u00f3 la Alcald\u00eda de la ciudad del valle.<br \/>\nLa habilitaci\u00f3n de este punto masivo de inoculaci\u00f3n contra el coronavirus se debi\u00f3 al incremento de contagios en el municipio y con el af\u00e1n de brindar un espacio de mayor amplitud para la atenci\u00f3n a la poblaci\u00f3n evitando aglomeraciones.<br \/>\nEl alcalde de Cochabamba, Manfred Reyes Villa, realiz\u00f3 una inspecci\u00f3n del lugar y pidi\u00f3 a la poblaci\u00f3n asistir a vacunarse ya que se ha visto la importancia de la vacuna y sus efectos positivos para disminuir la letalidad en esta cuarta ola.<br \/>\n\u201cSe ve que, con la vacunaci\u00f3n, hay una menor cantidad de decesos, eso quiere decir que est\u00e1 haciendo efecto, porque si no tuvi\u00e9ramos a la poblaci\u00f3n vacunada y con la cantidad de contagios que tenemos, en el municipio seguramente los datos de incidencia ser\u00edan mucho m\u00e1s altos\u201d, dijo Reyes Villa.<br \/>\nEn tanto, el secretario de Salud, An\u00edbal Cruz, indic\u00f3 que se cuenta con una capacidad de colocar 6.000 vacunas por d\u00eda, de la misma forma, un n\u00famero similar de pruebas de ant\u00edgeno nasal.<br \/>\n\u201cEn el pabell\u00f3n Bicentenario, para la vacunaci\u00f3n tenemos 20 cub\u00edculos habilitados y para las pruebas de ant\u00edgeno nasal tenemos 5 brigadas habilitadas, esto facilita la circulaci\u00f3n en las filas\u201d, coment\u00f3 Cruz.<br \/>\nAgreg\u00f3 que si fuera necesario, se habilitar\u00e1 otro pabell\u00f3n para atender a la poblaci\u00f3n y aumentar a 12,000 vacunas por d\u00eda.<br \/>\nLa atenci\u00f3n en el Centro Masivo de Vacunaci\u00f3n Alalay del Campo Ferial ser\u00e1 a partir de las 8:00 hasta las 18:00 horas. (Cochabamba, EL DIARIO y agencias)<\/p>\n<figure id=\"attachment_55695\" aria-describedby=\"caption-attachment-55695\" style=\"width: 300px\" class=\"wp-caption aligncenter\"><a href=\"https:\/\/www.eldiario.net\/portal\/wp-content\/uploads\/2022\/01\/11-NAL-2.jpg\"><img loading=\"lazy\" decoding=\"async\" class=\"size-medium wp-image-55695\" src=\"https:\/\/www.eldiario.net\/portal\/wp-content\/uploads\/2022\/01\/11-NAL-2-300x200.jpg\" alt=\"\" width=\"300\" height=\"200\" \/><\/a><figcaption id=\"caption-attachment-55695\" class=\"wp-caption-text\">TOMA DE MUESTRA PARA PRUEBA DE ANT\u00cdGENO NASAL.<\/figcaption><\/figure>\n","protected":false},"excerpt":{"rendered":"<p>El Centro Masivo de Vacunaci\u00f3n Alalay, ubicado en el campo ferial de la ciudad de Cochabamba, comenz\u00f3 a funcionar y tiene una capacidad de inocular contra el covid-19 a 6.000 por d\u00eda, adem\u00e1s de realizar toma de muestras para an\u00e1lisis de ant\u00edgeno nasal, inform\u00f3 la Alcald\u00eda de la ciudad del valle. La habilitaci\u00f3n de este [&hellip;]<\/p>\n","protected":false},"author":1,"featured_media":55694,"comment_status":"closed","ping_status":"closed","sticky":false,"template":"","format":"standard","meta":{"_acf_changed":false,"footnotes":""},"categories":[12],"tags":[],"class_list":["post-55693","post","type-post","status-publish","format-standard","has-post-thumbnail","category-nacional"],"acf":{"antetitulo":""},"yoast_head":"<!-- This site is optimized with the Yoast SEO plugin v28.3 - https:\/\/yoast.com\/product\/yoast-seo-wordpress\/ -->\n<title>Centro de vacunaci\u00f3n atender\u00e1 6 mil personas en campo ferial - El Diario - Bolivia<\/title>\n<meta name=\"robots\" content=\"index, follow, max-snippet:-1, max-image-preview:large, max-video-preview:-1\" \/>\n<link rel=\"canonical\" href=\"https:\/\/www.eldiario.net\/portal\/2022\/01\/12\/centro-de-vacunacion-atendera-6-mil-personas-en-campo-ferial\/\" \/>\n<meta property=\"og:locale\" content=\"es_ES\" \/>\n<meta property=\"og:type\" content=\"article\" \/>\n<meta property=\"og:title\" content=\"Centro de vacunaci\u00f3n atender\u00e1 6 mil personas en campo ferial - El Diario - Bolivia\" \/>\n<meta property=\"og:description\" content=\"El Centro Masivo de Vacunaci\u00f3n Alalay, ubicado en el campo ferial de la ciudad de Cochabamba, comenz\u00f3 a funcionar y tiene una capacidad de inocular contra el covid-19 a 6.000 por d\u00eda, adem\u00e1s de realizar toma de muestras para an\u00e1lisis de ant\u00edgeno nasal, inform\u00f3 la Alcald\u00eda de la ciudad del valle. La habilitaci\u00f3n de este [&hellip;]\" \/>\n<meta property=\"og:url\" content=\"https:\/\/www.eldiario.net\/portal\/2022\/01\/12\/centro-de-vacunacion-atendera-6-mil-personas-en-campo-ferial\/\" \/>\n<meta property=\"og:site_name\" content=\"El Diario - Bolivia\" \/>\n<meta property=\"article:publisher\" content=\"https:\/\/www.facebook.com\/eldiario.bolivia\/\" \/>\n<meta property=\"article:published_time\" content=\"2022-01-12T09:20:32+00:00\" \/>\n<meta property=\"og:image\" content=\"https:\/\/www.eldiario.net\/portal\/wp-content\/uploads\/2022\/01\/10-NAL-4.jpg\" \/>\n\t<meta property=\"og:image:width\" content=\"1280\" \/>\n\t<meta property=\"og:image:height\" content=\"853\" \/>\n\t<meta property=\"og:image:type\" content=\"image\/jpeg\" \/>\n<meta name=\"author\" content=\"Jeanette\" \/>\n<meta name=\"twitter:card\" content=\"summary_large_image\" \/>\n<meta name=\"twitter:creator\" content=\"@eldiario_net\" \/>\n<meta name=\"twitter:site\" content=\"@eldiario_net\" \/>\n<meta name=\"twitter:label1\" content=\"Escrito por\" \/>\n\t<meta name=\"twitter:data1\" content=\"Jeanette\" \/>\n\t<meta name=\"twitter:label2\" content=\"Tiempo de lectura\" \/>\n\t<meta name=\"twitter:data2\" content=\"2 minutos\" \/>\n<script type=\"application\/ld+json\" class=\"yoast-schema-graph\">{\"@context\":\"https:\\\/\\\/schema.org\",\"@graph\":[{\"@type\":\"Article\",\"@id\":\"https:\\\/\\\/www.eldiario.net\\\/portal\\\/2022\\\/01\\\/12\\\/centro-de-vacunacion-atendera-6-mil-personas-en-campo-ferial\\\/#article\",\"isPartOf\":{\"@id\":\"https:\\\/\\\/www.eldiario.net\\\/portal\\\/2022\\\/01\\\/12\\\/centro-de-vacunacion-atendera-6-mil-personas-en-campo-ferial\\\/\"},\"author\":{\"name\":\"Jeanette\",\"@id\":\"https:\\\/\\\/www.eldiario.net\\\/portal\\\/#\\\/schema\\\/person\\\/f46445640444750d7d753ccd04ae01b7\"},\"headline\":\"Centro de vacunaci\u00f3n atender\u00e1 6 mil personas en campo ferial\",\"datePublished\":\"2022-01-12T09:20:32+00:00\",\"mainEntityOfPage\":{\"@id\":\"https:\\\/\\\/www.eldiario.net\\\/portal\\\/2022\\\/01\\\/12\\\/centro-de-vacunacion-atendera-6-mil-personas-en-campo-ferial\\\/\"},\"wordCount\":345,\"publisher\":{\"@id\":\"https:\\\/\\\/www.eldiario.net\\\/portal\\\/#organization\"},\"image\":{\"@id\":\"https:\\\/\\\/www.eldiario.net\\\/portal\\\/2022\\\/01\\\/12\\\/centro-de-vacunacion-atendera-6-mil-personas-en-campo-ferial\\\/#primaryimage\"},\"thumbnailUrl\":\"https:\\\/\\\/www.eldiario.net\\\/portal\\\/wp-content\\\/uploads\\\/2022\\\/01\\\/10-NAL-4.jpg\",\"articleSection\":[\"Nacional\"],\"inLanguage\":\"es\"},{\"@type\":\"WebPage\",\"@id\":\"https:\\\/\\\/www.eldiario.net\\\/portal\\\/2022\\\/01\\\/12\\\/centro-de-vacunacion-atendera-6-mil-personas-en-campo-ferial\\\/\",\"url\":\"https:\\\/\\\/www.eldiario.net\\\/portal\\\/2022\\\/01\\\/12\\\/centro-de-vacunacion-atendera-6-mil-personas-en-campo-ferial\\\/\",\"name\":\"Centro de vacunaci\u00f3n atender\u00e1 6 mil personas en campo ferial - El Diario - Bolivia\",\"isPartOf\":{\"@id\":\"https:\\\/\\\/www.eldiario.net\\\/portal\\\/#website\"},\"primaryImageOfPage\":{\"@id\":\"https:\\\/\\\/www.eldiario.net\\\/portal\\\/2022\\\/01\\\/12\\\/centro-de-vacunacion-atendera-6-mil-personas-en-campo-ferial\\\/#primaryimage\"},\"image\":{\"@id\":\"https:\\\/\\\/www.eldiario.net\\\/portal\\\/2022\\\/01\\\/12\\\/centro-de-vacunacion-atendera-6-mil-personas-en-campo-ferial\\\/#primaryimage\"},\"thumbnailUrl\":\"https:\\\/\\\/www.eldiario.net\\\/portal\\\/wp-content\\\/uploads\\\/2022\\\/01\\\/10-NAL-4.jpg\",\"datePublished\":\"2022-01-12T09:20:32+00:00\",\"breadcrumb\":{\"@id\":\"https:\\\/\\\/www.eldiario.net\\\/portal\\\/2022\\\/01\\\/12\\\/centro-de-vacunacion-atendera-6-mil-personas-en-campo-ferial\\\/#breadcrumb\"},\"inLanguage\":\"es\",\"potentialAction\":[{\"@type\":\"ReadAction\",\"target\":[\"https:\\\/\\\/www.eldiario.net\\\/portal\\\/2022\\\/01\\\/12\\\/centro-de-vacunacion-atendera-6-mil-personas-en-campo-ferial\\\/\"]}]},{\"@type\":\"ImageObject\",\"inLanguage\":\"es\",\"@id\":\"https:\\\/\\\/www.eldiario.net\\\/portal\\\/2022\\\/01\\\/12\\\/centro-de-vacunacion-atendera-6-mil-personas-en-campo-ferial\\\/#primaryimage\",\"url\":\"https:\\\/\\\/www.eldiario.net\\\/portal\\\/wp-content\\\/uploads\\\/2022\\\/01\\\/10-NAL-4.jpg\",\"contentUrl\":\"https:\\\/\\\/www.eldiario.net\\\/portal\\\/wp-content\\\/uploads\\\/2022\\\/01\\\/10-NAL-4.jpg\",\"width\":1280,\"height\":853,\"caption\":\"UNA PERSONA ES ATENDIDA AYER EN EL NUEVO CENTRO DE VACUNACI\u00d3N MASIVA.\"},{\"@type\":\"BreadcrumbList\",\"@id\":\"https:\\\/\\\/www.eldiario.net\\\/portal\\\/2022\\\/01\\\/12\\\/centro-de-vacunacion-atendera-6-mil-personas-en-campo-ferial\\\/#breadcrumb\",\"itemListElement\":[{\"@type\":\"ListItem\",\"position\":1,\"name\":\"Portada\",\"item\":\"https:\\\/\\\/www.eldiario.net\\\/portal\\\/\"},{\"@type\":\"ListItem\",\"position\":2,\"name\":\"Centro de vacunaci\u00f3n atender\u00e1 6 mil personas en campo ferial\"}]},{\"@type\":\"WebSite\",\"@id\":\"https:\\\/\\\/www.eldiario.net\\\/portal\\\/#website\",\"url\":\"https:\\\/\\\/www.eldiario.net\\\/portal\\\/\",\"name\":\"El Diario - Decano de la prensa nacional\",\"description\":\"El Diario - Decano de la prensa nacional\",\"publisher\":{\"@id\":\"https:\\\/\\\/www.eldiario.net\\\/portal\\\/#organization\"},\"potentialAction\":[{\"@type\":\"SearchAction\",\"target\":{\"@type\":\"EntryPoint\",\"urlTemplate\":\"https:\\\/\\\/www.eldiario.net\\\/portal\\\/?s={search_term_string}\"},\"query-input\":{\"@type\":\"PropertyValueSpecification\",\"valueRequired\":true,\"valueName\":\"search_term_string\"}}],\"inLanguage\":\"es\"},{\"@type\":\"Organization\",\"@id\":\"https:\\\/\\\/www.eldiario.net\\\/portal\\\/#organization\",\"name\":\"El Diario - Decano de la prensa nacional\",\"url\":\"https:\\\/\\\/www.eldiario.net\\\/portal\\\/\",\"logo\":{\"@type\":\"ImageObject\",\"inLanguage\":\"es\",\"@id\":\"https:\\\/\\\/www.eldiario.net\\\/portal\\\/#\\\/schema\\\/logo\\\/image\\\/\",\"url\":\"https:\\\/\\\/www.eldiario.net\\\/portal\\\/wp-content\\\/uploads\\\/2023\\\/07\\\/logo_ED.jpg\",\"contentUrl\":\"https:\\\/\\\/www.eldiario.net\\\/portal\\\/wp-content\\\/uploads\\\/2023\\\/07\\\/logo_ED.jpg\",\"width\":272,\"height\":52,\"caption\":\"El Diario - Decano de la prensa nacional\"},\"image\":{\"@id\":\"https:\\\/\\\/www.eldiario.net\\\/portal\\\/#\\\/schema\\\/logo\\\/image\\\/\"},\"sameAs\":[\"https:\\\/\\\/www.facebook.com\\\/eldiario.bolivia\\\/\",\"https:\\\/\\\/x.com\\\/eldiario_net\"]},{\"@type\":\"Person\",\"@id\":\"https:\\\/\\\/www.eldiario.net\\\/portal\\\/#\\\/schema\\\/person\\\/f46445640444750d7d753ccd04ae01b7\",\"name\":\"Jeanette\",\"image\":{\"@type\":\"ImageObject\",\"inLanguage\":\"es\",\"@id\":\"https:\\\/\\\/secure.gravatar.com\\\/avatar\\\/3ea2118a5f7dad2b7138b1187a6b7ee55f160b9968b66013c3a3ef39dd7e5798?s=96&d=mm&r=g\",\"url\":\"https:\\\/\\\/secure.gravatar.com\\\/avatar\\\/3ea2118a5f7dad2b7138b1187a6b7ee55f160b9968b66013c3a3ef39dd7e5798?s=96&d=mm&r=g\",\"contentUrl\":\"https:\\\/\\\/secure.gravatar.com\\\/avatar\\\/3ea2118a5f7dad2b7138b1187a6b7ee55f160b9968b66013c3a3ef39dd7e5798?s=96&d=mm&r=g\",\"caption\":\"Jeanette\"},\"sameAs\":[\"https:\\\/\\\/www.eldiario.net\\\/portal\"],\"url\":\"https:\\\/\\\/www.eldiario.net\\\/portal\\\/author\\\/jeanette\\\/\"}]}<\/script>\n<!-- \/ Yoast SEO plugin. -->","yoast_head_json":{"title":"Centro de vacunaci\u00f3n atender\u00e1 6 mil personas en campo ferial - El Diario - Bolivia","robots":{"index":"index","follow":"follow","max-snippet":"max-snippet:-1","max-image-preview":"max-image-preview:large","max-video-preview":"max-video-preview:-1"},"canonical":"https:\/\/www.eldiario.net\/portal\/2022\/01\/12\/centro-de-vacunacion-atendera-6-mil-personas-en-campo-ferial\/","og_locale":"es_ES","og_type":"article","og_title":"Centro de vacunaci\u00f3n atender\u00e1 6 mil personas en campo ferial - El Diario - Bolivia","og_description":"El Centro Masivo de Vacunaci\u00f3n Alalay, ubicado en el campo ferial de la ciudad de Cochabamba, comenz\u00f3 a funcionar y tiene una capacidad de inocular contra el covid-19 a 6.000 por d\u00eda, adem\u00e1s de realizar toma de muestras para an\u00e1lisis de ant\u00edgeno nasal, inform\u00f3 la Alcald\u00eda de la ciudad del valle. La habilitaci\u00f3n de este [&hellip;]","og_url":"https:\/\/www.eldiario.net\/portal\/2022\/01\/12\/centro-de-vacunacion-atendera-6-mil-personas-en-campo-ferial\/","og_site_name":"El Diario - Bolivia","article_publisher":"https:\/\/www.facebook.com\/eldiario.bolivia\/","article_published_time":"2022-01-12T09:20:32+00:00","og_image":[{"width":1280,"height":853,"url":"https:\/\/www.eldiario.net\/portal\/wp-content\/uploads\/2022\/01\/10-NAL-4.jpg","type":"image\/jpeg"}],"author":"Jeanette","twitter_card":"summary_large_image","twitter_creator":"@eldiario_net","twitter_site":"@eldiario_net","twitter_misc":{"Escrito por":"Jeanette","Tiempo de lectura":"2 minutos"},"schema":{"@context":"https:\/\/schema.org","@graph":[{"@type":"Article","@id":"https:\/\/www.eldiario.net\/portal\/2022\/01\/12\/centro-de-vacunacion-atendera-6-mil-personas-en-campo-ferial\/#article","isPartOf":{"@id":"https:\/\/www.eldiario.net\/portal\/2022\/01\/12\/centro-de-vacunacion-atendera-6-mil-personas-en-campo-ferial\/"},"author":{"name":"Jeanette","@id":"https:\/\/www.eldiario.net\/portal\/#\/schema\/person\/f46445640444750d7d753ccd04ae01b7"},"headline":"Centro de vacunaci\u00f3n atender\u00e1 6 mil personas en campo ferial","datePublished":"2022-01-12T09:20:32+00:00","mainEntityOfPage":{"@id":"https:\/\/www.eldiario.net\/portal\/2022\/01\/12\/centro-de-vacunacion-atendera-6-mil-personas-en-campo-ferial\/"},"wordCount":345,"publisher":{"@id":"https:\/\/www.eldiario.net\/portal\/#organization"},"image":{"@id":"https:\/\/www.eldiario.net\/portal\/2022\/01\/12\/centro-de-vacunacion-atendera-6-mil-personas-en-campo-ferial\/#primaryimage"},"thumbnailUrl":"https:\/\/www.eldiario.net\/portal\/wp-content\/uploads\/2022\/01\/10-NAL-4.jpg","articleSection":["Nacional"],"inLanguage":"es"},{"@type":"WebPage","@id":"https:\/\/www.eldiario.net\/portal\/2022\/01\/12\/centro-de-vacunacion-atendera-6-mil-personas-en-campo-ferial\/","url":"https:\/\/www.eldiario.net\/portal\/2022\/01\/12\/centro-de-vacunacion-atendera-6-mil-personas-en-campo-ferial\/","name":"Centro de vacunaci\u00f3n atender\u00e1 6 mil personas en campo ferial - El Diario - Bolivia","isPartOf":{"@id":"https:\/\/www.eldiario.net\/portal\/#website"},"primaryImageOfPage":{"@id":"https:\/\/www.eldiario.net\/portal\/2022\/01\/12\/centro-de-vacunacion-atendera-6-mil-personas-en-campo-ferial\/#primaryimage"},"image":{"@id":"https:\/\/www.eldiario.net\/portal\/2022\/01\/12\/centro-de-vacunacion-atendera-6-mil-personas-en-campo-ferial\/#primaryimage"},"thumbnailUrl":"https:\/\/www.eldiario.net\/portal\/wp-content\/uploads\/2022\/01\/10-NAL-4.jpg","datePublished":"2022-01-12T09:20:32+00:00","breadcrumb":{"@id":"https:\/\/www.eldiario.net\/portal\/2022\/01\/12\/centro-de-vacunacion-atendera-6-mil-personas-en-campo-ferial\/#breadcrumb"},"inLanguage":"es","potentialAction":[{"@type":"ReadAction","target":["https:\/\/www.eldiario.net\/portal\/2022\/01\/12\/centro-de-vacunacion-atendera-6-mil-personas-en-campo-ferial\/"]}]},{"@type":"ImageObject","inLanguage":"es","@id":"https:\/\/www.eldiario.net\/portal\/2022\/01\/12\/centro-de-vacunacion-atendera-6-mil-personas-en-campo-ferial\/#primaryimage","url":"https:\/\/www.eldiario.net\/portal\/wp-content\/uploads\/2022\/01\/10-NAL-4.jpg","contentUrl":"https:\/\/www.eldiario.net\/portal\/wp-content\/uploads\/2022\/01\/10-NAL-4.jpg","width":1280,"height":853,"caption":"UNA PERSONA ES ATENDIDA AYER EN EL NUEVO CENTRO DE VACUNACI\u00d3N MASIVA."},{"@type":"BreadcrumbList","@id":"https:\/\/www.eldiario.net\/portal\/2022\/01\/12\/centro-de-vacunacion-atendera-6-mil-personas-en-campo-ferial\/#breadcrumb","itemListElement":[{"@type":"ListItem","position":1,"name":"Portada","item":"https:\/\/www.eldiario.net\/portal\/"},{"@type":"ListItem","position":2,"name":"Centro de vacunaci\u00f3n atender\u00e1 6 mil personas en campo ferial"}]},{"@type":"WebSite","@id":"https:\/\/www.eldiario.net\/portal\/#website","url":"https:\/\/www.eldiario.net\/portal\/","name":"El Diario - Decano de la prensa nacional","description":"El Diario - Decano de la prensa nacional","publisher":{"@id":"https:\/\/www.eldiario.net\/portal\/#organization"},"potentialAction":[{"@type":"SearchAction","target":{"@type":"EntryPoint","urlTemplate":"https:\/\/www.eldiario.net\/portal\/?s={search_term_string}"},"query-input":{"@type":"PropertyValueSpecification","valueRequired":true,"valueName":"search_term_string"}}],"inLanguage":"es"},{"@type":"Organization","@id":"https:\/\/www.eldiario.net\/portal\/#organization","name":"El Diario - Decano de la prensa nacional","url":"https:\/\/www.eldiario.net\/portal\/","logo":{"@type":"ImageObject","inLanguage":"es","@id":"https:\/\/www.eldiario.net\/portal\/#\/schema\/logo\/image\/","url":"https:\/\/www.eldiario.net\/portal\/wp-content\/uploads\/2023\/07\/logo_ED.jpg","contentUrl":"https:\/\/www.eldiario.net\/portal\/wp-content\/uploads\/2023\/07\/logo_ED.jpg","width":272,"height":52,"caption":"El Diario - Decano de la prensa nacional"},"image":{"@id":"https:\/\/www.eldiario.net\/portal\/#\/schema\/logo\/image\/"},"sameAs":["https:\/\/www.facebook.com\/eldiario.bolivia\/","https:\/\/x.com\/eldiario_net"]},{"@type":"Person","@id":"https:\/\/www.eldiario.net\/portal\/#\/schema\/person\/f46445640444750d7d753ccd04ae01b7","name":"Jeanette","image":{"@type":"ImageObject","inLanguage":"es","@id":"https:\/\/secure.gravatar.com\/avatar\/3ea2118a5f7dad2b7138b1187a6b7ee55f160b9968b66013c3a3ef39dd7e5798?s=96&d=mm&r=g","url":"https:\/\/secure.gravatar.com\/avatar\/3ea2118a5f7dad2b7138b1187a6b7ee55f160b9968b66013c3a3ef39dd7e5798?s=96&d=mm&r=g","contentUrl":"https:\/\/secure.gravatar.com\/avatar\/3ea2118a5f7dad2b7138b1187a6b7ee55f160b9968b66013c3a3ef39dd7e5798?s=96&d=mm&r=g","caption":"Jeanette"},"sameAs":["https:\/\/www.eldiario.net\/portal"],"url":"https:\/\/www.eldiario.net\/portal\/author\/jeanette\/"}]}},"_links":{"self":[{"href":"https:\/\/www.eldiario.net\/portal\/wp-json\/wp\/v2\/posts\/55693","targetHints":{"allow":["GET"]}}],"collection":[{"href":"https:\/\/www.eldiario.net\/portal\/wp-json\/wp\/v2\/posts"}],"about":[{"href":"https:\/\/www.eldiario.net\/portal\/wp-json\/wp\/v2\/types\/post"}],"author":[{"embeddable":true,"href":"https:\/\/www.eldiario.net\/portal\/wp-json\/wp\/v2\/users\/1"}],"replies":[{"embeddable":true,"href":"https:\/\/www.eldiario.net\/portal\/wp-json\/wp\/v2\/comments?post=55693"}],"version-history":[{"count":0,"href":"https:\/\/www.eldiario.net\/portal\/wp-json\/wp\/v2\/posts\/55693\/revisions"}],"wp:featuredmedia":[{"embeddable":true,"href":"https:\/\/www.eldiario.net\/portal\/wp-json\/wp\/v2\/media\/55694"}],"wp:attachment":[{"href":"https:\/\/www.eldiario.net\/portal\/wp-json\/wp\/v2\/media?parent=55693"}],"wp:term":[{"taxonomy":"category","embeddable":true,"href":"https:\/\/www.eldiario.net\/portal\/wp-json\/wp\/v2\/categories?post=55693"},{"taxonomy":"post_tag","embeddable":true,"href":"https:\/\/www.eldiario.net\/portal\/wp-json\/wp\/v2\/tags?post=55693"}],"curies":[{"name":"wp","href":"https:\/\/api.w.org\/{rel}","templated":true}]}}