{"id":55675,"date":"2022-01-12T05:16:24","date_gmt":"2022-01-12T09:16:24","guid":{"rendered":"https:\/\/www.eldiario.net\/portal\/?p=55675"},"modified":"2022-01-12T05:16:24","modified_gmt":"2022-01-12T09:16:24","slug":"diferencias-entre-pruebas-pcr-y-antigenos-nasales","status":"publish","type":"post","link":"https:\/\/www.eldiario.net\/portal\/2022\/01\/12\/diferencias-entre-pruebas-pcr-y-antigenos-nasales\/","title":{"rendered":"Diferencias entre pruebas  PCR y ant\u00edgenos nasales"},"content":{"rendered":"<p>Ante el avance de la variante \u00f3micron es uno de los principales factores detr\u00e1s del impresionante aumento en el n\u00famero de nuevos casos de covid-19 registrados en varios pa\u00edses, BBC Mundo indag\u00f3 las diferencias de pruebas PCR y ant\u00edgenos nasales para comprobar si se contrajo el virus.<br \/>\nPero, \u00bfqu\u00e9 puede hacer una persona que tiene s\u00edntomas de covid-19, como fiebre, tos, cansancio, p\u00e9rdida del gusto u olfato, dolor y diarrea, para saber si tiene la enfermedad? \u00bfQu\u00e9 ex\u00e1menes est\u00e1n indicados?<br \/>\nRT-PCR es de alto grado de confianza, pero el resultado demora, seg\u00fan expertos. Esta prueba es considerada el \u00abest\u00e1ndar de oro\u00bb por la Organizaci\u00f3n Mundial de la Salud (OMS).<br \/>\nEn la pr\u00e1ctica, significa que brinda los resultados m\u00e1s confiables y define si un individuo tiene covid-19 o no.<br \/>\nRealizada con un hisopado nasal y oral, en el que se frota un hisopo de algod\u00f3n flexible en la punta en la parte posterior de la nariz y la boca para recolectar una muestra del paciente, esta prueba puede detectar la presencia del material gen\u00e9tico del coronavirus.<br \/>\nLos laboratorios aconsejaron que la muestra se tome entre el tercer y el s\u00e9ptimo d\u00eda despu\u00e9s de la aparici\u00f3n de los s\u00edntomas.<br \/>\nEsto se debe a que la RT-PCR detecta el ARN (el material gen\u00e9tico del virus), y esa ventana de tiempo es el per\u00edodo de la infecci\u00f3n cuando hay mayor actividad viral y es m\u00e1s f\u00e1cil hallar el causante de covid-19 en el fondo de la garganta.<br \/>\nSin embargo, en algunos casos, el m\u00e9dico puede indicar que esta prueba se realice el primer o incluso el d\u00e9cimo d\u00eda de s\u00edntomas.<br \/>\nA pesar del alto grado de confiabilidad, esta opci\u00f3n tambi\u00e9n tiene algunas desventajas: es m\u00e1s cara y el informe con resultados puede tardar m\u00e1s de un d\u00eda en estar listo.<br \/>\n\u00abAdem\u00e1s, la RT-PCR es un m\u00e9todo que requiere profesionales altamente capacitados y equipos de alta complejidad, que no est\u00e1n f\u00e1cilmente disponibles en todos los laboratorios\u00bb, afirm\u00f3 el pat\u00f3logo Wilson Shcolnik, presidente de la junta directiva de la Asociaci\u00f3n Brasile\u00f1a de Medicina Diagn\u00f3stica (Abramed).<br \/>\nA\u00fan en el campo de las pruebas moleculares, algunos laboratorios y farmacias tambi\u00e9n ofrecen el PCR-Lamp. Tambi\u00e9n investiga la presencia de ARN viral en saliva, pero su resultado no se considera tan preciso como el obtenido en RT-PCR.<br \/>\n\u00abEl Lamp puede ser una buena alternativa cuando no se dispone de RT-PCR\u00bb, sugiri\u00f3 Shcolnik.<br \/>\nOtra opci\u00f3n, que se ha vuelto m\u00e1s popular recientemente con la epidemia de gripe H3N2, se llama paneles virales.<br \/>\nEstas pruebas son capaces de analizar y diferenciar si la persona est\u00e1 infectada por coronavirus, influenza (que causa gripe) y virus respiratorio sincitial (una de las causas del resfriado), entre otros pat\u00f3genos.<br \/>\nAnt\u00edgenos: resultados menos seguros, pero la accesibilidad pesa a favor<br \/>\nTambi\u00e9n conocida como prueba r\u00e1pida, las agencias de salud y los expertos consideran este m\u00e9todo \u00abmenos sensible\u00bb.<br \/>\nEn otras palabras, esto significa que sus resultados son un poco menos fiables en comparaci\u00f3n con la RT-PCR.<br \/>\nLa tasa de falsos negativos, cuando la prueba dice que la persona no est\u00e1 infectada con el virus del covid-19 pero en realidad tiene la enfermedad, es ligeramente m\u00e1s alta en las pruebas de ant\u00edgenos.<br \/>\nPara aliviar este grado de incertidumbre, muchos sitios e instituciones recomiendan repetir la prueba de ant\u00edgenos durante varios d\u00edas consecutivos (a veces durante toda una semana).<br \/>\nAs\u00ed, es posible garantizar la detecci\u00f3n del coronavirus en alguna etapa del proceso infeccioso, si realmente se encuentra en el cuerpo de ese individuo.<br \/>\nEntre sus ventajas, se puede destacar el menor precio y la rapidez del resultado -como ya lo dice el nombre popular de este m\u00e9todo-, es posible saber si la prueba es positiva o negativa en 15 a 30 minutos.<br \/>\n\u00abLas pruebas de ant\u00edgenos son capaces de entregar el resultado en un plazo m\u00e1s corto, sin necesidad de centralizar muestras e informes. Pueden ser de gran utilidad en una situaci\u00f3n de alta demanda\u00bb, se\u00f1al\u00f3 la infect\u00f3loga Carolina Santos L\u00e1zari, del Grupo Fleury, un grupo privado de medicina diagn\u00f3stica.<br \/>\n\u00abEstas pruebas brindan un apoyo importante para un diagn\u00f3stico temprano y r\u00e1pido, capaz de interrumpir las cadenas de transmisi\u00f3n del virus en la comunidad\u00bb, agreg\u00f3 la m\u00e9dica.<br \/>\nEste examen tambi\u00e9n se realiza con el hisopado nasal y oral, que recoge el material en la parte posterior de la boca y la nariz.<br \/>\nA diferencia de la RT-PCR, que eval\u00faa la presencia de material gen\u00e9tico, la prueba de ant\u00edgeno busca la prote\u00edna N en la muestra.<br \/>\nL\u00e1zari explic\u00f3 que la \u00abN\u00bb proviene de la nucleoc\u00e1pside, una de las estructuras que componen el coronavirus.<br \/>\nAqu\u00ed, nuevamente, hay una ventana ideal para realizar la prueba: para una mayor precisi\u00f3n en el resultado, debe realizarse tres d\u00edas despu\u00e9s del inicio de los s\u00edntomas.<br \/>\n\u00abEste tiempo de espera es deseable porque el paciente puede tener una carga viral menor en los primeros d\u00edas, lo que reduce la sensibilidad de la prueba de ant\u00edgeno y puede conducir a un resultado falso negativo\u00bb, explic\u00f3 el infect\u00f3logo Alberto Chebabo, de Dasa, una red de laboratorios, hospitales y otros servicios de salud privados.<br \/>\n\u00abEs decir, si el individuo se somete a una prueba de ant\u00edgeno tan pronto como siente los primeros s\u00edntomas y el resultado es negativo, esto no excluye totalmente la posibilidad de un diagn\u00f3stico posterior de covid-19\u00bb, aclar\u00f3 el m\u00e9dico, quien tambi\u00e9n es director del Hospital Universitario Clementino Fraga Filho, de la Universidad Federal de R\u00edo de Janeiro (UFRJ). (BBC Mundo)<\/p>\n<p><strong>\u00bfCu\u00e1ndo realizarse estudios?<\/strong><\/p>\n<p>B\u00e1sicamente, hay dos situaciones que requieren un examen para diagnosticar o descartar el covid-19.<br \/>\nLa primera es cuando una persona tiene uno o m\u00e1s de los s\u00edntomas t\u00edpicos de la enfermedad, como, fiebre, tos, cansancio, p\u00e9rdida del gusto o el olfato, dolor de garganta, dolor de cabeza, dolor en el cuerpo, diarrea e irritaci\u00f3n de la piel o los ojos<br \/>\nAdem\u00e1s, la segunda es cuando la persona ha tenido contacto cercano con alguien que sospecha o ha sido diagnosticado con covid-19.<br \/>\n\u00abAlgunos pa\u00edses tambi\u00e9n tienen pol\u00edticas para distribuir las pruebas como una forma de detecci\u00f3n, con el objetivo de identificar a los pacientes sin s\u00edntomas y aislarlos temprano, antes de que sigan transmitiendo el virus\u00bb, agreg\u00f3 Chebabo.<\/p>\n<p><strong>Recomiendan como proceder antes y despu\u00e9s del examen<\/strong><\/p>\n<p>Si tienes los s\u00edntomas t\u00edpicos de covid-19, lo ideal es permanecer aislado, incluso antes de realizar la prueba, o si no puedes realizar el examen por falta de disponibilidad.<br \/>\nAl evitar el contacto con otras personas, reduces el riesgo de transmitir el virus y crear nuevas cadenas de transmisi\u00f3n entre tus contactos cercanos.<br \/>\nDespu\u00e9s del examen, las recomendaciones de qu\u00e9 hacer depender\u00e1n mucho del resultado.<br \/>\nSi es negativo (es decir, no tienes covid-19), es posible reanudar las actividades, siguiendo las precauciones b\u00e1sicas, como usar mascarillas, evitar aglomeraciones y vacunarte (si no has completado el r\u00e9gimen de dos o tres dosis a\u00fan).<br \/>\nPero record\u00f3 que siempre debes sopesar este resultado, especialmente si has tenido una prueba de ant\u00edgeno, donde el riesgo de un falso negativo es mayor.<br \/>\nEsta precauci\u00f3n debe aumentar si persisten s\u00edntomas que sugieren infecciones respiratorias. Adem\u00e1s del riesgo de falsos negativos, tambi\u00e9n existe la probabilidad de que tengas gripe, otra enfermedad que tambi\u00e9n puede ser muy grave.<br \/>\nEn algunos casos, puede ser necesario repetir el examen unos d\u00edas despu\u00e9s, siguiendo el consejo de un profesional de la salud.<br \/>\nAhora bien, si el resultado es positivo (lo que significa que tienes covid-19), debes tomar otras medidas que protejan tu propia salud y la de todos los que te rodean.<br \/>\nAdem\u00e1s del aislamiento, es importante notificar a los contactos cercanos, monitorear los s\u00edntomas, descansar, mejorar la hidrataci\u00f3n y acudir a un hospital si las molestias empeoran.<\/p>\n<div id='gallery-1' class='gallery galleryid-55675 gallery-columns-3 gallery-size-medium'><figure class='gallery-item'>\n\t\t\t<div class='gallery-icon landscape'>\n\t\t\t\t<a href='https:\/\/www.eldiario.net\/portal\/2022\/01\/12\/diferencias-entre-pruebas-pcr-y-antigenos-nasales\/inter-25-2-68\/'><img loading=\"lazy\" decoding=\"async\" width=\"300\" height=\"169\" src=\"https:\/\/www.eldiario.net\/portal\/wp-content\/uploads\/2022\/01\/Inter-25-2-1-300x169.jpg\" class=\"attachment-medium size-medium\" alt=\"\" aria-describedby=\"gallery-1-55677\" srcset=\"https:\/\/www.eldiario.net\/portal\/wp-content\/uploads\/2022\/01\/Inter-25-2-1-300x169.jpg 300w, https:\/\/www.eldiario.net\/portal\/wp-content\/uploads\/2022\/01\/Inter-25-2-1-768x432.jpg 768w, https:\/\/www.eldiario.net\/portal\/wp-content\/uploads\/2022\/01\/Inter-25-2-1-696x392.jpg 696w, https:\/\/www.eldiario.net\/portal\/wp-content\/uploads\/2022\/01\/Inter-25-2-1.jpg 800w\" sizes=\"auto, (max-width: 300px) 100vw, 300px\" \/><\/a>\n\t\t\t<\/div>\n\t\t\t\t<figcaption class='wp-caption-text gallery-caption' id='gallery-1-55677'>\n\t\t\t\tLA PRUEBA RT-PCR REQUIERE PROFESIONALES BIEN CAPACITADOS Y EQUIPOS M\u00c1S COMPLEJOS. BBC MUNDO\n\t\t\t\t<\/figcaption><\/figure><figure class='gallery-item'>\n\t\t\t<div class='gallery-icon landscape'>\n\t\t\t\t<a href='https:\/\/www.eldiario.net\/portal\/2022\/01\/12\/diferencias-entre-pruebas-pcr-y-antigenos-nasales\/inter-25-3-63\/'><img loading=\"lazy\" decoding=\"async\" width=\"300\" height=\"169\" src=\"https:\/\/www.eldiario.net\/portal\/wp-content\/uploads\/2022\/01\/Inter-25-3-1-300x169.jpg\" class=\"attachment-medium size-medium\" alt=\"\" aria-describedby=\"gallery-1-55678\" srcset=\"https:\/\/www.eldiario.net\/portal\/wp-content\/uploads\/2022\/01\/Inter-25-3-1-300x169.jpg 300w, https:\/\/www.eldiario.net\/portal\/wp-content\/uploads\/2022\/01\/Inter-25-3-1-768x432.jpg 768w, https:\/\/www.eldiario.net\/portal\/wp-content\/uploads\/2022\/01\/Inter-25-3-1-696x392.jpg 696w, https:\/\/www.eldiario.net\/portal\/wp-content\/uploads\/2022\/01\/Inter-25-3-1.jpg 800w\" sizes=\"auto, (max-width: 300px) 100vw, 300px\" \/><\/a>\n\t\t\t<\/div>\n\t\t\t\t<figcaption class='wp-caption-text gallery-caption' id='gallery-1-55678'>\n\t\t\t\tLAS PRUEBAS DE ANT\u00cdGENOS DAN EL RESULTADO EN MENOS DE MEDIA HORA.   BBC MUNDO\n\t\t\t\t<\/figcaption><\/figure>\n\t\t<\/div>\n\n","protected":false},"excerpt":{"rendered":"<p>Ante el avance de la variante \u00f3micron es uno de los principales factores detr\u00e1s del impresionante aumento en el n\u00famero de nuevos casos de covid-19 registrados en varios pa\u00edses, BBC Mundo indag\u00f3 las diferencias de pruebas PCR y ant\u00edgenos nasales para comprobar si se contrajo el virus. Pero, \u00bfqu\u00e9 puede hacer una persona que tiene [&hellip;]<\/p>\n","protected":false},"author":1,"featured_media":55676,"comment_status":"closed","ping_status":"closed","sticky":false,"template":"","format":"standard","meta":{"_acf_changed":false,"footnotes":""},"categories":[3],"tags":[],"class_list":["post-55675","post","type-post","status-publish","format-standard","has-post-thumbnail","category-internacional"],"acf":{"antetitulo":""},"yoast_head":"<!-- This site is optimized with the Yoast SEO plugin v28.3 - https:\/\/yoast.com\/product\/yoast-seo-wordpress\/ -->\n<title>Diferencias entre pruebas PCR y ant\u00edgenos nasales - El Diario - Bolivia<\/title>\n<meta name=\"robots\" content=\"index, follow, max-snippet:-1, max-image-preview:large, max-video-preview:-1\" \/>\n<link rel=\"canonical\" href=\"https:\/\/www.eldiario.net\/portal\/2022\/01\/12\/diferencias-entre-pruebas-pcr-y-antigenos-nasales\/\" \/>\n<meta property=\"og:locale\" content=\"es_ES\" \/>\n<meta property=\"og:type\" content=\"article\" \/>\n<meta property=\"og:title\" content=\"Diferencias entre pruebas PCR y ant\u00edgenos nasales - El Diario - Bolivia\" \/>\n<meta property=\"og:description\" content=\"Ante el avance de la variante \u00f3micron es uno de los principales factores detr\u00e1s del impresionante aumento en el n\u00famero de nuevos casos de covid-19 registrados en varios pa\u00edses, BBC Mundo indag\u00f3 las diferencias de pruebas PCR y ant\u00edgenos nasales para comprobar si se contrajo el virus. Pero, \u00bfqu\u00e9 puede hacer una persona que tiene [&hellip;]\" \/>\n<meta property=\"og:url\" content=\"https:\/\/www.eldiario.net\/portal\/2022\/01\/12\/diferencias-entre-pruebas-pcr-y-antigenos-nasales\/\" \/>\n<meta property=\"og:site_name\" content=\"El Diario - Bolivia\" \/>\n<meta property=\"article:publisher\" content=\"https:\/\/www.facebook.com\/eldiario.bolivia\/\" \/>\n<meta property=\"article:published_time\" content=\"2022-01-12T09:16:24+00:00\" \/>\n<meta name=\"author\" content=\"Jeanette\" \/>\n<meta name=\"twitter:card\" content=\"summary_large_image\" \/>\n<meta name=\"twitter:creator\" content=\"@eldiario_net\" \/>\n<meta name=\"twitter:site\" content=\"@eldiario_net\" \/>\n<meta name=\"twitter:label1\" content=\"Escrito por\" \/>\n\t<meta name=\"twitter:data1\" content=\"Jeanette\" \/>\n\t<meta name=\"twitter:label2\" content=\"Tiempo de lectura\" \/>\n\t<meta name=\"twitter:data2\" content=\"6 minutos\" \/>\n<script type=\"application\/ld+json\" class=\"yoast-schema-graph\">{\"@context\":\"https:\\\/\\\/schema.org\",\"@graph\":[{\"@type\":\"Article\",\"@id\":\"https:\\\/\\\/www.eldiario.net\\\/portal\\\/2022\\\/01\\\/12\\\/diferencias-entre-pruebas-pcr-y-antigenos-nasales\\\/#article\",\"isPartOf\":{\"@id\":\"https:\\\/\\\/www.eldiario.net\\\/portal\\\/2022\\\/01\\\/12\\\/diferencias-entre-pruebas-pcr-y-antigenos-nasales\\\/\"},\"author\":{\"name\":\"Jeanette\",\"@id\":\"https:\\\/\\\/www.eldiario.net\\\/portal\\\/#\\\/schema\\\/person\\\/f46445640444750d7d753ccd04ae01b7\"},\"headline\":\"Diferencias entre pruebas PCR y ant\u00edgenos nasales\",\"datePublished\":\"2022-01-12T09:16:24+00:00\",\"mainEntityOfPage\":{\"@id\":\"https:\\\/\\\/www.eldiario.net\\\/portal\\\/2022\\\/01\\\/12\\\/diferencias-entre-pruebas-pcr-y-antigenos-nasales\\\/\"},\"wordCount\":1392,\"publisher\":{\"@id\":\"https:\\\/\\\/www.eldiario.net\\\/portal\\\/#organization\"},\"image\":{\"@id\":\"https:\\\/\\\/www.eldiario.net\\\/portal\\\/2022\\\/01\\\/12\\\/diferencias-entre-pruebas-pcr-y-antigenos-nasales\\\/#primaryimage\"},\"thumbnailUrl\":\"\",\"articleSection\":[\"Internacional\"],\"inLanguage\":\"es\"},{\"@type\":\"WebPage\",\"@id\":\"https:\\\/\\\/www.eldiario.net\\\/portal\\\/2022\\\/01\\\/12\\\/diferencias-entre-pruebas-pcr-y-antigenos-nasales\\\/\",\"url\":\"https:\\\/\\\/www.eldiario.net\\\/portal\\\/2022\\\/01\\\/12\\\/diferencias-entre-pruebas-pcr-y-antigenos-nasales\\\/\",\"name\":\"Diferencias entre pruebas PCR y ant\u00edgenos nasales - El Diario - Bolivia\",\"isPartOf\":{\"@id\":\"https:\\\/\\\/www.eldiario.net\\\/portal\\\/#website\"},\"primaryImageOfPage\":{\"@id\":\"https:\\\/\\\/www.eldiario.net\\\/portal\\\/2022\\\/01\\\/12\\\/diferencias-entre-pruebas-pcr-y-antigenos-nasales\\\/#primaryimage\"},\"image\":{\"@id\":\"https:\\\/\\\/www.eldiario.net\\\/portal\\\/2022\\\/01\\\/12\\\/diferencias-entre-pruebas-pcr-y-antigenos-nasales\\\/#primaryimage\"},\"thumbnailUrl\":\"\",\"datePublished\":\"2022-01-12T09:16:24+00:00\",\"breadcrumb\":{\"@id\":\"https:\\\/\\\/www.eldiario.net\\\/portal\\\/2022\\\/01\\\/12\\\/diferencias-entre-pruebas-pcr-y-antigenos-nasales\\\/#breadcrumb\"},\"inLanguage\":\"es\",\"potentialAction\":[{\"@type\":\"ReadAction\",\"target\":[\"https:\\\/\\\/www.eldiario.net\\\/portal\\\/2022\\\/01\\\/12\\\/diferencias-entre-pruebas-pcr-y-antigenos-nasales\\\/\"]}]},{\"@type\":\"ImageObject\",\"inLanguage\":\"es\",\"@id\":\"https:\\\/\\\/www.eldiario.net\\\/portal\\\/2022\\\/01\\\/12\\\/diferencias-entre-pruebas-pcr-y-antigenos-nasales\\\/#primaryimage\",\"url\":\"\",\"contentUrl\":\"\"},{\"@type\":\"BreadcrumbList\",\"@id\":\"https:\\\/\\\/www.eldiario.net\\\/portal\\\/2022\\\/01\\\/12\\\/diferencias-entre-pruebas-pcr-y-antigenos-nasales\\\/#breadcrumb\",\"itemListElement\":[{\"@type\":\"ListItem\",\"position\":1,\"name\":\"Portada\",\"item\":\"https:\\\/\\\/www.eldiario.net\\\/portal\\\/\"},{\"@type\":\"ListItem\",\"position\":2,\"name\":\"Diferencias entre pruebas PCR y ant\u00edgenos nasales\"}]},{\"@type\":\"WebSite\",\"@id\":\"https:\\\/\\\/www.eldiario.net\\\/portal\\\/#website\",\"url\":\"https:\\\/\\\/www.eldiario.net\\\/portal\\\/\",\"name\":\"El Diario - Decano de la prensa nacional\",\"description\":\"El Diario - Decano de la prensa nacional\",\"publisher\":{\"@id\":\"https:\\\/\\\/www.eldiario.net\\\/portal\\\/#organization\"},\"potentialAction\":[{\"@type\":\"SearchAction\",\"target\":{\"@type\":\"EntryPoint\",\"urlTemplate\":\"https:\\\/\\\/www.eldiario.net\\\/portal\\\/?s={search_term_string}\"},\"query-input\":{\"@type\":\"PropertyValueSpecification\",\"valueRequired\":true,\"valueName\":\"search_term_string\"}}],\"inLanguage\":\"es\"},{\"@type\":\"Organization\",\"@id\":\"https:\\\/\\\/www.eldiario.net\\\/portal\\\/#organization\",\"name\":\"El Diario - Decano de la prensa nacional\",\"url\":\"https:\\\/\\\/www.eldiario.net\\\/portal\\\/\",\"logo\":{\"@type\":\"ImageObject\",\"inLanguage\":\"es\",\"@id\":\"https:\\\/\\\/www.eldiario.net\\\/portal\\\/#\\\/schema\\\/logo\\\/image\\\/\",\"url\":\"https:\\\/\\\/www.eldiario.net\\\/portal\\\/wp-content\\\/uploads\\\/2023\\\/07\\\/logo_ED.jpg\",\"contentUrl\":\"https:\\\/\\\/www.eldiario.net\\\/portal\\\/wp-content\\\/uploads\\\/2023\\\/07\\\/logo_ED.jpg\",\"width\":272,\"height\":52,\"caption\":\"El Diario - Decano de la prensa nacional\"},\"image\":{\"@id\":\"https:\\\/\\\/www.eldiario.net\\\/portal\\\/#\\\/schema\\\/logo\\\/image\\\/\"},\"sameAs\":[\"https:\\\/\\\/www.facebook.com\\\/eldiario.bolivia\\\/\",\"https:\\\/\\\/x.com\\\/eldiario_net\"]},{\"@type\":\"Person\",\"@id\":\"https:\\\/\\\/www.eldiario.net\\\/portal\\\/#\\\/schema\\\/person\\\/f46445640444750d7d753ccd04ae01b7\",\"name\":\"Jeanette\",\"image\":{\"@type\":\"ImageObject\",\"inLanguage\":\"es\",\"@id\":\"https:\\\/\\\/secure.gravatar.com\\\/avatar\\\/3ea2118a5f7dad2b7138b1187a6b7ee55f160b9968b66013c3a3ef39dd7e5798?s=96&d=mm&r=g\",\"url\":\"https:\\\/\\\/secure.gravatar.com\\\/avatar\\\/3ea2118a5f7dad2b7138b1187a6b7ee55f160b9968b66013c3a3ef39dd7e5798?s=96&d=mm&r=g\",\"contentUrl\":\"https:\\\/\\\/secure.gravatar.com\\\/avatar\\\/3ea2118a5f7dad2b7138b1187a6b7ee55f160b9968b66013c3a3ef39dd7e5798?s=96&d=mm&r=g\",\"caption\":\"Jeanette\"},\"sameAs\":[\"https:\\\/\\\/www.eldiario.net\\\/portal\"],\"url\":\"https:\\\/\\\/www.eldiario.net\\\/portal\\\/author\\\/jeanette\\\/\"}]}<\/script>\n<!-- \/ Yoast SEO plugin. -->","yoast_head_json":{"title":"Diferencias entre pruebas PCR y ant\u00edgenos nasales - El Diario - Bolivia","robots":{"index":"index","follow":"follow","max-snippet":"max-snippet:-1","max-image-preview":"max-image-preview:large","max-video-preview":"max-video-preview:-1"},"canonical":"https:\/\/www.eldiario.net\/portal\/2022\/01\/12\/diferencias-entre-pruebas-pcr-y-antigenos-nasales\/","og_locale":"es_ES","og_type":"article","og_title":"Diferencias entre pruebas PCR y ant\u00edgenos nasales - El Diario - Bolivia","og_description":"Ante el avance de la variante \u00f3micron es uno de los principales factores detr\u00e1s del impresionante aumento en el n\u00famero de nuevos casos de covid-19 registrados en varios pa\u00edses, BBC Mundo indag\u00f3 las diferencias de pruebas PCR y ant\u00edgenos nasales para comprobar si se contrajo el virus. Pero, \u00bfqu\u00e9 puede hacer una persona que tiene [&hellip;]","og_url":"https:\/\/www.eldiario.net\/portal\/2022\/01\/12\/diferencias-entre-pruebas-pcr-y-antigenos-nasales\/","og_site_name":"El Diario - Bolivia","article_publisher":"https:\/\/www.facebook.com\/eldiario.bolivia\/","article_published_time":"2022-01-12T09:16:24+00:00","author":"Jeanette","twitter_card":"summary_large_image","twitter_creator":"@eldiario_net","twitter_site":"@eldiario_net","twitter_misc":{"Escrito por":"Jeanette","Tiempo de lectura":"6 minutos"},"schema":{"@context":"https:\/\/schema.org","@graph":[{"@type":"Article","@id":"https:\/\/www.eldiario.net\/portal\/2022\/01\/12\/diferencias-entre-pruebas-pcr-y-antigenos-nasales\/#article","isPartOf":{"@id":"https:\/\/www.eldiario.net\/portal\/2022\/01\/12\/diferencias-entre-pruebas-pcr-y-antigenos-nasales\/"},"author":{"name":"Jeanette","@id":"https:\/\/www.eldiario.net\/portal\/#\/schema\/person\/f46445640444750d7d753ccd04ae01b7"},"headline":"Diferencias entre pruebas PCR y ant\u00edgenos nasales","datePublished":"2022-01-12T09:16:24+00:00","mainEntityOfPage":{"@id":"https:\/\/www.eldiario.net\/portal\/2022\/01\/12\/diferencias-entre-pruebas-pcr-y-antigenos-nasales\/"},"wordCount":1392,"publisher":{"@id":"https:\/\/www.eldiario.net\/portal\/#organization"},"image":{"@id":"https:\/\/www.eldiario.net\/portal\/2022\/01\/12\/diferencias-entre-pruebas-pcr-y-antigenos-nasales\/#primaryimage"},"thumbnailUrl":"","articleSection":["Internacional"],"inLanguage":"es"},{"@type":"WebPage","@id":"https:\/\/www.eldiario.net\/portal\/2022\/01\/12\/diferencias-entre-pruebas-pcr-y-antigenos-nasales\/","url":"https:\/\/www.eldiario.net\/portal\/2022\/01\/12\/diferencias-entre-pruebas-pcr-y-antigenos-nasales\/","name":"Diferencias entre pruebas PCR y ant\u00edgenos nasales - El Diario - Bolivia","isPartOf":{"@id":"https:\/\/www.eldiario.net\/portal\/#website"},"primaryImageOfPage":{"@id":"https:\/\/www.eldiario.net\/portal\/2022\/01\/12\/diferencias-entre-pruebas-pcr-y-antigenos-nasales\/#primaryimage"},"image":{"@id":"https:\/\/www.eldiario.net\/portal\/2022\/01\/12\/diferencias-entre-pruebas-pcr-y-antigenos-nasales\/#primaryimage"},"thumbnailUrl":"","datePublished":"2022-01-12T09:16:24+00:00","breadcrumb":{"@id":"https:\/\/www.eldiario.net\/portal\/2022\/01\/12\/diferencias-entre-pruebas-pcr-y-antigenos-nasales\/#breadcrumb"},"inLanguage":"es","potentialAction":[{"@type":"ReadAction","target":["https:\/\/www.eldiario.net\/portal\/2022\/01\/12\/diferencias-entre-pruebas-pcr-y-antigenos-nasales\/"]}]},{"@type":"ImageObject","inLanguage":"es","@id":"https:\/\/www.eldiario.net\/portal\/2022\/01\/12\/diferencias-entre-pruebas-pcr-y-antigenos-nasales\/#primaryimage","url":"","contentUrl":""},{"@type":"BreadcrumbList","@id":"https:\/\/www.eldiario.net\/portal\/2022\/01\/12\/diferencias-entre-pruebas-pcr-y-antigenos-nasales\/#breadcrumb","itemListElement":[{"@type":"ListItem","position":1,"name":"Portada","item":"https:\/\/www.eldiario.net\/portal\/"},{"@type":"ListItem","position":2,"name":"Diferencias entre pruebas PCR y ant\u00edgenos nasales"}]},{"@type":"WebSite","@id":"https:\/\/www.eldiario.net\/portal\/#website","url":"https:\/\/www.eldiario.net\/portal\/","name":"El Diario - Decano de la prensa nacional","description":"El Diario - Decano de la prensa nacional","publisher":{"@id":"https:\/\/www.eldiario.net\/portal\/#organization"},"potentialAction":[{"@type":"SearchAction","target":{"@type":"EntryPoint","urlTemplate":"https:\/\/www.eldiario.net\/portal\/?s={search_term_string}"},"query-input":{"@type":"PropertyValueSpecification","valueRequired":true,"valueName":"search_term_string"}}],"inLanguage":"es"},{"@type":"Organization","@id":"https:\/\/www.eldiario.net\/portal\/#organization","name":"El Diario - Decano de la prensa nacional","url":"https:\/\/www.eldiario.net\/portal\/","logo":{"@type":"ImageObject","inLanguage":"es","@id":"https:\/\/www.eldiario.net\/portal\/#\/schema\/logo\/image\/","url":"https:\/\/www.eldiario.net\/portal\/wp-content\/uploads\/2023\/07\/logo_ED.jpg","contentUrl":"https:\/\/www.eldiario.net\/portal\/wp-content\/uploads\/2023\/07\/logo_ED.jpg","width":272,"height":52,"caption":"El Diario - Decano de la prensa nacional"},"image":{"@id":"https:\/\/www.eldiario.net\/portal\/#\/schema\/logo\/image\/"},"sameAs":["https:\/\/www.facebook.com\/eldiario.bolivia\/","https:\/\/x.com\/eldiario_net"]},{"@type":"Person","@id":"https:\/\/www.eldiario.net\/portal\/#\/schema\/person\/f46445640444750d7d753ccd04ae01b7","name":"Jeanette","image":{"@type":"ImageObject","inLanguage":"es","@id":"https:\/\/secure.gravatar.com\/avatar\/3ea2118a5f7dad2b7138b1187a6b7ee55f160b9968b66013c3a3ef39dd7e5798?s=96&d=mm&r=g","url":"https:\/\/secure.gravatar.com\/avatar\/3ea2118a5f7dad2b7138b1187a6b7ee55f160b9968b66013c3a3ef39dd7e5798?s=96&d=mm&r=g","contentUrl":"https:\/\/secure.gravatar.com\/avatar\/3ea2118a5f7dad2b7138b1187a6b7ee55f160b9968b66013c3a3ef39dd7e5798?s=96&d=mm&r=g","caption":"Jeanette"},"sameAs":["https:\/\/www.eldiario.net\/portal"],"url":"https:\/\/www.eldiario.net\/portal\/author\/jeanette\/"}]}},"_links":{"self":[{"href":"https:\/\/www.eldiario.net\/portal\/wp-json\/wp\/v2\/posts\/55675","targetHints":{"allow":["GET"]}}],"collection":[{"href":"https:\/\/www.eldiario.net\/portal\/wp-json\/wp\/v2\/posts"}],"about":[{"href":"https:\/\/www.eldiario.net\/portal\/wp-json\/wp\/v2\/types\/post"}],"author":[{"embeddable":true,"href":"https:\/\/www.eldiario.net\/portal\/wp-json\/wp\/v2\/users\/1"}],"replies":[{"embeddable":true,"href":"https:\/\/www.eldiario.net\/portal\/wp-json\/wp\/v2\/comments?post=55675"}],"version-history":[{"count":0,"href":"https:\/\/www.eldiario.net\/portal\/wp-json\/wp\/v2\/posts\/55675\/revisions"}],"wp:attachment":[{"href":"https:\/\/www.eldiario.net\/portal\/wp-json\/wp\/v2\/media?parent=55675"}],"wp:term":[{"taxonomy":"category","embeddable":true,"href":"https:\/\/www.eldiario.net\/portal\/wp-json\/wp\/v2\/categories?post=55675"},{"taxonomy":"post_tag","embeddable":true,"href":"https:\/\/www.eldiario.net\/portal\/wp-json\/wp\/v2\/tags?post=55675"}],"curies":[{"name":"wp","href":"https:\/\/api.w.org\/{rel}","templated":true}]}}