{"id":55665,"date":"2022-01-12T05:08:27","date_gmt":"2022-01-12T09:08:27","guid":{"rendered":"https:\/\/www.eldiario.net\/portal\/?p=55665"},"modified":"2022-01-12T05:08:27","modified_gmt":"2022-01-12T09:08:27","slug":"aumenta-presion-sobre-johnson-por-fiesta-durante-confinamiento","status":"publish","type":"post","link":"https:\/\/www.eldiario.net\/portal\/2022\/01\/12\/aumenta-presion-sobre-johnson-por-fiesta-durante-confinamiento\/","title":{"rendered":"Aumenta presi\u00f3n sobre Johnson  por fiesta durante confinamiento"},"content":{"rendered":"<p>Londres.- El liderazgo de Boris Johnson enfrentaba ayer a su amenaza m\u00e1s seria tras conocerse que su secretario privado invit\u00f3 a m\u00e1s de 100 personas a una fiesta en la residencia oficial del primer ministro durante un confinamiento por el coronavirus<\/p>\n<p>Johnson, que obtuvo una aplastante victoria electoral en 2019, se ha visto sometido a un intenso escrutinio durante el \u00faltimo mes, tras salir a la luz un video en el que se ve\u00eda a su personal riendo y bromeando sobre otra fiesta celebrada en Downing Street durante un confinamiento de Navidad de 2020.<\/p>\n<p>Las revelaciones sobre una serie de fiestas celebradas en el coraz\u00f3n del Gobierno han recibido cr\u00edticas generalizadas y llevaron a que el l\u00edder del opositor Partido Laborista, Keir Starmer, acusara a Johnson de carecer de autoridad moral para dirigir el pa\u00eds.<\/p>\n<p>Esto \u00faltimo, si se ve respaldado por una investigaci\u00f3n interna, ser\u00eda lo m\u00e1s da\u00f1ino hasta la fecha para el futuro de Johnson, en un momento en que sus propios legisladores muestran se\u00f1ales de estar perdiendo la paciencia tras una serie de esc\u00e1ndalos, mientras los sondeos muestran que el partido marcha por detr\u00e1s de los laboristas.<\/p>\n<p>Johnson y su pareja Carrie fueron algunos de los que se reunieron con unos 40 empleados en el jard\u00edn de Downing Street el 20 de mayo de 2020, despu\u00e9s de que el secretario privado del primer ministro, Martin Reynolds, enviara una invitaci\u00f3n por correo electr\u00f3nico usando el pronombre \u00abnosotros\u00bb, report\u00f3 ITV. El portavoz de Johnson declin\u00f3 comentar la informaci\u00f3n.<\/p>\n<p>En aquel momento, los colegios estaban cerrados para la mayor\u00eda de los alumnos, y los pubs y restaurantes estaban cerrados, con estrictos controles a la actividad social. La polic\u00eda sancion\u00f3 a gente por celebrar fiestas y las personas no pudieron despedir en personas a sus familiares fallecidos.<\/p>\n<p>\u00abSi el primer ministro se salt\u00f3 la ley dimitir\u00e1, \u00bfverdad?\u00bb, pregunt\u00f3 el diputado laborista Ben Bradshaw al tesorero general, Michael Ellis, que estaba sentado solo en la primera fila del banquillo parlamentario del gobierno para responder a nombre de Johnson.<\/p>\n<p>\u00abEl primer ministro no se va a ninguna parte\u00bb, dijo en medio de las protestas laboristas Ellis, quien se disculp\u00f3 sin reservas por las molestias causadas. Pocos diputados conservadores asistieron al debate y pocos hablaron en apoyo de Johnson.<\/p>\n<p>El laborista Afzal Khan, al preguntar si Johnson pedir\u00e1 perd\u00f3n por las fiestas a las familias de luto, cont\u00f3 c\u00f3mo su madre muri\u00f3 sola en un hospital en 2020 mientras \u00e9l estaba sentado en su auto fuera. \u00abApesadumbrada incluso por el dolor, mi familia obedeci\u00f3 las normas\u00bb, afirm\u00f3.<\/p>\n<p>Sue Gray, funcionario gubernamental de alto rango, est\u00e1 investigando en la actualidad al menos cinco fiestas celebradas en departamentos del Gobierno en medio de las restricciones del confinamiento. (Reuters)<\/p>\n","protected":false},"excerpt":{"rendered":"<p>Londres.- El liderazgo de Boris Johnson enfrentaba ayer a su amenaza m\u00e1s seria tras conocerse que su secretario privado invit\u00f3 a m\u00e1s de 100 personas a una fiesta en la residencia oficial del primer ministro durante un confinamiento por el coronavirus Johnson, que obtuvo una aplastante victoria electoral en 2019, se ha visto sometido a [&hellip;]<\/p>\n","protected":false},"author":1,"featured_media":55666,"comment_status":"closed","ping_status":"closed","sticky":false,"template":"","format":"standard","meta":{"_acf_changed":false,"footnotes":""},"categories":[3],"tags":[],"class_list":["post-55665","post","type-post","status-publish","format-standard","has-post-thumbnail","category-internacional"],"acf":{"antetitulo":""},"yoast_head":"<!-- This site is optimized with the Yoast SEO plugin v28.4 - https:\/\/yoast.com\/product\/yoast-seo-wordpress\/ -->\n<title>Aumenta presi\u00f3n sobre Johnson por fiesta durante confinamiento - El Diario - Bolivia<\/title>\n<meta name=\"robots\" content=\"index, follow, max-snippet:-1, max-image-preview:large, max-video-preview:-1\" \/>\n<link rel=\"canonical\" href=\"https:\/\/www.eldiario.net\/portal\/2022\/01\/12\/aumenta-presion-sobre-johnson-por-fiesta-durante-confinamiento\/\" \/>\n<meta property=\"og:locale\" content=\"es_ES\" \/>\n<meta property=\"og:type\" content=\"article\" \/>\n<meta property=\"og:title\" content=\"Aumenta presi\u00f3n sobre Johnson por fiesta durante confinamiento - El Diario - Bolivia\" \/>\n<meta property=\"og:description\" content=\"Londres.- El liderazgo de Boris Johnson enfrentaba ayer a su amenaza m\u00e1s seria tras conocerse que su secretario privado invit\u00f3 a m\u00e1s de 100 personas a una fiesta en la residencia oficial del primer ministro durante un confinamiento por el coronavirus Johnson, que obtuvo una aplastante victoria electoral en 2019, se ha visto sometido a [&hellip;]\" \/>\n<meta property=\"og:url\" content=\"https:\/\/www.eldiario.net\/portal\/2022\/01\/12\/aumenta-presion-sobre-johnson-por-fiesta-durante-confinamiento\/\" \/>\n<meta property=\"og:site_name\" content=\"El Diario - Bolivia\" \/>\n<meta property=\"article:publisher\" content=\"https:\/\/www.facebook.com\/eldiario.bolivia\/\" \/>\n<meta property=\"article:published_time\" content=\"2022-01-12T09:08:27+00:00\" \/>\n<meta name=\"author\" content=\"Jeanette\" \/>\n<meta name=\"twitter:card\" content=\"summary_large_image\" \/>\n<meta name=\"twitter:creator\" content=\"@eldiario_net\" \/>\n<meta name=\"twitter:site\" content=\"@eldiario_net\" \/>\n<meta name=\"twitter:label1\" content=\"Escrito por\" \/>\n\t<meta name=\"twitter:data1\" content=\"Jeanette\" \/>\n\t<meta name=\"twitter:label2\" content=\"Tiempo de lectura\" \/>\n\t<meta name=\"twitter:data2\" content=\"2 minutos\" \/>\n<script type=\"application\/ld+json\" class=\"yoast-schema-graph\">{\"@context\":\"https:\\\/\\\/schema.org\",\"@graph\":[{\"@type\":\"Article\",\"@id\":\"https:\\\/\\\/www.eldiario.net\\\/portal\\\/2022\\\/01\\\/12\\\/aumenta-presion-sobre-johnson-por-fiesta-durante-confinamiento\\\/#article\",\"isPartOf\":{\"@id\":\"https:\\\/\\\/www.eldiario.net\\\/portal\\\/2022\\\/01\\\/12\\\/aumenta-presion-sobre-johnson-por-fiesta-durante-confinamiento\\\/\"},\"author\":{\"name\":\"Jeanette\",\"@id\":\"https:\\\/\\\/www.eldiario.net\\\/portal\\\/#\\\/schema\\\/person\\\/f46445640444750d7d753ccd04ae01b7\"},\"headline\":\"Aumenta presi\u00f3n sobre Johnson por fiesta durante confinamiento\",\"datePublished\":\"2022-01-12T09:08:27+00:00\",\"mainEntityOfPage\":{\"@id\":\"https:\\\/\\\/www.eldiario.net\\\/portal\\\/2022\\\/01\\\/12\\\/aumenta-presion-sobre-johnson-por-fiesta-durante-confinamiento\\\/\"},\"wordCount\":478,\"publisher\":{\"@id\":\"https:\\\/\\\/www.eldiario.net\\\/portal\\\/#organization\"},\"image\":{\"@id\":\"https:\\\/\\\/www.eldiario.net\\\/portal\\\/2022\\\/01\\\/12\\\/aumenta-presion-sobre-johnson-por-fiesta-durante-confinamiento\\\/#primaryimage\"},\"thumbnailUrl\":\"\",\"articleSection\":[\"Internacional\"],\"inLanguage\":\"es\"},{\"@type\":\"WebPage\",\"@id\":\"https:\\\/\\\/www.eldiario.net\\\/portal\\\/2022\\\/01\\\/12\\\/aumenta-presion-sobre-johnson-por-fiesta-durante-confinamiento\\\/\",\"url\":\"https:\\\/\\\/www.eldiario.net\\\/portal\\\/2022\\\/01\\\/12\\\/aumenta-presion-sobre-johnson-por-fiesta-durante-confinamiento\\\/\",\"name\":\"Aumenta presi\u00f3n sobre Johnson por fiesta durante confinamiento - El Diario - Bolivia\",\"isPartOf\":{\"@id\":\"https:\\\/\\\/www.eldiario.net\\\/portal\\\/#website\"},\"primaryImageOfPage\":{\"@id\":\"https:\\\/\\\/www.eldiario.net\\\/portal\\\/2022\\\/01\\\/12\\\/aumenta-presion-sobre-johnson-por-fiesta-durante-confinamiento\\\/#primaryimage\"},\"image\":{\"@id\":\"https:\\\/\\\/www.eldiario.net\\\/portal\\\/2022\\\/01\\\/12\\\/aumenta-presion-sobre-johnson-por-fiesta-durante-confinamiento\\\/#primaryimage\"},\"thumbnailUrl\":\"\",\"datePublished\":\"2022-01-12T09:08:27+00:00\",\"breadcrumb\":{\"@id\":\"https:\\\/\\\/www.eldiario.net\\\/portal\\\/2022\\\/01\\\/12\\\/aumenta-presion-sobre-johnson-por-fiesta-durante-confinamiento\\\/#breadcrumb\"},\"inLanguage\":\"es\",\"potentialAction\":[{\"@type\":\"ReadAction\",\"target\":[\"https:\\\/\\\/www.eldiario.net\\\/portal\\\/2022\\\/01\\\/12\\\/aumenta-presion-sobre-johnson-por-fiesta-durante-confinamiento\\\/\"]}]},{\"@type\":\"ImageObject\",\"inLanguage\":\"es\",\"@id\":\"https:\\\/\\\/www.eldiario.net\\\/portal\\\/2022\\\/01\\\/12\\\/aumenta-presion-sobre-johnson-por-fiesta-durante-confinamiento\\\/#primaryimage\",\"url\":\"\",\"contentUrl\":\"\"},{\"@type\":\"BreadcrumbList\",\"@id\":\"https:\\\/\\\/www.eldiario.net\\\/portal\\\/2022\\\/01\\\/12\\\/aumenta-presion-sobre-johnson-por-fiesta-durante-confinamiento\\\/#breadcrumb\",\"itemListElement\":[{\"@type\":\"ListItem\",\"position\":1,\"name\":\"Portada\",\"item\":\"https:\\\/\\\/www.eldiario.net\\\/portal\\\/\"},{\"@type\":\"ListItem\",\"position\":2,\"name\":\"Aumenta presi\u00f3n sobre Johnson por fiesta durante confinamiento\"}]},{\"@type\":\"WebSite\",\"@id\":\"https:\\\/\\\/www.eldiario.net\\\/portal\\\/#website\",\"url\":\"https:\\\/\\\/www.eldiario.net\\\/portal\\\/\",\"name\":\"El Diario - Decano de la prensa nacional\",\"description\":\"El Diario - Decano de la prensa nacional\",\"publisher\":{\"@id\":\"https:\\\/\\\/www.eldiario.net\\\/portal\\\/#organization\"},\"potentialAction\":[{\"@type\":\"SearchAction\",\"target\":{\"@type\":\"EntryPoint\",\"urlTemplate\":\"https:\\\/\\\/www.eldiario.net\\\/portal\\\/?s={search_term_string}\"},\"query-input\":{\"@type\":\"PropertyValueSpecification\",\"valueRequired\":true,\"valueName\":\"search_term_string\"}}],\"inLanguage\":\"es\"},{\"@type\":\"Organization\",\"@id\":\"https:\\\/\\\/www.eldiario.net\\\/portal\\\/#organization\",\"name\":\"El Diario - Decano de la prensa nacional\",\"url\":\"https:\\\/\\\/www.eldiario.net\\\/portal\\\/\",\"logo\":{\"@type\":\"ImageObject\",\"inLanguage\":\"es\",\"@id\":\"https:\\\/\\\/www.eldiario.net\\\/portal\\\/#\\\/schema\\\/logo\\\/image\\\/\",\"url\":\"https:\\\/\\\/www.eldiario.net\\\/portal\\\/wp-content\\\/uploads\\\/2023\\\/07\\\/logo_ED.jpg\",\"contentUrl\":\"https:\\\/\\\/www.eldiario.net\\\/portal\\\/wp-content\\\/uploads\\\/2023\\\/07\\\/logo_ED.jpg\",\"width\":272,\"height\":52,\"caption\":\"El Diario - Decano de la prensa nacional\"},\"image\":{\"@id\":\"https:\\\/\\\/www.eldiario.net\\\/portal\\\/#\\\/schema\\\/logo\\\/image\\\/\"},\"sameAs\":[\"https:\\\/\\\/www.facebook.com\\\/eldiario.bolivia\\\/\",\"https:\\\/\\\/x.com\\\/eldiario_net\"]},{\"@type\":\"Person\",\"@id\":\"https:\\\/\\\/www.eldiario.net\\\/portal\\\/#\\\/schema\\\/person\\\/f46445640444750d7d753ccd04ae01b7\",\"name\":\"Jeanette\",\"image\":{\"@type\":\"ImageObject\",\"inLanguage\":\"es\",\"@id\":\"https:\\\/\\\/secure.gravatar.com\\\/avatar\\\/3ea2118a5f7dad2b7138b1187a6b7ee55f160b9968b66013c3a3ef39dd7e5798?s=96&d=mm&r=g\",\"url\":\"https:\\\/\\\/secure.gravatar.com\\\/avatar\\\/3ea2118a5f7dad2b7138b1187a6b7ee55f160b9968b66013c3a3ef39dd7e5798?s=96&d=mm&r=g\",\"contentUrl\":\"https:\\\/\\\/secure.gravatar.com\\\/avatar\\\/3ea2118a5f7dad2b7138b1187a6b7ee55f160b9968b66013c3a3ef39dd7e5798?s=96&d=mm&r=g\",\"caption\":\"Jeanette\"},\"sameAs\":[\"https:\\\/\\\/www.eldiario.net\\\/portal\"],\"url\":\"https:\\\/\\\/www.eldiario.net\\\/portal\\\/author\\\/jeanette\\\/\"}]}<\/script>\n<!-- \/ Yoast SEO plugin. -->","yoast_head_json":{"title":"Aumenta presi\u00f3n sobre Johnson por fiesta durante confinamiento - El Diario - Bolivia","robots":{"index":"index","follow":"follow","max-snippet":"max-snippet:-1","max-image-preview":"max-image-preview:large","max-video-preview":"max-video-preview:-1"},"canonical":"https:\/\/www.eldiario.net\/portal\/2022\/01\/12\/aumenta-presion-sobre-johnson-por-fiesta-durante-confinamiento\/","og_locale":"es_ES","og_type":"article","og_title":"Aumenta presi\u00f3n sobre Johnson por fiesta durante confinamiento - El Diario - Bolivia","og_description":"Londres.- El liderazgo de Boris Johnson enfrentaba ayer a su amenaza m\u00e1s seria tras conocerse que su secretario privado invit\u00f3 a m\u00e1s de 100 personas a una fiesta en la residencia oficial del primer ministro durante un confinamiento por el coronavirus Johnson, que obtuvo una aplastante victoria electoral en 2019, se ha visto sometido a [&hellip;]","og_url":"https:\/\/www.eldiario.net\/portal\/2022\/01\/12\/aumenta-presion-sobre-johnson-por-fiesta-durante-confinamiento\/","og_site_name":"El Diario - Bolivia","article_publisher":"https:\/\/www.facebook.com\/eldiario.bolivia\/","article_published_time":"2022-01-12T09:08:27+00:00","author":"Jeanette","twitter_card":"summary_large_image","twitter_creator":"@eldiario_net","twitter_site":"@eldiario_net","twitter_misc":{"Escrito por":"Jeanette","Tiempo de lectura":"2 minutos"},"schema":{"@context":"https:\/\/schema.org","@graph":[{"@type":"Article","@id":"https:\/\/www.eldiario.net\/portal\/2022\/01\/12\/aumenta-presion-sobre-johnson-por-fiesta-durante-confinamiento\/#article","isPartOf":{"@id":"https:\/\/www.eldiario.net\/portal\/2022\/01\/12\/aumenta-presion-sobre-johnson-por-fiesta-durante-confinamiento\/"},"author":{"name":"Jeanette","@id":"https:\/\/www.eldiario.net\/portal\/#\/schema\/person\/f46445640444750d7d753ccd04ae01b7"},"headline":"Aumenta presi\u00f3n sobre Johnson por fiesta durante confinamiento","datePublished":"2022-01-12T09:08:27+00:00","mainEntityOfPage":{"@id":"https:\/\/www.eldiario.net\/portal\/2022\/01\/12\/aumenta-presion-sobre-johnson-por-fiesta-durante-confinamiento\/"},"wordCount":478,"publisher":{"@id":"https:\/\/www.eldiario.net\/portal\/#organization"},"image":{"@id":"https:\/\/www.eldiario.net\/portal\/2022\/01\/12\/aumenta-presion-sobre-johnson-por-fiesta-durante-confinamiento\/#primaryimage"},"thumbnailUrl":"","articleSection":["Internacional"],"inLanguage":"es"},{"@type":"WebPage","@id":"https:\/\/www.eldiario.net\/portal\/2022\/01\/12\/aumenta-presion-sobre-johnson-por-fiesta-durante-confinamiento\/","url":"https:\/\/www.eldiario.net\/portal\/2022\/01\/12\/aumenta-presion-sobre-johnson-por-fiesta-durante-confinamiento\/","name":"Aumenta presi\u00f3n sobre Johnson por fiesta durante confinamiento - El Diario - Bolivia","isPartOf":{"@id":"https:\/\/www.eldiario.net\/portal\/#website"},"primaryImageOfPage":{"@id":"https:\/\/www.eldiario.net\/portal\/2022\/01\/12\/aumenta-presion-sobre-johnson-por-fiesta-durante-confinamiento\/#primaryimage"},"image":{"@id":"https:\/\/www.eldiario.net\/portal\/2022\/01\/12\/aumenta-presion-sobre-johnson-por-fiesta-durante-confinamiento\/#primaryimage"},"thumbnailUrl":"","datePublished":"2022-01-12T09:08:27+00:00","breadcrumb":{"@id":"https:\/\/www.eldiario.net\/portal\/2022\/01\/12\/aumenta-presion-sobre-johnson-por-fiesta-durante-confinamiento\/#breadcrumb"},"inLanguage":"es","potentialAction":[{"@type":"ReadAction","target":["https:\/\/www.eldiario.net\/portal\/2022\/01\/12\/aumenta-presion-sobre-johnson-por-fiesta-durante-confinamiento\/"]}]},{"@type":"ImageObject","inLanguage":"es","@id":"https:\/\/www.eldiario.net\/portal\/2022\/01\/12\/aumenta-presion-sobre-johnson-por-fiesta-durante-confinamiento\/#primaryimage","url":"","contentUrl":""},{"@type":"BreadcrumbList","@id":"https:\/\/www.eldiario.net\/portal\/2022\/01\/12\/aumenta-presion-sobre-johnson-por-fiesta-durante-confinamiento\/#breadcrumb","itemListElement":[{"@type":"ListItem","position":1,"name":"Portada","item":"https:\/\/www.eldiario.net\/portal\/"},{"@type":"ListItem","position":2,"name":"Aumenta presi\u00f3n sobre Johnson por fiesta durante confinamiento"}]},{"@type":"WebSite","@id":"https:\/\/www.eldiario.net\/portal\/#website","url":"https:\/\/www.eldiario.net\/portal\/","name":"El Diario - Decano de la prensa nacional","description":"El Diario - Decano de la prensa nacional","publisher":{"@id":"https:\/\/www.eldiario.net\/portal\/#organization"},"potentialAction":[{"@type":"SearchAction","target":{"@type":"EntryPoint","urlTemplate":"https:\/\/www.eldiario.net\/portal\/?s={search_term_string}"},"query-input":{"@type":"PropertyValueSpecification","valueRequired":true,"valueName":"search_term_string"}}],"inLanguage":"es"},{"@type":"Organization","@id":"https:\/\/www.eldiario.net\/portal\/#organization","name":"El Diario - Decano de la prensa nacional","url":"https:\/\/www.eldiario.net\/portal\/","logo":{"@type":"ImageObject","inLanguage":"es","@id":"https:\/\/www.eldiario.net\/portal\/#\/schema\/logo\/image\/","url":"https:\/\/www.eldiario.net\/portal\/wp-content\/uploads\/2023\/07\/logo_ED.jpg","contentUrl":"https:\/\/www.eldiario.net\/portal\/wp-content\/uploads\/2023\/07\/logo_ED.jpg","width":272,"height":52,"caption":"El Diario - Decano de la prensa nacional"},"image":{"@id":"https:\/\/www.eldiario.net\/portal\/#\/schema\/logo\/image\/"},"sameAs":["https:\/\/www.facebook.com\/eldiario.bolivia\/","https:\/\/x.com\/eldiario_net"]},{"@type":"Person","@id":"https:\/\/www.eldiario.net\/portal\/#\/schema\/person\/f46445640444750d7d753ccd04ae01b7","name":"Jeanette","image":{"@type":"ImageObject","inLanguage":"es","@id":"https:\/\/secure.gravatar.com\/avatar\/3ea2118a5f7dad2b7138b1187a6b7ee55f160b9968b66013c3a3ef39dd7e5798?s=96&d=mm&r=g","url":"https:\/\/secure.gravatar.com\/avatar\/3ea2118a5f7dad2b7138b1187a6b7ee55f160b9968b66013c3a3ef39dd7e5798?s=96&d=mm&r=g","contentUrl":"https:\/\/secure.gravatar.com\/avatar\/3ea2118a5f7dad2b7138b1187a6b7ee55f160b9968b66013c3a3ef39dd7e5798?s=96&d=mm&r=g","caption":"Jeanette"},"sameAs":["https:\/\/www.eldiario.net\/portal"],"url":"https:\/\/www.eldiario.net\/portal\/author\/jeanette\/"}]}},"_links":{"self":[{"href":"https:\/\/www.eldiario.net\/portal\/wp-json\/wp\/v2\/posts\/55665","targetHints":{"allow":["GET"]}}],"collection":[{"href":"https:\/\/www.eldiario.net\/portal\/wp-json\/wp\/v2\/posts"}],"about":[{"href":"https:\/\/www.eldiario.net\/portal\/wp-json\/wp\/v2\/types\/post"}],"author":[{"embeddable":true,"href":"https:\/\/www.eldiario.net\/portal\/wp-json\/wp\/v2\/users\/1"}],"replies":[{"embeddable":true,"href":"https:\/\/www.eldiario.net\/portal\/wp-json\/wp\/v2\/comments?post=55665"}],"version-history":[{"count":0,"href":"https:\/\/www.eldiario.net\/portal\/wp-json\/wp\/v2\/posts\/55665\/revisions"}],"wp:attachment":[{"href":"https:\/\/www.eldiario.net\/portal\/wp-json\/wp\/v2\/media?parent=55665"}],"wp:term":[{"taxonomy":"category","embeddable":true,"href":"https:\/\/www.eldiario.net\/portal\/wp-json\/wp\/v2\/categories?post=55665"},{"taxonomy":"post_tag","embeddable":true,"href":"https:\/\/www.eldiario.net\/portal\/wp-json\/wp\/v2\/tags?post=55665"}],"curies":[{"name":"wp","href":"https:\/\/api.w.org\/{rel}","templated":true}]}}