{"id":55661,"date":"2022-01-12T05:07:08","date_gmt":"2022-01-12T09:07:08","guid":{"rendered":"https:\/\/www.eldiario.net\/portal\/?p=55661"},"modified":"2022-01-12T05:07:08","modified_gmt":"2022-01-12T09:07:08","slug":"guantanamo-cumple-20-anos-con-39-presos","status":"publish","type":"post","link":"https:\/\/www.eldiario.net\/portal\/2022\/01\/12\/guantanamo-cumple-20-anos-con-39-presos\/","title":{"rendered":"Guant\u00e1namo cumple  20 a\u00f1os con 39 presos"},"content":{"rendered":"<p>La c\u00e1rcel militar de Estados Unidos\u00a0 en Guant\u00e1namo (Cuba) cumple 20 a\u00f1os con 39 presos y dificultades para su traslado, situaci\u00f3n que sigue siendo analizada por el actual presidente estadounidense, Joe Biden, debido a su alta complejidad.<\/p>\n<p>Guant\u00e1namo se acab\u00f3 convirtiendo en\u00a0s\u00edmbolo de abusos\u00a0y torturas por parte del pa\u00eds que se precia de ser el faro de la democracia. Lleg\u00f3 a albergar a casi 680 presos.<\/p>\n<p>Se cumplen\u00a0<strong>20 a\u00f1os desde la llegada de los primeros prisioneros a Guant\u00e1namo<\/strong>, la c\u00e1rcel ubicada en la base militar de Estados Unidos en Cuba, icono infame de torturas y abusos.<\/p>\n<p>El ahogamiento fingido, la privaci\u00f3n de sue\u00f1o o la exposici\u00f3n a temperaturas extremas fueron algunas de las t\u00e9cnicas utilizadas por Estados Unidos en Guant\u00e1namo.<\/p>\n<p>En el momento de mayor ocupaci\u00f3n, en 2003, hubo 680 prisioneros. Hoy ya s\u00f3lo quedan 39.\u00a0Diez de los 39 internos est\u00e1n imputados por cargos, entre ellos, cinco acusados de ayudar a planear los ataques terroristas del 11 de septiembre de 2001, que se cobraron la vida de 3.000 personas.\u00a0<strong>Pero a\u00fan no han sido juzgados.<\/strong><\/p>\n<p>Partidarios del cierre del centro de detenci\u00f3n en la Bah\u00eda de Guant\u00e1namo\u00a0<strong>se mostraron optimistas cuando el presidente estadounidense Joe Biden asumi\u00f3 el cargo<\/strong>,<strong>\u00a0<\/strong>pero muchos ahora se impacientan por las pocas se\u00f1ales de progreso en el cierre cuando su gobierno completa su primer a\u00f1o.<\/p>\n<p>Coincidiendo con este 20 aniversario,\u00a0dos grupos que trabajan para la ONU en desaparici\u00f3n forzada y detenci\u00f3n arbitraria, y cinco expertos independientes en derechos humanos,\u00a0<strong>pidieron al gobierno estadounidense cerrar el sitio<\/strong>, regresar los detenidos a sus pa\u00edses de origen o a terceros pa\u00edses seguros, y dar remedio y reparaci\u00f3n por la detenci\u00f3n en el marco de la tortura.<\/p>\n<p>Los expertos subrayan que de unas 700 personas que han estado detenidas ah\u00ed, permanecen a\u00fan 39 hombres presos, pero s\u00f3lo nueve han sido acusados o condenados por cr\u00edmenes. Pero estos procesos est\u00e1n llenos de fases complejas.<\/p>\n<p><strong>Juan M\u00e9ndez,\u00a0exrelator de Tortura de la ONU y\u00a0profesor de legislaci\u00f3n en Derechos Humanos en el Washington College, explic\u00f3 para RFI la \u00abcomplejidad\u00bb de su cierre.\u00a0\u00a0<\/strong>El procedimiento para poder llevar a cabo un traslado est\u00e1 cargado de dificultades que pueden dilatarlo de forma impresionante en el tiempo.<\/p>\n<p>Primero, es necesaria la recomendaci\u00f3n del Consejo de Revisi\u00f3n Peri\u00f3dico, un panel que re\u00fane a seis agencias de seguridad diferentes del Gobierno. Luego, el Departamento de Estado tiene que llegar a un acuerdo con un tercer pa\u00eds y \u00e9ste no puede ser ninguno que no garantice el control de ese detenido. Una vez logrado el acto, el jefe del Pent\u00e1gono debe informar al Congreso.\u00a0<strong>Todo este proceso se puede llegar a eternizar\u00a0<\/strong>y ahora es la base fundamental de no poder finiquitar Guant\u00e1namo.\u00a0 (Agencia RFI)<\/p>\n<p>&nbsp;<\/p>\n","protected":false},"excerpt":{"rendered":"<p>La c\u00e1rcel militar de Estados Unidos\u00a0 en Guant\u00e1namo (Cuba) cumple 20 a\u00f1os con 39 presos y dificultades para su traslado, situaci\u00f3n que sigue siendo analizada por el actual presidente estadounidense, Joe Biden, debido a su alta complejidad. Guant\u00e1namo se acab\u00f3 convirtiendo en\u00a0s\u00edmbolo de abusos\u00a0y torturas por parte del pa\u00eds que se precia de ser el [&hellip;]<\/p>\n","protected":false},"author":1,"featured_media":55662,"comment_status":"closed","ping_status":"closed","sticky":false,"template":"","format":"standard","meta":{"_acf_changed":false,"footnotes":""},"categories":[3],"tags":[],"class_list":["post-55661","post","type-post","status-publish","format-standard","has-post-thumbnail","category-internacional"],"acf":{"antetitulo":""},"yoast_head":"<!-- This site is optimized with the Yoast SEO plugin v28.4 - https:\/\/yoast.com\/product\/yoast-seo-wordpress\/ -->\n<title>Guant\u00e1namo cumple 20 a\u00f1os con 39 presos - El Diario - Bolivia<\/title>\n<meta name=\"robots\" content=\"index, follow, max-snippet:-1, max-image-preview:large, max-video-preview:-1\" \/>\n<link rel=\"canonical\" href=\"https:\/\/www.eldiario.net\/portal\/2022\/01\/12\/guantanamo-cumple-20-anos-con-39-presos\/\" \/>\n<meta property=\"og:locale\" content=\"es_ES\" \/>\n<meta property=\"og:type\" content=\"article\" \/>\n<meta property=\"og:title\" content=\"Guant\u00e1namo cumple 20 a\u00f1os con 39 presos - El Diario - Bolivia\" \/>\n<meta property=\"og:description\" content=\"La c\u00e1rcel militar de Estados Unidos\u00a0 en Guant\u00e1namo (Cuba) cumple 20 a\u00f1os con 39 presos y dificultades para su traslado, situaci\u00f3n que sigue siendo analizada por el actual presidente estadounidense, Joe Biden, debido a su alta complejidad. Guant\u00e1namo se acab\u00f3 convirtiendo en\u00a0s\u00edmbolo de abusos\u00a0y torturas por parte del pa\u00eds que se precia de ser el [&hellip;]\" \/>\n<meta property=\"og:url\" content=\"https:\/\/www.eldiario.net\/portal\/2022\/01\/12\/guantanamo-cumple-20-anos-con-39-presos\/\" \/>\n<meta property=\"og:site_name\" content=\"El Diario - Bolivia\" \/>\n<meta property=\"article:publisher\" content=\"https:\/\/www.facebook.com\/eldiario.bolivia\/\" \/>\n<meta property=\"article:published_time\" content=\"2022-01-12T09:07:08+00:00\" \/>\n<meta name=\"author\" content=\"Jeanette\" \/>\n<meta name=\"twitter:card\" content=\"summary_large_image\" \/>\n<meta name=\"twitter:creator\" content=\"@eldiario_net\" \/>\n<meta name=\"twitter:site\" content=\"@eldiario_net\" \/>\n<meta name=\"twitter:label1\" content=\"Escrito por\" \/>\n\t<meta name=\"twitter:data1\" content=\"Jeanette\" \/>\n\t<meta name=\"twitter:label2\" content=\"Tiempo de lectura\" \/>\n\t<meta name=\"twitter:data2\" content=\"2 minutos\" \/>\n<script type=\"application\/ld+json\" class=\"yoast-schema-graph\">{\"@context\":\"https:\\\/\\\/schema.org\",\"@graph\":[{\"@type\":\"Article\",\"@id\":\"https:\\\/\\\/www.eldiario.net\\\/portal\\\/2022\\\/01\\\/12\\\/guantanamo-cumple-20-anos-con-39-presos\\\/#article\",\"isPartOf\":{\"@id\":\"https:\\\/\\\/www.eldiario.net\\\/portal\\\/2022\\\/01\\\/12\\\/guantanamo-cumple-20-anos-con-39-presos\\\/\"},\"author\":{\"name\":\"Jeanette\",\"@id\":\"https:\\\/\\\/www.eldiario.net\\\/portal\\\/#\\\/schema\\\/person\\\/f46445640444750d7d753ccd04ae01b7\"},\"headline\":\"Guant\u00e1namo cumple 20 a\u00f1os con 39 presos\",\"datePublished\":\"2022-01-12T09:07:08+00:00\",\"mainEntityOfPage\":{\"@id\":\"https:\\\/\\\/www.eldiario.net\\\/portal\\\/2022\\\/01\\\/12\\\/guantanamo-cumple-20-anos-con-39-presos\\\/\"},\"wordCount\":490,\"publisher\":{\"@id\":\"https:\\\/\\\/www.eldiario.net\\\/portal\\\/#organization\"},\"image\":{\"@id\":\"https:\\\/\\\/www.eldiario.net\\\/portal\\\/2022\\\/01\\\/12\\\/guantanamo-cumple-20-anos-con-39-presos\\\/#primaryimage\"},\"thumbnailUrl\":\"\",\"articleSection\":[\"Internacional\"],\"inLanguage\":\"es\"},{\"@type\":\"WebPage\",\"@id\":\"https:\\\/\\\/www.eldiario.net\\\/portal\\\/2022\\\/01\\\/12\\\/guantanamo-cumple-20-anos-con-39-presos\\\/\",\"url\":\"https:\\\/\\\/www.eldiario.net\\\/portal\\\/2022\\\/01\\\/12\\\/guantanamo-cumple-20-anos-con-39-presos\\\/\",\"name\":\"Guant\u00e1namo cumple 20 a\u00f1os con 39 presos - El Diario - Bolivia\",\"isPartOf\":{\"@id\":\"https:\\\/\\\/www.eldiario.net\\\/portal\\\/#website\"},\"primaryImageOfPage\":{\"@id\":\"https:\\\/\\\/www.eldiario.net\\\/portal\\\/2022\\\/01\\\/12\\\/guantanamo-cumple-20-anos-con-39-presos\\\/#primaryimage\"},\"image\":{\"@id\":\"https:\\\/\\\/www.eldiario.net\\\/portal\\\/2022\\\/01\\\/12\\\/guantanamo-cumple-20-anos-con-39-presos\\\/#primaryimage\"},\"thumbnailUrl\":\"\",\"datePublished\":\"2022-01-12T09:07:08+00:00\",\"breadcrumb\":{\"@id\":\"https:\\\/\\\/www.eldiario.net\\\/portal\\\/2022\\\/01\\\/12\\\/guantanamo-cumple-20-anos-con-39-presos\\\/#breadcrumb\"},\"inLanguage\":\"es\",\"potentialAction\":[{\"@type\":\"ReadAction\",\"target\":[\"https:\\\/\\\/www.eldiario.net\\\/portal\\\/2022\\\/01\\\/12\\\/guantanamo-cumple-20-anos-con-39-presos\\\/\"]}]},{\"@type\":\"ImageObject\",\"inLanguage\":\"es\",\"@id\":\"https:\\\/\\\/www.eldiario.net\\\/portal\\\/2022\\\/01\\\/12\\\/guantanamo-cumple-20-anos-con-39-presos\\\/#primaryimage\",\"url\":\"\",\"contentUrl\":\"\"},{\"@type\":\"BreadcrumbList\",\"@id\":\"https:\\\/\\\/www.eldiario.net\\\/portal\\\/2022\\\/01\\\/12\\\/guantanamo-cumple-20-anos-con-39-presos\\\/#breadcrumb\",\"itemListElement\":[{\"@type\":\"ListItem\",\"position\":1,\"name\":\"Portada\",\"item\":\"https:\\\/\\\/www.eldiario.net\\\/portal\\\/\"},{\"@type\":\"ListItem\",\"position\":2,\"name\":\"Guant\u00e1namo cumple 20 a\u00f1os con 39 presos\"}]},{\"@type\":\"WebSite\",\"@id\":\"https:\\\/\\\/www.eldiario.net\\\/portal\\\/#website\",\"url\":\"https:\\\/\\\/www.eldiario.net\\\/portal\\\/\",\"name\":\"El Diario - Decano de la prensa nacional\",\"description\":\"El Diario - Decano de la prensa nacional\",\"publisher\":{\"@id\":\"https:\\\/\\\/www.eldiario.net\\\/portal\\\/#organization\"},\"potentialAction\":[{\"@type\":\"SearchAction\",\"target\":{\"@type\":\"EntryPoint\",\"urlTemplate\":\"https:\\\/\\\/www.eldiario.net\\\/portal\\\/?s={search_term_string}\"},\"query-input\":{\"@type\":\"PropertyValueSpecification\",\"valueRequired\":true,\"valueName\":\"search_term_string\"}}],\"inLanguage\":\"es\"},{\"@type\":\"Organization\",\"@id\":\"https:\\\/\\\/www.eldiario.net\\\/portal\\\/#organization\",\"name\":\"El Diario - Decano de la prensa nacional\",\"url\":\"https:\\\/\\\/www.eldiario.net\\\/portal\\\/\",\"logo\":{\"@type\":\"ImageObject\",\"inLanguage\":\"es\",\"@id\":\"https:\\\/\\\/www.eldiario.net\\\/portal\\\/#\\\/schema\\\/logo\\\/image\\\/\",\"url\":\"https:\\\/\\\/www.eldiario.net\\\/portal\\\/wp-content\\\/uploads\\\/2023\\\/07\\\/logo_ED.jpg\",\"contentUrl\":\"https:\\\/\\\/www.eldiario.net\\\/portal\\\/wp-content\\\/uploads\\\/2023\\\/07\\\/logo_ED.jpg\",\"width\":272,\"height\":52,\"caption\":\"El Diario - Decano de la prensa nacional\"},\"image\":{\"@id\":\"https:\\\/\\\/www.eldiario.net\\\/portal\\\/#\\\/schema\\\/logo\\\/image\\\/\"},\"sameAs\":[\"https:\\\/\\\/www.facebook.com\\\/eldiario.bolivia\\\/\",\"https:\\\/\\\/x.com\\\/eldiario_net\"]},{\"@type\":\"Person\",\"@id\":\"https:\\\/\\\/www.eldiario.net\\\/portal\\\/#\\\/schema\\\/person\\\/f46445640444750d7d753ccd04ae01b7\",\"name\":\"Jeanette\",\"image\":{\"@type\":\"ImageObject\",\"inLanguage\":\"es\",\"@id\":\"https:\\\/\\\/secure.gravatar.com\\\/avatar\\\/3ea2118a5f7dad2b7138b1187a6b7ee55f160b9968b66013c3a3ef39dd7e5798?s=96&d=mm&r=g\",\"url\":\"https:\\\/\\\/secure.gravatar.com\\\/avatar\\\/3ea2118a5f7dad2b7138b1187a6b7ee55f160b9968b66013c3a3ef39dd7e5798?s=96&d=mm&r=g\",\"contentUrl\":\"https:\\\/\\\/secure.gravatar.com\\\/avatar\\\/3ea2118a5f7dad2b7138b1187a6b7ee55f160b9968b66013c3a3ef39dd7e5798?s=96&d=mm&r=g\",\"caption\":\"Jeanette\"},\"sameAs\":[\"https:\\\/\\\/www.eldiario.net\\\/portal\"],\"url\":\"https:\\\/\\\/www.eldiario.net\\\/portal\\\/author\\\/jeanette\\\/\"}]}<\/script>\n<!-- \/ Yoast SEO plugin. -->","yoast_head_json":{"title":"Guant\u00e1namo cumple 20 a\u00f1os con 39 presos - El Diario - Bolivia","robots":{"index":"index","follow":"follow","max-snippet":"max-snippet:-1","max-image-preview":"max-image-preview:large","max-video-preview":"max-video-preview:-1"},"canonical":"https:\/\/www.eldiario.net\/portal\/2022\/01\/12\/guantanamo-cumple-20-anos-con-39-presos\/","og_locale":"es_ES","og_type":"article","og_title":"Guant\u00e1namo cumple 20 a\u00f1os con 39 presos - El Diario - Bolivia","og_description":"La c\u00e1rcel militar de Estados Unidos\u00a0 en Guant\u00e1namo (Cuba) cumple 20 a\u00f1os con 39 presos y dificultades para su traslado, situaci\u00f3n que sigue siendo analizada por el actual presidente estadounidense, Joe Biden, debido a su alta complejidad. Guant\u00e1namo se acab\u00f3 convirtiendo en\u00a0s\u00edmbolo de abusos\u00a0y torturas por parte del pa\u00eds que se precia de ser el [&hellip;]","og_url":"https:\/\/www.eldiario.net\/portal\/2022\/01\/12\/guantanamo-cumple-20-anos-con-39-presos\/","og_site_name":"El Diario - Bolivia","article_publisher":"https:\/\/www.facebook.com\/eldiario.bolivia\/","article_published_time":"2022-01-12T09:07:08+00:00","author":"Jeanette","twitter_card":"summary_large_image","twitter_creator":"@eldiario_net","twitter_site":"@eldiario_net","twitter_misc":{"Escrito por":"Jeanette","Tiempo de lectura":"2 minutos"},"schema":{"@context":"https:\/\/schema.org","@graph":[{"@type":"Article","@id":"https:\/\/www.eldiario.net\/portal\/2022\/01\/12\/guantanamo-cumple-20-anos-con-39-presos\/#article","isPartOf":{"@id":"https:\/\/www.eldiario.net\/portal\/2022\/01\/12\/guantanamo-cumple-20-anos-con-39-presos\/"},"author":{"name":"Jeanette","@id":"https:\/\/www.eldiario.net\/portal\/#\/schema\/person\/f46445640444750d7d753ccd04ae01b7"},"headline":"Guant\u00e1namo cumple 20 a\u00f1os con 39 presos","datePublished":"2022-01-12T09:07:08+00:00","mainEntityOfPage":{"@id":"https:\/\/www.eldiario.net\/portal\/2022\/01\/12\/guantanamo-cumple-20-anos-con-39-presos\/"},"wordCount":490,"publisher":{"@id":"https:\/\/www.eldiario.net\/portal\/#organization"},"image":{"@id":"https:\/\/www.eldiario.net\/portal\/2022\/01\/12\/guantanamo-cumple-20-anos-con-39-presos\/#primaryimage"},"thumbnailUrl":"","articleSection":["Internacional"],"inLanguage":"es"},{"@type":"WebPage","@id":"https:\/\/www.eldiario.net\/portal\/2022\/01\/12\/guantanamo-cumple-20-anos-con-39-presos\/","url":"https:\/\/www.eldiario.net\/portal\/2022\/01\/12\/guantanamo-cumple-20-anos-con-39-presos\/","name":"Guant\u00e1namo cumple 20 a\u00f1os con 39 presos - El Diario - Bolivia","isPartOf":{"@id":"https:\/\/www.eldiario.net\/portal\/#website"},"primaryImageOfPage":{"@id":"https:\/\/www.eldiario.net\/portal\/2022\/01\/12\/guantanamo-cumple-20-anos-con-39-presos\/#primaryimage"},"image":{"@id":"https:\/\/www.eldiario.net\/portal\/2022\/01\/12\/guantanamo-cumple-20-anos-con-39-presos\/#primaryimage"},"thumbnailUrl":"","datePublished":"2022-01-12T09:07:08+00:00","breadcrumb":{"@id":"https:\/\/www.eldiario.net\/portal\/2022\/01\/12\/guantanamo-cumple-20-anos-con-39-presos\/#breadcrumb"},"inLanguage":"es","potentialAction":[{"@type":"ReadAction","target":["https:\/\/www.eldiario.net\/portal\/2022\/01\/12\/guantanamo-cumple-20-anos-con-39-presos\/"]}]},{"@type":"ImageObject","inLanguage":"es","@id":"https:\/\/www.eldiario.net\/portal\/2022\/01\/12\/guantanamo-cumple-20-anos-con-39-presos\/#primaryimage","url":"","contentUrl":""},{"@type":"BreadcrumbList","@id":"https:\/\/www.eldiario.net\/portal\/2022\/01\/12\/guantanamo-cumple-20-anos-con-39-presos\/#breadcrumb","itemListElement":[{"@type":"ListItem","position":1,"name":"Portada","item":"https:\/\/www.eldiario.net\/portal\/"},{"@type":"ListItem","position":2,"name":"Guant\u00e1namo cumple 20 a\u00f1os con 39 presos"}]},{"@type":"WebSite","@id":"https:\/\/www.eldiario.net\/portal\/#website","url":"https:\/\/www.eldiario.net\/portal\/","name":"El Diario - Decano de la prensa nacional","description":"El Diario - Decano de la prensa nacional","publisher":{"@id":"https:\/\/www.eldiario.net\/portal\/#organization"},"potentialAction":[{"@type":"SearchAction","target":{"@type":"EntryPoint","urlTemplate":"https:\/\/www.eldiario.net\/portal\/?s={search_term_string}"},"query-input":{"@type":"PropertyValueSpecification","valueRequired":true,"valueName":"search_term_string"}}],"inLanguage":"es"},{"@type":"Organization","@id":"https:\/\/www.eldiario.net\/portal\/#organization","name":"El Diario - Decano de la prensa nacional","url":"https:\/\/www.eldiario.net\/portal\/","logo":{"@type":"ImageObject","inLanguage":"es","@id":"https:\/\/www.eldiario.net\/portal\/#\/schema\/logo\/image\/","url":"https:\/\/www.eldiario.net\/portal\/wp-content\/uploads\/2023\/07\/logo_ED.jpg","contentUrl":"https:\/\/www.eldiario.net\/portal\/wp-content\/uploads\/2023\/07\/logo_ED.jpg","width":272,"height":52,"caption":"El Diario - Decano de la prensa nacional"},"image":{"@id":"https:\/\/www.eldiario.net\/portal\/#\/schema\/logo\/image\/"},"sameAs":["https:\/\/www.facebook.com\/eldiario.bolivia\/","https:\/\/x.com\/eldiario_net"]},{"@type":"Person","@id":"https:\/\/www.eldiario.net\/portal\/#\/schema\/person\/f46445640444750d7d753ccd04ae01b7","name":"Jeanette","image":{"@type":"ImageObject","inLanguage":"es","@id":"https:\/\/secure.gravatar.com\/avatar\/3ea2118a5f7dad2b7138b1187a6b7ee55f160b9968b66013c3a3ef39dd7e5798?s=96&d=mm&r=g","url":"https:\/\/secure.gravatar.com\/avatar\/3ea2118a5f7dad2b7138b1187a6b7ee55f160b9968b66013c3a3ef39dd7e5798?s=96&d=mm&r=g","contentUrl":"https:\/\/secure.gravatar.com\/avatar\/3ea2118a5f7dad2b7138b1187a6b7ee55f160b9968b66013c3a3ef39dd7e5798?s=96&d=mm&r=g","caption":"Jeanette"},"sameAs":["https:\/\/www.eldiario.net\/portal"],"url":"https:\/\/www.eldiario.net\/portal\/author\/jeanette\/"}]}},"_links":{"self":[{"href":"https:\/\/www.eldiario.net\/portal\/wp-json\/wp\/v2\/posts\/55661","targetHints":{"allow":["GET"]}}],"collection":[{"href":"https:\/\/www.eldiario.net\/portal\/wp-json\/wp\/v2\/posts"}],"about":[{"href":"https:\/\/www.eldiario.net\/portal\/wp-json\/wp\/v2\/types\/post"}],"author":[{"embeddable":true,"href":"https:\/\/www.eldiario.net\/portal\/wp-json\/wp\/v2\/users\/1"}],"replies":[{"embeddable":true,"href":"https:\/\/www.eldiario.net\/portal\/wp-json\/wp\/v2\/comments?post=55661"}],"version-history":[{"count":0,"href":"https:\/\/www.eldiario.net\/portal\/wp-json\/wp\/v2\/posts\/55661\/revisions"}],"wp:attachment":[{"href":"https:\/\/www.eldiario.net\/portal\/wp-json\/wp\/v2\/media?parent=55661"}],"wp:term":[{"taxonomy":"category","embeddable":true,"href":"https:\/\/www.eldiario.net\/portal\/wp-json\/wp\/v2\/categories?post=55661"},{"taxonomy":"post_tag","embeddable":true,"href":"https:\/\/www.eldiario.net\/portal\/wp-json\/wp\/v2\/tags?post=55661"}],"curies":[{"name":"wp","href":"https:\/\/api.w.org\/{rel}","templated":true}]}}