{"id":55658,"date":"2022-01-12T05:04:45","date_gmt":"2022-01-12T09:04:45","guid":{"rendered":"https:\/\/www.eldiario.net\/portal\/?p=55658"},"modified":"2022-01-12T05:04:45","modified_gmt":"2022-01-12T09:04:45","slug":"la-temporada-2022-arranca-el-6-de-febrero-y-por-series","status":"publish","type":"post","link":"https:\/\/www.eldiario.net\/portal\/2022\/01\/12\/la-temporada-2022-arranca-el-6-de-febrero-y-por-series\/","title":{"rendered":"La temporada 2022 arranca el 6 de febrero y por series"},"content":{"rendered":"<p>L a temporada 2022 corre el 6 de febrero pr\u00f3ximo. La distribuci\u00f3n de los equipos en las series \u201cA\u201d y \u201cB\u201d del torneo Apertura qued\u00f3 definida la noche de este martes, luego del sorteo que se llev\u00f3 adelante a cargo de los encargados de la Comisi\u00f3n T\u00e9cnica de Competiciones, a tiempo de indicar que este certamen contar\u00e1 con los cl\u00e1sicos inter grupos.<br \/>\nLa serie \u201cA\u201d qued\u00f3 formada por: The Strongest, Nacional Potos\u00ed, Real Santa Cruz, Universitario de Sucre, Mcepal Vinto Palmaflor, Oriente Petrolero, Aurora y Guabir\u00e1; mientras en la \u201cB\u201d estar\u00e1n: Bol\u00edvar, Real Tomayapo, Always Ready, Independiente, Universitario de Vinto, Blooming, Wilstermann y Royal Pari.<br \/>\nL\u00e1zaro Ferreira, miembro de la Comisi\u00f3n de Competiciones, inform\u00f3 que los clubes aprobaron el reglamento y la convocatoria del campeonato, que en el caso del Apertura contar\u00e1 con 16 fechas en su fase inicial con cotejos de ida y vuelta.<br \/>\nLos mejores cuatro de cada zona formar\u00e1n los cuartos de final, a partir de ah\u00ed la modalidad ser\u00e1 de eliminaci\u00f3n directa. Desde esta ronda, se tomar\u00e1 en cuenta los puntos acumulados en cada llave para avanzar. En caso de empate, se tomar\u00e1 en cuenta el gol diferencia y de persistir la paridad habr\u00e1 lanzamientos penales.<br \/>\nEste torneo comenzar\u00e1 el fin de semana del 6 de febrero y se prolongar\u00e1 hasta mayo. La final se jugar\u00e1 en sede \u00fanica por definir. Los finalistas tendr\u00e1n premio asegurado, con la diferencia de que el campe\u00f3n obtendr\u00e1 el Bolivia 1 de la Copa Libertadores de Am\u00e9rica 2023 y el vicecampe\u00f3n se conformar\u00e1 con el Bolivia 1 de la Sudamericana 2023. Los cl\u00e1sicos inter series se disputar\u00e1n en la sexta y en la d\u00e9cima tercera fecha, con los tradicionales choques del eje troncal: Bol\u00edvar contra The Strongest, Aurora ante Wilstermann, Blooming frente a Oriente Petrolero.<br \/>\nIndependiente rivalizar\u00e1 ante Universitario en el cl\u00e1sico de la Capital del Estado, Nacional Potos\u00ed y Real Tomayapo protagonizar\u00e1n el choque sure\u00f1o, Mcepal Vinto Palmaflor contra Universitario de Vinto, Guabir\u00e1 contra Royal Pari y Always Ready enfrentar\u00e1 a Real Santa Cruz.<br \/>\nLa Federaci\u00f3n Boliviana de F\u00fatbol (FBF) dio a conocer el rol de partidos de la fase de grupos, restando aprobar en una pr\u00f3xima reuni\u00f3n las fechas y los horarios, en consenso con la empresa due\u00f1a de los derechos televisivos.<\/p>\n<p>16 FECHAS Se disputar\u00e1n en la primera fase, con encuentros de ida y vuelta, de donde se acceder\u00e1 a cuartos de final.<\/p>\n<p><strong>APG<\/strong><\/p>\n","protected":false},"excerpt":{"rendered":"<p>L a temporada 2022 corre el 6 de febrero pr\u00f3ximo. La distribuci\u00f3n de los equipos en las series \u201cA\u201d y \u201cB\u201d del torneo Apertura qued\u00f3 definida la noche de este martes, luego del sorteo que se llev\u00f3 adelante a cargo de los encargados de la Comisi\u00f3n T\u00e9cnica de Competiciones, a tiempo de indicar que este [&hellip;]<\/p>\n","protected":false},"author":1,"featured_media":55659,"comment_status":"closed","ping_status":"closed","sticky":false,"template":"","format":"standard","meta":{"_acf_changed":false,"footnotes":""},"categories":[6],"tags":[],"class_list":["post-55658","post","type-post","status-publish","format-standard","has-post-thumbnail","category-deportes"],"acf":{"antetitulo":""},"yoast_head":"<!-- This site is optimized with the Yoast SEO plugin v28.4 - https:\/\/yoast.com\/product\/yoast-seo-wordpress\/ -->\n<title>La temporada 2022 arranca el 6 de febrero y por series - El Diario - Bolivia<\/title>\n<meta name=\"robots\" content=\"index, follow, max-snippet:-1, max-image-preview:large, max-video-preview:-1\" \/>\n<link rel=\"canonical\" href=\"https:\/\/www.eldiario.net\/portal\/2022\/01\/12\/la-temporada-2022-arranca-el-6-de-febrero-y-por-series\/\" \/>\n<meta property=\"og:locale\" content=\"es_ES\" \/>\n<meta property=\"og:type\" content=\"article\" \/>\n<meta property=\"og:title\" content=\"La temporada 2022 arranca el 6 de febrero y por series - El Diario - Bolivia\" \/>\n<meta property=\"og:description\" content=\"L a temporada 2022 corre el 6 de febrero pr\u00f3ximo. La distribuci\u00f3n de los equipos en las series \u201cA\u201d y \u201cB\u201d del torneo Apertura qued\u00f3 definida la noche de este martes, luego del sorteo que se llev\u00f3 adelante a cargo de los encargados de la Comisi\u00f3n T\u00e9cnica de Competiciones, a tiempo de indicar que este [&hellip;]\" \/>\n<meta property=\"og:url\" content=\"https:\/\/www.eldiario.net\/portal\/2022\/01\/12\/la-temporada-2022-arranca-el-6-de-febrero-y-por-series\/\" \/>\n<meta property=\"og:site_name\" content=\"El Diario - Bolivia\" \/>\n<meta property=\"article:publisher\" content=\"https:\/\/www.facebook.com\/eldiario.bolivia\/\" \/>\n<meta property=\"article:published_time\" content=\"2022-01-12T09:04:45+00:00\" \/>\n<meta property=\"og:image\" content=\"https:\/\/www.eldiario.net\/portal\/wp-content\/uploads\/2022\/01\/pag-2-foto-1-6.jpg\" \/>\n\t<meta property=\"og:image:width\" content=\"1000\" \/>\n\t<meta property=\"og:image:height\" content=\"679\" \/>\n\t<meta property=\"og:image:type\" content=\"image\/jpeg\" \/>\n<meta name=\"author\" content=\"Jeanette\" \/>\n<meta name=\"twitter:card\" content=\"summary_large_image\" \/>\n<meta name=\"twitter:creator\" content=\"@eldiario_net\" \/>\n<meta name=\"twitter:site\" content=\"@eldiario_net\" \/>\n<meta name=\"twitter:label1\" content=\"Escrito por\" \/>\n\t<meta name=\"twitter:data1\" content=\"Jeanette\" \/>\n\t<meta name=\"twitter:label2\" content=\"Tiempo de lectura\" \/>\n\t<meta name=\"twitter:data2\" content=\"2 minutos\" \/>\n<script type=\"application\/ld+json\" class=\"yoast-schema-graph\">{\"@context\":\"https:\\\/\\\/schema.org\",\"@graph\":[{\"@type\":\"Article\",\"@id\":\"https:\\\/\\\/www.eldiario.net\\\/portal\\\/2022\\\/01\\\/12\\\/la-temporada-2022-arranca-el-6-de-febrero-y-por-series\\\/#article\",\"isPartOf\":{\"@id\":\"https:\\\/\\\/www.eldiario.net\\\/portal\\\/2022\\\/01\\\/12\\\/la-temporada-2022-arranca-el-6-de-febrero-y-por-series\\\/\"},\"author\":{\"name\":\"Jeanette\",\"@id\":\"https:\\\/\\\/www.eldiario.net\\\/portal\\\/#\\\/schema\\\/person\\\/f46445640444750d7d753ccd04ae01b7\"},\"headline\":\"La temporada 2022 arranca el 6 de febrero y por series\",\"datePublished\":\"2022-01-12T09:04:45+00:00\",\"mainEntityOfPage\":{\"@id\":\"https:\\\/\\\/www.eldiario.net\\\/portal\\\/2022\\\/01\\\/12\\\/la-temporada-2022-arranca-el-6-de-febrero-y-por-series\\\/\"},\"wordCount\":425,\"publisher\":{\"@id\":\"https:\\\/\\\/www.eldiario.net\\\/portal\\\/#organization\"},\"image\":{\"@id\":\"https:\\\/\\\/www.eldiario.net\\\/portal\\\/2022\\\/01\\\/12\\\/la-temporada-2022-arranca-el-6-de-febrero-y-por-series\\\/#primaryimage\"},\"thumbnailUrl\":\"https:\\\/\\\/www.eldiario.net\\\/portal\\\/wp-content\\\/uploads\\\/2022\\\/01\\\/pag-2-foto-1-6.jpg\",\"articleSection\":[\"Deportes\"],\"inLanguage\":\"es\"},{\"@type\":\"WebPage\",\"@id\":\"https:\\\/\\\/www.eldiario.net\\\/portal\\\/2022\\\/01\\\/12\\\/la-temporada-2022-arranca-el-6-de-febrero-y-por-series\\\/\",\"url\":\"https:\\\/\\\/www.eldiario.net\\\/portal\\\/2022\\\/01\\\/12\\\/la-temporada-2022-arranca-el-6-de-febrero-y-por-series\\\/\",\"name\":\"La temporada 2022 arranca el 6 de febrero y por series - El Diario - Bolivia\",\"isPartOf\":{\"@id\":\"https:\\\/\\\/www.eldiario.net\\\/portal\\\/#website\"},\"primaryImageOfPage\":{\"@id\":\"https:\\\/\\\/www.eldiario.net\\\/portal\\\/2022\\\/01\\\/12\\\/la-temporada-2022-arranca-el-6-de-febrero-y-por-series\\\/#primaryimage\"},\"image\":{\"@id\":\"https:\\\/\\\/www.eldiario.net\\\/portal\\\/2022\\\/01\\\/12\\\/la-temporada-2022-arranca-el-6-de-febrero-y-por-series\\\/#primaryimage\"},\"thumbnailUrl\":\"https:\\\/\\\/www.eldiario.net\\\/portal\\\/wp-content\\\/uploads\\\/2022\\\/01\\\/pag-2-foto-1-6.jpg\",\"datePublished\":\"2022-01-12T09:04:45+00:00\",\"breadcrumb\":{\"@id\":\"https:\\\/\\\/www.eldiario.net\\\/portal\\\/2022\\\/01\\\/12\\\/la-temporada-2022-arranca-el-6-de-febrero-y-por-series\\\/#breadcrumb\"},\"inLanguage\":\"es\",\"potentialAction\":[{\"@type\":\"ReadAction\",\"target\":[\"https:\\\/\\\/www.eldiario.net\\\/portal\\\/2022\\\/01\\\/12\\\/la-temporada-2022-arranca-el-6-de-febrero-y-por-series\\\/\"]}]},{\"@type\":\"ImageObject\",\"inLanguage\":\"es\",\"@id\":\"https:\\\/\\\/www.eldiario.net\\\/portal\\\/2022\\\/01\\\/12\\\/la-temporada-2022-arranca-el-6-de-febrero-y-por-series\\\/#primaryimage\",\"url\":\"https:\\\/\\\/www.eldiario.net\\\/portal\\\/wp-content\\\/uploads\\\/2022\\\/01\\\/pag-2-foto-1-6.jpg\",\"contentUrl\":\"https:\\\/\\\/www.eldiario.net\\\/portal\\\/wp-content\\\/uploads\\\/2022\\\/01\\\/pag-2-foto-1-6.jpg\",\"width\":1000,\"height\":679},{\"@type\":\"BreadcrumbList\",\"@id\":\"https:\\\/\\\/www.eldiario.net\\\/portal\\\/2022\\\/01\\\/12\\\/la-temporada-2022-arranca-el-6-de-febrero-y-por-series\\\/#breadcrumb\",\"itemListElement\":[{\"@type\":\"ListItem\",\"position\":1,\"name\":\"Portada\",\"item\":\"https:\\\/\\\/www.eldiario.net\\\/portal\\\/\"},{\"@type\":\"ListItem\",\"position\":2,\"name\":\"La temporada 2022 arranca el 6 de febrero y por series\"}]},{\"@type\":\"WebSite\",\"@id\":\"https:\\\/\\\/www.eldiario.net\\\/portal\\\/#website\",\"url\":\"https:\\\/\\\/www.eldiario.net\\\/portal\\\/\",\"name\":\"El Diario - Decano de la prensa nacional\",\"description\":\"El Diario - Decano de la prensa nacional\",\"publisher\":{\"@id\":\"https:\\\/\\\/www.eldiario.net\\\/portal\\\/#organization\"},\"potentialAction\":[{\"@type\":\"SearchAction\",\"target\":{\"@type\":\"EntryPoint\",\"urlTemplate\":\"https:\\\/\\\/www.eldiario.net\\\/portal\\\/?s={search_term_string}\"},\"query-input\":{\"@type\":\"PropertyValueSpecification\",\"valueRequired\":true,\"valueName\":\"search_term_string\"}}],\"inLanguage\":\"es\"},{\"@type\":\"Organization\",\"@id\":\"https:\\\/\\\/www.eldiario.net\\\/portal\\\/#organization\",\"name\":\"El Diario - Decano de la prensa nacional\",\"url\":\"https:\\\/\\\/www.eldiario.net\\\/portal\\\/\",\"logo\":{\"@type\":\"ImageObject\",\"inLanguage\":\"es\",\"@id\":\"https:\\\/\\\/www.eldiario.net\\\/portal\\\/#\\\/schema\\\/logo\\\/image\\\/\",\"url\":\"https:\\\/\\\/www.eldiario.net\\\/portal\\\/wp-content\\\/uploads\\\/2023\\\/07\\\/logo_ED.jpg\",\"contentUrl\":\"https:\\\/\\\/www.eldiario.net\\\/portal\\\/wp-content\\\/uploads\\\/2023\\\/07\\\/logo_ED.jpg\",\"width\":272,\"height\":52,\"caption\":\"El Diario - Decano de la prensa nacional\"},\"image\":{\"@id\":\"https:\\\/\\\/www.eldiario.net\\\/portal\\\/#\\\/schema\\\/logo\\\/image\\\/\"},\"sameAs\":[\"https:\\\/\\\/www.facebook.com\\\/eldiario.bolivia\\\/\",\"https:\\\/\\\/x.com\\\/eldiario_net\"]},{\"@type\":\"Person\",\"@id\":\"https:\\\/\\\/www.eldiario.net\\\/portal\\\/#\\\/schema\\\/person\\\/f46445640444750d7d753ccd04ae01b7\",\"name\":\"Jeanette\",\"image\":{\"@type\":\"ImageObject\",\"inLanguage\":\"es\",\"@id\":\"https:\\\/\\\/secure.gravatar.com\\\/avatar\\\/3ea2118a5f7dad2b7138b1187a6b7ee55f160b9968b66013c3a3ef39dd7e5798?s=96&d=mm&r=g\",\"url\":\"https:\\\/\\\/secure.gravatar.com\\\/avatar\\\/3ea2118a5f7dad2b7138b1187a6b7ee55f160b9968b66013c3a3ef39dd7e5798?s=96&d=mm&r=g\",\"contentUrl\":\"https:\\\/\\\/secure.gravatar.com\\\/avatar\\\/3ea2118a5f7dad2b7138b1187a6b7ee55f160b9968b66013c3a3ef39dd7e5798?s=96&d=mm&r=g\",\"caption\":\"Jeanette\"},\"sameAs\":[\"https:\\\/\\\/www.eldiario.net\\\/portal\"],\"url\":\"https:\\\/\\\/www.eldiario.net\\\/portal\\\/author\\\/jeanette\\\/\"}]}<\/script>\n<!-- \/ Yoast SEO plugin. -->","yoast_head_json":{"title":"La temporada 2022 arranca el 6 de febrero y por series - El Diario - Bolivia","robots":{"index":"index","follow":"follow","max-snippet":"max-snippet:-1","max-image-preview":"max-image-preview:large","max-video-preview":"max-video-preview:-1"},"canonical":"https:\/\/www.eldiario.net\/portal\/2022\/01\/12\/la-temporada-2022-arranca-el-6-de-febrero-y-por-series\/","og_locale":"es_ES","og_type":"article","og_title":"La temporada 2022 arranca el 6 de febrero y por series - El Diario - Bolivia","og_description":"L a temporada 2022 corre el 6 de febrero pr\u00f3ximo. La distribuci\u00f3n de los equipos en las series \u201cA\u201d y \u201cB\u201d del torneo Apertura qued\u00f3 definida la noche de este martes, luego del sorteo que se llev\u00f3 adelante a cargo de los encargados de la Comisi\u00f3n T\u00e9cnica de Competiciones, a tiempo de indicar que este [&hellip;]","og_url":"https:\/\/www.eldiario.net\/portal\/2022\/01\/12\/la-temporada-2022-arranca-el-6-de-febrero-y-por-series\/","og_site_name":"El Diario - Bolivia","article_publisher":"https:\/\/www.facebook.com\/eldiario.bolivia\/","article_published_time":"2022-01-12T09:04:45+00:00","og_image":[{"width":1000,"height":679,"url":"https:\/\/www.eldiario.net\/portal\/wp-content\/uploads\/2022\/01\/pag-2-foto-1-6.jpg","type":"image\/jpeg"}],"author":"Jeanette","twitter_card":"summary_large_image","twitter_creator":"@eldiario_net","twitter_site":"@eldiario_net","twitter_misc":{"Escrito por":"Jeanette","Tiempo de lectura":"2 minutos"},"schema":{"@context":"https:\/\/schema.org","@graph":[{"@type":"Article","@id":"https:\/\/www.eldiario.net\/portal\/2022\/01\/12\/la-temporada-2022-arranca-el-6-de-febrero-y-por-series\/#article","isPartOf":{"@id":"https:\/\/www.eldiario.net\/portal\/2022\/01\/12\/la-temporada-2022-arranca-el-6-de-febrero-y-por-series\/"},"author":{"name":"Jeanette","@id":"https:\/\/www.eldiario.net\/portal\/#\/schema\/person\/f46445640444750d7d753ccd04ae01b7"},"headline":"La temporada 2022 arranca el 6 de febrero y por series","datePublished":"2022-01-12T09:04:45+00:00","mainEntityOfPage":{"@id":"https:\/\/www.eldiario.net\/portal\/2022\/01\/12\/la-temporada-2022-arranca-el-6-de-febrero-y-por-series\/"},"wordCount":425,"publisher":{"@id":"https:\/\/www.eldiario.net\/portal\/#organization"},"image":{"@id":"https:\/\/www.eldiario.net\/portal\/2022\/01\/12\/la-temporada-2022-arranca-el-6-de-febrero-y-por-series\/#primaryimage"},"thumbnailUrl":"https:\/\/www.eldiario.net\/portal\/wp-content\/uploads\/2022\/01\/pag-2-foto-1-6.jpg","articleSection":["Deportes"],"inLanguage":"es"},{"@type":"WebPage","@id":"https:\/\/www.eldiario.net\/portal\/2022\/01\/12\/la-temporada-2022-arranca-el-6-de-febrero-y-por-series\/","url":"https:\/\/www.eldiario.net\/portal\/2022\/01\/12\/la-temporada-2022-arranca-el-6-de-febrero-y-por-series\/","name":"La temporada 2022 arranca el 6 de febrero y por series - El Diario - Bolivia","isPartOf":{"@id":"https:\/\/www.eldiario.net\/portal\/#website"},"primaryImageOfPage":{"@id":"https:\/\/www.eldiario.net\/portal\/2022\/01\/12\/la-temporada-2022-arranca-el-6-de-febrero-y-por-series\/#primaryimage"},"image":{"@id":"https:\/\/www.eldiario.net\/portal\/2022\/01\/12\/la-temporada-2022-arranca-el-6-de-febrero-y-por-series\/#primaryimage"},"thumbnailUrl":"https:\/\/www.eldiario.net\/portal\/wp-content\/uploads\/2022\/01\/pag-2-foto-1-6.jpg","datePublished":"2022-01-12T09:04:45+00:00","breadcrumb":{"@id":"https:\/\/www.eldiario.net\/portal\/2022\/01\/12\/la-temporada-2022-arranca-el-6-de-febrero-y-por-series\/#breadcrumb"},"inLanguage":"es","potentialAction":[{"@type":"ReadAction","target":["https:\/\/www.eldiario.net\/portal\/2022\/01\/12\/la-temporada-2022-arranca-el-6-de-febrero-y-por-series\/"]}]},{"@type":"ImageObject","inLanguage":"es","@id":"https:\/\/www.eldiario.net\/portal\/2022\/01\/12\/la-temporada-2022-arranca-el-6-de-febrero-y-por-series\/#primaryimage","url":"https:\/\/www.eldiario.net\/portal\/wp-content\/uploads\/2022\/01\/pag-2-foto-1-6.jpg","contentUrl":"https:\/\/www.eldiario.net\/portal\/wp-content\/uploads\/2022\/01\/pag-2-foto-1-6.jpg","width":1000,"height":679},{"@type":"BreadcrumbList","@id":"https:\/\/www.eldiario.net\/portal\/2022\/01\/12\/la-temporada-2022-arranca-el-6-de-febrero-y-por-series\/#breadcrumb","itemListElement":[{"@type":"ListItem","position":1,"name":"Portada","item":"https:\/\/www.eldiario.net\/portal\/"},{"@type":"ListItem","position":2,"name":"La temporada 2022 arranca el 6 de febrero y por series"}]},{"@type":"WebSite","@id":"https:\/\/www.eldiario.net\/portal\/#website","url":"https:\/\/www.eldiario.net\/portal\/","name":"El Diario - Decano de la prensa nacional","description":"El Diario - Decano de la prensa nacional","publisher":{"@id":"https:\/\/www.eldiario.net\/portal\/#organization"},"potentialAction":[{"@type":"SearchAction","target":{"@type":"EntryPoint","urlTemplate":"https:\/\/www.eldiario.net\/portal\/?s={search_term_string}"},"query-input":{"@type":"PropertyValueSpecification","valueRequired":true,"valueName":"search_term_string"}}],"inLanguage":"es"},{"@type":"Organization","@id":"https:\/\/www.eldiario.net\/portal\/#organization","name":"El Diario - Decano de la prensa nacional","url":"https:\/\/www.eldiario.net\/portal\/","logo":{"@type":"ImageObject","inLanguage":"es","@id":"https:\/\/www.eldiario.net\/portal\/#\/schema\/logo\/image\/","url":"https:\/\/www.eldiario.net\/portal\/wp-content\/uploads\/2023\/07\/logo_ED.jpg","contentUrl":"https:\/\/www.eldiario.net\/portal\/wp-content\/uploads\/2023\/07\/logo_ED.jpg","width":272,"height":52,"caption":"El Diario - Decano de la prensa nacional"},"image":{"@id":"https:\/\/www.eldiario.net\/portal\/#\/schema\/logo\/image\/"},"sameAs":["https:\/\/www.facebook.com\/eldiario.bolivia\/","https:\/\/x.com\/eldiario_net"]},{"@type":"Person","@id":"https:\/\/www.eldiario.net\/portal\/#\/schema\/person\/f46445640444750d7d753ccd04ae01b7","name":"Jeanette","image":{"@type":"ImageObject","inLanguage":"es","@id":"https:\/\/secure.gravatar.com\/avatar\/3ea2118a5f7dad2b7138b1187a6b7ee55f160b9968b66013c3a3ef39dd7e5798?s=96&d=mm&r=g","url":"https:\/\/secure.gravatar.com\/avatar\/3ea2118a5f7dad2b7138b1187a6b7ee55f160b9968b66013c3a3ef39dd7e5798?s=96&d=mm&r=g","contentUrl":"https:\/\/secure.gravatar.com\/avatar\/3ea2118a5f7dad2b7138b1187a6b7ee55f160b9968b66013c3a3ef39dd7e5798?s=96&d=mm&r=g","caption":"Jeanette"},"sameAs":["https:\/\/www.eldiario.net\/portal"],"url":"https:\/\/www.eldiario.net\/portal\/author\/jeanette\/"}]}},"_links":{"self":[{"href":"https:\/\/www.eldiario.net\/portal\/wp-json\/wp\/v2\/posts\/55658","targetHints":{"allow":["GET"]}}],"collection":[{"href":"https:\/\/www.eldiario.net\/portal\/wp-json\/wp\/v2\/posts"}],"about":[{"href":"https:\/\/www.eldiario.net\/portal\/wp-json\/wp\/v2\/types\/post"}],"author":[{"embeddable":true,"href":"https:\/\/www.eldiario.net\/portal\/wp-json\/wp\/v2\/users\/1"}],"replies":[{"embeddable":true,"href":"https:\/\/www.eldiario.net\/portal\/wp-json\/wp\/v2\/comments?post=55658"}],"version-history":[{"count":0,"href":"https:\/\/www.eldiario.net\/portal\/wp-json\/wp\/v2\/posts\/55658\/revisions"}],"wp:featuredmedia":[{"embeddable":true,"href":"https:\/\/www.eldiario.net\/portal\/wp-json\/wp\/v2\/media\/55659"}],"wp:attachment":[{"href":"https:\/\/www.eldiario.net\/portal\/wp-json\/wp\/v2\/media?parent=55658"}],"wp:term":[{"taxonomy":"category","embeddable":true,"href":"https:\/\/www.eldiario.net\/portal\/wp-json\/wp\/v2\/categories?post=55658"},{"taxonomy":"post_tag","embeddable":true,"href":"https:\/\/www.eldiario.net\/portal\/wp-json\/wp\/v2\/tags?post=55658"}],"curies":[{"name":"wp","href":"https:\/\/api.w.org\/{rel}","templated":true}]}}