{"id":55547,"date":"2022-01-11T05:32:02","date_gmt":"2022-01-11T09:32:02","guid":{"rendered":"https:\/\/www.eldiario.net\/portal\/?p=55547"},"modified":"2022-01-11T05:32:02","modified_gmt":"2022-01-11T09:32:02","slug":"chile-inmoviliza-en-arica-300-camiones-bolivianos","status":"publish","type":"post","link":"https:\/\/www.eldiario.net\/portal\/2022\/01\/11\/chile-inmoviliza-en-arica-300-camiones-bolivianos\/","title":{"rendered":"Chile inmoviliza en Arica  300 camiones bolivianos"},"content":{"rendered":"<p>Una r\u00edgida pol\u00edtica sanitaria anticovid en Chile impidi\u00f3 hasta ahora que 300 camiones bolivianos cargados de mineral para exportaci\u00f3n a mercados de ultramar, puedan descargar en el puerto de Arica y retornar al pa\u00eds, denunci\u00f3 ayer el dirigente sindical de Transporte Internacional, Marcelo Cruz.<\/p>\n<p>\u201cTenemos 300 camiones parados en el Puerto de Arica que no han podido descargar mineral antes de Navidad. Son casi 20 d\u00edas (inmovilizados) no tienen dinero para pagar parqueo, para comer. No lograron embarcar (la carga al barco). (Los camiones) est\u00e1n en dep\u00f3sito, generando p\u00e9rdidas\u201d, protest\u00f3 el sindicalista en declaraciones que realiz\u00f3 a una radio emisora local en La Paz.<\/p>\n<p>Cruz, adem\u00e1s, volvi\u00f3 a implorar a las autoridades nacionales arrimar soluciones estructurales a las dificultades log\u00edsticas que ha generado Chile al imponer una pol\u00edtica sanitaria r\u00edgida que, hasta ahora, impide que exista un flujo normal para el tr\u00e1fico internacional de comercio entre Bolivia y Chile.<\/p>\n<p>Es un llamado \u201chumanitario\u201d, dijo Cruz, qui\u00e9n volvi\u00f3 a denunciar que las medidas anticovid en Chile, volvieron a dejar en una situaci\u00f3n inc\u00f3moda a centenares de transportistas que, en muchos casos, dieron positivo a las pruebas ant\u00edgeno nasales y por lo tanto, est\u00e1n impedidos de ingresar a la naci\u00f3n vecina.<\/p>\n<p>\u201cExisten transportistas que pasaron las fiestas de fin de a\u00f1o solos y abandonados en la carretera y el gobierno, hasta ahora, no soluciona el problema adecuadamente\u201d, dijo Cruz.<\/p>\n<p>Se\u00f1al\u00f3 que en las \u00faltimas horas el sector volvi\u00f3 a enviar cartas para qu\u00e9, desde el vicepresidente del Estado, David Choquehuanca, pasando por la Canciller\u00eda, puedan intervenir en el problema y solucionar las dificultades, una vez por todas.<\/p>\n<p>Seg\u00fan Cruz, debido a la revisi\u00f3n m\u00e9dica que realizan autoridades chilenas, solo permiten pasar 20 camiones por hora, cuando lo habitual eran 50. \u201cExisten parados al menos 1.500 camiones en frontera esperando turno y las ocho horas de trabajo, no son suficientes para descongestionar la cantidad de carga que fluye entre Chile y Bolivia\u201d, indic\u00f3.<\/p>\n<p>Frente a esta situaci\u00f3n, el dirigente volvi\u00f3 alertar que el sector declar\u00f3, en horas precedentes, estado de emergencia y anticip\u00f3 que, si las autoridades nacionales en coordinaci\u00f3n con sus pares de Chile, no resuelven el problema, proceder\u00e1n a bloquear los acceso internacionales que existen en frontera. \u201cTambo Quemado y Pisiga, ser\u00e1n cerradas\u201d, asegur\u00f3 el dirigente.<\/p>\n<p>El Gobierno comprometi\u00f3 a fines del a\u00f1o pasado que desplazar\u00e1, hasta la frontera con Chile, brigadas de salud para realizar pruebas anticovid a cientos de transportistas bolivianos que se hallan inmovilizados aparentemente, por estar contagiados con coronavirus raz\u00f3n por la que no pueden ingresar al vecino pa\u00eds.<\/p>\n<p>\u201cEsperamos resolver esta situaci\u00f3n a la brevedad posible y consideramos que una soluci\u00f3n estructural ser\u00e1 instalar (un puesto de salud) para que se puedan realizar pruebas (anticovid) y poder verificar qu\u00e9 esta pasando en la frontera con estos casos positivos que esta detectando el servicio de salud de Chile\u201d, afirm\u00f3 a una televisora local entonces el viceministro de Comercio Exterior, Benjam\u00edn Blanco.<\/p>\n<p>La decisi\u00f3n lleg\u00f3 despu\u00e9s que varios representantes del transporte internacional protestaron en el consulado de Chile por los controles para detectar el covid-19 y que dejaron inmovilizados alrededor de 800 transportistas porque dieron positivo a las pruebas sanitarias.<\/p>\n<p>Informaciones difundidas por el sector del transporte internacional se\u00f1ala que al menos 60 camiones quedaron varados en la frontera Bolivia-Chile en el paso de Tambo Quemado luego de que los choferes hubieran dado positivo a un control anticovid motivo por el cual autoridades migratorias y de seguridad chilenas, impiden el ingreso a su pa\u00eds.<\/p>\n<p>Frente a esta situaci\u00f3n, Blanco dijo que el Ministerio de Salud junto a la Aduana Nacional, desplazar\u00e1 personal para realizar pruebas ant\u00edgeno nasales en frontera, a partir de este martes, para verificar si es evidente que los transportistas que tienen resultado positivo, est\u00e1n contagiados con covid-19.<\/p>\n<p>El objetivo es demostrar al servicio sanitario chileno, si las muestras que hicieron, son v\u00e1lidas o, por el contrario, tienen un problema t\u00e9cnico, apunt\u00f3 la autoridad.<\/p>\n<p>El dirigente de los choferes del transporte internacional, Pedro Quispe, se\u00f1al\u00f3 en diciembre pasado que en Tambo Quemado est\u00e1n parados cientos de choferes de camiones, en medio un clima hostil e inclemente.<\/p>\n<p>Relat\u00f3 que personal sanitario de Chile realiz\u00f3 pruebas r\u00e1pidas de covid-19, a los transportistas a pesar que mostraron pruebas de PCR negativas que obtuvieron en la ciudad de Oruro.<\/p>\n<p>\u201cFueron rechazados alrededor de 100 ch\u00f3feres de trasporte pesado bolivianos\u201d, denunci\u00f3 entonces Quispe.<\/p>\n<p>Casi un mes despu\u00e9s, la situaci\u00f3n al parecer no ha cambiado. Seg\u00fan Cruz, Chile mantiene r\u00edgida las medidas de seguridad y generando perjuicios econ\u00f3micos millonarios para miles de transportistas bolivianos en frontera.<\/p>\n<p>FALSIFICACI\u00d3N<\/p>\n<p>A confesi\u00f3n de parte, relevo de pruebas, se\u00f1ala el adagio popular y lo que hizo ayer el viceministro de Comercio Exterior, Benjam\u00edn Blanco, es levantar el dedo acusador contra el transporte internacional boliviano al que denunci\u00f3 de haber utilizado pruebas PCR anticovid \u201cclonadas y falsificadas\u201d para lograr pasar la frontera lo que deriv\u00f3 en la p\u00e9rdida de confianza de las autoridades sanitarias en Chile.<\/p>\n<p>\u201c\u2026esta obligatoriedad de realizarse el ant\u00edgeno nasal (prueba PCR) que se realiza en territorio chileno, nace a partir de pruebas PCR, clonadas y falsificadas, que han presentado nuestros transportistas que definitivamente ha hecho que Chile pierda la confianza en las pruebas PCR que ellos estaban presentando raz\u00f3n por la cual han hecho obligatorio (las pruebas) ant\u00edgeno nasal que ahora esta detectando positivos y lo que corresponde es que estos (transportistas) hagan la cuarentena, como corresponde y se pueda relevar a las personas (infectadas) para que puedan llegar a los puertos\u2026\u201d, declar\u00f3 la autoridad a una radio emisora local en La Paz.<\/p>\n<p>Blanco adem\u00e1s propuso a los transportistas que est\u00e1n contagiados con la enfermedad, abstenerse de ingresar a Chile ya que, hacerlo, empeorar\u00e1 las medidas de seguridad sanitarias y cada vez ser\u00e1n m\u00e1s r\u00edgidas. (Bolivia Energ\u00eda Libre)<\/p>\n","protected":false},"excerpt":{"rendered":"<p>Una r\u00edgida pol\u00edtica sanitaria anticovid en Chile impidi\u00f3 hasta ahora que 300 camiones bolivianos cargados de mineral para exportaci\u00f3n a mercados de ultramar, puedan descargar en el puerto de Arica y retornar al pa\u00eds, denunci\u00f3 ayer el dirigente sindical de Transporte Internacional, Marcelo Cruz. \u201cTenemos 300 camiones parados en el Puerto de Arica que no [&hellip;]<\/p>\n","protected":false},"author":1,"featured_media":55548,"comment_status":"closed","ping_status":"closed","sticky":false,"template":"","format":"standard","meta":{"_acf_changed":false,"footnotes":""},"categories":[15],"tags":[],"class_list":["post-55547","post","type-post","status-publish","format-standard","has-post-thumbnail","category-portada"],"acf":{"antetitulo":""},"yoast_head":"<!-- This site is optimized with the Yoast SEO plugin v28.4 - https:\/\/yoast.com\/product\/yoast-seo-wordpress\/ -->\n<title>Chile inmoviliza en Arica 300 camiones bolivianos - El Diario - Bolivia<\/title>\n<meta name=\"robots\" content=\"index, follow, max-snippet:-1, max-image-preview:large, max-video-preview:-1\" \/>\n<link rel=\"canonical\" href=\"https:\/\/www.eldiario.net\/portal\/2022\/01\/11\/chile-inmoviliza-en-arica-300-camiones-bolivianos\/\" \/>\n<meta property=\"og:locale\" content=\"es_ES\" \/>\n<meta property=\"og:type\" content=\"article\" \/>\n<meta property=\"og:title\" content=\"Chile inmoviliza en Arica 300 camiones bolivianos - El Diario - Bolivia\" \/>\n<meta property=\"og:description\" content=\"Una r\u00edgida pol\u00edtica sanitaria anticovid en Chile impidi\u00f3 hasta ahora que 300 camiones bolivianos cargados de mineral para exportaci\u00f3n a mercados de ultramar, puedan descargar en el puerto de Arica y retornar al pa\u00eds, denunci\u00f3 ayer el dirigente sindical de Transporte Internacional, Marcelo Cruz. \u201cTenemos 300 camiones parados en el Puerto de Arica que no [&hellip;]\" \/>\n<meta property=\"og:url\" content=\"https:\/\/www.eldiario.net\/portal\/2022\/01\/11\/chile-inmoviliza-en-arica-300-camiones-bolivianos\/\" \/>\n<meta property=\"og:site_name\" content=\"El Diario - Bolivia\" \/>\n<meta property=\"article:publisher\" content=\"https:\/\/www.facebook.com\/eldiario.bolivia\/\" \/>\n<meta property=\"article:published_time\" content=\"2022-01-11T09:32:02+00:00\" \/>\n<meta property=\"og:image\" content=\"https:\/\/www.eldiario.net\/portal\/wp-content\/uploads\/2022\/01\/CAMIONES-FOTO.jpg\" \/>\n\t<meta property=\"og:image:width\" content=\"766\" \/>\n\t<meta property=\"og:image:height\" content=\"445\" \/>\n\t<meta property=\"og:image:type\" content=\"image\/jpeg\" \/>\n<meta name=\"author\" content=\"Jeanette\" \/>\n<meta name=\"twitter:card\" content=\"summary_large_image\" \/>\n<meta name=\"twitter:creator\" content=\"@eldiario_net\" \/>\n<meta name=\"twitter:site\" content=\"@eldiario_net\" \/>\n<meta name=\"twitter:label1\" content=\"Escrito por\" \/>\n\t<meta name=\"twitter:data1\" content=\"Jeanette\" \/>\n\t<meta name=\"twitter:label2\" content=\"Tiempo de lectura\" \/>\n\t<meta name=\"twitter:data2\" content=\"5 minutos\" \/>\n<script type=\"application\/ld+json\" class=\"yoast-schema-graph\">{\"@context\":\"https:\\\/\\\/schema.org\",\"@graph\":[{\"@type\":\"Article\",\"@id\":\"https:\\\/\\\/www.eldiario.net\\\/portal\\\/2022\\\/01\\\/11\\\/chile-inmoviliza-en-arica-300-camiones-bolivianos\\\/#article\",\"isPartOf\":{\"@id\":\"https:\\\/\\\/www.eldiario.net\\\/portal\\\/2022\\\/01\\\/11\\\/chile-inmoviliza-en-arica-300-camiones-bolivianos\\\/\"},\"author\":{\"name\":\"Jeanette\",\"@id\":\"https:\\\/\\\/www.eldiario.net\\\/portal\\\/#\\\/schema\\\/person\\\/2c57cf2b7a7ae032e449e4c9b1019eac\"},\"headline\":\"Chile inmoviliza en Arica 300 camiones bolivianos\",\"datePublished\":\"2022-01-11T09:32:02+00:00\",\"mainEntityOfPage\":{\"@id\":\"https:\\\/\\\/www.eldiario.net\\\/portal\\\/2022\\\/01\\\/11\\\/chile-inmoviliza-en-arica-300-camiones-bolivianos\\\/\"},\"wordCount\":1019,\"publisher\":{\"@id\":\"https:\\\/\\\/www.eldiario.net\\\/portal\\\/#organization\"},\"image\":{\"@id\":\"https:\\\/\\\/www.eldiario.net\\\/portal\\\/2022\\\/01\\\/11\\\/chile-inmoviliza-en-arica-300-camiones-bolivianos\\\/#primaryimage\"},\"thumbnailUrl\":\"https:\\\/\\\/www.eldiario.net\\\/portal\\\/wp-content\\\/uploads\\\/2022\\\/01\\\/CAMIONES-FOTO.jpg\",\"articleSection\":[\"Portada\"],\"inLanguage\":\"es\"},{\"@type\":\"WebPage\",\"@id\":\"https:\\\/\\\/www.eldiario.net\\\/portal\\\/2022\\\/01\\\/11\\\/chile-inmoviliza-en-arica-300-camiones-bolivianos\\\/\",\"url\":\"https:\\\/\\\/www.eldiario.net\\\/portal\\\/2022\\\/01\\\/11\\\/chile-inmoviliza-en-arica-300-camiones-bolivianos\\\/\",\"name\":\"Chile inmoviliza en Arica 300 camiones bolivianos - El Diario - Bolivia\",\"isPartOf\":{\"@id\":\"https:\\\/\\\/www.eldiario.net\\\/portal\\\/#website\"},\"primaryImageOfPage\":{\"@id\":\"https:\\\/\\\/www.eldiario.net\\\/portal\\\/2022\\\/01\\\/11\\\/chile-inmoviliza-en-arica-300-camiones-bolivianos\\\/#primaryimage\"},\"image\":{\"@id\":\"https:\\\/\\\/www.eldiario.net\\\/portal\\\/2022\\\/01\\\/11\\\/chile-inmoviliza-en-arica-300-camiones-bolivianos\\\/#primaryimage\"},\"thumbnailUrl\":\"https:\\\/\\\/www.eldiario.net\\\/portal\\\/wp-content\\\/uploads\\\/2022\\\/01\\\/CAMIONES-FOTO.jpg\",\"datePublished\":\"2022-01-11T09:32:02+00:00\",\"breadcrumb\":{\"@id\":\"https:\\\/\\\/www.eldiario.net\\\/portal\\\/2022\\\/01\\\/11\\\/chile-inmoviliza-en-arica-300-camiones-bolivianos\\\/#breadcrumb\"},\"inLanguage\":\"es\",\"potentialAction\":[{\"@type\":\"ReadAction\",\"target\":[\"https:\\\/\\\/www.eldiario.net\\\/portal\\\/2022\\\/01\\\/11\\\/chile-inmoviliza-en-arica-300-camiones-bolivianos\\\/\"]}]},{\"@type\":\"ImageObject\",\"inLanguage\":\"es\",\"@id\":\"https:\\\/\\\/www.eldiario.net\\\/portal\\\/2022\\\/01\\\/11\\\/chile-inmoviliza-en-arica-300-camiones-bolivianos\\\/#primaryimage\",\"url\":\"https:\\\/\\\/www.eldiario.net\\\/portal\\\/wp-content\\\/uploads\\\/2022\\\/01\\\/CAMIONES-FOTO.jpg\",\"contentUrl\":\"https:\\\/\\\/www.eldiario.net\\\/portal\\\/wp-content\\\/uploads\\\/2022\\\/01\\\/CAMIONES-FOTO.jpg\",\"width\":766,\"height\":445,\"caption\":\"CAMIONES BOLIVIANOS CON CARGA A LA ESPERA DE PASAR LA FRONTERA CON CHILE. FOTO:RRSS\"},{\"@type\":\"BreadcrumbList\",\"@id\":\"https:\\\/\\\/www.eldiario.net\\\/portal\\\/2022\\\/01\\\/11\\\/chile-inmoviliza-en-arica-300-camiones-bolivianos\\\/#breadcrumb\",\"itemListElement\":[{\"@type\":\"ListItem\",\"position\":1,\"name\":\"Portada\",\"item\":\"https:\\\/\\\/www.eldiario.net\\\/portal\\\/\"},{\"@type\":\"ListItem\",\"position\":2,\"name\":\"Chile inmoviliza en Arica 300 camiones bolivianos\"}]},{\"@type\":\"WebSite\",\"@id\":\"https:\\\/\\\/www.eldiario.net\\\/portal\\\/#website\",\"url\":\"https:\\\/\\\/www.eldiario.net\\\/portal\\\/\",\"name\":\"El Diario - Decano de la prensa nacional\",\"description\":\"El Diario - Decano de la prensa nacional\",\"publisher\":{\"@id\":\"https:\\\/\\\/www.eldiario.net\\\/portal\\\/#organization\"},\"potentialAction\":[{\"@type\":\"SearchAction\",\"target\":{\"@type\":\"EntryPoint\",\"urlTemplate\":\"https:\\\/\\\/www.eldiario.net\\\/portal\\\/?s={search_term_string}\"},\"query-input\":{\"@type\":\"PropertyValueSpecification\",\"valueRequired\":true,\"valueName\":\"search_term_string\"}}],\"inLanguage\":\"es\"},{\"@type\":\"Organization\",\"@id\":\"https:\\\/\\\/www.eldiario.net\\\/portal\\\/#organization\",\"name\":\"El Diario - Decano de la prensa nacional\",\"url\":\"https:\\\/\\\/www.eldiario.net\\\/portal\\\/\",\"logo\":{\"@type\":\"ImageObject\",\"inLanguage\":\"es\",\"@id\":\"https:\\\/\\\/www.eldiario.net\\\/portal\\\/#\\\/schema\\\/logo\\\/image\\\/\",\"url\":\"https:\\\/\\\/www.eldiario.net\\\/portal\\\/wp-content\\\/uploads\\\/2023\\\/07\\\/logo_ED.jpg\",\"contentUrl\":\"https:\\\/\\\/www.eldiario.net\\\/portal\\\/wp-content\\\/uploads\\\/2023\\\/07\\\/logo_ED.jpg\",\"width\":272,\"height\":52,\"caption\":\"El Diario - Decano de la prensa nacional\"},\"image\":{\"@id\":\"https:\\\/\\\/www.eldiario.net\\\/portal\\\/#\\\/schema\\\/logo\\\/image\\\/\"},\"sameAs\":[\"https:\\\/\\\/www.facebook.com\\\/eldiario.bolivia\\\/\",\"https:\\\/\\\/x.com\\\/eldiario_net\"]},{\"@type\":\"Person\",\"@id\":\"https:\\\/\\\/www.eldiario.net\\\/portal\\\/#\\\/schema\\\/person\\\/2c57cf2b7a7ae032e449e4c9b1019eac\",\"name\":\"Jeanette\",\"image\":{\"@type\":\"ImageObject\",\"inLanguage\":\"es\",\"@id\":\"https:\\\/\\\/secure.gravatar.com\\\/avatar\\\/3ea2118a5f7dad2b7138b1187a6b7ee55f160b9968b66013c3a3ef39dd7e5798?s=96&d=mm&r=g\",\"url\":\"https:\\\/\\\/secure.gravatar.com\\\/avatar\\\/3ea2118a5f7dad2b7138b1187a6b7ee55f160b9968b66013c3a3ef39dd7e5798?s=96&d=mm&r=g\",\"contentUrl\":\"https:\\\/\\\/secure.gravatar.com\\\/avatar\\\/3ea2118a5f7dad2b7138b1187a6b7ee55f160b9968b66013c3a3ef39dd7e5798?s=96&d=mm&r=g\",\"caption\":\"Jeanette\"},\"sameAs\":[\"https:\\\/\\\/www.eldiario.net\\\/portal\"],\"url\":\"https:\\\/\\\/www.eldiario.net\\\/portal\\\/author\\\/jeanette\\\/\"}]}<\/script>\n<!-- \/ Yoast SEO plugin. -->","yoast_head_json":{"title":"Chile inmoviliza en Arica 300 camiones bolivianos - El Diario - Bolivia","robots":{"index":"index","follow":"follow","max-snippet":"max-snippet:-1","max-image-preview":"max-image-preview:large","max-video-preview":"max-video-preview:-1"},"canonical":"https:\/\/www.eldiario.net\/portal\/2022\/01\/11\/chile-inmoviliza-en-arica-300-camiones-bolivianos\/","og_locale":"es_ES","og_type":"article","og_title":"Chile inmoviliza en Arica 300 camiones bolivianos - El Diario - Bolivia","og_description":"Una r\u00edgida pol\u00edtica sanitaria anticovid en Chile impidi\u00f3 hasta ahora que 300 camiones bolivianos cargados de mineral para exportaci\u00f3n a mercados de ultramar, puedan descargar en el puerto de Arica y retornar al pa\u00eds, denunci\u00f3 ayer el dirigente sindical de Transporte Internacional, Marcelo Cruz. \u201cTenemos 300 camiones parados en el Puerto de Arica que no [&hellip;]","og_url":"https:\/\/www.eldiario.net\/portal\/2022\/01\/11\/chile-inmoviliza-en-arica-300-camiones-bolivianos\/","og_site_name":"El Diario - Bolivia","article_publisher":"https:\/\/www.facebook.com\/eldiario.bolivia\/","article_published_time":"2022-01-11T09:32:02+00:00","og_image":[{"width":766,"height":445,"url":"https:\/\/www.eldiario.net\/portal\/wp-content\/uploads\/2022\/01\/CAMIONES-FOTO.jpg","type":"image\/jpeg"}],"author":"Jeanette","twitter_card":"summary_large_image","twitter_creator":"@eldiario_net","twitter_site":"@eldiario_net","twitter_misc":{"Escrito por":"Jeanette","Tiempo de lectura":"5 minutos"},"schema":{"@context":"https:\/\/schema.org","@graph":[{"@type":"Article","@id":"https:\/\/www.eldiario.net\/portal\/2022\/01\/11\/chile-inmoviliza-en-arica-300-camiones-bolivianos\/#article","isPartOf":{"@id":"https:\/\/www.eldiario.net\/portal\/2022\/01\/11\/chile-inmoviliza-en-arica-300-camiones-bolivianos\/"},"author":{"name":"Jeanette","@id":"https:\/\/www.eldiario.net\/portal\/#\/schema\/person\/2c57cf2b7a7ae032e449e4c9b1019eac"},"headline":"Chile inmoviliza en Arica 300 camiones bolivianos","datePublished":"2022-01-11T09:32:02+00:00","mainEntityOfPage":{"@id":"https:\/\/www.eldiario.net\/portal\/2022\/01\/11\/chile-inmoviliza-en-arica-300-camiones-bolivianos\/"},"wordCount":1019,"publisher":{"@id":"https:\/\/www.eldiario.net\/portal\/#organization"},"image":{"@id":"https:\/\/www.eldiario.net\/portal\/2022\/01\/11\/chile-inmoviliza-en-arica-300-camiones-bolivianos\/#primaryimage"},"thumbnailUrl":"https:\/\/www.eldiario.net\/portal\/wp-content\/uploads\/2022\/01\/CAMIONES-FOTO.jpg","articleSection":["Portada"],"inLanguage":"es"},{"@type":"WebPage","@id":"https:\/\/www.eldiario.net\/portal\/2022\/01\/11\/chile-inmoviliza-en-arica-300-camiones-bolivianos\/","url":"https:\/\/www.eldiario.net\/portal\/2022\/01\/11\/chile-inmoviliza-en-arica-300-camiones-bolivianos\/","name":"Chile inmoviliza en Arica 300 camiones bolivianos - El Diario - Bolivia","isPartOf":{"@id":"https:\/\/www.eldiario.net\/portal\/#website"},"primaryImageOfPage":{"@id":"https:\/\/www.eldiario.net\/portal\/2022\/01\/11\/chile-inmoviliza-en-arica-300-camiones-bolivianos\/#primaryimage"},"image":{"@id":"https:\/\/www.eldiario.net\/portal\/2022\/01\/11\/chile-inmoviliza-en-arica-300-camiones-bolivianos\/#primaryimage"},"thumbnailUrl":"https:\/\/www.eldiario.net\/portal\/wp-content\/uploads\/2022\/01\/CAMIONES-FOTO.jpg","datePublished":"2022-01-11T09:32:02+00:00","breadcrumb":{"@id":"https:\/\/www.eldiario.net\/portal\/2022\/01\/11\/chile-inmoviliza-en-arica-300-camiones-bolivianos\/#breadcrumb"},"inLanguage":"es","potentialAction":[{"@type":"ReadAction","target":["https:\/\/www.eldiario.net\/portal\/2022\/01\/11\/chile-inmoviliza-en-arica-300-camiones-bolivianos\/"]}]},{"@type":"ImageObject","inLanguage":"es","@id":"https:\/\/www.eldiario.net\/portal\/2022\/01\/11\/chile-inmoviliza-en-arica-300-camiones-bolivianos\/#primaryimage","url":"https:\/\/www.eldiario.net\/portal\/wp-content\/uploads\/2022\/01\/CAMIONES-FOTO.jpg","contentUrl":"https:\/\/www.eldiario.net\/portal\/wp-content\/uploads\/2022\/01\/CAMIONES-FOTO.jpg","width":766,"height":445,"caption":"CAMIONES BOLIVIANOS CON CARGA A LA ESPERA DE PASAR LA FRONTERA CON CHILE. FOTO:RRSS"},{"@type":"BreadcrumbList","@id":"https:\/\/www.eldiario.net\/portal\/2022\/01\/11\/chile-inmoviliza-en-arica-300-camiones-bolivianos\/#breadcrumb","itemListElement":[{"@type":"ListItem","position":1,"name":"Portada","item":"https:\/\/www.eldiario.net\/portal\/"},{"@type":"ListItem","position":2,"name":"Chile inmoviliza en Arica 300 camiones bolivianos"}]},{"@type":"WebSite","@id":"https:\/\/www.eldiario.net\/portal\/#website","url":"https:\/\/www.eldiario.net\/portal\/","name":"El Diario - Decano de la prensa nacional","description":"El Diario - Decano de la prensa nacional","publisher":{"@id":"https:\/\/www.eldiario.net\/portal\/#organization"},"potentialAction":[{"@type":"SearchAction","target":{"@type":"EntryPoint","urlTemplate":"https:\/\/www.eldiario.net\/portal\/?s={search_term_string}"},"query-input":{"@type":"PropertyValueSpecification","valueRequired":true,"valueName":"search_term_string"}}],"inLanguage":"es"},{"@type":"Organization","@id":"https:\/\/www.eldiario.net\/portal\/#organization","name":"El Diario - Decano de la prensa nacional","url":"https:\/\/www.eldiario.net\/portal\/","logo":{"@type":"ImageObject","inLanguage":"es","@id":"https:\/\/www.eldiario.net\/portal\/#\/schema\/logo\/image\/","url":"https:\/\/www.eldiario.net\/portal\/wp-content\/uploads\/2023\/07\/logo_ED.jpg","contentUrl":"https:\/\/www.eldiario.net\/portal\/wp-content\/uploads\/2023\/07\/logo_ED.jpg","width":272,"height":52,"caption":"El Diario - Decano de la prensa nacional"},"image":{"@id":"https:\/\/www.eldiario.net\/portal\/#\/schema\/logo\/image\/"},"sameAs":["https:\/\/www.facebook.com\/eldiario.bolivia\/","https:\/\/x.com\/eldiario_net"]},{"@type":"Person","@id":"https:\/\/www.eldiario.net\/portal\/#\/schema\/person\/2c57cf2b7a7ae032e449e4c9b1019eac","name":"Jeanette","image":{"@type":"ImageObject","inLanguage":"es","@id":"https:\/\/secure.gravatar.com\/avatar\/3ea2118a5f7dad2b7138b1187a6b7ee55f160b9968b66013c3a3ef39dd7e5798?s=96&d=mm&r=g","url":"https:\/\/secure.gravatar.com\/avatar\/3ea2118a5f7dad2b7138b1187a6b7ee55f160b9968b66013c3a3ef39dd7e5798?s=96&d=mm&r=g","contentUrl":"https:\/\/secure.gravatar.com\/avatar\/3ea2118a5f7dad2b7138b1187a6b7ee55f160b9968b66013c3a3ef39dd7e5798?s=96&d=mm&r=g","caption":"Jeanette"},"sameAs":["https:\/\/www.eldiario.net\/portal"],"url":"https:\/\/www.eldiario.net\/portal\/author\/jeanette\/"}]}},"_links":{"self":[{"href":"https:\/\/www.eldiario.net\/portal\/wp-json\/wp\/v2\/posts\/55547","targetHints":{"allow":["GET"]}}],"collection":[{"href":"https:\/\/www.eldiario.net\/portal\/wp-json\/wp\/v2\/posts"}],"about":[{"href":"https:\/\/www.eldiario.net\/portal\/wp-json\/wp\/v2\/types\/post"}],"author":[{"embeddable":true,"href":"https:\/\/www.eldiario.net\/portal\/wp-json\/wp\/v2\/users\/1"}],"replies":[{"embeddable":true,"href":"https:\/\/www.eldiario.net\/portal\/wp-json\/wp\/v2\/comments?post=55547"}],"version-history":[{"count":0,"href":"https:\/\/www.eldiario.net\/portal\/wp-json\/wp\/v2\/posts\/55547\/revisions"}],"wp:featuredmedia":[{"embeddable":true,"href":"https:\/\/www.eldiario.net\/portal\/wp-json\/wp\/v2\/media\/55548"}],"wp:attachment":[{"href":"https:\/\/www.eldiario.net\/portal\/wp-json\/wp\/v2\/media?parent=55547"}],"wp:term":[{"taxonomy":"category","embeddable":true,"href":"https:\/\/www.eldiario.net\/portal\/wp-json\/wp\/v2\/categories?post=55547"},{"taxonomy":"post_tag","embeddable":true,"href":"https:\/\/www.eldiario.net\/portal\/wp-json\/wp\/v2\/tags?post=55547"}],"curies":[{"name":"wp","href":"https:\/\/api.w.org\/{rel}","templated":true}]}}