{"id":55544,"date":"2022-01-11T05:31:15","date_gmt":"2022-01-11T09:31:15","guid":{"rendered":"https:\/\/www.eldiario.net\/portal\/?p=55544"},"modified":"2022-01-11T05:31:15","modified_gmt":"2022-01-11T09:31:15","slug":"habra-alasita-en-la-paz-y-recomiendan-suspender-carnaval","status":"publish","type":"post","link":"https:\/\/www.eldiario.net\/portal\/2022\/01\/11\/habra-alasita-en-la-paz-y-recomiendan-suspender-carnaval\/","title":{"rendered":"Habr\u00e1 Alasita en La Paz y recomiendan suspender Carnaval"},"content":{"rendered":"<p>La Feria de la Alasita ser\u00e1 inaugurada este 24 de enero en el Parque Urbano Central, determinaci\u00f3n asumida por el Centro de Operaciones de Emergencia Municipal (COEM) La Paz, mientras que el Ministerio de Culturas sugiri\u00f3 suspender el Carnaval en todo el pa\u00eds, pero la determinaci\u00f3n final dej\u00f3 en manos de las gobernaciones y municipios.<\/p>\n<p>\u201cEl Ekeko llegar\u00e1 al mediod\u00eda del 24 de enero con barbijo y su ch\u2019iti carnet de vacunaci\u00f3n\u201d, dijo uno de los dirigentes que particip\u00f3 del COEM al alcalde Iv\u00e1n Arias, quien afirm\u00f3 \u201cque el 24 de enero va haber un peque\u00f1o acto de inauguraci\u00f3n simb\u00f3lico en el PUC, con no m\u00e1s de cien personas y se determin\u00f3 la descentralizaci\u00f3n a los macrodistritos, para evitar la aglomeraci\u00f3n de personas y posibles contagios\u201d.<\/p>\n<p>CARNAVAL<\/p>\n<p>La ministra de Culturas, Sabina Orellana, por su parte, afirm\u00f3 que la recomendaci\u00f3n es suspender el Carnaval por el incremento de casos de covid-19 que se ha registrado en el pa\u00eds, sin embargo, indic\u00f3 que esa decisi\u00f3n depender\u00e1 de las gobernaciones y municipios respectivos.<\/p>\n<p>\u201cLa recomendaci\u00f3n ser\u00eda no realizar los carnavales, porque van subiendo las cifras y eso asusta, En cada departamento las cifras van aumentando\u201d, dijo Orellana.<\/p>\n<p>Recalc\u00f3 que la decisi\u00f3n para realizar o no los carnavales, dependen de las gobernaciones y municipios, mientras que el nivel central respetar\u00e1 esas determinaciones.<\/p>\n<p>\u201cVamos a respetar la autonom\u00eda de cada departamento, de cada municipio, si dicen \u2018no realizar\u2019, nosotros vamos a respetar, si dicen \u2018realizar\u2019, tambi\u00e9n, pero hay que ver la cifras que van aumentando\u201d, afirm\u00f3 la Ministra.<\/p>\n<p>M\u00c1S INFORMACI\u00d3N: LA PAZ<\/p>\n","protected":false},"excerpt":{"rendered":"<p>La Feria de la Alasita ser\u00e1 inaugurada este 24 de enero en el Parque Urbano Central, determinaci\u00f3n asumida por el Centro de Operaciones de Emergencia Municipal (COEM) La Paz, mientras que el Ministerio de Culturas sugiri\u00f3 suspender el Carnaval en todo el pa\u00eds, pero la determinaci\u00f3n final dej\u00f3 en manos de las gobernaciones y municipios. [&hellip;]<\/p>\n","protected":false},"author":1,"featured_media":55545,"comment_status":"closed","ping_status":"closed","sticky":false,"template":"","format":"standard","meta":{"_acf_changed":false,"footnotes":""},"categories":[15],"tags":[],"class_list":["post-55544","post","type-post","status-publish","format-standard","has-post-thumbnail","category-portada"],"acf":{"antetitulo":""},"yoast_head":"<!-- This site is optimized with the Yoast SEO plugin v28.4 - https:\/\/yoast.com\/product\/yoast-seo-wordpress\/ -->\n<title>Habr\u00e1 Alasita en La Paz y recomiendan suspender Carnaval - El Diario - Bolivia<\/title>\n<meta name=\"robots\" content=\"index, follow, max-snippet:-1, max-image-preview:large, max-video-preview:-1\" \/>\n<link rel=\"canonical\" href=\"https:\/\/www.eldiario.net\/portal\/2022\/01\/11\/habra-alasita-en-la-paz-y-recomiendan-suspender-carnaval\/\" \/>\n<meta property=\"og:locale\" content=\"es_ES\" \/>\n<meta property=\"og:type\" content=\"article\" \/>\n<meta property=\"og:title\" content=\"Habr\u00e1 Alasita en La Paz y recomiendan suspender Carnaval - El Diario - Bolivia\" \/>\n<meta property=\"og:description\" content=\"La Feria de la Alasita ser\u00e1 inaugurada este 24 de enero en el Parque Urbano Central, determinaci\u00f3n asumida por el Centro de Operaciones de Emergencia Municipal (COEM) La Paz, mientras que el Ministerio de Culturas sugiri\u00f3 suspender el Carnaval en todo el pa\u00eds, pero la determinaci\u00f3n final dej\u00f3 en manos de las gobernaciones y municipios. [&hellip;]\" \/>\n<meta property=\"og:url\" content=\"https:\/\/www.eldiario.net\/portal\/2022\/01\/11\/habra-alasita-en-la-paz-y-recomiendan-suspender-carnaval\/\" \/>\n<meta property=\"og:site_name\" content=\"El Diario - Bolivia\" \/>\n<meta property=\"article:publisher\" content=\"https:\/\/www.facebook.com\/eldiario.bolivia\/\" \/>\n<meta property=\"article:published_time\" content=\"2022-01-11T09:31:15+00:00\" \/>\n<meta name=\"author\" content=\"Jeanette\" \/>\n<meta name=\"twitter:card\" content=\"summary_large_image\" \/>\n<meta name=\"twitter:creator\" content=\"@eldiario_net\" \/>\n<meta name=\"twitter:site\" content=\"@eldiario_net\" \/>\n<meta name=\"twitter:label1\" content=\"Escrito por\" \/>\n\t<meta name=\"twitter:data1\" content=\"Jeanette\" \/>\n\t<meta name=\"twitter:label2\" content=\"Tiempo de lectura\" \/>\n\t<meta name=\"twitter:data2\" content=\"2 minutos\" \/>\n<script type=\"application\/ld+json\" class=\"yoast-schema-graph\">{\"@context\":\"https:\\\/\\\/schema.org\",\"@graph\":[{\"@type\":\"Article\",\"@id\":\"https:\\\/\\\/www.eldiario.net\\\/portal\\\/2022\\\/01\\\/11\\\/habra-alasita-en-la-paz-y-recomiendan-suspender-carnaval\\\/#article\",\"isPartOf\":{\"@id\":\"https:\\\/\\\/www.eldiario.net\\\/portal\\\/2022\\\/01\\\/11\\\/habra-alasita-en-la-paz-y-recomiendan-suspender-carnaval\\\/\"},\"author\":{\"name\":\"Jeanette\",\"@id\":\"https:\\\/\\\/www.eldiario.net\\\/portal\\\/#\\\/schema\\\/person\\\/2c57cf2b7a7ae032e449e4c9b1019eac\"},\"headline\":\"Habr\u00e1 Alasita en La Paz y recomiendan suspender Carnaval\",\"datePublished\":\"2022-01-11T09:31:15+00:00\",\"mainEntityOfPage\":{\"@id\":\"https:\\\/\\\/www.eldiario.net\\\/portal\\\/2022\\\/01\\\/11\\\/habra-alasita-en-la-paz-y-recomiendan-suspender-carnaval\\\/\"},\"wordCount\":287,\"publisher\":{\"@id\":\"https:\\\/\\\/www.eldiario.net\\\/portal\\\/#organization\"},\"image\":{\"@id\":\"https:\\\/\\\/www.eldiario.net\\\/portal\\\/2022\\\/01\\\/11\\\/habra-alasita-en-la-paz-y-recomiendan-suspender-carnaval\\\/#primaryimage\"},\"thumbnailUrl\":\"\",\"articleSection\":[\"Portada\"],\"inLanguage\":\"es\"},{\"@type\":\"WebPage\",\"@id\":\"https:\\\/\\\/www.eldiario.net\\\/portal\\\/2022\\\/01\\\/11\\\/habra-alasita-en-la-paz-y-recomiendan-suspender-carnaval\\\/\",\"url\":\"https:\\\/\\\/www.eldiario.net\\\/portal\\\/2022\\\/01\\\/11\\\/habra-alasita-en-la-paz-y-recomiendan-suspender-carnaval\\\/\",\"name\":\"Habr\u00e1 Alasita en La Paz y recomiendan suspender Carnaval - El Diario - Bolivia\",\"isPartOf\":{\"@id\":\"https:\\\/\\\/www.eldiario.net\\\/portal\\\/#website\"},\"primaryImageOfPage\":{\"@id\":\"https:\\\/\\\/www.eldiario.net\\\/portal\\\/2022\\\/01\\\/11\\\/habra-alasita-en-la-paz-y-recomiendan-suspender-carnaval\\\/#primaryimage\"},\"image\":{\"@id\":\"https:\\\/\\\/www.eldiario.net\\\/portal\\\/2022\\\/01\\\/11\\\/habra-alasita-en-la-paz-y-recomiendan-suspender-carnaval\\\/#primaryimage\"},\"thumbnailUrl\":\"\",\"datePublished\":\"2022-01-11T09:31:15+00:00\",\"breadcrumb\":{\"@id\":\"https:\\\/\\\/www.eldiario.net\\\/portal\\\/2022\\\/01\\\/11\\\/habra-alasita-en-la-paz-y-recomiendan-suspender-carnaval\\\/#breadcrumb\"},\"inLanguage\":\"es\",\"potentialAction\":[{\"@type\":\"ReadAction\",\"target\":[\"https:\\\/\\\/www.eldiario.net\\\/portal\\\/2022\\\/01\\\/11\\\/habra-alasita-en-la-paz-y-recomiendan-suspender-carnaval\\\/\"]}]},{\"@type\":\"ImageObject\",\"inLanguage\":\"es\",\"@id\":\"https:\\\/\\\/www.eldiario.net\\\/portal\\\/2022\\\/01\\\/11\\\/habra-alasita-en-la-paz-y-recomiendan-suspender-carnaval\\\/#primaryimage\",\"url\":\"\",\"contentUrl\":\"\"},{\"@type\":\"BreadcrumbList\",\"@id\":\"https:\\\/\\\/www.eldiario.net\\\/portal\\\/2022\\\/01\\\/11\\\/habra-alasita-en-la-paz-y-recomiendan-suspender-carnaval\\\/#breadcrumb\",\"itemListElement\":[{\"@type\":\"ListItem\",\"position\":1,\"name\":\"Portada\",\"item\":\"https:\\\/\\\/www.eldiario.net\\\/portal\\\/\"},{\"@type\":\"ListItem\",\"position\":2,\"name\":\"Habr\u00e1 Alasita en La Paz y recomiendan suspender Carnaval\"}]},{\"@type\":\"WebSite\",\"@id\":\"https:\\\/\\\/www.eldiario.net\\\/portal\\\/#website\",\"url\":\"https:\\\/\\\/www.eldiario.net\\\/portal\\\/\",\"name\":\"El Diario - Decano de la prensa nacional\",\"description\":\"El Diario - Decano de la prensa nacional\",\"publisher\":{\"@id\":\"https:\\\/\\\/www.eldiario.net\\\/portal\\\/#organization\"},\"potentialAction\":[{\"@type\":\"SearchAction\",\"target\":{\"@type\":\"EntryPoint\",\"urlTemplate\":\"https:\\\/\\\/www.eldiario.net\\\/portal\\\/?s={search_term_string}\"},\"query-input\":{\"@type\":\"PropertyValueSpecification\",\"valueRequired\":true,\"valueName\":\"search_term_string\"}}],\"inLanguage\":\"es\"},{\"@type\":\"Organization\",\"@id\":\"https:\\\/\\\/www.eldiario.net\\\/portal\\\/#organization\",\"name\":\"El Diario - Decano de la prensa nacional\",\"url\":\"https:\\\/\\\/www.eldiario.net\\\/portal\\\/\",\"logo\":{\"@type\":\"ImageObject\",\"inLanguage\":\"es\",\"@id\":\"https:\\\/\\\/www.eldiario.net\\\/portal\\\/#\\\/schema\\\/logo\\\/image\\\/\",\"url\":\"https:\\\/\\\/www.eldiario.net\\\/portal\\\/wp-content\\\/uploads\\\/2023\\\/07\\\/logo_ED.jpg\",\"contentUrl\":\"https:\\\/\\\/www.eldiario.net\\\/portal\\\/wp-content\\\/uploads\\\/2023\\\/07\\\/logo_ED.jpg\",\"width\":272,\"height\":52,\"caption\":\"El Diario - Decano de la prensa nacional\"},\"image\":{\"@id\":\"https:\\\/\\\/www.eldiario.net\\\/portal\\\/#\\\/schema\\\/logo\\\/image\\\/\"},\"sameAs\":[\"https:\\\/\\\/www.facebook.com\\\/eldiario.bolivia\\\/\",\"https:\\\/\\\/x.com\\\/eldiario_net\"]},{\"@type\":\"Person\",\"@id\":\"https:\\\/\\\/www.eldiario.net\\\/portal\\\/#\\\/schema\\\/person\\\/2c57cf2b7a7ae032e449e4c9b1019eac\",\"name\":\"Jeanette\",\"image\":{\"@type\":\"ImageObject\",\"inLanguage\":\"es\",\"@id\":\"https:\\\/\\\/secure.gravatar.com\\\/avatar\\\/3ea2118a5f7dad2b7138b1187a6b7ee55f160b9968b66013c3a3ef39dd7e5798?s=96&d=mm&r=g\",\"url\":\"https:\\\/\\\/secure.gravatar.com\\\/avatar\\\/3ea2118a5f7dad2b7138b1187a6b7ee55f160b9968b66013c3a3ef39dd7e5798?s=96&d=mm&r=g\",\"contentUrl\":\"https:\\\/\\\/secure.gravatar.com\\\/avatar\\\/3ea2118a5f7dad2b7138b1187a6b7ee55f160b9968b66013c3a3ef39dd7e5798?s=96&d=mm&r=g\",\"caption\":\"Jeanette\"},\"sameAs\":[\"https:\\\/\\\/www.eldiario.net\\\/portal\"],\"url\":\"https:\\\/\\\/www.eldiario.net\\\/portal\\\/author\\\/jeanette\\\/\"}]}<\/script>\n<!-- \/ Yoast SEO plugin. -->","yoast_head_json":{"title":"Habr\u00e1 Alasita en La Paz y recomiendan suspender Carnaval - El Diario - Bolivia","robots":{"index":"index","follow":"follow","max-snippet":"max-snippet:-1","max-image-preview":"max-image-preview:large","max-video-preview":"max-video-preview:-1"},"canonical":"https:\/\/www.eldiario.net\/portal\/2022\/01\/11\/habra-alasita-en-la-paz-y-recomiendan-suspender-carnaval\/","og_locale":"es_ES","og_type":"article","og_title":"Habr\u00e1 Alasita en La Paz y recomiendan suspender Carnaval - El Diario - Bolivia","og_description":"La Feria de la Alasita ser\u00e1 inaugurada este 24 de enero en el Parque Urbano Central, determinaci\u00f3n asumida por el Centro de Operaciones de Emergencia Municipal (COEM) La Paz, mientras que el Ministerio de Culturas sugiri\u00f3 suspender el Carnaval en todo el pa\u00eds, pero la determinaci\u00f3n final dej\u00f3 en manos de las gobernaciones y municipios. [&hellip;]","og_url":"https:\/\/www.eldiario.net\/portal\/2022\/01\/11\/habra-alasita-en-la-paz-y-recomiendan-suspender-carnaval\/","og_site_name":"El Diario - Bolivia","article_publisher":"https:\/\/www.facebook.com\/eldiario.bolivia\/","article_published_time":"2022-01-11T09:31:15+00:00","author":"Jeanette","twitter_card":"summary_large_image","twitter_creator":"@eldiario_net","twitter_site":"@eldiario_net","twitter_misc":{"Escrito por":"Jeanette","Tiempo de lectura":"2 minutos"},"schema":{"@context":"https:\/\/schema.org","@graph":[{"@type":"Article","@id":"https:\/\/www.eldiario.net\/portal\/2022\/01\/11\/habra-alasita-en-la-paz-y-recomiendan-suspender-carnaval\/#article","isPartOf":{"@id":"https:\/\/www.eldiario.net\/portal\/2022\/01\/11\/habra-alasita-en-la-paz-y-recomiendan-suspender-carnaval\/"},"author":{"name":"Jeanette","@id":"https:\/\/www.eldiario.net\/portal\/#\/schema\/person\/2c57cf2b7a7ae032e449e4c9b1019eac"},"headline":"Habr\u00e1 Alasita en La Paz y recomiendan suspender Carnaval","datePublished":"2022-01-11T09:31:15+00:00","mainEntityOfPage":{"@id":"https:\/\/www.eldiario.net\/portal\/2022\/01\/11\/habra-alasita-en-la-paz-y-recomiendan-suspender-carnaval\/"},"wordCount":287,"publisher":{"@id":"https:\/\/www.eldiario.net\/portal\/#organization"},"image":{"@id":"https:\/\/www.eldiario.net\/portal\/2022\/01\/11\/habra-alasita-en-la-paz-y-recomiendan-suspender-carnaval\/#primaryimage"},"thumbnailUrl":"","articleSection":["Portada"],"inLanguage":"es"},{"@type":"WebPage","@id":"https:\/\/www.eldiario.net\/portal\/2022\/01\/11\/habra-alasita-en-la-paz-y-recomiendan-suspender-carnaval\/","url":"https:\/\/www.eldiario.net\/portal\/2022\/01\/11\/habra-alasita-en-la-paz-y-recomiendan-suspender-carnaval\/","name":"Habr\u00e1 Alasita en La Paz y recomiendan suspender Carnaval - El Diario - Bolivia","isPartOf":{"@id":"https:\/\/www.eldiario.net\/portal\/#website"},"primaryImageOfPage":{"@id":"https:\/\/www.eldiario.net\/portal\/2022\/01\/11\/habra-alasita-en-la-paz-y-recomiendan-suspender-carnaval\/#primaryimage"},"image":{"@id":"https:\/\/www.eldiario.net\/portal\/2022\/01\/11\/habra-alasita-en-la-paz-y-recomiendan-suspender-carnaval\/#primaryimage"},"thumbnailUrl":"","datePublished":"2022-01-11T09:31:15+00:00","breadcrumb":{"@id":"https:\/\/www.eldiario.net\/portal\/2022\/01\/11\/habra-alasita-en-la-paz-y-recomiendan-suspender-carnaval\/#breadcrumb"},"inLanguage":"es","potentialAction":[{"@type":"ReadAction","target":["https:\/\/www.eldiario.net\/portal\/2022\/01\/11\/habra-alasita-en-la-paz-y-recomiendan-suspender-carnaval\/"]}]},{"@type":"ImageObject","inLanguage":"es","@id":"https:\/\/www.eldiario.net\/portal\/2022\/01\/11\/habra-alasita-en-la-paz-y-recomiendan-suspender-carnaval\/#primaryimage","url":"","contentUrl":""},{"@type":"BreadcrumbList","@id":"https:\/\/www.eldiario.net\/portal\/2022\/01\/11\/habra-alasita-en-la-paz-y-recomiendan-suspender-carnaval\/#breadcrumb","itemListElement":[{"@type":"ListItem","position":1,"name":"Portada","item":"https:\/\/www.eldiario.net\/portal\/"},{"@type":"ListItem","position":2,"name":"Habr\u00e1 Alasita en La Paz y recomiendan suspender Carnaval"}]},{"@type":"WebSite","@id":"https:\/\/www.eldiario.net\/portal\/#website","url":"https:\/\/www.eldiario.net\/portal\/","name":"El Diario - Decano de la prensa nacional","description":"El Diario - Decano de la prensa nacional","publisher":{"@id":"https:\/\/www.eldiario.net\/portal\/#organization"},"potentialAction":[{"@type":"SearchAction","target":{"@type":"EntryPoint","urlTemplate":"https:\/\/www.eldiario.net\/portal\/?s={search_term_string}"},"query-input":{"@type":"PropertyValueSpecification","valueRequired":true,"valueName":"search_term_string"}}],"inLanguage":"es"},{"@type":"Organization","@id":"https:\/\/www.eldiario.net\/portal\/#organization","name":"El Diario - Decano de la prensa nacional","url":"https:\/\/www.eldiario.net\/portal\/","logo":{"@type":"ImageObject","inLanguage":"es","@id":"https:\/\/www.eldiario.net\/portal\/#\/schema\/logo\/image\/","url":"https:\/\/www.eldiario.net\/portal\/wp-content\/uploads\/2023\/07\/logo_ED.jpg","contentUrl":"https:\/\/www.eldiario.net\/portal\/wp-content\/uploads\/2023\/07\/logo_ED.jpg","width":272,"height":52,"caption":"El Diario - Decano de la prensa nacional"},"image":{"@id":"https:\/\/www.eldiario.net\/portal\/#\/schema\/logo\/image\/"},"sameAs":["https:\/\/www.facebook.com\/eldiario.bolivia\/","https:\/\/x.com\/eldiario_net"]},{"@type":"Person","@id":"https:\/\/www.eldiario.net\/portal\/#\/schema\/person\/2c57cf2b7a7ae032e449e4c9b1019eac","name":"Jeanette","image":{"@type":"ImageObject","inLanguage":"es","@id":"https:\/\/secure.gravatar.com\/avatar\/3ea2118a5f7dad2b7138b1187a6b7ee55f160b9968b66013c3a3ef39dd7e5798?s=96&d=mm&r=g","url":"https:\/\/secure.gravatar.com\/avatar\/3ea2118a5f7dad2b7138b1187a6b7ee55f160b9968b66013c3a3ef39dd7e5798?s=96&d=mm&r=g","contentUrl":"https:\/\/secure.gravatar.com\/avatar\/3ea2118a5f7dad2b7138b1187a6b7ee55f160b9968b66013c3a3ef39dd7e5798?s=96&d=mm&r=g","caption":"Jeanette"},"sameAs":["https:\/\/www.eldiario.net\/portal"],"url":"https:\/\/www.eldiario.net\/portal\/author\/jeanette\/"}]}},"_links":{"self":[{"href":"https:\/\/www.eldiario.net\/portal\/wp-json\/wp\/v2\/posts\/55544","targetHints":{"allow":["GET"]}}],"collection":[{"href":"https:\/\/www.eldiario.net\/portal\/wp-json\/wp\/v2\/posts"}],"about":[{"href":"https:\/\/www.eldiario.net\/portal\/wp-json\/wp\/v2\/types\/post"}],"author":[{"embeddable":true,"href":"https:\/\/www.eldiario.net\/portal\/wp-json\/wp\/v2\/users\/1"}],"replies":[{"embeddable":true,"href":"https:\/\/www.eldiario.net\/portal\/wp-json\/wp\/v2\/comments?post=55544"}],"version-history":[{"count":0,"href":"https:\/\/www.eldiario.net\/portal\/wp-json\/wp\/v2\/posts\/55544\/revisions"}],"wp:attachment":[{"href":"https:\/\/www.eldiario.net\/portal\/wp-json\/wp\/v2\/media?parent=55544"}],"wp:term":[{"taxonomy":"category","embeddable":true,"href":"https:\/\/www.eldiario.net\/portal\/wp-json\/wp\/v2\/categories?post=55544"},{"taxonomy":"post_tag","embeddable":true,"href":"https:\/\/www.eldiario.net\/portal\/wp-json\/wp\/v2\/tags?post=55544"}],"curies":[{"name":"wp","href":"https:\/\/api.w.org\/{rel}","templated":true}]}}