{"id":55541,"date":"2022-01-11T05:30:28","date_gmt":"2022-01-11T09:30:28","guid":{"rendered":"https:\/\/www.eldiario.net\/portal\/?p=55541"},"modified":"2022-01-11T05:30:28","modified_gmt":"2022-01-11T09:30:28","slug":"demandan-libertad-para-periodistas-encarcelados","status":"publish","type":"post","link":"https:\/\/www.eldiario.net\/portal\/2022\/01\/11\/demandan-libertad-para-periodistas-encarcelados\/","title":{"rendered":"Demandan libertad para periodistas encarcelados"},"content":{"rendered":"<p>La Red de Intercambio Internacional por la Libertad de Expresi\u00f3n (IFEX-ALC) y otras organizaciones de derechos humanos expresaron su rechazo a los m\u00faltiples intentos realizados por el gobierno de Nicaragua, para silenciar y amedrentar a la prensa independiente y demandaron la inmediata libertad de los periodistas, que fueron encarcelados por el r\u00e9gimen de Daniel Ortega, que ayer inici\u00f3 un nuevo mandato en la presidencia de ese pa\u00eds centroamericano.<\/p>\n<p>Asimismo, recordaron al Estado de Nicaragua que el derecho a la libertad de expresi\u00f3n e informaci\u00f3n es parte fundamental del funcionamiento de las sociedades democr\u00e1ticas.<\/p>\n<p>En un documento hecho p\u00fablico rechazan los m\u00faltiples intentos realizados por el gobierno de Nicaragua para silenciar y amedrentar a la prensa independiente; estas agresiones con el paso de los a\u00f1os (en especial entre 2018-2021) han venido escalando ante la inacci\u00f3n de las autoridades y en muchas ocasiones como consecuencia de la acci\u00f3n de las mismas.<\/p>\n<p>Piden restituir los medios que han sido confiscados: Confidencial y 100% Noticias y cesar la ocupaci\u00f3n de las instalaciones del diario La Prensa.<\/p>\n<p>Respetar el ejercicio period\u00edstico, garantice la seguridad de los y las periodistas y tome todas las medidas a su alcance para remover los obst\u00e1culos que enfrentan para ejercer su labor. Exhortamos a las autoridades estatales a cumplir todas las medidas cautelares otorgadas por la Comisi\u00f3n Interamericana de Derechos Humanos (CIDH) a favor de periodistas independientes y sus n\u00facleos familiares; dado que en la mayor\u00eda de los casos las agresiones y ataques han aumentado significativamente para los beneficiarios.<\/p>\n<p>Tambi\u00e9n se expresa a favor de cesar la criminalizaci\u00f3n contra las y los periodistas independientes. Adem\u00e1s, derogar y abstenerse de aplicar la Ley de Ciberdelitos y los dem\u00e1s instrumentos jur\u00eddicos que atentan contra las libertades p\u00fablicas, que revoque las \u00f3rdenes judiciales en contra de periodistas, generadores de opini\u00f3n y fuentes informativas y se abstenga de emitir nuevas.<\/p>\n<p>Detener las abusivas retenciones de pasaportes en contra de periodistas y comunicadores, as\u00ed como las restricciones migratorias a salir del pa\u00eds con toda libertad.<\/p>\n<p>A la fecha contin\u00faan arbitrariamente privados de su libertad el periodista deportivo Miguel Mendoza, el comentarista pol\u00edtico Jaime Arellano; los tres directivos del diario La Prensa Cristiana Chamorro, Pedro Joaqu\u00edn Chamorro y Juan Lorenzo Holmann; as\u00ed como del candidato a la presidencia, periodista y propietario de 100% Noticias Miguel Mora; y los ex funcionarios de la Fundaci\u00f3n Violeta Barrios Chamorro Walter G\u00f3mez, Marcos Fletes y Pedro V\u00e1squez., a\u00f1ade el documento.<\/p>\n<p>POSESI\u00d3N<\/p>\n<p>Daniel Ortega jurament\u00f3 nuevamente como presidente. Tras una ceremonia en la Plaza de la Revoluci\u00f3n en Managua, Nicaragua, el pol\u00edtico le dio paso a su quinto mandato, el cuarto consecutivo. La posesi\u00f3n se da tras unas elecciones caracterizadas por la persecuci\u00f3n pol\u00edtica a la oposici\u00f3n y consideradas \u00abileg\u00edtimas\u00bb por buena parte de la comunidad internacional.<\/p>\n<p>El nuevo periodo ir\u00e1 desde el 2022 al 2026, convirti\u00e9ndose en el cuarto mandato consecutivo de Ortega. Esta vez, su esposa, Rosario Murillo, ser\u00e1 tambi\u00e9n su vicepresidenta.<\/p>\n<p>Al evento asisti\u00f3 el presidente venezolano, Nicol\u00e1s Maduro, el presidente cubano, Miguel D\u00edaz-Canel y el presidente hondure\u00f1o, Juan Orlando Hern\u00e1ndez. Tambi\u00e9n cont\u00f3 con la asistencia de un enviado especial de China y representantes del gobierno de Ir\u00e1n. (IFEX-France 24)<\/p>\n","protected":false},"excerpt":{"rendered":"<p>La Red de Intercambio Internacional por la Libertad de Expresi\u00f3n (IFEX-ALC) y otras organizaciones de derechos humanos expresaron su rechazo a los m\u00faltiples intentos realizados por el gobierno de Nicaragua, para silenciar y amedrentar a la prensa independiente y demandaron la inmediata libertad de los periodistas, que fueron encarcelados por el r\u00e9gimen de Daniel Ortega, [&hellip;]<\/p>\n","protected":false},"author":1,"featured_media":55542,"comment_status":"closed","ping_status":"closed","sticky":false,"template":"","format":"standard","meta":{"_acf_changed":false,"footnotes":""},"categories":[15],"tags":[],"class_list":["post-55541","post","type-post","status-publish","format-standard","has-post-thumbnail","category-portada"],"acf":{"antetitulo":""},"yoast_head":"<!-- This site is optimized with the Yoast SEO plugin v28.4 - https:\/\/yoast.com\/product\/yoast-seo-wordpress\/ -->\n<title>Demandan libertad para periodistas encarcelados - El Diario - Bolivia<\/title>\n<meta name=\"robots\" content=\"index, follow, max-snippet:-1, max-image-preview:large, max-video-preview:-1\" \/>\n<link rel=\"canonical\" href=\"https:\/\/www.eldiario.net\/portal\/2022\/01\/11\/demandan-libertad-para-periodistas-encarcelados\/\" \/>\n<meta property=\"og:locale\" content=\"es_ES\" \/>\n<meta property=\"og:type\" content=\"article\" \/>\n<meta property=\"og:title\" content=\"Demandan libertad para periodistas encarcelados - El Diario - Bolivia\" \/>\n<meta property=\"og:description\" content=\"La Red de Intercambio Internacional por la Libertad de Expresi\u00f3n (IFEX-ALC) y otras organizaciones de derechos humanos expresaron su rechazo a los m\u00faltiples intentos realizados por el gobierno de Nicaragua, para silenciar y amedrentar a la prensa independiente y demandaron la inmediata libertad de los periodistas, que fueron encarcelados por el r\u00e9gimen de Daniel Ortega, [&hellip;]\" \/>\n<meta property=\"og:url\" content=\"https:\/\/www.eldiario.net\/portal\/2022\/01\/11\/demandan-libertad-para-periodistas-encarcelados\/\" \/>\n<meta property=\"og:site_name\" content=\"El Diario - Bolivia\" \/>\n<meta property=\"article:publisher\" content=\"https:\/\/www.facebook.com\/eldiario.bolivia\/\" \/>\n<meta property=\"article:published_time\" content=\"2022-01-11T09:30:28+00:00\" \/>\n<meta property=\"og:image\" content=\"https:\/\/www.eldiario.net\/portal\/wp-content\/uploads\/2022\/01\/NICARAGUA-FOTO-GETTY-IMAGES.jpg\" \/>\n\t<meta property=\"og:image:width\" content=\"1000\" \/>\n\t<meta property=\"og:image:height\" content=\"666\" \/>\n\t<meta property=\"og:image:type\" content=\"image\/jpeg\" \/>\n<meta name=\"author\" content=\"Jeanette\" \/>\n<meta name=\"twitter:card\" content=\"summary_large_image\" \/>\n<meta name=\"twitter:creator\" content=\"@eldiario_net\" \/>\n<meta name=\"twitter:site\" content=\"@eldiario_net\" \/>\n<meta name=\"twitter:label1\" content=\"Escrito por\" \/>\n\t<meta name=\"twitter:data1\" content=\"Jeanette\" \/>\n\t<meta name=\"twitter:label2\" content=\"Tiempo de lectura\" \/>\n\t<meta name=\"twitter:data2\" content=\"3 minutos\" \/>\n<script type=\"application\/ld+json\" class=\"yoast-schema-graph\">{\"@context\":\"https:\\\/\\\/schema.org\",\"@graph\":[{\"@type\":\"Article\",\"@id\":\"https:\\\/\\\/www.eldiario.net\\\/portal\\\/2022\\\/01\\\/11\\\/demandan-libertad-para-periodistas-encarcelados\\\/#article\",\"isPartOf\":{\"@id\":\"https:\\\/\\\/www.eldiario.net\\\/portal\\\/2022\\\/01\\\/11\\\/demandan-libertad-para-periodistas-encarcelados\\\/\"},\"author\":{\"name\":\"Jeanette\",\"@id\":\"https:\\\/\\\/www.eldiario.net\\\/portal\\\/#\\\/schema\\\/person\\\/2c57cf2b7a7ae032e449e4c9b1019eac\"},\"headline\":\"Demandan libertad para periodistas encarcelados\",\"datePublished\":\"2022-01-11T09:30:28+00:00\",\"mainEntityOfPage\":{\"@id\":\"https:\\\/\\\/www.eldiario.net\\\/portal\\\/2022\\\/01\\\/11\\\/demandan-libertad-para-periodistas-encarcelados\\\/\"},\"wordCount\":571,\"publisher\":{\"@id\":\"https:\\\/\\\/www.eldiario.net\\\/portal\\\/#organization\"},\"image\":{\"@id\":\"https:\\\/\\\/www.eldiario.net\\\/portal\\\/2022\\\/01\\\/11\\\/demandan-libertad-para-periodistas-encarcelados\\\/#primaryimage\"},\"thumbnailUrl\":\"https:\\\/\\\/www.eldiario.net\\\/portal\\\/wp-content\\\/uploads\\\/2022\\\/01\\\/NICARAGUA-FOTO-GETTY-IMAGES.jpg\",\"articleSection\":[\"Portada\"],\"inLanguage\":\"es\"},{\"@type\":\"WebPage\",\"@id\":\"https:\\\/\\\/www.eldiario.net\\\/portal\\\/2022\\\/01\\\/11\\\/demandan-libertad-para-periodistas-encarcelados\\\/\",\"url\":\"https:\\\/\\\/www.eldiario.net\\\/portal\\\/2022\\\/01\\\/11\\\/demandan-libertad-para-periodistas-encarcelados\\\/\",\"name\":\"Demandan libertad para periodistas encarcelados - El Diario - Bolivia\",\"isPartOf\":{\"@id\":\"https:\\\/\\\/www.eldiario.net\\\/portal\\\/#website\"},\"primaryImageOfPage\":{\"@id\":\"https:\\\/\\\/www.eldiario.net\\\/portal\\\/2022\\\/01\\\/11\\\/demandan-libertad-para-periodistas-encarcelados\\\/#primaryimage\"},\"image\":{\"@id\":\"https:\\\/\\\/www.eldiario.net\\\/portal\\\/2022\\\/01\\\/11\\\/demandan-libertad-para-periodistas-encarcelados\\\/#primaryimage\"},\"thumbnailUrl\":\"https:\\\/\\\/www.eldiario.net\\\/portal\\\/wp-content\\\/uploads\\\/2022\\\/01\\\/NICARAGUA-FOTO-GETTY-IMAGES.jpg\",\"datePublished\":\"2022-01-11T09:30:28+00:00\",\"breadcrumb\":{\"@id\":\"https:\\\/\\\/www.eldiario.net\\\/portal\\\/2022\\\/01\\\/11\\\/demandan-libertad-para-periodistas-encarcelados\\\/#breadcrumb\"},\"inLanguage\":\"es\",\"potentialAction\":[{\"@type\":\"ReadAction\",\"target\":[\"https:\\\/\\\/www.eldiario.net\\\/portal\\\/2022\\\/01\\\/11\\\/demandan-libertad-para-periodistas-encarcelados\\\/\"]}]},{\"@type\":\"ImageObject\",\"inLanguage\":\"es\",\"@id\":\"https:\\\/\\\/www.eldiario.net\\\/portal\\\/2022\\\/01\\\/11\\\/demandan-libertad-para-periodistas-encarcelados\\\/#primaryimage\",\"url\":\"https:\\\/\\\/www.eldiario.net\\\/portal\\\/wp-content\\\/uploads\\\/2022\\\/01\\\/NICARAGUA-FOTO-GETTY-IMAGES.jpg\",\"contentUrl\":\"https:\\\/\\\/www.eldiario.net\\\/portal\\\/wp-content\\\/uploads\\\/2022\\\/01\\\/NICARAGUA-FOTO-GETTY-IMAGES.jpg\",\"width\":1000,\"height\":666,\"caption\":\"EL PERIODISTA CARLOS FERNANDO CHAMORRO, DIRECTOR DE \u2018EL CONFIDENCIAL\u2019 Y \u2018ESTA SEMANA\u2019, ES INTERRUMPIDO Y EMPUJADO POR LA POLIC\u00cdA. FOTO: GETTY IMAGES\"},{\"@type\":\"BreadcrumbList\",\"@id\":\"https:\\\/\\\/www.eldiario.net\\\/portal\\\/2022\\\/01\\\/11\\\/demandan-libertad-para-periodistas-encarcelados\\\/#breadcrumb\",\"itemListElement\":[{\"@type\":\"ListItem\",\"position\":1,\"name\":\"Portada\",\"item\":\"https:\\\/\\\/www.eldiario.net\\\/portal\\\/\"},{\"@type\":\"ListItem\",\"position\":2,\"name\":\"Demandan libertad para periodistas encarcelados\"}]},{\"@type\":\"WebSite\",\"@id\":\"https:\\\/\\\/www.eldiario.net\\\/portal\\\/#website\",\"url\":\"https:\\\/\\\/www.eldiario.net\\\/portal\\\/\",\"name\":\"El Diario - Decano de la prensa nacional\",\"description\":\"El Diario - Decano de la prensa nacional\",\"publisher\":{\"@id\":\"https:\\\/\\\/www.eldiario.net\\\/portal\\\/#organization\"},\"potentialAction\":[{\"@type\":\"SearchAction\",\"target\":{\"@type\":\"EntryPoint\",\"urlTemplate\":\"https:\\\/\\\/www.eldiario.net\\\/portal\\\/?s={search_term_string}\"},\"query-input\":{\"@type\":\"PropertyValueSpecification\",\"valueRequired\":true,\"valueName\":\"search_term_string\"}}],\"inLanguage\":\"es\"},{\"@type\":\"Organization\",\"@id\":\"https:\\\/\\\/www.eldiario.net\\\/portal\\\/#organization\",\"name\":\"El Diario - Decano de la prensa nacional\",\"url\":\"https:\\\/\\\/www.eldiario.net\\\/portal\\\/\",\"logo\":{\"@type\":\"ImageObject\",\"inLanguage\":\"es\",\"@id\":\"https:\\\/\\\/www.eldiario.net\\\/portal\\\/#\\\/schema\\\/logo\\\/image\\\/\",\"url\":\"https:\\\/\\\/www.eldiario.net\\\/portal\\\/wp-content\\\/uploads\\\/2023\\\/07\\\/logo_ED.jpg\",\"contentUrl\":\"https:\\\/\\\/www.eldiario.net\\\/portal\\\/wp-content\\\/uploads\\\/2023\\\/07\\\/logo_ED.jpg\",\"width\":272,\"height\":52,\"caption\":\"El Diario - Decano de la prensa nacional\"},\"image\":{\"@id\":\"https:\\\/\\\/www.eldiario.net\\\/portal\\\/#\\\/schema\\\/logo\\\/image\\\/\"},\"sameAs\":[\"https:\\\/\\\/www.facebook.com\\\/eldiario.bolivia\\\/\",\"https:\\\/\\\/x.com\\\/eldiario_net\"]},{\"@type\":\"Person\",\"@id\":\"https:\\\/\\\/www.eldiario.net\\\/portal\\\/#\\\/schema\\\/person\\\/2c57cf2b7a7ae032e449e4c9b1019eac\",\"name\":\"Jeanette\",\"image\":{\"@type\":\"ImageObject\",\"inLanguage\":\"es\",\"@id\":\"https:\\\/\\\/secure.gravatar.com\\\/avatar\\\/3ea2118a5f7dad2b7138b1187a6b7ee55f160b9968b66013c3a3ef39dd7e5798?s=96&d=mm&r=g\",\"url\":\"https:\\\/\\\/secure.gravatar.com\\\/avatar\\\/3ea2118a5f7dad2b7138b1187a6b7ee55f160b9968b66013c3a3ef39dd7e5798?s=96&d=mm&r=g\",\"contentUrl\":\"https:\\\/\\\/secure.gravatar.com\\\/avatar\\\/3ea2118a5f7dad2b7138b1187a6b7ee55f160b9968b66013c3a3ef39dd7e5798?s=96&d=mm&r=g\",\"caption\":\"Jeanette\"},\"sameAs\":[\"https:\\\/\\\/www.eldiario.net\\\/portal\"],\"url\":\"https:\\\/\\\/www.eldiario.net\\\/portal\\\/author\\\/jeanette\\\/\"}]}<\/script>\n<!-- \/ Yoast SEO plugin. -->","yoast_head_json":{"title":"Demandan libertad para periodistas encarcelados - El Diario - Bolivia","robots":{"index":"index","follow":"follow","max-snippet":"max-snippet:-1","max-image-preview":"max-image-preview:large","max-video-preview":"max-video-preview:-1"},"canonical":"https:\/\/www.eldiario.net\/portal\/2022\/01\/11\/demandan-libertad-para-periodistas-encarcelados\/","og_locale":"es_ES","og_type":"article","og_title":"Demandan libertad para periodistas encarcelados - El Diario - Bolivia","og_description":"La Red de Intercambio Internacional por la Libertad de Expresi\u00f3n (IFEX-ALC) y otras organizaciones de derechos humanos expresaron su rechazo a los m\u00faltiples intentos realizados por el gobierno de Nicaragua, para silenciar y amedrentar a la prensa independiente y demandaron la inmediata libertad de los periodistas, que fueron encarcelados por el r\u00e9gimen de Daniel Ortega, [&hellip;]","og_url":"https:\/\/www.eldiario.net\/portal\/2022\/01\/11\/demandan-libertad-para-periodistas-encarcelados\/","og_site_name":"El Diario - Bolivia","article_publisher":"https:\/\/www.facebook.com\/eldiario.bolivia\/","article_published_time":"2022-01-11T09:30:28+00:00","og_image":[{"width":1000,"height":666,"url":"https:\/\/www.eldiario.net\/portal\/wp-content\/uploads\/2022\/01\/NICARAGUA-FOTO-GETTY-IMAGES.jpg","type":"image\/jpeg"}],"author":"Jeanette","twitter_card":"summary_large_image","twitter_creator":"@eldiario_net","twitter_site":"@eldiario_net","twitter_misc":{"Escrito por":"Jeanette","Tiempo de lectura":"3 minutos"},"schema":{"@context":"https:\/\/schema.org","@graph":[{"@type":"Article","@id":"https:\/\/www.eldiario.net\/portal\/2022\/01\/11\/demandan-libertad-para-periodistas-encarcelados\/#article","isPartOf":{"@id":"https:\/\/www.eldiario.net\/portal\/2022\/01\/11\/demandan-libertad-para-periodistas-encarcelados\/"},"author":{"name":"Jeanette","@id":"https:\/\/www.eldiario.net\/portal\/#\/schema\/person\/2c57cf2b7a7ae032e449e4c9b1019eac"},"headline":"Demandan libertad para periodistas encarcelados","datePublished":"2022-01-11T09:30:28+00:00","mainEntityOfPage":{"@id":"https:\/\/www.eldiario.net\/portal\/2022\/01\/11\/demandan-libertad-para-periodistas-encarcelados\/"},"wordCount":571,"publisher":{"@id":"https:\/\/www.eldiario.net\/portal\/#organization"},"image":{"@id":"https:\/\/www.eldiario.net\/portal\/2022\/01\/11\/demandan-libertad-para-periodistas-encarcelados\/#primaryimage"},"thumbnailUrl":"https:\/\/www.eldiario.net\/portal\/wp-content\/uploads\/2022\/01\/NICARAGUA-FOTO-GETTY-IMAGES.jpg","articleSection":["Portada"],"inLanguage":"es"},{"@type":"WebPage","@id":"https:\/\/www.eldiario.net\/portal\/2022\/01\/11\/demandan-libertad-para-periodistas-encarcelados\/","url":"https:\/\/www.eldiario.net\/portal\/2022\/01\/11\/demandan-libertad-para-periodistas-encarcelados\/","name":"Demandan libertad para periodistas encarcelados - El Diario - Bolivia","isPartOf":{"@id":"https:\/\/www.eldiario.net\/portal\/#website"},"primaryImageOfPage":{"@id":"https:\/\/www.eldiario.net\/portal\/2022\/01\/11\/demandan-libertad-para-periodistas-encarcelados\/#primaryimage"},"image":{"@id":"https:\/\/www.eldiario.net\/portal\/2022\/01\/11\/demandan-libertad-para-periodistas-encarcelados\/#primaryimage"},"thumbnailUrl":"https:\/\/www.eldiario.net\/portal\/wp-content\/uploads\/2022\/01\/NICARAGUA-FOTO-GETTY-IMAGES.jpg","datePublished":"2022-01-11T09:30:28+00:00","breadcrumb":{"@id":"https:\/\/www.eldiario.net\/portal\/2022\/01\/11\/demandan-libertad-para-periodistas-encarcelados\/#breadcrumb"},"inLanguage":"es","potentialAction":[{"@type":"ReadAction","target":["https:\/\/www.eldiario.net\/portal\/2022\/01\/11\/demandan-libertad-para-periodistas-encarcelados\/"]}]},{"@type":"ImageObject","inLanguage":"es","@id":"https:\/\/www.eldiario.net\/portal\/2022\/01\/11\/demandan-libertad-para-periodistas-encarcelados\/#primaryimage","url":"https:\/\/www.eldiario.net\/portal\/wp-content\/uploads\/2022\/01\/NICARAGUA-FOTO-GETTY-IMAGES.jpg","contentUrl":"https:\/\/www.eldiario.net\/portal\/wp-content\/uploads\/2022\/01\/NICARAGUA-FOTO-GETTY-IMAGES.jpg","width":1000,"height":666,"caption":"EL PERIODISTA CARLOS FERNANDO CHAMORRO, DIRECTOR DE \u2018EL CONFIDENCIAL\u2019 Y \u2018ESTA SEMANA\u2019, ES INTERRUMPIDO Y EMPUJADO POR LA POLIC\u00cdA. FOTO: GETTY IMAGES"},{"@type":"BreadcrumbList","@id":"https:\/\/www.eldiario.net\/portal\/2022\/01\/11\/demandan-libertad-para-periodistas-encarcelados\/#breadcrumb","itemListElement":[{"@type":"ListItem","position":1,"name":"Portada","item":"https:\/\/www.eldiario.net\/portal\/"},{"@type":"ListItem","position":2,"name":"Demandan libertad para periodistas encarcelados"}]},{"@type":"WebSite","@id":"https:\/\/www.eldiario.net\/portal\/#website","url":"https:\/\/www.eldiario.net\/portal\/","name":"El Diario - Decano de la prensa nacional","description":"El Diario - Decano de la prensa nacional","publisher":{"@id":"https:\/\/www.eldiario.net\/portal\/#organization"},"potentialAction":[{"@type":"SearchAction","target":{"@type":"EntryPoint","urlTemplate":"https:\/\/www.eldiario.net\/portal\/?s={search_term_string}"},"query-input":{"@type":"PropertyValueSpecification","valueRequired":true,"valueName":"search_term_string"}}],"inLanguage":"es"},{"@type":"Organization","@id":"https:\/\/www.eldiario.net\/portal\/#organization","name":"El Diario - Decano de la prensa nacional","url":"https:\/\/www.eldiario.net\/portal\/","logo":{"@type":"ImageObject","inLanguage":"es","@id":"https:\/\/www.eldiario.net\/portal\/#\/schema\/logo\/image\/","url":"https:\/\/www.eldiario.net\/portal\/wp-content\/uploads\/2023\/07\/logo_ED.jpg","contentUrl":"https:\/\/www.eldiario.net\/portal\/wp-content\/uploads\/2023\/07\/logo_ED.jpg","width":272,"height":52,"caption":"El Diario - Decano de la prensa nacional"},"image":{"@id":"https:\/\/www.eldiario.net\/portal\/#\/schema\/logo\/image\/"},"sameAs":["https:\/\/www.facebook.com\/eldiario.bolivia\/","https:\/\/x.com\/eldiario_net"]},{"@type":"Person","@id":"https:\/\/www.eldiario.net\/portal\/#\/schema\/person\/2c57cf2b7a7ae032e449e4c9b1019eac","name":"Jeanette","image":{"@type":"ImageObject","inLanguage":"es","@id":"https:\/\/secure.gravatar.com\/avatar\/3ea2118a5f7dad2b7138b1187a6b7ee55f160b9968b66013c3a3ef39dd7e5798?s=96&d=mm&r=g","url":"https:\/\/secure.gravatar.com\/avatar\/3ea2118a5f7dad2b7138b1187a6b7ee55f160b9968b66013c3a3ef39dd7e5798?s=96&d=mm&r=g","contentUrl":"https:\/\/secure.gravatar.com\/avatar\/3ea2118a5f7dad2b7138b1187a6b7ee55f160b9968b66013c3a3ef39dd7e5798?s=96&d=mm&r=g","caption":"Jeanette"},"sameAs":["https:\/\/www.eldiario.net\/portal"],"url":"https:\/\/www.eldiario.net\/portal\/author\/jeanette\/"}]}},"_links":{"self":[{"href":"https:\/\/www.eldiario.net\/portal\/wp-json\/wp\/v2\/posts\/55541","targetHints":{"allow":["GET"]}}],"collection":[{"href":"https:\/\/www.eldiario.net\/portal\/wp-json\/wp\/v2\/posts"}],"about":[{"href":"https:\/\/www.eldiario.net\/portal\/wp-json\/wp\/v2\/types\/post"}],"author":[{"embeddable":true,"href":"https:\/\/www.eldiario.net\/portal\/wp-json\/wp\/v2\/users\/1"}],"replies":[{"embeddable":true,"href":"https:\/\/www.eldiario.net\/portal\/wp-json\/wp\/v2\/comments?post=55541"}],"version-history":[{"count":0,"href":"https:\/\/www.eldiario.net\/portal\/wp-json\/wp\/v2\/posts\/55541\/revisions"}],"wp:featuredmedia":[{"embeddable":true,"href":"https:\/\/www.eldiario.net\/portal\/wp-json\/wp\/v2\/media\/55542"}],"wp:attachment":[{"href":"https:\/\/www.eldiario.net\/portal\/wp-json\/wp\/v2\/media?parent=55541"}],"wp:term":[{"taxonomy":"category","embeddable":true,"href":"https:\/\/www.eldiario.net\/portal\/wp-json\/wp\/v2\/categories?post=55541"},{"taxonomy":"post_tag","embeddable":true,"href":"https:\/\/www.eldiario.net\/portal\/wp-json\/wp\/v2\/tags?post=55541"}],"curies":[{"name":"wp","href":"https:\/\/api.w.org\/{rel}","templated":true}]}}