{"id":55538,"date":"2022-01-11T05:29:29","date_gmt":"2022-01-11T09:29:29","guid":{"rendered":"https:\/\/www.eldiario.net\/portal\/?p=55538"},"modified":"2022-01-11T05:29:29","modified_gmt":"2022-01-11T09:29:29","slug":"fiscalia-posterga-declaracion-de-fernandez-por-falta-de-personal","status":"publish","type":"post","link":"https:\/\/www.eldiario.net\/portal\/2022\/01\/11\/fiscalia-posterga-declaracion-de-fernandez-por-falta-de-personal\/","title":{"rendered":"Fiscal\u00eda posterga declaraci\u00f3n de  Fern\u00e1ndez por falta de personal"},"content":{"rendered":"<p>El alcalde de Santa Cruz de la Sierra, Jhonny Fern\u00e1ndez, inform\u00f3 que la Fiscal\u00eda posterg\u00f3 su declaraci\u00f3n dentro del caso \u00edtems fantasma, en calidad de v\u00edctima, por falta de personal. Ahora, dijo que espera que se le asigne la nueva fecha y hora en la que deber\u00e1 presentarse.<\/p>\n<p>Fern\u00e1ndez fue convocado para la tarde de ayer a declarar ante el Ministerio P\u00fablico, sin embargo, el alcalde cruce\u00f1o sali\u00f3 de la Fiscal\u00eda sin haber emitido su declaraci\u00f3n.<\/p>\n<p>En una conferencia de prensa, Fern\u00e1ndez dijo que los funcionarios de la Fiscal\u00eda le indicaron que ten\u00edan mucha carga laboral y que no ten\u00edan el personal suficiente para tomar su declaraci\u00f3n ampliatoria.<\/p>\n<p>El burgomaestre expres\u00f3 su predisposici\u00f3n a presentarse nuevamente ante la Fiscal\u00eda para aportar evidencias respecto al caso \u00edtems fantasma en ese gobierno municipal. En este caso, aclar\u00f3 que busca ampliar su declaraci\u00f3n en calidad de \u201cv\u00edctima y denunciante\u201d.<\/p>\n<p>Este proceso judicial surgi\u00f3 a fines del a\u00f1o pasado, luego de denunciarse que en las gestiones ediles de Percy Fern\u00e1ndez y Ang\u00e9lica Sosa se crearon cerca de 800 \u201c\u00edtems fantasma\u201d que causaron un da\u00f1o econ\u00f3mico millonario. En principal acusado es Antonio Parada, actualmente pr\u00f3fugo, y su hermano Guillermo, detenido en Panam\u00e1 con fines de extradici\u00f3n. Adem\u00e1s, guarda detenci\u00f3n preventiva Sosa, mientras dure la investigaci\u00f3n. (Santa Cruz, Br\u00fajula Digital)<\/p>\n","protected":false},"excerpt":{"rendered":"<p>El alcalde de Santa Cruz de la Sierra, Jhonny Fern\u00e1ndez, inform\u00f3 que la Fiscal\u00eda posterg\u00f3 su declaraci\u00f3n dentro del caso \u00edtems fantasma, en calidad de v\u00edctima, por falta de personal. Ahora, dijo que espera que se le asigne la nueva fecha y hora en la que deber\u00e1 presentarse. Fern\u00e1ndez fue convocado para la tarde de [&hellip;]<\/p>\n","protected":false},"author":1,"featured_media":55539,"comment_status":"closed","ping_status":"closed","sticky":false,"template":"","format":"standard","meta":{"_acf_changed":false,"footnotes":""},"categories":[15],"tags":[],"class_list":["post-55538","post","type-post","status-publish","format-standard","has-post-thumbnail","category-portada"],"acf":{"antetitulo":""},"yoast_head":"<!-- This site is optimized with the Yoast SEO plugin v28.4 - https:\/\/yoast.com\/product\/yoast-seo-wordpress\/ -->\n<title>Fiscal\u00eda posterga declaraci\u00f3n de Fern\u00e1ndez por falta de personal - El Diario - Bolivia<\/title>\n<meta name=\"robots\" content=\"index, follow, max-snippet:-1, max-image-preview:large, max-video-preview:-1\" \/>\n<link rel=\"canonical\" href=\"https:\/\/www.eldiario.net\/portal\/2022\/01\/11\/fiscalia-posterga-declaracion-de-fernandez-por-falta-de-personal\/\" \/>\n<meta property=\"og:locale\" content=\"es_ES\" \/>\n<meta property=\"og:type\" content=\"article\" \/>\n<meta property=\"og:title\" content=\"Fiscal\u00eda posterga declaraci\u00f3n de Fern\u00e1ndez por falta de personal - El Diario - Bolivia\" \/>\n<meta property=\"og:description\" content=\"El alcalde de Santa Cruz de la Sierra, Jhonny Fern\u00e1ndez, inform\u00f3 que la Fiscal\u00eda posterg\u00f3 su declaraci\u00f3n dentro del caso \u00edtems fantasma, en calidad de v\u00edctima, por falta de personal. Ahora, dijo que espera que se le asigne la nueva fecha y hora en la que deber\u00e1 presentarse. Fern\u00e1ndez fue convocado para la tarde de [&hellip;]\" \/>\n<meta property=\"og:url\" content=\"https:\/\/www.eldiario.net\/portal\/2022\/01\/11\/fiscalia-posterga-declaracion-de-fernandez-por-falta-de-personal\/\" \/>\n<meta property=\"og:site_name\" content=\"El Diario - Bolivia\" \/>\n<meta property=\"article:publisher\" content=\"https:\/\/www.facebook.com\/eldiario.bolivia\/\" \/>\n<meta property=\"article:published_time\" content=\"2022-01-11T09:29:29+00:00\" \/>\n<meta name=\"author\" content=\"Jeanette\" \/>\n<meta name=\"twitter:card\" content=\"summary_large_image\" \/>\n<meta name=\"twitter:creator\" content=\"@eldiario_net\" \/>\n<meta name=\"twitter:site\" content=\"@eldiario_net\" \/>\n<meta name=\"twitter:label1\" content=\"Escrito por\" \/>\n\t<meta name=\"twitter:data1\" content=\"Jeanette\" \/>\n\t<meta name=\"twitter:label2\" content=\"Tiempo de lectura\" \/>\n\t<meta name=\"twitter:data2\" content=\"1 minuto\" \/>\n<script type=\"application\/ld+json\" class=\"yoast-schema-graph\">{\"@context\":\"https:\\\/\\\/schema.org\",\"@graph\":[{\"@type\":\"Article\",\"@id\":\"https:\\\/\\\/www.eldiario.net\\\/portal\\\/2022\\\/01\\\/11\\\/fiscalia-posterga-declaracion-de-fernandez-por-falta-de-personal\\\/#article\",\"isPartOf\":{\"@id\":\"https:\\\/\\\/www.eldiario.net\\\/portal\\\/2022\\\/01\\\/11\\\/fiscalia-posterga-declaracion-de-fernandez-por-falta-de-personal\\\/\"},\"author\":{\"name\":\"Jeanette\",\"@id\":\"https:\\\/\\\/www.eldiario.net\\\/portal\\\/#\\\/schema\\\/person\\\/2c57cf2b7a7ae032e449e4c9b1019eac\"},\"headline\":\"Fiscal\u00eda posterga declaraci\u00f3n de Fern\u00e1ndez por falta de personal\",\"datePublished\":\"2022-01-11T09:29:29+00:00\",\"mainEntityOfPage\":{\"@id\":\"https:\\\/\\\/www.eldiario.net\\\/portal\\\/2022\\\/01\\\/11\\\/fiscalia-posterga-declaracion-de-fernandez-por-falta-de-personal\\\/\"},\"wordCount\":254,\"publisher\":{\"@id\":\"https:\\\/\\\/www.eldiario.net\\\/portal\\\/#organization\"},\"image\":{\"@id\":\"https:\\\/\\\/www.eldiario.net\\\/portal\\\/2022\\\/01\\\/11\\\/fiscalia-posterga-declaracion-de-fernandez-por-falta-de-personal\\\/#primaryimage\"},\"thumbnailUrl\":\"\",\"articleSection\":[\"Portada\"],\"inLanguage\":\"es\"},{\"@type\":\"WebPage\",\"@id\":\"https:\\\/\\\/www.eldiario.net\\\/portal\\\/2022\\\/01\\\/11\\\/fiscalia-posterga-declaracion-de-fernandez-por-falta-de-personal\\\/\",\"url\":\"https:\\\/\\\/www.eldiario.net\\\/portal\\\/2022\\\/01\\\/11\\\/fiscalia-posterga-declaracion-de-fernandez-por-falta-de-personal\\\/\",\"name\":\"Fiscal\u00eda posterga declaraci\u00f3n de Fern\u00e1ndez por falta de personal - El Diario - Bolivia\",\"isPartOf\":{\"@id\":\"https:\\\/\\\/www.eldiario.net\\\/portal\\\/#website\"},\"primaryImageOfPage\":{\"@id\":\"https:\\\/\\\/www.eldiario.net\\\/portal\\\/2022\\\/01\\\/11\\\/fiscalia-posterga-declaracion-de-fernandez-por-falta-de-personal\\\/#primaryimage\"},\"image\":{\"@id\":\"https:\\\/\\\/www.eldiario.net\\\/portal\\\/2022\\\/01\\\/11\\\/fiscalia-posterga-declaracion-de-fernandez-por-falta-de-personal\\\/#primaryimage\"},\"thumbnailUrl\":\"\",\"datePublished\":\"2022-01-11T09:29:29+00:00\",\"breadcrumb\":{\"@id\":\"https:\\\/\\\/www.eldiario.net\\\/portal\\\/2022\\\/01\\\/11\\\/fiscalia-posterga-declaracion-de-fernandez-por-falta-de-personal\\\/#breadcrumb\"},\"inLanguage\":\"es\",\"potentialAction\":[{\"@type\":\"ReadAction\",\"target\":[\"https:\\\/\\\/www.eldiario.net\\\/portal\\\/2022\\\/01\\\/11\\\/fiscalia-posterga-declaracion-de-fernandez-por-falta-de-personal\\\/\"]}]},{\"@type\":\"ImageObject\",\"inLanguage\":\"es\",\"@id\":\"https:\\\/\\\/www.eldiario.net\\\/portal\\\/2022\\\/01\\\/11\\\/fiscalia-posterga-declaracion-de-fernandez-por-falta-de-personal\\\/#primaryimage\",\"url\":\"\",\"contentUrl\":\"\"},{\"@type\":\"BreadcrumbList\",\"@id\":\"https:\\\/\\\/www.eldiario.net\\\/portal\\\/2022\\\/01\\\/11\\\/fiscalia-posterga-declaracion-de-fernandez-por-falta-de-personal\\\/#breadcrumb\",\"itemListElement\":[{\"@type\":\"ListItem\",\"position\":1,\"name\":\"Portada\",\"item\":\"https:\\\/\\\/www.eldiario.net\\\/portal\\\/\"},{\"@type\":\"ListItem\",\"position\":2,\"name\":\"Fiscal\u00eda posterga declaraci\u00f3n de Fern\u00e1ndez por falta de personal\"}]},{\"@type\":\"WebSite\",\"@id\":\"https:\\\/\\\/www.eldiario.net\\\/portal\\\/#website\",\"url\":\"https:\\\/\\\/www.eldiario.net\\\/portal\\\/\",\"name\":\"El Diario - Decano de la prensa nacional\",\"description\":\"El Diario - Decano de la prensa nacional\",\"publisher\":{\"@id\":\"https:\\\/\\\/www.eldiario.net\\\/portal\\\/#organization\"},\"potentialAction\":[{\"@type\":\"SearchAction\",\"target\":{\"@type\":\"EntryPoint\",\"urlTemplate\":\"https:\\\/\\\/www.eldiario.net\\\/portal\\\/?s={search_term_string}\"},\"query-input\":{\"@type\":\"PropertyValueSpecification\",\"valueRequired\":true,\"valueName\":\"search_term_string\"}}],\"inLanguage\":\"es\"},{\"@type\":\"Organization\",\"@id\":\"https:\\\/\\\/www.eldiario.net\\\/portal\\\/#organization\",\"name\":\"El Diario - Decano de la prensa nacional\",\"url\":\"https:\\\/\\\/www.eldiario.net\\\/portal\\\/\",\"logo\":{\"@type\":\"ImageObject\",\"inLanguage\":\"es\",\"@id\":\"https:\\\/\\\/www.eldiario.net\\\/portal\\\/#\\\/schema\\\/logo\\\/image\\\/\",\"url\":\"https:\\\/\\\/www.eldiario.net\\\/portal\\\/wp-content\\\/uploads\\\/2023\\\/07\\\/logo_ED.jpg\",\"contentUrl\":\"https:\\\/\\\/www.eldiario.net\\\/portal\\\/wp-content\\\/uploads\\\/2023\\\/07\\\/logo_ED.jpg\",\"width\":272,\"height\":52,\"caption\":\"El Diario - Decano de la prensa nacional\"},\"image\":{\"@id\":\"https:\\\/\\\/www.eldiario.net\\\/portal\\\/#\\\/schema\\\/logo\\\/image\\\/\"},\"sameAs\":[\"https:\\\/\\\/www.facebook.com\\\/eldiario.bolivia\\\/\",\"https:\\\/\\\/x.com\\\/eldiario_net\"]},{\"@type\":\"Person\",\"@id\":\"https:\\\/\\\/www.eldiario.net\\\/portal\\\/#\\\/schema\\\/person\\\/2c57cf2b7a7ae032e449e4c9b1019eac\",\"name\":\"Jeanette\",\"image\":{\"@type\":\"ImageObject\",\"inLanguage\":\"es\",\"@id\":\"https:\\\/\\\/secure.gravatar.com\\\/avatar\\\/3ea2118a5f7dad2b7138b1187a6b7ee55f160b9968b66013c3a3ef39dd7e5798?s=96&d=mm&r=g\",\"url\":\"https:\\\/\\\/secure.gravatar.com\\\/avatar\\\/3ea2118a5f7dad2b7138b1187a6b7ee55f160b9968b66013c3a3ef39dd7e5798?s=96&d=mm&r=g\",\"contentUrl\":\"https:\\\/\\\/secure.gravatar.com\\\/avatar\\\/3ea2118a5f7dad2b7138b1187a6b7ee55f160b9968b66013c3a3ef39dd7e5798?s=96&d=mm&r=g\",\"caption\":\"Jeanette\"},\"sameAs\":[\"https:\\\/\\\/www.eldiario.net\\\/portal\"],\"url\":\"https:\\\/\\\/www.eldiario.net\\\/portal\\\/author\\\/jeanette\\\/\"}]}<\/script>\n<!-- \/ Yoast SEO plugin. -->","yoast_head_json":{"title":"Fiscal\u00eda posterga declaraci\u00f3n de Fern\u00e1ndez por falta de personal - El Diario - Bolivia","robots":{"index":"index","follow":"follow","max-snippet":"max-snippet:-1","max-image-preview":"max-image-preview:large","max-video-preview":"max-video-preview:-1"},"canonical":"https:\/\/www.eldiario.net\/portal\/2022\/01\/11\/fiscalia-posterga-declaracion-de-fernandez-por-falta-de-personal\/","og_locale":"es_ES","og_type":"article","og_title":"Fiscal\u00eda posterga declaraci\u00f3n de Fern\u00e1ndez por falta de personal - El Diario - Bolivia","og_description":"El alcalde de Santa Cruz de la Sierra, Jhonny Fern\u00e1ndez, inform\u00f3 que la Fiscal\u00eda posterg\u00f3 su declaraci\u00f3n dentro del caso \u00edtems fantasma, en calidad de v\u00edctima, por falta de personal. Ahora, dijo que espera que se le asigne la nueva fecha y hora en la que deber\u00e1 presentarse. Fern\u00e1ndez fue convocado para la tarde de [&hellip;]","og_url":"https:\/\/www.eldiario.net\/portal\/2022\/01\/11\/fiscalia-posterga-declaracion-de-fernandez-por-falta-de-personal\/","og_site_name":"El Diario - Bolivia","article_publisher":"https:\/\/www.facebook.com\/eldiario.bolivia\/","article_published_time":"2022-01-11T09:29:29+00:00","author":"Jeanette","twitter_card":"summary_large_image","twitter_creator":"@eldiario_net","twitter_site":"@eldiario_net","twitter_misc":{"Escrito por":"Jeanette","Tiempo de lectura":"1 minuto"},"schema":{"@context":"https:\/\/schema.org","@graph":[{"@type":"Article","@id":"https:\/\/www.eldiario.net\/portal\/2022\/01\/11\/fiscalia-posterga-declaracion-de-fernandez-por-falta-de-personal\/#article","isPartOf":{"@id":"https:\/\/www.eldiario.net\/portal\/2022\/01\/11\/fiscalia-posterga-declaracion-de-fernandez-por-falta-de-personal\/"},"author":{"name":"Jeanette","@id":"https:\/\/www.eldiario.net\/portal\/#\/schema\/person\/2c57cf2b7a7ae032e449e4c9b1019eac"},"headline":"Fiscal\u00eda posterga declaraci\u00f3n de Fern\u00e1ndez por falta de personal","datePublished":"2022-01-11T09:29:29+00:00","mainEntityOfPage":{"@id":"https:\/\/www.eldiario.net\/portal\/2022\/01\/11\/fiscalia-posterga-declaracion-de-fernandez-por-falta-de-personal\/"},"wordCount":254,"publisher":{"@id":"https:\/\/www.eldiario.net\/portal\/#organization"},"image":{"@id":"https:\/\/www.eldiario.net\/portal\/2022\/01\/11\/fiscalia-posterga-declaracion-de-fernandez-por-falta-de-personal\/#primaryimage"},"thumbnailUrl":"","articleSection":["Portada"],"inLanguage":"es"},{"@type":"WebPage","@id":"https:\/\/www.eldiario.net\/portal\/2022\/01\/11\/fiscalia-posterga-declaracion-de-fernandez-por-falta-de-personal\/","url":"https:\/\/www.eldiario.net\/portal\/2022\/01\/11\/fiscalia-posterga-declaracion-de-fernandez-por-falta-de-personal\/","name":"Fiscal\u00eda posterga declaraci\u00f3n de Fern\u00e1ndez por falta de personal - El Diario - Bolivia","isPartOf":{"@id":"https:\/\/www.eldiario.net\/portal\/#website"},"primaryImageOfPage":{"@id":"https:\/\/www.eldiario.net\/portal\/2022\/01\/11\/fiscalia-posterga-declaracion-de-fernandez-por-falta-de-personal\/#primaryimage"},"image":{"@id":"https:\/\/www.eldiario.net\/portal\/2022\/01\/11\/fiscalia-posterga-declaracion-de-fernandez-por-falta-de-personal\/#primaryimage"},"thumbnailUrl":"","datePublished":"2022-01-11T09:29:29+00:00","breadcrumb":{"@id":"https:\/\/www.eldiario.net\/portal\/2022\/01\/11\/fiscalia-posterga-declaracion-de-fernandez-por-falta-de-personal\/#breadcrumb"},"inLanguage":"es","potentialAction":[{"@type":"ReadAction","target":["https:\/\/www.eldiario.net\/portal\/2022\/01\/11\/fiscalia-posterga-declaracion-de-fernandez-por-falta-de-personal\/"]}]},{"@type":"ImageObject","inLanguage":"es","@id":"https:\/\/www.eldiario.net\/portal\/2022\/01\/11\/fiscalia-posterga-declaracion-de-fernandez-por-falta-de-personal\/#primaryimage","url":"","contentUrl":""},{"@type":"BreadcrumbList","@id":"https:\/\/www.eldiario.net\/portal\/2022\/01\/11\/fiscalia-posterga-declaracion-de-fernandez-por-falta-de-personal\/#breadcrumb","itemListElement":[{"@type":"ListItem","position":1,"name":"Portada","item":"https:\/\/www.eldiario.net\/portal\/"},{"@type":"ListItem","position":2,"name":"Fiscal\u00eda posterga declaraci\u00f3n de Fern\u00e1ndez por falta de personal"}]},{"@type":"WebSite","@id":"https:\/\/www.eldiario.net\/portal\/#website","url":"https:\/\/www.eldiario.net\/portal\/","name":"El Diario - Decano de la prensa nacional","description":"El Diario - Decano de la prensa nacional","publisher":{"@id":"https:\/\/www.eldiario.net\/portal\/#organization"},"potentialAction":[{"@type":"SearchAction","target":{"@type":"EntryPoint","urlTemplate":"https:\/\/www.eldiario.net\/portal\/?s={search_term_string}"},"query-input":{"@type":"PropertyValueSpecification","valueRequired":true,"valueName":"search_term_string"}}],"inLanguage":"es"},{"@type":"Organization","@id":"https:\/\/www.eldiario.net\/portal\/#organization","name":"El Diario - Decano de la prensa nacional","url":"https:\/\/www.eldiario.net\/portal\/","logo":{"@type":"ImageObject","inLanguage":"es","@id":"https:\/\/www.eldiario.net\/portal\/#\/schema\/logo\/image\/","url":"https:\/\/www.eldiario.net\/portal\/wp-content\/uploads\/2023\/07\/logo_ED.jpg","contentUrl":"https:\/\/www.eldiario.net\/portal\/wp-content\/uploads\/2023\/07\/logo_ED.jpg","width":272,"height":52,"caption":"El Diario - Decano de la prensa nacional"},"image":{"@id":"https:\/\/www.eldiario.net\/portal\/#\/schema\/logo\/image\/"},"sameAs":["https:\/\/www.facebook.com\/eldiario.bolivia\/","https:\/\/x.com\/eldiario_net"]},{"@type":"Person","@id":"https:\/\/www.eldiario.net\/portal\/#\/schema\/person\/2c57cf2b7a7ae032e449e4c9b1019eac","name":"Jeanette","image":{"@type":"ImageObject","inLanguage":"es","@id":"https:\/\/secure.gravatar.com\/avatar\/3ea2118a5f7dad2b7138b1187a6b7ee55f160b9968b66013c3a3ef39dd7e5798?s=96&d=mm&r=g","url":"https:\/\/secure.gravatar.com\/avatar\/3ea2118a5f7dad2b7138b1187a6b7ee55f160b9968b66013c3a3ef39dd7e5798?s=96&d=mm&r=g","contentUrl":"https:\/\/secure.gravatar.com\/avatar\/3ea2118a5f7dad2b7138b1187a6b7ee55f160b9968b66013c3a3ef39dd7e5798?s=96&d=mm&r=g","caption":"Jeanette"},"sameAs":["https:\/\/www.eldiario.net\/portal"],"url":"https:\/\/www.eldiario.net\/portal\/author\/jeanette\/"}]}},"_links":{"self":[{"href":"https:\/\/www.eldiario.net\/portal\/wp-json\/wp\/v2\/posts\/55538","targetHints":{"allow":["GET"]}}],"collection":[{"href":"https:\/\/www.eldiario.net\/portal\/wp-json\/wp\/v2\/posts"}],"about":[{"href":"https:\/\/www.eldiario.net\/portal\/wp-json\/wp\/v2\/types\/post"}],"author":[{"embeddable":true,"href":"https:\/\/www.eldiario.net\/portal\/wp-json\/wp\/v2\/users\/1"}],"replies":[{"embeddable":true,"href":"https:\/\/www.eldiario.net\/portal\/wp-json\/wp\/v2\/comments?post=55538"}],"version-history":[{"count":0,"href":"https:\/\/www.eldiario.net\/portal\/wp-json\/wp\/v2\/posts\/55538\/revisions"}],"wp:attachment":[{"href":"https:\/\/www.eldiario.net\/portal\/wp-json\/wp\/v2\/media?parent=55538"}],"wp:term":[{"taxonomy":"category","embeddable":true,"href":"https:\/\/www.eldiario.net\/portal\/wp-json\/wp\/v2\/categories?post=55538"},{"taxonomy":"post_tag","embeddable":true,"href":"https:\/\/www.eldiario.net\/portal\/wp-json\/wp\/v2\/tags?post=55538"}],"curies":[{"name":"wp","href":"https:\/\/api.w.org\/{rel}","templated":true}]}}