{"id":55527,"date":"2022-01-11T05:24:27","date_gmt":"2022-01-11T09:24:27","guid":{"rendered":"https:\/\/www.eldiario.net\/portal\/?p=55527"},"modified":"2022-01-11T05:24:27","modified_gmt":"2022-01-11T09:24:27","slug":"aplicacion-de-practicas-socio-comunitarias-que-fortalecen-el-equilibrio-ecologico-en-la-naturaleza","status":"publish","type":"post","link":"https:\/\/www.eldiario.net\/portal\/2022\/01\/11\/aplicacion-de-practicas-socio-comunitarias-que-fortalecen-el-equilibrio-ecologico-en-la-naturaleza\/","title":{"rendered":"Aplicaci\u00f3n de pr\u00e1cticas socio-comunitarias que fortalecen el equilibrio ecol\u00f3gico en la naturaleza"},"content":{"rendered":"<p><strong>Por: Equipo editor<\/strong><\/p>\n<p>&nbsp;<\/p>\n<p>Las pr\u00e1cticas socio-comunitarias (PSC) tienden a generar una reflexi\u00f3n del accionar de la sociedad con el Medio Ambiente, destacando los problemas presentados en nuestra comunidad y buscando, conjuntamente, soluciones a los mismos.<\/p>\n<p>&nbsp;<\/p>\n<p><strong>Reforestaci\u00f3n<\/strong><\/p>\n<p>&nbsp;<\/p>\n<p>La reforestaci\u00f3n es restablecer la vegetaci\u00f3n arb\u00f3rea; la cual consiste en plantar \u00e1rboles donde ya no existen o quedan pocos, tomando en cuenta su cuidado para que estos se desarrollen de manera adecuada.<\/p>\n<p>&nbsp;<\/p>\n<p>Plantar \u00e1rboles es una estrategia importante para reducir los problemas ambientales. Un \u00e1rbol joven almacena, en promedio, alrededor de 11.3 kg de carb\u00f3n atmosf\u00e9rico por a\u00f1o. Es necesario plantar y mantener al menos 65 \u00e1rboles para compensar la cantidad de carb\u00f3n que aportamos a la atm\u00f3sfera durante nuestra vida.<\/p>\n<p>&nbsp;<\/p>\n<p><strong>Impactos positivos<\/strong><\/p>\n<p>&nbsp;<\/p>\n<p>Las plantaciones ofrecen la mejor alternativa a la explotaci\u00f3n de los bosques naturales para satisfacer la demanda de madera y otros productos combustibles. Las plantaciones que se realizan para la producci\u00f3n de madera, generalmente son especies de crecimiento m\u00e1s r\u00e1pido, adem\u00e1s el acceso y la explotaci\u00f3n son m\u00e1s f\u00e1ciles que en el caso de los bosques naturales, pues dan productos m\u00e1s uniformes y comercializables.<\/p>\n<p>&nbsp;<\/p>\n<p><strong>Incremento de los servicios ambientales<\/strong><\/p>\n<p>&nbsp;<\/p>\n<p>La reforestaci\u00f3n aporta una serie de beneficios y servicios ambientales. Al restablecer o incrementar la cobertura arb\u00f3rea, se aumenta la fertilidad del suelo y se mejora su retenci\u00f3n de humedad, la estructura y el contenido de nutrientes. La siembra de \u00e1rboles estabiliza los suelos, reduciendo la erosi\u00f3n hidr\u00e1ulica y e\u00f3lica de las laderas, los campos agr\u00edcolas cercanos y los suelos no consolidados, como las dunas de arena.<\/p>\n<p>&nbsp;<\/p>\n<p><strong>Reciclaje de pl\u00e1sticos<\/strong><\/p>\n<p>&nbsp;<\/p>\n<p>Los pl\u00e1sticos son una grave amenaza para el medio ambiente por dos motivos principales: su utilizaci\u00f3n masiva en todo tipo de productos y su lenta degradaci\u00f3n. Se estima que tarda unos 180 a\u00f1os en descomponerse, aunque este periodo var\u00eda en funci\u00f3n del tipo de pl\u00e1stico.<\/p>\n<p>&nbsp;<\/p>\n<p>Los pl\u00e1sticos m\u00e1s comunes que se reciclan son el PVC y el PET, siendo el primero mucho m\u00e1s contaminante para el medio ambiente.<\/p>\n<p>&nbsp;<\/p>\n<p>El proceso de reciclaje del pl\u00e1stico pasa por varias fases:<\/p>\n<p>&nbsp;<\/p>\n<ul>\n<li><strong>Primero,<\/strong> se recolecta en industrias o en contenedores de color amarillo.<\/li>\n<li><strong>Segundo<\/strong>, se los limpia con productos qu\u00edmicos.<\/li>\n<li><strong>Tercero,<\/strong> se los selecciona por tipo de pl\u00e1stico.<\/li>\n<li><strong>Cuarto, <\/strong>se funde y obtiene nueva materia, que pueda ser moldeada de nuevo.<\/li>\n<\/ul>\n<p>&nbsp;<\/p>\n<p><strong>Reciclaje de papel<\/strong><\/p>\n<p>&nbsp;<\/p>\n<p>El reciclaje de papel es el proceso de recuperaci\u00f3n de papel ya utilizado para transformarlo en nuevos productos. Existen tres categor\u00edas que pueden utilizarse como materia prima para papel reciclado: molido, desechos de pre-consumo y desechos de post-consumo.<\/p>\n<p>&nbsp;<\/p>\n<p>El papel molido son recortes y trozos provenientes de la manufactura de papel, y se reciclan internamente en una f\u00e1brica papelera. Los desechos de pre-consumo son materiales que ya han pasado por la f\u00e1brica y no son aptos para el consumo. Los desechos de post-consumo son materiales de papel ya utilizados que el consumidor desecha, tales como viejas revistas, peri\u00f3dicos, material de oficina, gu\u00edas telef\u00f3nicas, etc. El papel que se considera adecuado para el reciclaje es denominado \u201cdesecho de papel\u201d.<\/p>\n<p>&nbsp;<\/p>\n<p><strong>Reciclaje del agua<\/strong><\/p>\n<p>&nbsp;<\/p>\n<p>El agua gris, tambi\u00e9n conocida como \u201cagua servida no cloacal\u201d, es el agua que sale por los desag\u00fces de las ba\u00f1eras, pilas de la cocina, lavadoras; en fin, aquellas aguas generadas por procesos del hogar. Estas aguas, con un tratamiento simple, pueden reutilizarse, siendo de gran relevancia para nuestra comunidad.<\/p>\n<p>&nbsp;<\/p>\n<p>As\u00ed mismo, esta agua es utilizada en las cisternas de los inodoros, en el riego de zonas verdes y en la limpieza de los exteriores. Con este sistema se llega a ahorrar m\u00e1s de 50 litros de agua por persona.<\/p>\n<p>&nbsp;<\/p>\n<p>El sistema necesita la conexi\u00f3n de los desag\u00fces de los lavados y ba\u00f1eras a un dep\u00f3sito. En dicho dep\u00f3sito se realizar\u00e1n dos tratamientos de depuraci\u00f3n:<\/p>\n<p>&nbsp;<\/p>\n<ul>\n<li><strong>Tratamiento f\u00edsico.<\/strong> Se realiza mediante filtros que impiden que las part\u00edculas s\u00f3lidas pasen.<\/li>\n<\/ul>\n<p>&nbsp;<\/p>\n<ul>\n<li><strong>Tratamiento qu\u00edmico.<\/strong> Se realiza mediante la cloraci\u00f3n del agua con hipoclorito s\u00f3dico con un dosificador autom\u00e1tico. Esto deja al agua lista para la reutilizaci\u00f3n.<\/li>\n<\/ul>\n<p>&nbsp;<\/p>\n<p>Los dep\u00f3sitos suelen ser de fibra de vidrio, y suelen estar ubicados en el s\u00f3tano de las viviendas. En caso de que esto no sea posible, estos deber\u00e1n ser colocados en la parte m\u00e1s alta de la vivienda, las aguas grises ir\u00edan a un bote sif\u00f3nico y desde este, por intermedio de una bomba, el agua subir\u00e1 hasta el dep\u00f3sito, distribuy\u00e9ndose despu\u00e9s por gravedad hasta las cisternas.<\/p>\n<p>&nbsp;<\/p>\n<p><strong>Uso de las cocinas solares<\/strong><\/p>\n<p>&nbsp;<\/p>\n<p>Con un conocimiento de los principios b\u00e1sicos de la energ\u00eda solar y un acceso a materiales simples, como el cart\u00f3n, el papel de aluminio y el cristal, se puede construir una cocina solar eficaz.<\/p>\n<p>&nbsp;<\/p>\n<p>El primer panel forrado de papel aluminio, encontrado inclinadamente a un lado de la caja, refleja la luz y la rebota hacia el interior de la caja, donde se va concentrando el calor poco a poco hasta generar una considerable cantidad de calor, estos se encargan de calentar los alimentos.<\/p>\n<p>&nbsp;<\/p>\n<p>Se utilizan las cocinas solares, principalmente, para cocer comida y pasteurizar agua, aunque continuamente se desarrollan usos adicionales. Numerosos factores, incluyendo el acceso a los materiales, la disponibilidad de los carburantes de cocinas tradicionales, el clima, las preferencias en cuanto a la alimentaci\u00f3n factores culturales y capacidades t\u00e9cnicas, favorecen a que las cocinas solares sean accesibles para las personas.<\/p>\n\n","protected":false},"excerpt":{"rendered":"<p>Por: Equipo editor &nbsp; Las pr\u00e1cticas socio-comunitarias (PSC) tienden a generar una reflexi\u00f3n del accionar de la sociedad con el Medio Ambiente, destacando los problemas presentados en nuestra comunidad y buscando, conjuntamente, soluciones a los mismos. &nbsp; Reforestaci\u00f3n &nbsp; La reforestaci\u00f3n es restablecer la vegetaci\u00f3n arb\u00f3rea; la cual consiste en plantar \u00e1rboles donde ya no [&hellip;]<\/p>\n","protected":false},"author":1,"featured_media":55528,"comment_status":"closed","ping_status":"closed","sticky":false,"template":"","format":"standard","meta":{"_acf_changed":false,"footnotes":""},"categories":[43],"tags":[],"class_list":["post-55527","post","type-post","status-publish","format-standard","has-post-thumbnail","category-nuevos-horizontes"],"acf":{"antetitulo":""},"yoast_head":"<!-- This site is optimized with the Yoast SEO plugin v28.4 - https:\/\/yoast.com\/product\/yoast-seo-wordpress\/ -->\n<title>Aplicaci\u00f3n de pr\u00e1cticas socio-comunitarias que fortalecen el equilibrio ecol\u00f3gico en la naturaleza - El Diario - Bolivia<\/title>\n<meta name=\"robots\" content=\"index, follow, max-snippet:-1, max-image-preview:large, max-video-preview:-1\" \/>\n<link rel=\"canonical\" href=\"https:\/\/www.eldiario.net\/portal\/2022\/01\/11\/aplicacion-de-practicas-socio-comunitarias-que-fortalecen-el-equilibrio-ecologico-en-la-naturaleza\/\" \/>\n<meta property=\"og:locale\" content=\"es_ES\" \/>\n<meta property=\"og:type\" content=\"article\" \/>\n<meta property=\"og:title\" content=\"Aplicaci\u00f3n de pr\u00e1cticas socio-comunitarias que fortalecen el equilibrio ecol\u00f3gico en la naturaleza - El Diario - Bolivia\" \/>\n<meta property=\"og:description\" content=\"Por: Equipo editor &nbsp; Las pr\u00e1cticas socio-comunitarias (PSC) tienden a generar una reflexi\u00f3n del accionar de la sociedad con el Medio Ambiente, destacando los problemas presentados en nuestra comunidad y buscando, conjuntamente, soluciones a los mismos. &nbsp; Reforestaci\u00f3n &nbsp; La reforestaci\u00f3n es restablecer la vegetaci\u00f3n arb\u00f3rea; la cual consiste en plantar \u00e1rboles donde ya no [&hellip;]\" \/>\n<meta property=\"og:url\" content=\"https:\/\/www.eldiario.net\/portal\/2022\/01\/11\/aplicacion-de-practicas-socio-comunitarias-que-fortalecen-el-equilibrio-ecologico-en-la-naturaleza\/\" \/>\n<meta property=\"og:site_name\" content=\"El Diario - Bolivia\" \/>\n<meta property=\"article:publisher\" content=\"https:\/\/www.facebook.com\/eldiario.bolivia\/\" \/>\n<meta property=\"article:published_time\" content=\"2022-01-11T09:24:27+00:00\" \/>\n<meta name=\"author\" content=\"Jeanette\" \/>\n<meta name=\"twitter:card\" content=\"summary_large_image\" \/>\n<meta name=\"twitter:creator\" content=\"@eldiario_net\" \/>\n<meta name=\"twitter:site\" content=\"@eldiario_net\" \/>\n<meta name=\"twitter:label1\" content=\"Escrito por\" \/>\n\t<meta name=\"twitter:data1\" content=\"Jeanette\" \/>\n\t<meta name=\"twitter:label2\" content=\"Tiempo de lectura\" \/>\n\t<meta name=\"twitter:data2\" content=\"5 minutos\" \/>\n<script type=\"application\/ld+json\" class=\"yoast-schema-graph\">{\"@context\":\"https:\\\/\\\/schema.org\",\"@graph\":[{\"@type\":\"Article\",\"@id\":\"https:\\\/\\\/www.eldiario.net\\\/portal\\\/2022\\\/01\\\/11\\\/aplicacion-de-practicas-socio-comunitarias-que-fortalecen-el-equilibrio-ecologico-en-la-naturaleza\\\/#article\",\"isPartOf\":{\"@id\":\"https:\\\/\\\/www.eldiario.net\\\/portal\\\/2022\\\/01\\\/11\\\/aplicacion-de-practicas-socio-comunitarias-que-fortalecen-el-equilibrio-ecologico-en-la-naturaleza\\\/\"},\"author\":{\"name\":\"Jeanette\",\"@id\":\"https:\\\/\\\/www.eldiario.net\\\/portal\\\/#\\\/schema\\\/person\\\/2c57cf2b7a7ae032e449e4c9b1019eac\"},\"headline\":\"Aplicaci\u00f3n de pr\u00e1cticas socio-comunitarias que fortalecen el equilibrio ecol\u00f3gico en la naturaleza\",\"datePublished\":\"2022-01-11T09:24:27+00:00\",\"mainEntityOfPage\":{\"@id\":\"https:\\\/\\\/www.eldiario.net\\\/portal\\\/2022\\\/01\\\/11\\\/aplicacion-de-practicas-socio-comunitarias-que-fortalecen-el-equilibrio-ecologico-en-la-naturaleza\\\/\"},\"wordCount\":990,\"publisher\":{\"@id\":\"https:\\\/\\\/www.eldiario.net\\\/portal\\\/#organization\"},\"image\":{\"@id\":\"https:\\\/\\\/www.eldiario.net\\\/portal\\\/2022\\\/01\\\/11\\\/aplicacion-de-practicas-socio-comunitarias-que-fortalecen-el-equilibrio-ecologico-en-la-naturaleza\\\/#primaryimage\"},\"thumbnailUrl\":\"\",\"articleSection\":[\"Nuevos Horizontes\"],\"inLanguage\":\"es\"},{\"@type\":\"WebPage\",\"@id\":\"https:\\\/\\\/www.eldiario.net\\\/portal\\\/2022\\\/01\\\/11\\\/aplicacion-de-practicas-socio-comunitarias-que-fortalecen-el-equilibrio-ecologico-en-la-naturaleza\\\/\",\"url\":\"https:\\\/\\\/www.eldiario.net\\\/portal\\\/2022\\\/01\\\/11\\\/aplicacion-de-practicas-socio-comunitarias-que-fortalecen-el-equilibrio-ecologico-en-la-naturaleza\\\/\",\"name\":\"Aplicaci\u00f3n de pr\u00e1cticas socio-comunitarias que fortalecen el equilibrio ecol\u00f3gico en la naturaleza - El Diario - Bolivia\",\"isPartOf\":{\"@id\":\"https:\\\/\\\/www.eldiario.net\\\/portal\\\/#website\"},\"primaryImageOfPage\":{\"@id\":\"https:\\\/\\\/www.eldiario.net\\\/portal\\\/2022\\\/01\\\/11\\\/aplicacion-de-practicas-socio-comunitarias-que-fortalecen-el-equilibrio-ecologico-en-la-naturaleza\\\/#primaryimage\"},\"image\":{\"@id\":\"https:\\\/\\\/www.eldiario.net\\\/portal\\\/2022\\\/01\\\/11\\\/aplicacion-de-practicas-socio-comunitarias-que-fortalecen-el-equilibrio-ecologico-en-la-naturaleza\\\/#primaryimage\"},\"thumbnailUrl\":\"\",\"datePublished\":\"2022-01-11T09:24:27+00:00\",\"breadcrumb\":{\"@id\":\"https:\\\/\\\/www.eldiario.net\\\/portal\\\/2022\\\/01\\\/11\\\/aplicacion-de-practicas-socio-comunitarias-que-fortalecen-el-equilibrio-ecologico-en-la-naturaleza\\\/#breadcrumb\"},\"inLanguage\":\"es\",\"potentialAction\":[{\"@type\":\"ReadAction\",\"target\":[\"https:\\\/\\\/www.eldiario.net\\\/portal\\\/2022\\\/01\\\/11\\\/aplicacion-de-practicas-socio-comunitarias-que-fortalecen-el-equilibrio-ecologico-en-la-naturaleza\\\/\"]}]},{\"@type\":\"ImageObject\",\"inLanguage\":\"es\",\"@id\":\"https:\\\/\\\/www.eldiario.net\\\/portal\\\/2022\\\/01\\\/11\\\/aplicacion-de-practicas-socio-comunitarias-que-fortalecen-el-equilibrio-ecologico-en-la-naturaleza\\\/#primaryimage\",\"url\":\"\",\"contentUrl\":\"\"},{\"@type\":\"BreadcrumbList\",\"@id\":\"https:\\\/\\\/www.eldiario.net\\\/portal\\\/2022\\\/01\\\/11\\\/aplicacion-de-practicas-socio-comunitarias-que-fortalecen-el-equilibrio-ecologico-en-la-naturaleza\\\/#breadcrumb\",\"itemListElement\":[{\"@type\":\"ListItem\",\"position\":1,\"name\":\"Portada\",\"item\":\"https:\\\/\\\/www.eldiario.net\\\/portal\\\/\"},{\"@type\":\"ListItem\",\"position\":2,\"name\":\"Aplicaci\u00f3n de pr\u00e1cticas socio-comunitarias que fortalecen el equilibrio ecol\u00f3gico en la naturaleza\"}]},{\"@type\":\"WebSite\",\"@id\":\"https:\\\/\\\/www.eldiario.net\\\/portal\\\/#website\",\"url\":\"https:\\\/\\\/www.eldiario.net\\\/portal\\\/\",\"name\":\"El Diario - Decano de la prensa nacional\",\"description\":\"El Diario - Decano de la prensa nacional\",\"publisher\":{\"@id\":\"https:\\\/\\\/www.eldiario.net\\\/portal\\\/#organization\"},\"potentialAction\":[{\"@type\":\"SearchAction\",\"target\":{\"@type\":\"EntryPoint\",\"urlTemplate\":\"https:\\\/\\\/www.eldiario.net\\\/portal\\\/?s={search_term_string}\"},\"query-input\":{\"@type\":\"PropertyValueSpecification\",\"valueRequired\":true,\"valueName\":\"search_term_string\"}}],\"inLanguage\":\"es\"},{\"@type\":\"Organization\",\"@id\":\"https:\\\/\\\/www.eldiario.net\\\/portal\\\/#organization\",\"name\":\"El Diario - Decano de la prensa nacional\",\"url\":\"https:\\\/\\\/www.eldiario.net\\\/portal\\\/\",\"logo\":{\"@type\":\"ImageObject\",\"inLanguage\":\"es\",\"@id\":\"https:\\\/\\\/www.eldiario.net\\\/portal\\\/#\\\/schema\\\/logo\\\/image\\\/\",\"url\":\"https:\\\/\\\/www.eldiario.net\\\/portal\\\/wp-content\\\/uploads\\\/2023\\\/07\\\/logo_ED.jpg\",\"contentUrl\":\"https:\\\/\\\/www.eldiario.net\\\/portal\\\/wp-content\\\/uploads\\\/2023\\\/07\\\/logo_ED.jpg\",\"width\":272,\"height\":52,\"caption\":\"El Diario - Decano de la prensa nacional\"},\"image\":{\"@id\":\"https:\\\/\\\/www.eldiario.net\\\/portal\\\/#\\\/schema\\\/logo\\\/image\\\/\"},\"sameAs\":[\"https:\\\/\\\/www.facebook.com\\\/eldiario.bolivia\\\/\",\"https:\\\/\\\/x.com\\\/eldiario_net\"]},{\"@type\":\"Person\",\"@id\":\"https:\\\/\\\/www.eldiario.net\\\/portal\\\/#\\\/schema\\\/person\\\/2c57cf2b7a7ae032e449e4c9b1019eac\",\"name\":\"Jeanette\",\"image\":{\"@type\":\"ImageObject\",\"inLanguage\":\"es\",\"@id\":\"https:\\\/\\\/secure.gravatar.com\\\/avatar\\\/3ea2118a5f7dad2b7138b1187a6b7ee55f160b9968b66013c3a3ef39dd7e5798?s=96&d=mm&r=g\",\"url\":\"https:\\\/\\\/secure.gravatar.com\\\/avatar\\\/3ea2118a5f7dad2b7138b1187a6b7ee55f160b9968b66013c3a3ef39dd7e5798?s=96&d=mm&r=g\",\"contentUrl\":\"https:\\\/\\\/secure.gravatar.com\\\/avatar\\\/3ea2118a5f7dad2b7138b1187a6b7ee55f160b9968b66013c3a3ef39dd7e5798?s=96&d=mm&r=g\",\"caption\":\"Jeanette\"},\"sameAs\":[\"https:\\\/\\\/www.eldiario.net\\\/portal\"],\"url\":\"https:\\\/\\\/www.eldiario.net\\\/portal\\\/author\\\/jeanette\\\/\"}]}<\/script>\n<!-- \/ Yoast SEO plugin. -->","yoast_head_json":{"title":"Aplicaci\u00f3n de pr\u00e1cticas socio-comunitarias que fortalecen el equilibrio ecol\u00f3gico en la naturaleza - El Diario - Bolivia","robots":{"index":"index","follow":"follow","max-snippet":"max-snippet:-1","max-image-preview":"max-image-preview:large","max-video-preview":"max-video-preview:-1"},"canonical":"https:\/\/www.eldiario.net\/portal\/2022\/01\/11\/aplicacion-de-practicas-socio-comunitarias-que-fortalecen-el-equilibrio-ecologico-en-la-naturaleza\/","og_locale":"es_ES","og_type":"article","og_title":"Aplicaci\u00f3n de pr\u00e1cticas socio-comunitarias que fortalecen el equilibrio ecol\u00f3gico en la naturaleza - El Diario - Bolivia","og_description":"Por: Equipo editor &nbsp; Las pr\u00e1cticas socio-comunitarias (PSC) tienden a generar una reflexi\u00f3n del accionar de la sociedad con el Medio Ambiente, destacando los problemas presentados en nuestra comunidad y buscando, conjuntamente, soluciones a los mismos. &nbsp; Reforestaci\u00f3n &nbsp; La reforestaci\u00f3n es restablecer la vegetaci\u00f3n arb\u00f3rea; la cual consiste en plantar \u00e1rboles donde ya no [&hellip;]","og_url":"https:\/\/www.eldiario.net\/portal\/2022\/01\/11\/aplicacion-de-practicas-socio-comunitarias-que-fortalecen-el-equilibrio-ecologico-en-la-naturaleza\/","og_site_name":"El Diario - Bolivia","article_publisher":"https:\/\/www.facebook.com\/eldiario.bolivia\/","article_published_time":"2022-01-11T09:24:27+00:00","author":"Jeanette","twitter_card":"summary_large_image","twitter_creator":"@eldiario_net","twitter_site":"@eldiario_net","twitter_misc":{"Escrito por":"Jeanette","Tiempo de lectura":"5 minutos"},"schema":{"@context":"https:\/\/schema.org","@graph":[{"@type":"Article","@id":"https:\/\/www.eldiario.net\/portal\/2022\/01\/11\/aplicacion-de-practicas-socio-comunitarias-que-fortalecen-el-equilibrio-ecologico-en-la-naturaleza\/#article","isPartOf":{"@id":"https:\/\/www.eldiario.net\/portal\/2022\/01\/11\/aplicacion-de-practicas-socio-comunitarias-que-fortalecen-el-equilibrio-ecologico-en-la-naturaleza\/"},"author":{"name":"Jeanette","@id":"https:\/\/www.eldiario.net\/portal\/#\/schema\/person\/2c57cf2b7a7ae032e449e4c9b1019eac"},"headline":"Aplicaci\u00f3n de pr\u00e1cticas socio-comunitarias que fortalecen el equilibrio ecol\u00f3gico en la naturaleza","datePublished":"2022-01-11T09:24:27+00:00","mainEntityOfPage":{"@id":"https:\/\/www.eldiario.net\/portal\/2022\/01\/11\/aplicacion-de-practicas-socio-comunitarias-que-fortalecen-el-equilibrio-ecologico-en-la-naturaleza\/"},"wordCount":990,"publisher":{"@id":"https:\/\/www.eldiario.net\/portal\/#organization"},"image":{"@id":"https:\/\/www.eldiario.net\/portal\/2022\/01\/11\/aplicacion-de-practicas-socio-comunitarias-que-fortalecen-el-equilibrio-ecologico-en-la-naturaleza\/#primaryimage"},"thumbnailUrl":"","articleSection":["Nuevos Horizontes"],"inLanguage":"es"},{"@type":"WebPage","@id":"https:\/\/www.eldiario.net\/portal\/2022\/01\/11\/aplicacion-de-practicas-socio-comunitarias-que-fortalecen-el-equilibrio-ecologico-en-la-naturaleza\/","url":"https:\/\/www.eldiario.net\/portal\/2022\/01\/11\/aplicacion-de-practicas-socio-comunitarias-que-fortalecen-el-equilibrio-ecologico-en-la-naturaleza\/","name":"Aplicaci\u00f3n de pr\u00e1cticas socio-comunitarias que fortalecen el equilibrio ecol\u00f3gico en la naturaleza - El Diario - Bolivia","isPartOf":{"@id":"https:\/\/www.eldiario.net\/portal\/#website"},"primaryImageOfPage":{"@id":"https:\/\/www.eldiario.net\/portal\/2022\/01\/11\/aplicacion-de-practicas-socio-comunitarias-que-fortalecen-el-equilibrio-ecologico-en-la-naturaleza\/#primaryimage"},"image":{"@id":"https:\/\/www.eldiario.net\/portal\/2022\/01\/11\/aplicacion-de-practicas-socio-comunitarias-que-fortalecen-el-equilibrio-ecologico-en-la-naturaleza\/#primaryimage"},"thumbnailUrl":"","datePublished":"2022-01-11T09:24:27+00:00","breadcrumb":{"@id":"https:\/\/www.eldiario.net\/portal\/2022\/01\/11\/aplicacion-de-practicas-socio-comunitarias-que-fortalecen-el-equilibrio-ecologico-en-la-naturaleza\/#breadcrumb"},"inLanguage":"es","potentialAction":[{"@type":"ReadAction","target":["https:\/\/www.eldiario.net\/portal\/2022\/01\/11\/aplicacion-de-practicas-socio-comunitarias-que-fortalecen-el-equilibrio-ecologico-en-la-naturaleza\/"]}]},{"@type":"ImageObject","inLanguage":"es","@id":"https:\/\/www.eldiario.net\/portal\/2022\/01\/11\/aplicacion-de-practicas-socio-comunitarias-que-fortalecen-el-equilibrio-ecologico-en-la-naturaleza\/#primaryimage","url":"","contentUrl":""},{"@type":"BreadcrumbList","@id":"https:\/\/www.eldiario.net\/portal\/2022\/01\/11\/aplicacion-de-practicas-socio-comunitarias-que-fortalecen-el-equilibrio-ecologico-en-la-naturaleza\/#breadcrumb","itemListElement":[{"@type":"ListItem","position":1,"name":"Portada","item":"https:\/\/www.eldiario.net\/portal\/"},{"@type":"ListItem","position":2,"name":"Aplicaci\u00f3n de pr\u00e1cticas socio-comunitarias que fortalecen el equilibrio ecol\u00f3gico en la naturaleza"}]},{"@type":"WebSite","@id":"https:\/\/www.eldiario.net\/portal\/#website","url":"https:\/\/www.eldiario.net\/portal\/","name":"El Diario - Decano de la prensa nacional","description":"El Diario - Decano de la prensa nacional","publisher":{"@id":"https:\/\/www.eldiario.net\/portal\/#organization"},"potentialAction":[{"@type":"SearchAction","target":{"@type":"EntryPoint","urlTemplate":"https:\/\/www.eldiario.net\/portal\/?s={search_term_string}"},"query-input":{"@type":"PropertyValueSpecification","valueRequired":true,"valueName":"search_term_string"}}],"inLanguage":"es"},{"@type":"Organization","@id":"https:\/\/www.eldiario.net\/portal\/#organization","name":"El Diario - Decano de la prensa nacional","url":"https:\/\/www.eldiario.net\/portal\/","logo":{"@type":"ImageObject","inLanguage":"es","@id":"https:\/\/www.eldiario.net\/portal\/#\/schema\/logo\/image\/","url":"https:\/\/www.eldiario.net\/portal\/wp-content\/uploads\/2023\/07\/logo_ED.jpg","contentUrl":"https:\/\/www.eldiario.net\/portal\/wp-content\/uploads\/2023\/07\/logo_ED.jpg","width":272,"height":52,"caption":"El Diario - Decano de la prensa nacional"},"image":{"@id":"https:\/\/www.eldiario.net\/portal\/#\/schema\/logo\/image\/"},"sameAs":["https:\/\/www.facebook.com\/eldiario.bolivia\/","https:\/\/x.com\/eldiario_net"]},{"@type":"Person","@id":"https:\/\/www.eldiario.net\/portal\/#\/schema\/person\/2c57cf2b7a7ae032e449e4c9b1019eac","name":"Jeanette","image":{"@type":"ImageObject","inLanguage":"es","@id":"https:\/\/secure.gravatar.com\/avatar\/3ea2118a5f7dad2b7138b1187a6b7ee55f160b9968b66013c3a3ef39dd7e5798?s=96&d=mm&r=g","url":"https:\/\/secure.gravatar.com\/avatar\/3ea2118a5f7dad2b7138b1187a6b7ee55f160b9968b66013c3a3ef39dd7e5798?s=96&d=mm&r=g","contentUrl":"https:\/\/secure.gravatar.com\/avatar\/3ea2118a5f7dad2b7138b1187a6b7ee55f160b9968b66013c3a3ef39dd7e5798?s=96&d=mm&r=g","caption":"Jeanette"},"sameAs":["https:\/\/www.eldiario.net\/portal"],"url":"https:\/\/www.eldiario.net\/portal\/author\/jeanette\/"}]}},"_links":{"self":[{"href":"https:\/\/www.eldiario.net\/portal\/wp-json\/wp\/v2\/posts\/55527","targetHints":{"allow":["GET"]}}],"collection":[{"href":"https:\/\/www.eldiario.net\/portal\/wp-json\/wp\/v2\/posts"}],"about":[{"href":"https:\/\/www.eldiario.net\/portal\/wp-json\/wp\/v2\/types\/post"}],"author":[{"embeddable":true,"href":"https:\/\/www.eldiario.net\/portal\/wp-json\/wp\/v2\/users\/1"}],"replies":[{"embeddable":true,"href":"https:\/\/www.eldiario.net\/portal\/wp-json\/wp\/v2\/comments?post=55527"}],"version-history":[{"count":0,"href":"https:\/\/www.eldiario.net\/portal\/wp-json\/wp\/v2\/posts\/55527\/revisions"}],"wp:attachment":[{"href":"https:\/\/www.eldiario.net\/portal\/wp-json\/wp\/v2\/media?parent=55527"}],"wp:term":[{"taxonomy":"category","embeddable":true,"href":"https:\/\/www.eldiario.net\/portal\/wp-json\/wp\/v2\/categories?post=55527"},{"taxonomy":"post_tag","embeddable":true,"href":"https:\/\/www.eldiario.net\/portal\/wp-json\/wp\/v2\/tags?post=55527"}],"curies":[{"name":"wp","href":"https:\/\/api.w.org\/{rel}","templated":true}]}}