{"id":55523,"date":"2022-01-11T05:23:15","date_gmt":"2022-01-11T09:23:15","guid":{"rendered":"https:\/\/www.eldiario.net\/portal\/?p=55523"},"modified":"2022-01-11T05:23:15","modified_gmt":"2022-01-11T09:23:15","slug":"inteligencia-emocional-y-pensamiento-critico-naturaleza-e-importancia-de-su-relacion-e-interdependencia-10","status":"publish","type":"post","link":"https:\/\/www.eldiario.net\/portal\/2022\/01\/11\/inteligencia-emocional-y-pensamiento-critico-naturaleza-e-importancia-de-su-relacion-e-interdependencia-10\/","title":{"rendered":"Inteligencia emocional y Pensamiento cr\u00edtico Naturaleza e importancia de su relaci\u00f3n e interdependencia"},"content":{"rendered":"<p><strong>Por: Equipo editor<\/strong><\/p>\n<p>&nbsp;<\/p>\n<p>Recordemos que el pensamiento cr\u00edtico es el proceso intelectual que se realiza de forma consciente y autorregulada, que permite pensar con l\u00f3gica y llegar a un juicio razonable analizando, evaluando, interpretando, infiriendo y explicando la realidad a trav\u00e9s de cuestiones evidenciables y objetivas. Es decir, consiste en ser receptivo a la informaci\u00f3n, cuestion\u00e1ndola sin aceptarla directamente.<\/p>\n<p>&nbsp;<\/p>\n<p>Ya que el pensamiento cr\u00edtico b\u00e1sicamente trata de un tipo de pensamiento\u00a0reflexivo y racional por esencia, donde parte de la duda para dejarse regir por la l\u00f3gica.\u00a0Es decir, en otras palabras que el pensamiento cr\u00edtico es la habilidad de pensar racionalmente y sin sesgos, de forma que se entiende o construye una conexi\u00f3n l\u00f3gica de ideas.\u00a0Sin embargo, es muy importante aclarar que el pensamiento cr\u00edtico no es:<\/p>\n<p>&nbsp;<\/p>\n<ul>\n<li>El pensamiento cr\u00edtico no es un intento por hacer que las personas piensen de la misma manera, ya que, si bien varios individuos pueden aplicar el mismo procedimiento, las prioridades, principios y lista de valores que afectan al razonamiento son diferentes para cada persona. Es decir, muchos podr\u00edan contar informaci\u00f3n o experiencias nuevas que otros no cuentan, para que, con el mismo principio, se lleguen a conclusiones totalmente diferentes. Adicionalmente, siempre habr\u00e1 diferencias en la percepci\u00f3n y las necesidades emocionales b\u00e1sicas que har\u00e1n definitivamente imposible que todos piensen de la misma forma, a pesar de la ponderaci\u00f3n objetiva que haga el razonamiento cr\u00edtico, pues esta sigue trat\u00e1ndose de informaci\u00f3n extra.<\/li>\n<\/ul>\n<p>&nbsp;<\/p>\n<ul>\n<li>El pensamiento cr\u00edtico no trata de cambiar la propia personalidad; incrementa la objetividad consciente, pero se siguen sintiendo los prejuicios habituales.<\/li>\n<\/ul>\n<p>&nbsp;<\/p>\n<ul>\n<li>El pensamiento cr\u00edtico no es una creencia. El pensamiento cr\u00edtico puede evaluar la validez de las creencias, pero no es una creencia en s\u00ed, es un procedimiento.<\/li>\n<\/ul>\n<p>&nbsp;<\/p>\n<ul>\n<li>El pensamiento cr\u00edtico no reemplaza ni minimiza los sentimientos o emociones. Sin embargo, algunas decisiones emocionales que son tambi\u00e9n decisiones cr\u00edticas, tales como decidir casarse o tener hijos, pueden considerarse desde m\u00faltiples puntos de vista.<\/li>\n<\/ul>\n<p>&nbsp;<\/p>\n<ul>\n<li>El pensamiento cr\u00edtico no favorece ni representa espec\u00edficamente a las actividades cient\u00edficas. Sus argumentos pueden usarse para favorecer opiniones contrarias a las com\u00fanmente aceptadas en el marco cient\u00edfico.<\/li>\n<\/ul>\n<p>&nbsp;<\/p>\n<ul>\n<li>Los argumentos basados en el pensamiento cr\u00edtico no son necesariamente siempre los m\u00e1s persuasivos. Con gran frecuencia los argumentos m\u00e1s persuasivos son los destinados a recurrir a las emociones m\u00e1s b\u00e1sicas como el\u00a0miedo, el placer y la necesidad, m\u00e1s que a los hechos objetivos. Por esta raz\u00f3n, es com\u00fan encontrar en los argumentos m\u00e1s persuasivos de muchos pol\u00edticos, predicadores o vendedores una\u00a0intencionada\u00a0falta de objetividad y de razonamiento cr\u00edtico.<\/li>\n<\/ul>\n<p>&nbsp;<\/p>\n<p>Los psic\u00f3logos han identificado dos diferencias fundamentales entre inteligencia y pensamiento cr\u00edtico.<\/p>\n<p>&nbsp;<\/p>\n<p>La primera se refiere al nivel de tratamiento de las informaciones. Es decir, el CI se concentra en elementos de \u201cbajo nivel\u201d que constituyen la base del pensamiento como leer un enunciado, mientras que el pensamiento cr\u00edtico requiere competencias cognitivas de \u201calto nivel\u201d como resolver un pr0blema o realizar un an\u00e1lisis.<\/p>\n<p>&nbsp;<\/p>\n<p>Para medir el CI se utiliza un conjunto de test referidos, sobre todo, a los procesos de bajo nivel: memoria a corto plazo, velocidad de ejecuci\u00f3n de una tarea simple y recuperaci\u00f3n en la memoria de conocimientos usuales, entre otros. Por el contrario, en los test de pensamiento cr\u00edtico con frecuencia se solicita a los participantes que redacten textos argumentativos, saquen conclusiones l\u00f3gicas a partir de un relato elaborado, estimen la fiabilidad de las fuentes o expliquen su propio pensamiento. Se trata, pues, de poner de relieve capacidades mentales de alto nivel, m\u00e1s ricas y sofisticadas. El pensamiento cr\u00edtico es, retomando una definici\u00f3n de la fil\u00f3sofa Elena Pasquinelli y de sus colegas, saber calibrar la confianza que se deposita en una informaci\u00f3n. Ello implica, entre otras cosas, identificar las hip\u00f3tesis o los presupuestos de un discurso, evaluar los argumentos y las pruebas.<\/p>\n<p>&nbsp;<\/p>\n<p>La segunda diferencia entre inteligencia y pensamiento cr\u00edtico radica en que la primera se basa en el razonamien\u00adto, mientras que en el segundo interviene un aspecto psicol\u00f3gico. Tener un pensamiento cr\u00edtico es un estado mental, casi un rasgo de la personalidad, que engloba el af\u00e1n de conocer la verdad, la necesidad de disponer de pruebas, la tendencia a imaginar varias explicaciones posibles y una cierta apertura a las ideas contrarias. Es lo que el investigador Kurt Taube denomina \u201cfactor de disposici\u00f3n\u201d. A partir de una serie de evaluaciones llevadas a cabo en 1995 con 198 personas, este psic\u00f3logo demostr\u00f3 que se explican mejor los resultados obtenidos con los test de pensamiento cr\u00edtico cuando se integra esta dimensi\u00f3n a la personalidad en lugar de analizar solo las capacidades de razonamiento.<\/p>\n<p>&nbsp;<\/p>\n<p><strong>Factor a considerar<\/strong><\/p>\n<p>&nbsp;<\/p>\n<p>Los investigadores identificaron tres caracter\u00edsticas principales que promueven el pensamiento cr\u00edtico: la curiosidad, el deseo de encontrar la verdad y la humildad.<\/p>\n<p>&nbsp;<\/p>\n<p>M\u00e1s all\u00e1 de la curiosidad, el ejercicio del pensamiento cr\u00edtico, al exigir cierto esfuerzo intelectual, solo suceder\u00e1 si la persona se centra en la b\u00fasqueda de la verdad. Se puede ser capaz de actuar con gran rigor, pero no poner en pr\u00e1ctica esta capacidad a diario. En 2009, Kelly Ku e Irene Ho, de la Universidad de Hong Kong, valoraron el pensamiento cr\u00edtico de 137 personas que hab\u00edan sido interrogadas sobre su inter\u00e9s por la verdad a trav\u00e9s de un cuestionario dise\u00f1ado para ello. Por ejemplo, deb\u00edan indicar su grado de acuerdo con cuestiones como: \u00abLas soluciones correctas a los problemas deben ser determinadas por personas en funci\u00f3n de la autoridad que tengan\u00bb o \u00abLa diversidad de puntos de vista crea confusi\u00f3n en vez de ayudar a clarificar las cosas\u00bb. Cuanto m\u00e1s revelaba este test el deseo por la verdad (si se respond\u00eda, por ejemplo, que la autoridad sola no es suficiente para asegurar la pertinencia de una soluci\u00f3n, o que la diversidad de puntos de vista no puede da\u00f1ar la verdad, si es que existe), m\u00e1s aumentaba la puntuaci\u00f3n de pensamiento cr\u00edtico.<\/p>\n<p>&nbsp;<\/p>\n<p>Hoy en d\u00eda es f\u00e1cil ver un sin fin de debates sobre cualquier tema e igual de f\u00e1cil es encontrar posturas que defienden un punto de vista o argumento a \u201cmuerte\u201d en torno un determinado tema, lo mismo pasa con los argumentos y posturas que solo se cierran en decir que su criterio es as\u00ed y no cambiar\u00e1. Cualquiera de estas posturas no son, necesariamente, las de personas superficiales o modestamente inteligentes: revela, simplemente, una forma de estar con el mundo. Para algunas personas, la decisi\u00f3n de creer no es algo absurdo, porque en el fondo la verdad no les importa. Otras, en cambio, la aprecian y, en consecuencia, manifiestan una cierta \u201cvigilancia epist\u00e9mica\u201d buscando pruebas en la medida de lo posible. Se trata de una de las bases del pensamiento cr\u00edtico, independiente del coeficiente intelectual (CI). Se pueden desear pruebas, incluso si los medios disponibles para obtenerlas son limitados; y a la inversa, se puede estar muy capacitado para encontrar pruebas, pero no tener un deseo desmesurado de conseguirlas.<\/p>\n<p>&nbsp;<\/p>\n<p>Finalmente, la humildad intelectual figura en lo alto de los factores que favorecen el pensamiento cr\u00edtico. A quienes les falta, manifiestan una rigidez mental; ante pruebas adversas, no cambian jam\u00e1s de opini\u00f3n. Todo lo contrario que Mark Lynas, ambientalista y antiguo activista contra los transg\u00e9nicos y ahora defensor de los cultivos gen\u00e9ticamente modificados. Despu\u00e9s de sopesar ciertos aspectos cient\u00edficos, reneg\u00f3 p\u00fablicamente de sus afirmaciones iniciales. Se est\u00e9 o no de acuerdo con \u00e9l, debe reconocerse su modestia y coraje: para pensar de forma cr\u00edtica se necesita dudar de s\u00ed mismo, no solo de los dem\u00e1s, y en ocasiones admitir que se est\u00e1 equivocado.<\/p>\n<p>&nbsp;<\/p>\n<p>En todo caso, desarrollar el pensamiento cr\u00edtico vale la pena, puesto que las capacidades de razonamiento de alto nivel que ello implica son transferibles a muchas \u00e1reas. Seg\u00fan un estudio dirigido por Heather Butler, de la Universidad de Claremont en California, un pensamiento cr\u00edtico y agudo se asocia con una menor frecuencia de acontecimientos negativos en la vida (perder el trabajo al cabo de una semana de iniciarlo, comprar ropa y no usarla, ser acusado de provocar un accidente de tr\u00e1fico, etc\u00e9tera). Asimismo, parece favorecer mejores decisiones.<\/p>\n<p>&nbsp;<\/p>\n<p>El pensamiento cr\u00edtico tambi\u00e9n se relaciona con un mejor rendimiento acad\u00e9mico, como demuestra un metan\u00e1lisis llevado a cabo en 2017 por Carl Fong y sus colegas de la Universidad Estatal de Texas a partir de 23 estudios y un total de 8233 participantes. Otros trabajos sugieren que el pensamiento cr\u00edtico conduce a una mayor eficiencia en ciertas ocupaciones que requieren habilidades anal\u00edticas. La investigadora Sara Elson y sus colegas constataron tal suposici\u00f3n en 2018 en un estudio con empleados de varios departamentos gubernamentales.<\/p>\n<p>&nbsp;<\/p>\n<p>En resumen, el desarrollo del pensamiento cr\u00edtico no es solo una necesidad social impuesta por la explosi\u00f3n de las noticias falsas (fake news) y rumores perjudiciales, sino que tambi\u00e9n es un camino hacia el \u00e9xito personal y profesional.<\/p>\n<p><a href=\"https:\/\/www.eldiario.net\/portal\/wp-content\/uploads\/2022\/01\/IE-Mas.jpg\"><img loading=\"lazy\" decoding=\"async\" class=\"aligncenter size-full wp-image-55525\" src=\"https:\/\/www.eldiario.net\/portal\/wp-content\/uploads\/2022\/01\/IE-Mas.jpg\" alt=\"\" width=\"564\" height=\"516\" \/><\/a><\/p>\n","protected":false},"excerpt":{"rendered":"<p>Por: Equipo editor &nbsp; Recordemos que el pensamiento cr\u00edtico es el proceso intelectual que se realiza de forma consciente y autorregulada, que permite pensar con l\u00f3gica y llegar a un juicio razonable analizando, evaluando, interpretando, infiriendo y explicando la realidad a trav\u00e9s de cuestiones evidenciables y objetivas. Es decir, consiste en ser receptivo a la [&hellip;]<\/p>\n","protected":false},"author":1,"featured_media":55524,"comment_status":"closed","ping_status":"closed","sticky":false,"template":"","format":"standard","meta":{"_acf_changed":false,"footnotes":""},"categories":[43],"tags":[],"class_list":["post-55523","post","type-post","status-publish","format-standard","has-post-thumbnail","category-nuevos-horizontes"],"acf":{"antetitulo":""},"yoast_head":"<!-- This site is optimized with the Yoast SEO plugin v28.4 - https:\/\/yoast.com\/product\/yoast-seo-wordpress\/ -->\n<title>Inteligencia emocional y Pensamiento cr\u00edtico Naturaleza e importancia de su relaci\u00f3n e interdependencia - El Diario - Bolivia<\/title>\n<meta name=\"robots\" content=\"index, follow, max-snippet:-1, max-image-preview:large, max-video-preview:-1\" \/>\n<link rel=\"canonical\" href=\"https:\/\/www.eldiario.net\/portal\/2022\/01\/11\/inteligencia-emocional-y-pensamiento-critico-naturaleza-e-importancia-de-su-relacion-e-interdependencia-10\/\" \/>\n<meta property=\"og:locale\" content=\"es_ES\" \/>\n<meta property=\"og:type\" content=\"article\" \/>\n<meta property=\"og:title\" content=\"Inteligencia emocional y Pensamiento cr\u00edtico Naturaleza e importancia de su relaci\u00f3n e interdependencia - El Diario - Bolivia\" \/>\n<meta property=\"og:description\" content=\"Por: Equipo editor &nbsp; Recordemos que el pensamiento cr\u00edtico es el proceso intelectual que se realiza de forma consciente y autorregulada, que permite pensar con l\u00f3gica y llegar a un juicio razonable analizando, evaluando, interpretando, infiriendo y explicando la realidad a trav\u00e9s de cuestiones evidenciables y objetivas. Es decir, consiste en ser receptivo a la [&hellip;]\" \/>\n<meta property=\"og:url\" content=\"https:\/\/www.eldiario.net\/portal\/2022\/01\/11\/inteligencia-emocional-y-pensamiento-critico-naturaleza-e-importancia-de-su-relacion-e-interdependencia-10\/\" \/>\n<meta property=\"og:site_name\" content=\"El Diario - Bolivia\" \/>\n<meta property=\"article:publisher\" content=\"https:\/\/www.facebook.com\/eldiario.bolivia\/\" \/>\n<meta property=\"article:published_time\" content=\"2022-01-11T09:23:15+00:00\" \/>\n<meta name=\"author\" content=\"Jeanette\" \/>\n<meta name=\"twitter:card\" content=\"summary_large_image\" \/>\n<meta name=\"twitter:creator\" content=\"@eldiario_net\" \/>\n<meta name=\"twitter:site\" content=\"@eldiario_net\" \/>\n<meta name=\"twitter:label1\" content=\"Escrito por\" \/>\n\t<meta name=\"twitter:data1\" content=\"Jeanette\" \/>\n\t<meta name=\"twitter:label2\" content=\"Tiempo de lectura\" \/>\n\t<meta name=\"twitter:data2\" content=\"8 minutos\" \/>\n<script type=\"application\/ld+json\" class=\"yoast-schema-graph\">{\"@context\":\"https:\\\/\\\/schema.org\",\"@graph\":[{\"@type\":\"Article\",\"@id\":\"https:\\\/\\\/www.eldiario.net\\\/portal\\\/2022\\\/01\\\/11\\\/inteligencia-emocional-y-pensamiento-critico-naturaleza-e-importancia-de-su-relacion-e-interdependencia-10\\\/#article\",\"isPartOf\":{\"@id\":\"https:\\\/\\\/www.eldiario.net\\\/portal\\\/2022\\\/01\\\/11\\\/inteligencia-emocional-y-pensamiento-critico-naturaleza-e-importancia-de-su-relacion-e-interdependencia-10\\\/\"},\"author\":{\"name\":\"Jeanette\",\"@id\":\"https:\\\/\\\/www.eldiario.net\\\/portal\\\/#\\\/schema\\\/person\\\/2c57cf2b7a7ae032e449e4c9b1019eac\"},\"headline\":\"Inteligencia emocional y Pensamiento cr\u00edtico Naturaleza e importancia de su relaci\u00f3n e interdependencia\",\"datePublished\":\"2022-01-11T09:23:15+00:00\",\"mainEntityOfPage\":{\"@id\":\"https:\\\/\\\/www.eldiario.net\\\/portal\\\/2022\\\/01\\\/11\\\/inteligencia-emocional-y-pensamiento-critico-naturaleza-e-importancia-de-su-relacion-e-interdependencia-10\\\/\"},\"wordCount\":1592,\"publisher\":{\"@id\":\"https:\\\/\\\/www.eldiario.net\\\/portal\\\/#organization\"},\"image\":{\"@id\":\"https:\\\/\\\/www.eldiario.net\\\/portal\\\/2022\\\/01\\\/11\\\/inteligencia-emocional-y-pensamiento-critico-naturaleza-e-importancia-de-su-relacion-e-interdependencia-10\\\/#primaryimage\"},\"thumbnailUrl\":\"\",\"articleSection\":[\"Nuevos Horizontes\"],\"inLanguage\":\"es\"},{\"@type\":\"WebPage\",\"@id\":\"https:\\\/\\\/www.eldiario.net\\\/portal\\\/2022\\\/01\\\/11\\\/inteligencia-emocional-y-pensamiento-critico-naturaleza-e-importancia-de-su-relacion-e-interdependencia-10\\\/\",\"url\":\"https:\\\/\\\/www.eldiario.net\\\/portal\\\/2022\\\/01\\\/11\\\/inteligencia-emocional-y-pensamiento-critico-naturaleza-e-importancia-de-su-relacion-e-interdependencia-10\\\/\",\"name\":\"Inteligencia emocional y Pensamiento cr\u00edtico Naturaleza e importancia de su relaci\u00f3n e interdependencia - El Diario - Bolivia\",\"isPartOf\":{\"@id\":\"https:\\\/\\\/www.eldiario.net\\\/portal\\\/#website\"},\"primaryImageOfPage\":{\"@id\":\"https:\\\/\\\/www.eldiario.net\\\/portal\\\/2022\\\/01\\\/11\\\/inteligencia-emocional-y-pensamiento-critico-naturaleza-e-importancia-de-su-relacion-e-interdependencia-10\\\/#primaryimage\"},\"image\":{\"@id\":\"https:\\\/\\\/www.eldiario.net\\\/portal\\\/2022\\\/01\\\/11\\\/inteligencia-emocional-y-pensamiento-critico-naturaleza-e-importancia-de-su-relacion-e-interdependencia-10\\\/#primaryimage\"},\"thumbnailUrl\":\"\",\"datePublished\":\"2022-01-11T09:23:15+00:00\",\"breadcrumb\":{\"@id\":\"https:\\\/\\\/www.eldiario.net\\\/portal\\\/2022\\\/01\\\/11\\\/inteligencia-emocional-y-pensamiento-critico-naturaleza-e-importancia-de-su-relacion-e-interdependencia-10\\\/#breadcrumb\"},\"inLanguage\":\"es\",\"potentialAction\":[{\"@type\":\"ReadAction\",\"target\":[\"https:\\\/\\\/www.eldiario.net\\\/portal\\\/2022\\\/01\\\/11\\\/inteligencia-emocional-y-pensamiento-critico-naturaleza-e-importancia-de-su-relacion-e-interdependencia-10\\\/\"]}]},{\"@type\":\"ImageObject\",\"inLanguage\":\"es\",\"@id\":\"https:\\\/\\\/www.eldiario.net\\\/portal\\\/2022\\\/01\\\/11\\\/inteligencia-emocional-y-pensamiento-critico-naturaleza-e-importancia-de-su-relacion-e-interdependencia-10\\\/#primaryimage\",\"url\":\"\",\"contentUrl\":\"\"},{\"@type\":\"BreadcrumbList\",\"@id\":\"https:\\\/\\\/www.eldiario.net\\\/portal\\\/2022\\\/01\\\/11\\\/inteligencia-emocional-y-pensamiento-critico-naturaleza-e-importancia-de-su-relacion-e-interdependencia-10\\\/#breadcrumb\",\"itemListElement\":[{\"@type\":\"ListItem\",\"position\":1,\"name\":\"Portada\",\"item\":\"https:\\\/\\\/www.eldiario.net\\\/portal\\\/\"},{\"@type\":\"ListItem\",\"position\":2,\"name\":\"Inteligencia emocional y Pensamiento cr\u00edtico Naturaleza e importancia de su relaci\u00f3n e interdependencia\"}]},{\"@type\":\"WebSite\",\"@id\":\"https:\\\/\\\/www.eldiario.net\\\/portal\\\/#website\",\"url\":\"https:\\\/\\\/www.eldiario.net\\\/portal\\\/\",\"name\":\"El Diario - Decano de la prensa nacional\",\"description\":\"El Diario - Decano de la prensa nacional\",\"publisher\":{\"@id\":\"https:\\\/\\\/www.eldiario.net\\\/portal\\\/#organization\"},\"potentialAction\":[{\"@type\":\"SearchAction\",\"target\":{\"@type\":\"EntryPoint\",\"urlTemplate\":\"https:\\\/\\\/www.eldiario.net\\\/portal\\\/?s={search_term_string}\"},\"query-input\":{\"@type\":\"PropertyValueSpecification\",\"valueRequired\":true,\"valueName\":\"search_term_string\"}}],\"inLanguage\":\"es\"},{\"@type\":\"Organization\",\"@id\":\"https:\\\/\\\/www.eldiario.net\\\/portal\\\/#organization\",\"name\":\"El Diario - Decano de la prensa nacional\",\"url\":\"https:\\\/\\\/www.eldiario.net\\\/portal\\\/\",\"logo\":{\"@type\":\"ImageObject\",\"inLanguage\":\"es\",\"@id\":\"https:\\\/\\\/www.eldiario.net\\\/portal\\\/#\\\/schema\\\/logo\\\/image\\\/\",\"url\":\"https:\\\/\\\/www.eldiario.net\\\/portal\\\/wp-content\\\/uploads\\\/2023\\\/07\\\/logo_ED.jpg\",\"contentUrl\":\"https:\\\/\\\/www.eldiario.net\\\/portal\\\/wp-content\\\/uploads\\\/2023\\\/07\\\/logo_ED.jpg\",\"width\":272,\"height\":52,\"caption\":\"El Diario - Decano de la prensa nacional\"},\"image\":{\"@id\":\"https:\\\/\\\/www.eldiario.net\\\/portal\\\/#\\\/schema\\\/logo\\\/image\\\/\"},\"sameAs\":[\"https:\\\/\\\/www.facebook.com\\\/eldiario.bolivia\\\/\",\"https:\\\/\\\/x.com\\\/eldiario_net\"]},{\"@type\":\"Person\",\"@id\":\"https:\\\/\\\/www.eldiario.net\\\/portal\\\/#\\\/schema\\\/person\\\/2c57cf2b7a7ae032e449e4c9b1019eac\",\"name\":\"Jeanette\",\"image\":{\"@type\":\"ImageObject\",\"inLanguage\":\"es\",\"@id\":\"https:\\\/\\\/secure.gravatar.com\\\/avatar\\\/3ea2118a5f7dad2b7138b1187a6b7ee55f160b9968b66013c3a3ef39dd7e5798?s=96&d=mm&r=g\",\"url\":\"https:\\\/\\\/secure.gravatar.com\\\/avatar\\\/3ea2118a5f7dad2b7138b1187a6b7ee55f160b9968b66013c3a3ef39dd7e5798?s=96&d=mm&r=g\",\"contentUrl\":\"https:\\\/\\\/secure.gravatar.com\\\/avatar\\\/3ea2118a5f7dad2b7138b1187a6b7ee55f160b9968b66013c3a3ef39dd7e5798?s=96&d=mm&r=g\",\"caption\":\"Jeanette\"},\"sameAs\":[\"https:\\\/\\\/www.eldiario.net\\\/portal\"],\"url\":\"https:\\\/\\\/www.eldiario.net\\\/portal\\\/author\\\/jeanette\\\/\"}]}<\/script>\n<!-- \/ Yoast SEO plugin. -->","yoast_head_json":{"title":"Inteligencia emocional y Pensamiento cr\u00edtico Naturaleza e importancia de su relaci\u00f3n e interdependencia - El Diario - Bolivia","robots":{"index":"index","follow":"follow","max-snippet":"max-snippet:-1","max-image-preview":"max-image-preview:large","max-video-preview":"max-video-preview:-1"},"canonical":"https:\/\/www.eldiario.net\/portal\/2022\/01\/11\/inteligencia-emocional-y-pensamiento-critico-naturaleza-e-importancia-de-su-relacion-e-interdependencia-10\/","og_locale":"es_ES","og_type":"article","og_title":"Inteligencia emocional y Pensamiento cr\u00edtico Naturaleza e importancia de su relaci\u00f3n e interdependencia - El Diario - Bolivia","og_description":"Por: Equipo editor &nbsp; Recordemos que el pensamiento cr\u00edtico es el proceso intelectual que se realiza de forma consciente y autorregulada, que permite pensar con l\u00f3gica y llegar a un juicio razonable analizando, evaluando, interpretando, infiriendo y explicando la realidad a trav\u00e9s de cuestiones evidenciables y objetivas. Es decir, consiste en ser receptivo a la [&hellip;]","og_url":"https:\/\/www.eldiario.net\/portal\/2022\/01\/11\/inteligencia-emocional-y-pensamiento-critico-naturaleza-e-importancia-de-su-relacion-e-interdependencia-10\/","og_site_name":"El Diario - Bolivia","article_publisher":"https:\/\/www.facebook.com\/eldiario.bolivia\/","article_published_time":"2022-01-11T09:23:15+00:00","author":"Jeanette","twitter_card":"summary_large_image","twitter_creator":"@eldiario_net","twitter_site":"@eldiario_net","twitter_misc":{"Escrito por":"Jeanette","Tiempo de lectura":"8 minutos"},"schema":{"@context":"https:\/\/schema.org","@graph":[{"@type":"Article","@id":"https:\/\/www.eldiario.net\/portal\/2022\/01\/11\/inteligencia-emocional-y-pensamiento-critico-naturaleza-e-importancia-de-su-relacion-e-interdependencia-10\/#article","isPartOf":{"@id":"https:\/\/www.eldiario.net\/portal\/2022\/01\/11\/inteligencia-emocional-y-pensamiento-critico-naturaleza-e-importancia-de-su-relacion-e-interdependencia-10\/"},"author":{"name":"Jeanette","@id":"https:\/\/www.eldiario.net\/portal\/#\/schema\/person\/2c57cf2b7a7ae032e449e4c9b1019eac"},"headline":"Inteligencia emocional y Pensamiento cr\u00edtico Naturaleza e importancia de su relaci\u00f3n e interdependencia","datePublished":"2022-01-11T09:23:15+00:00","mainEntityOfPage":{"@id":"https:\/\/www.eldiario.net\/portal\/2022\/01\/11\/inteligencia-emocional-y-pensamiento-critico-naturaleza-e-importancia-de-su-relacion-e-interdependencia-10\/"},"wordCount":1592,"publisher":{"@id":"https:\/\/www.eldiario.net\/portal\/#organization"},"image":{"@id":"https:\/\/www.eldiario.net\/portal\/2022\/01\/11\/inteligencia-emocional-y-pensamiento-critico-naturaleza-e-importancia-de-su-relacion-e-interdependencia-10\/#primaryimage"},"thumbnailUrl":"","articleSection":["Nuevos Horizontes"],"inLanguage":"es"},{"@type":"WebPage","@id":"https:\/\/www.eldiario.net\/portal\/2022\/01\/11\/inteligencia-emocional-y-pensamiento-critico-naturaleza-e-importancia-de-su-relacion-e-interdependencia-10\/","url":"https:\/\/www.eldiario.net\/portal\/2022\/01\/11\/inteligencia-emocional-y-pensamiento-critico-naturaleza-e-importancia-de-su-relacion-e-interdependencia-10\/","name":"Inteligencia emocional y Pensamiento cr\u00edtico Naturaleza e importancia de su relaci\u00f3n e interdependencia - El Diario - Bolivia","isPartOf":{"@id":"https:\/\/www.eldiario.net\/portal\/#website"},"primaryImageOfPage":{"@id":"https:\/\/www.eldiario.net\/portal\/2022\/01\/11\/inteligencia-emocional-y-pensamiento-critico-naturaleza-e-importancia-de-su-relacion-e-interdependencia-10\/#primaryimage"},"image":{"@id":"https:\/\/www.eldiario.net\/portal\/2022\/01\/11\/inteligencia-emocional-y-pensamiento-critico-naturaleza-e-importancia-de-su-relacion-e-interdependencia-10\/#primaryimage"},"thumbnailUrl":"","datePublished":"2022-01-11T09:23:15+00:00","breadcrumb":{"@id":"https:\/\/www.eldiario.net\/portal\/2022\/01\/11\/inteligencia-emocional-y-pensamiento-critico-naturaleza-e-importancia-de-su-relacion-e-interdependencia-10\/#breadcrumb"},"inLanguage":"es","potentialAction":[{"@type":"ReadAction","target":["https:\/\/www.eldiario.net\/portal\/2022\/01\/11\/inteligencia-emocional-y-pensamiento-critico-naturaleza-e-importancia-de-su-relacion-e-interdependencia-10\/"]}]},{"@type":"ImageObject","inLanguage":"es","@id":"https:\/\/www.eldiario.net\/portal\/2022\/01\/11\/inteligencia-emocional-y-pensamiento-critico-naturaleza-e-importancia-de-su-relacion-e-interdependencia-10\/#primaryimage","url":"","contentUrl":""},{"@type":"BreadcrumbList","@id":"https:\/\/www.eldiario.net\/portal\/2022\/01\/11\/inteligencia-emocional-y-pensamiento-critico-naturaleza-e-importancia-de-su-relacion-e-interdependencia-10\/#breadcrumb","itemListElement":[{"@type":"ListItem","position":1,"name":"Portada","item":"https:\/\/www.eldiario.net\/portal\/"},{"@type":"ListItem","position":2,"name":"Inteligencia emocional y Pensamiento cr\u00edtico Naturaleza e importancia de su relaci\u00f3n e interdependencia"}]},{"@type":"WebSite","@id":"https:\/\/www.eldiario.net\/portal\/#website","url":"https:\/\/www.eldiario.net\/portal\/","name":"El Diario - Decano de la prensa nacional","description":"El Diario - Decano de la prensa nacional","publisher":{"@id":"https:\/\/www.eldiario.net\/portal\/#organization"},"potentialAction":[{"@type":"SearchAction","target":{"@type":"EntryPoint","urlTemplate":"https:\/\/www.eldiario.net\/portal\/?s={search_term_string}"},"query-input":{"@type":"PropertyValueSpecification","valueRequired":true,"valueName":"search_term_string"}}],"inLanguage":"es"},{"@type":"Organization","@id":"https:\/\/www.eldiario.net\/portal\/#organization","name":"El Diario - Decano de la prensa nacional","url":"https:\/\/www.eldiario.net\/portal\/","logo":{"@type":"ImageObject","inLanguage":"es","@id":"https:\/\/www.eldiario.net\/portal\/#\/schema\/logo\/image\/","url":"https:\/\/www.eldiario.net\/portal\/wp-content\/uploads\/2023\/07\/logo_ED.jpg","contentUrl":"https:\/\/www.eldiario.net\/portal\/wp-content\/uploads\/2023\/07\/logo_ED.jpg","width":272,"height":52,"caption":"El Diario - Decano de la prensa nacional"},"image":{"@id":"https:\/\/www.eldiario.net\/portal\/#\/schema\/logo\/image\/"},"sameAs":["https:\/\/www.facebook.com\/eldiario.bolivia\/","https:\/\/x.com\/eldiario_net"]},{"@type":"Person","@id":"https:\/\/www.eldiario.net\/portal\/#\/schema\/person\/2c57cf2b7a7ae032e449e4c9b1019eac","name":"Jeanette","image":{"@type":"ImageObject","inLanguage":"es","@id":"https:\/\/secure.gravatar.com\/avatar\/3ea2118a5f7dad2b7138b1187a6b7ee55f160b9968b66013c3a3ef39dd7e5798?s=96&d=mm&r=g","url":"https:\/\/secure.gravatar.com\/avatar\/3ea2118a5f7dad2b7138b1187a6b7ee55f160b9968b66013c3a3ef39dd7e5798?s=96&d=mm&r=g","contentUrl":"https:\/\/secure.gravatar.com\/avatar\/3ea2118a5f7dad2b7138b1187a6b7ee55f160b9968b66013c3a3ef39dd7e5798?s=96&d=mm&r=g","caption":"Jeanette"},"sameAs":["https:\/\/www.eldiario.net\/portal"],"url":"https:\/\/www.eldiario.net\/portal\/author\/jeanette\/"}]}},"_links":{"self":[{"href":"https:\/\/www.eldiario.net\/portal\/wp-json\/wp\/v2\/posts\/55523","targetHints":{"allow":["GET"]}}],"collection":[{"href":"https:\/\/www.eldiario.net\/portal\/wp-json\/wp\/v2\/posts"}],"about":[{"href":"https:\/\/www.eldiario.net\/portal\/wp-json\/wp\/v2\/types\/post"}],"author":[{"embeddable":true,"href":"https:\/\/www.eldiario.net\/portal\/wp-json\/wp\/v2\/users\/1"}],"replies":[{"embeddable":true,"href":"https:\/\/www.eldiario.net\/portal\/wp-json\/wp\/v2\/comments?post=55523"}],"version-history":[{"count":0,"href":"https:\/\/www.eldiario.net\/portal\/wp-json\/wp\/v2\/posts\/55523\/revisions"}],"wp:attachment":[{"href":"https:\/\/www.eldiario.net\/portal\/wp-json\/wp\/v2\/media?parent=55523"}],"wp:term":[{"taxonomy":"category","embeddable":true,"href":"https:\/\/www.eldiario.net\/portal\/wp-json\/wp\/v2\/categories?post=55523"},{"taxonomy":"post_tag","embeddable":true,"href":"https:\/\/www.eldiario.net\/portal\/wp-json\/wp\/v2\/tags?post=55523"}],"curies":[{"name":"wp","href":"https:\/\/api.w.org\/{rel}","templated":true}]}}