{"id":5552,"date":"2021-05-22T08:05:36","date_gmt":"2021-05-22T12:05:36","guid":{"rendered":"https:\/\/www.eldiario.net\/portal\/?p=5552"},"modified":"2021-05-22T08:05:36","modified_gmt":"2021-05-22T12:05:36","slug":"piden-que-ministro-explique-programa-de-retorno-a-clases","status":"publish","type":"post","link":"https:\/\/www.eldiario.net\/portal\/2021\/05\/22\/piden-que-ministro-explique-programa-de-retorno-a-clases\/","title":{"rendered":"Piden que Ministro explique programa de retorno a clases"},"content":{"rendered":"<p>Ante constantes anuncios en torno a un posible retorno de las labores escolares presenciales en el pa\u00eds, el diputado por la alianza Comunidad Ciudadana (CC) Orlando Valdez, anunci\u00f3 que se pedir\u00e1 un informe al Ministerio de Educaci\u00f3n para conocer el estado de la educaci\u00f3n virtual y si existen las garant\u00edas t\u00e9cnicas y sanitarias para el retorno a las aulas.<br \/>\nEl parlamentario expres\u00f3 su preocupaci\u00f3n por el estado de las labores escolares ante el inicio de una nueva ola de contagios por coronavirus, las carencias tecnol\u00f3gicas de la poblaci\u00f3n y el precario acceso a internet en algunas latitudes del pa\u00eds.<br \/>\nLament\u00f3 que ante las nuevas caracter\u00edsticas de la educaci\u00f3n, a nivel mundial, apelando a la tecnolog\u00eda y mediante el uso de plataformas virtuales se tengan que registrar cifras alarmantes de deserci\u00f3n estudiantil.<br \/>\n\u201cSabemos que el acceso a internet es reducido que en nuestro pa\u00eds y es uno de los m\u00e1s altos de Latinoam\u00e9rica, tambi\u00e9n sabemos que existe deserci\u00f3n escolar seg\u00fan datos de la Unesco, de 30 estudiantes, 5 est\u00e1n desertando en este tiempo producto de la pandemia\u201d, dijo.<br \/>\nValdez inform\u00f3 que se ha presentado una petici\u00f3n de informe escrito al Ministerio de Educaci\u00f3n para que desde esta instancia se comunique sobre los planes de retorno a labores escolares presenciales y otras acciones para atender las necesidades de los estudiantes.<br \/>\n\u201cQueremos conocer las acciones para el retorno a clases presenciales. Cu\u00e1ntas unidades educativas del pa\u00eds est\u00e1n ya preparadas para el retorno a las clases presenciales que ha anunciado el mismo Gobierno\u201d, indic\u00f3.<br \/>\nOtros puntos sobre los que se requiere informaci\u00f3n de parte de autoridades en educaci\u00f3n son: los estudios realizados sobre el impacto de la pandemia en la calidad de la educaci\u00f3n en Bolivia, sobre todo en el sistema regular; se informe si existen estudios que detallen las necesidades y carencias de los estudiantes para el aprovechamiento de las clases virtuales, adem\u00e1s de las caracter\u00edsticas del acceso a internet en todo el territorio nacional; las acciones para mejorar la educaci\u00f3n en zonas con poco o ning\u00fan acceso a internet; y si existe la posibilidad de que se brinde acceso gratuito a internet para estudiantes.<\/p>\n","protected":false},"excerpt":{"rendered":"<p>Ante constantes anuncios en torno a un posible retorno de las labores escolares presenciales en el pa\u00eds, el diputado por la alianza Comunidad Ciudadana (CC) Orlando Valdez, anunci\u00f3 que se pedir\u00e1 un informe al Ministerio de Educaci\u00f3n para conocer el estado de la educaci\u00f3n virtual y si existen las garant\u00edas t\u00e9cnicas y sanitarias para el [&hellip;]<\/p>\n","protected":false},"author":1,"featured_media":5553,"comment_status":"closed","ping_status":"closed","sticky":false,"template":"","format":"standard","meta":{"_acf_changed":false,"footnotes":""},"categories":[14],"tags":[],"class_list":["post-5552","post","type-post","status-publish","format-standard","has-post-thumbnail","category-politica"],"acf":{"antetitulo":""},"yoast_head":"<!-- This site is optimized with the Yoast SEO plugin v28.3 - https:\/\/yoast.com\/product\/yoast-seo-wordpress\/ -->\n<title>Piden que Ministro explique programa de retorno a clases - El Diario - Bolivia<\/title>\n<meta name=\"robots\" content=\"index, follow, max-snippet:-1, max-image-preview:large, max-video-preview:-1\" \/>\n<link rel=\"canonical\" href=\"https:\/\/www.eldiario.net\/portal\/2021\/05\/22\/piden-que-ministro-explique-programa-de-retorno-a-clases\/\" \/>\n<meta property=\"og:locale\" content=\"es_ES\" \/>\n<meta property=\"og:type\" content=\"article\" \/>\n<meta property=\"og:title\" content=\"Piden que Ministro explique programa de retorno a clases - El Diario - Bolivia\" \/>\n<meta property=\"og:description\" content=\"Ante constantes anuncios en torno a un posible retorno de las labores escolares presenciales en el pa\u00eds, el diputado por la alianza Comunidad Ciudadana (CC) Orlando Valdez, anunci\u00f3 que se pedir\u00e1 un informe al Ministerio de Educaci\u00f3n para conocer el estado de la educaci\u00f3n virtual y si existen las garant\u00edas t\u00e9cnicas y sanitarias para el [&hellip;]\" \/>\n<meta property=\"og:url\" content=\"https:\/\/www.eldiario.net\/portal\/2021\/05\/22\/piden-que-ministro-explique-programa-de-retorno-a-clases\/\" \/>\n<meta property=\"og:site_name\" content=\"El Diario - Bolivia\" \/>\n<meta property=\"article:publisher\" content=\"https:\/\/www.facebook.com\/eldiario.bolivia\/\" \/>\n<meta property=\"article:published_time\" content=\"2021-05-22T12:05:36+00:00\" \/>\n<meta name=\"author\" content=\"Jeanette\" \/>\n<meta name=\"twitter:card\" content=\"summary_large_image\" \/>\n<meta name=\"twitter:creator\" content=\"@eldiario_net\" \/>\n<meta name=\"twitter:site\" content=\"@eldiario_net\" \/>\n<meta name=\"twitter:label1\" content=\"Escrito por\" \/>\n\t<meta name=\"twitter:data1\" content=\"Jeanette\" \/>\n\t<meta name=\"twitter:label2\" content=\"Tiempo de lectura\" \/>\n\t<meta name=\"twitter:data2\" content=\"2 minutos\" \/>\n<script type=\"application\/ld+json\" class=\"yoast-schema-graph\">{\"@context\":\"https:\\\/\\\/schema.org\",\"@graph\":[{\"@type\":\"Article\",\"@id\":\"https:\\\/\\\/www.eldiario.net\\\/portal\\\/2021\\\/05\\\/22\\\/piden-que-ministro-explique-programa-de-retorno-a-clases\\\/#article\",\"isPartOf\":{\"@id\":\"https:\\\/\\\/www.eldiario.net\\\/portal\\\/2021\\\/05\\\/22\\\/piden-que-ministro-explique-programa-de-retorno-a-clases\\\/\"},\"author\":{\"name\":\"Jeanette\",\"@id\":\"https:\\\/\\\/www.eldiario.net\\\/portal\\\/#\\\/schema\\\/person\\\/f46445640444750d7d753ccd04ae01b7\"},\"headline\":\"Piden que Ministro explique programa de retorno a clases\",\"datePublished\":\"2021-05-22T12:05:36+00:00\",\"mainEntityOfPage\":{\"@id\":\"https:\\\/\\\/www.eldiario.net\\\/portal\\\/2021\\\/05\\\/22\\\/piden-que-ministro-explique-programa-de-retorno-a-clases\\\/\"},\"wordCount\":391,\"publisher\":{\"@id\":\"https:\\\/\\\/www.eldiario.net\\\/portal\\\/#organization\"},\"image\":{\"@id\":\"https:\\\/\\\/www.eldiario.net\\\/portal\\\/2021\\\/05\\\/22\\\/piden-que-ministro-explique-programa-de-retorno-a-clases\\\/#primaryimage\"},\"thumbnailUrl\":\"\",\"articleSection\":[\"Pol\u00edtica\"],\"inLanguage\":\"es\"},{\"@type\":\"WebPage\",\"@id\":\"https:\\\/\\\/www.eldiario.net\\\/portal\\\/2021\\\/05\\\/22\\\/piden-que-ministro-explique-programa-de-retorno-a-clases\\\/\",\"url\":\"https:\\\/\\\/www.eldiario.net\\\/portal\\\/2021\\\/05\\\/22\\\/piden-que-ministro-explique-programa-de-retorno-a-clases\\\/\",\"name\":\"Piden que Ministro explique programa de retorno a clases - El Diario - Bolivia\",\"isPartOf\":{\"@id\":\"https:\\\/\\\/www.eldiario.net\\\/portal\\\/#website\"},\"primaryImageOfPage\":{\"@id\":\"https:\\\/\\\/www.eldiario.net\\\/portal\\\/2021\\\/05\\\/22\\\/piden-que-ministro-explique-programa-de-retorno-a-clases\\\/#primaryimage\"},\"image\":{\"@id\":\"https:\\\/\\\/www.eldiario.net\\\/portal\\\/2021\\\/05\\\/22\\\/piden-que-ministro-explique-programa-de-retorno-a-clases\\\/#primaryimage\"},\"thumbnailUrl\":\"\",\"datePublished\":\"2021-05-22T12:05:36+00:00\",\"breadcrumb\":{\"@id\":\"https:\\\/\\\/www.eldiario.net\\\/portal\\\/2021\\\/05\\\/22\\\/piden-que-ministro-explique-programa-de-retorno-a-clases\\\/#breadcrumb\"},\"inLanguage\":\"es\",\"potentialAction\":[{\"@type\":\"ReadAction\",\"target\":[\"https:\\\/\\\/www.eldiario.net\\\/portal\\\/2021\\\/05\\\/22\\\/piden-que-ministro-explique-programa-de-retorno-a-clases\\\/\"]}]},{\"@type\":\"ImageObject\",\"inLanguage\":\"es\",\"@id\":\"https:\\\/\\\/www.eldiario.net\\\/portal\\\/2021\\\/05\\\/22\\\/piden-que-ministro-explique-programa-de-retorno-a-clases\\\/#primaryimage\",\"url\":\"\",\"contentUrl\":\"\"},{\"@type\":\"BreadcrumbList\",\"@id\":\"https:\\\/\\\/www.eldiario.net\\\/portal\\\/2021\\\/05\\\/22\\\/piden-que-ministro-explique-programa-de-retorno-a-clases\\\/#breadcrumb\",\"itemListElement\":[{\"@type\":\"ListItem\",\"position\":1,\"name\":\"Portada\",\"item\":\"https:\\\/\\\/www.eldiario.net\\\/portal\\\/\"},{\"@type\":\"ListItem\",\"position\":2,\"name\":\"Piden que Ministro explique programa de retorno a clases\"}]},{\"@type\":\"WebSite\",\"@id\":\"https:\\\/\\\/www.eldiario.net\\\/portal\\\/#website\",\"url\":\"https:\\\/\\\/www.eldiario.net\\\/portal\\\/\",\"name\":\"El Diario - Decano de la prensa nacional\",\"description\":\"El Diario - Decano de la prensa nacional\",\"publisher\":{\"@id\":\"https:\\\/\\\/www.eldiario.net\\\/portal\\\/#organization\"},\"potentialAction\":[{\"@type\":\"SearchAction\",\"target\":{\"@type\":\"EntryPoint\",\"urlTemplate\":\"https:\\\/\\\/www.eldiario.net\\\/portal\\\/?s={search_term_string}\"},\"query-input\":{\"@type\":\"PropertyValueSpecification\",\"valueRequired\":true,\"valueName\":\"search_term_string\"}}],\"inLanguage\":\"es\"},{\"@type\":\"Organization\",\"@id\":\"https:\\\/\\\/www.eldiario.net\\\/portal\\\/#organization\",\"name\":\"El Diario - Decano de la prensa nacional\",\"url\":\"https:\\\/\\\/www.eldiario.net\\\/portal\\\/\",\"logo\":{\"@type\":\"ImageObject\",\"inLanguage\":\"es\",\"@id\":\"https:\\\/\\\/www.eldiario.net\\\/portal\\\/#\\\/schema\\\/logo\\\/image\\\/\",\"url\":\"https:\\\/\\\/www.eldiario.net\\\/portal\\\/wp-content\\\/uploads\\\/2023\\\/07\\\/logo_ED.jpg\",\"contentUrl\":\"https:\\\/\\\/www.eldiario.net\\\/portal\\\/wp-content\\\/uploads\\\/2023\\\/07\\\/logo_ED.jpg\",\"width\":272,\"height\":52,\"caption\":\"El Diario - Decano de la prensa nacional\"},\"image\":{\"@id\":\"https:\\\/\\\/www.eldiario.net\\\/portal\\\/#\\\/schema\\\/logo\\\/image\\\/\"},\"sameAs\":[\"https:\\\/\\\/www.facebook.com\\\/eldiario.bolivia\\\/\",\"https:\\\/\\\/x.com\\\/eldiario_net\"]},{\"@type\":\"Person\",\"@id\":\"https:\\\/\\\/www.eldiario.net\\\/portal\\\/#\\\/schema\\\/person\\\/f46445640444750d7d753ccd04ae01b7\",\"name\":\"Jeanette\",\"image\":{\"@type\":\"ImageObject\",\"inLanguage\":\"es\",\"@id\":\"https:\\\/\\\/secure.gravatar.com\\\/avatar\\\/3ea2118a5f7dad2b7138b1187a6b7ee55f160b9968b66013c3a3ef39dd7e5798?s=96&d=mm&r=g\",\"url\":\"https:\\\/\\\/secure.gravatar.com\\\/avatar\\\/3ea2118a5f7dad2b7138b1187a6b7ee55f160b9968b66013c3a3ef39dd7e5798?s=96&d=mm&r=g\",\"contentUrl\":\"https:\\\/\\\/secure.gravatar.com\\\/avatar\\\/3ea2118a5f7dad2b7138b1187a6b7ee55f160b9968b66013c3a3ef39dd7e5798?s=96&d=mm&r=g\",\"caption\":\"Jeanette\"},\"sameAs\":[\"https:\\\/\\\/www.eldiario.net\\\/portal\"],\"url\":\"https:\\\/\\\/www.eldiario.net\\\/portal\\\/author\\\/jeanette\\\/\"}]}<\/script>\n<!-- \/ Yoast SEO plugin. -->","yoast_head_json":{"title":"Piden que Ministro explique programa de retorno a clases - El Diario - Bolivia","robots":{"index":"index","follow":"follow","max-snippet":"max-snippet:-1","max-image-preview":"max-image-preview:large","max-video-preview":"max-video-preview:-1"},"canonical":"https:\/\/www.eldiario.net\/portal\/2021\/05\/22\/piden-que-ministro-explique-programa-de-retorno-a-clases\/","og_locale":"es_ES","og_type":"article","og_title":"Piden que Ministro explique programa de retorno a clases - El Diario - Bolivia","og_description":"Ante constantes anuncios en torno a un posible retorno de las labores escolares presenciales en el pa\u00eds, el diputado por la alianza Comunidad Ciudadana (CC) Orlando Valdez, anunci\u00f3 que se pedir\u00e1 un informe al Ministerio de Educaci\u00f3n para conocer el estado de la educaci\u00f3n virtual y si existen las garant\u00edas t\u00e9cnicas y sanitarias para el [&hellip;]","og_url":"https:\/\/www.eldiario.net\/portal\/2021\/05\/22\/piden-que-ministro-explique-programa-de-retorno-a-clases\/","og_site_name":"El Diario - Bolivia","article_publisher":"https:\/\/www.facebook.com\/eldiario.bolivia\/","article_published_time":"2021-05-22T12:05:36+00:00","author":"Jeanette","twitter_card":"summary_large_image","twitter_creator":"@eldiario_net","twitter_site":"@eldiario_net","twitter_misc":{"Escrito por":"Jeanette","Tiempo de lectura":"2 minutos"},"schema":{"@context":"https:\/\/schema.org","@graph":[{"@type":"Article","@id":"https:\/\/www.eldiario.net\/portal\/2021\/05\/22\/piden-que-ministro-explique-programa-de-retorno-a-clases\/#article","isPartOf":{"@id":"https:\/\/www.eldiario.net\/portal\/2021\/05\/22\/piden-que-ministro-explique-programa-de-retorno-a-clases\/"},"author":{"name":"Jeanette","@id":"https:\/\/www.eldiario.net\/portal\/#\/schema\/person\/f46445640444750d7d753ccd04ae01b7"},"headline":"Piden que Ministro explique programa de retorno a clases","datePublished":"2021-05-22T12:05:36+00:00","mainEntityOfPage":{"@id":"https:\/\/www.eldiario.net\/portal\/2021\/05\/22\/piden-que-ministro-explique-programa-de-retorno-a-clases\/"},"wordCount":391,"publisher":{"@id":"https:\/\/www.eldiario.net\/portal\/#organization"},"image":{"@id":"https:\/\/www.eldiario.net\/portal\/2021\/05\/22\/piden-que-ministro-explique-programa-de-retorno-a-clases\/#primaryimage"},"thumbnailUrl":"","articleSection":["Pol\u00edtica"],"inLanguage":"es"},{"@type":"WebPage","@id":"https:\/\/www.eldiario.net\/portal\/2021\/05\/22\/piden-que-ministro-explique-programa-de-retorno-a-clases\/","url":"https:\/\/www.eldiario.net\/portal\/2021\/05\/22\/piden-que-ministro-explique-programa-de-retorno-a-clases\/","name":"Piden que Ministro explique programa de retorno a clases - El Diario - Bolivia","isPartOf":{"@id":"https:\/\/www.eldiario.net\/portal\/#website"},"primaryImageOfPage":{"@id":"https:\/\/www.eldiario.net\/portal\/2021\/05\/22\/piden-que-ministro-explique-programa-de-retorno-a-clases\/#primaryimage"},"image":{"@id":"https:\/\/www.eldiario.net\/portal\/2021\/05\/22\/piden-que-ministro-explique-programa-de-retorno-a-clases\/#primaryimage"},"thumbnailUrl":"","datePublished":"2021-05-22T12:05:36+00:00","breadcrumb":{"@id":"https:\/\/www.eldiario.net\/portal\/2021\/05\/22\/piden-que-ministro-explique-programa-de-retorno-a-clases\/#breadcrumb"},"inLanguage":"es","potentialAction":[{"@type":"ReadAction","target":["https:\/\/www.eldiario.net\/portal\/2021\/05\/22\/piden-que-ministro-explique-programa-de-retorno-a-clases\/"]}]},{"@type":"ImageObject","inLanguage":"es","@id":"https:\/\/www.eldiario.net\/portal\/2021\/05\/22\/piden-que-ministro-explique-programa-de-retorno-a-clases\/#primaryimage","url":"","contentUrl":""},{"@type":"BreadcrumbList","@id":"https:\/\/www.eldiario.net\/portal\/2021\/05\/22\/piden-que-ministro-explique-programa-de-retorno-a-clases\/#breadcrumb","itemListElement":[{"@type":"ListItem","position":1,"name":"Portada","item":"https:\/\/www.eldiario.net\/portal\/"},{"@type":"ListItem","position":2,"name":"Piden que Ministro explique programa de retorno a clases"}]},{"@type":"WebSite","@id":"https:\/\/www.eldiario.net\/portal\/#website","url":"https:\/\/www.eldiario.net\/portal\/","name":"El Diario - Decano de la prensa nacional","description":"El Diario - Decano de la prensa nacional","publisher":{"@id":"https:\/\/www.eldiario.net\/portal\/#organization"},"potentialAction":[{"@type":"SearchAction","target":{"@type":"EntryPoint","urlTemplate":"https:\/\/www.eldiario.net\/portal\/?s={search_term_string}"},"query-input":{"@type":"PropertyValueSpecification","valueRequired":true,"valueName":"search_term_string"}}],"inLanguage":"es"},{"@type":"Organization","@id":"https:\/\/www.eldiario.net\/portal\/#organization","name":"El Diario - Decano de la prensa nacional","url":"https:\/\/www.eldiario.net\/portal\/","logo":{"@type":"ImageObject","inLanguage":"es","@id":"https:\/\/www.eldiario.net\/portal\/#\/schema\/logo\/image\/","url":"https:\/\/www.eldiario.net\/portal\/wp-content\/uploads\/2023\/07\/logo_ED.jpg","contentUrl":"https:\/\/www.eldiario.net\/portal\/wp-content\/uploads\/2023\/07\/logo_ED.jpg","width":272,"height":52,"caption":"El Diario - Decano de la prensa nacional"},"image":{"@id":"https:\/\/www.eldiario.net\/portal\/#\/schema\/logo\/image\/"},"sameAs":["https:\/\/www.facebook.com\/eldiario.bolivia\/","https:\/\/x.com\/eldiario_net"]},{"@type":"Person","@id":"https:\/\/www.eldiario.net\/portal\/#\/schema\/person\/f46445640444750d7d753ccd04ae01b7","name":"Jeanette","image":{"@type":"ImageObject","inLanguage":"es","@id":"https:\/\/secure.gravatar.com\/avatar\/3ea2118a5f7dad2b7138b1187a6b7ee55f160b9968b66013c3a3ef39dd7e5798?s=96&d=mm&r=g","url":"https:\/\/secure.gravatar.com\/avatar\/3ea2118a5f7dad2b7138b1187a6b7ee55f160b9968b66013c3a3ef39dd7e5798?s=96&d=mm&r=g","contentUrl":"https:\/\/secure.gravatar.com\/avatar\/3ea2118a5f7dad2b7138b1187a6b7ee55f160b9968b66013c3a3ef39dd7e5798?s=96&d=mm&r=g","caption":"Jeanette"},"sameAs":["https:\/\/www.eldiario.net\/portal"],"url":"https:\/\/www.eldiario.net\/portal\/author\/jeanette\/"}]}},"_links":{"self":[{"href":"https:\/\/www.eldiario.net\/portal\/wp-json\/wp\/v2\/posts\/5552","targetHints":{"allow":["GET"]}}],"collection":[{"href":"https:\/\/www.eldiario.net\/portal\/wp-json\/wp\/v2\/posts"}],"about":[{"href":"https:\/\/www.eldiario.net\/portal\/wp-json\/wp\/v2\/types\/post"}],"author":[{"embeddable":true,"href":"https:\/\/www.eldiario.net\/portal\/wp-json\/wp\/v2\/users\/1"}],"replies":[{"embeddable":true,"href":"https:\/\/www.eldiario.net\/portal\/wp-json\/wp\/v2\/comments?post=5552"}],"version-history":[{"count":0,"href":"https:\/\/www.eldiario.net\/portal\/wp-json\/wp\/v2\/posts\/5552\/revisions"}],"wp:attachment":[{"href":"https:\/\/www.eldiario.net\/portal\/wp-json\/wp\/v2\/media?parent=5552"}],"wp:term":[{"taxonomy":"category","embeddable":true,"href":"https:\/\/www.eldiario.net\/portal\/wp-json\/wp\/v2\/categories?post=5552"},{"taxonomy":"post_tag","embeddable":true,"href":"https:\/\/www.eldiario.net\/portal\/wp-json\/wp\/v2\/tags?post=5552"}],"curies":[{"name":"wp","href":"https:\/\/api.w.org\/{rel}","templated":true}]}}