{"id":55518,"date":"2022-01-11T05:22:02","date_gmt":"2022-01-11T09:22:02","guid":{"rendered":"https:\/\/www.eldiario.net\/portal\/?p=55518"},"modified":"2022-01-11T05:22:02","modified_gmt":"2022-01-11T09:22:02","slug":"que-ideas-se-deben-considerar-si-deseo-escribir-3","status":"publish","type":"post","link":"https:\/\/www.eldiario.net\/portal\/2022\/01\/11\/que-ideas-se-deben-considerar-si-deseo-escribir-3\/","title":{"rendered":"\u00bfQu\u00e9 ideas se deben considerar si deseo escribir?"},"content":{"rendered":"<p><strong>Por: Equipo editor<\/strong><\/p>\n<p>&nbsp;<\/p>\n<p>Se debe considerar que el arte de escribir parte del principio de conocimiento de la redacci\u00f3n como tal. Por ello, seg\u00fan Hilda Basulto, la redacci\u00f3n es una actividad comunicativa de primer orden, que implica un estado cultural avanzado de quien la ejercita. Por ello no debe olvidarse que no se trata de un acto cuyo dominio se practica de manera mec\u00e1nica, sino de un proceso de construcci\u00f3n de productos escritos, su aprendizaje y su pr\u00e1ctica demandan un cuidadoso proceso de elaboraci\u00f3n de su materia prima, el pensamiento, y de su forma de expresi\u00f3n o presentaci\u00f3n por medio de textos escritos. De esta concepci\u00f3n dial\u00e9ctica de la escritura, que vincula el pensar con el escribir, deriva la necesaria y estrecha relaci\u00f3n entre contenido y forma, que todo redactor debe valorar como prioritaria y como eje de cualquier ejercicio que se proponga realizar. En torno a ella giran, pues, las caracter\u00edsticas o cualidades de la buena redacci\u00f3n, que enseguida analizamos.<\/p>\n<p>&nbsp;<\/p>\n<p><strong>Caracter\u00edsticas de la buena redacci\u00f3n<\/strong><\/p>\n<p>&nbsp;<\/p>\n<p><strong>Precisi\u00f3n<\/strong><\/p>\n<p>&nbsp;<\/p>\n<p>Es usar las palabras que comunican exactamente lo que se quiere decir.\u00a0Considerar que la meta es transferir informaci\u00f3n desde el cerebro del autor al texto y de all\u00ed al cerebro del lector, quien no puede pedirle que aclare sus dudas, ni mucho menos leer la mente del autor.\u00a0Para escribir con precisi\u00f3n es necesario desarrollar la capacidad de escribir para el lector.<\/p>\n<p><strong>Claridad<\/strong><\/p>\n<p>&nbsp;<\/p>\n<p>Significa que el texto se lee y se entiende r\u00e1pidamente.\u00a0Por ejemplo, un art\u00edculo es f\u00e1cil de entender cuando el lenguaje es sencillo, las oraciones est\u00e1n bien construidas y cada p\u00e1rrafo desarrolla su tema siguiendo un orden l\u00f3gico.\u00a0A manera de ejemplo se puede considerar que si en un texto se realiza la comparaci\u00f3n de dos p\u00e1rrafos seguidos y se nota que el primero se entiende f\u00e1cilmente pero el segundo es casi imposible de comprender.\u00a0La diferencia no estriba en el idioma sino en la redacci\u00f3n.<\/p>\n<p><strong>Brevedad<\/strong><\/p>\n<p>&nbsp;<\/p>\n<p>Esta caracter\u00edstica significa incluir solamente la informaci\u00f3n que es pertinente al contenido de un determinado texto para comunicar la informaci\u00f3n con el menor n\u00famero posible de palabras.\u00a0Se debe ser breve porque mientras m\u00e1s largas y complejas son las oraciones, mayor es la probabilidad de afectar la claridad del mensaje y confundir al lector.<\/p>\n<p><strong>Formalidad<\/strong><\/p>\n<p>&nbsp;<\/p>\n<p>Significa emplear el idioma al nivel adecuado para este tipo de comunicaci\u00f3n.\u00a0Por ejemplo, un art\u00edculo cient\u00edfico se redacta con un lenguaje libre de palabras y giros t\u00edpicos de la conversaci\u00f3n cotidiana.\u00a0No se escribe en un art\u00edculo \u201crecolectamos un mont\u00f3n de ejemplares\u201d, sino \u201crecolectamos muchos ejemplares\u201d.\u00a0Tampoco se dice \u201chicimos un boquete en la tierra\u201d, sino \u201cexcavamos un hueco en el terreno\u201d.<\/p>\n\n","protected":false},"excerpt":{"rendered":"<p>Por: Equipo editor &nbsp; Se debe considerar que el arte de escribir parte del principio de conocimiento de la redacci\u00f3n como tal. Por ello, seg\u00fan Hilda Basulto, la redacci\u00f3n es una actividad comunicativa de primer orden, que implica un estado cultural avanzado de quien la ejercita. Por ello no debe olvidarse que no se trata [&hellip;]<\/p>\n","protected":false},"author":1,"featured_media":55519,"comment_status":"closed","ping_status":"closed","sticky":false,"template":"","format":"standard","meta":{"_acf_changed":false,"footnotes":""},"categories":[43],"tags":[],"class_list":["post-55518","post","type-post","status-publish","format-standard","has-post-thumbnail","category-nuevos-horizontes"],"acf":{"antetitulo":""},"yoast_head":"<!-- This site is optimized with the Yoast SEO plugin v28.4 - https:\/\/yoast.com\/product\/yoast-seo-wordpress\/ -->\n<title>\u00bfQu\u00e9 ideas se deben considerar si deseo escribir? - El Diario - Bolivia<\/title>\n<meta name=\"robots\" content=\"index, follow, max-snippet:-1, max-image-preview:large, max-video-preview:-1\" \/>\n<link rel=\"canonical\" href=\"https:\/\/www.eldiario.net\/portal\/2022\/01\/11\/que-ideas-se-deben-considerar-si-deseo-escribir-3\/\" \/>\n<meta property=\"og:locale\" content=\"es_ES\" \/>\n<meta property=\"og:type\" content=\"article\" \/>\n<meta property=\"og:title\" content=\"\u00bfQu\u00e9 ideas se deben considerar si deseo escribir? - El Diario - Bolivia\" \/>\n<meta property=\"og:description\" content=\"Por: Equipo editor &nbsp; Se debe considerar que el arte de escribir parte del principio de conocimiento de la redacci\u00f3n como tal. Por ello, seg\u00fan Hilda Basulto, la redacci\u00f3n es una actividad comunicativa de primer orden, que implica un estado cultural avanzado de quien la ejercita. Por ello no debe olvidarse que no se trata [&hellip;]\" \/>\n<meta property=\"og:url\" content=\"https:\/\/www.eldiario.net\/portal\/2022\/01\/11\/que-ideas-se-deben-considerar-si-deseo-escribir-3\/\" \/>\n<meta property=\"og:site_name\" content=\"El Diario - Bolivia\" \/>\n<meta property=\"article:publisher\" content=\"https:\/\/www.facebook.com\/eldiario.bolivia\/\" \/>\n<meta property=\"article:published_time\" content=\"2022-01-11T09:22:02+00:00\" \/>\n<meta name=\"author\" content=\"Jeanette\" \/>\n<meta name=\"twitter:card\" content=\"summary_large_image\" \/>\n<meta name=\"twitter:creator\" content=\"@eldiario_net\" \/>\n<meta name=\"twitter:site\" content=\"@eldiario_net\" \/>\n<meta name=\"twitter:label1\" content=\"Escrito por\" \/>\n\t<meta name=\"twitter:data1\" content=\"Jeanette\" \/>\n\t<meta name=\"twitter:label2\" content=\"Tiempo de lectura\" \/>\n\t<meta name=\"twitter:data2\" content=\"3 minutos\" \/>\n<script type=\"application\/ld+json\" class=\"yoast-schema-graph\">{\"@context\":\"https:\\\/\\\/schema.org\",\"@graph\":[{\"@type\":\"Article\",\"@id\":\"https:\\\/\\\/www.eldiario.net\\\/portal\\\/2022\\\/01\\\/11\\\/que-ideas-se-deben-considerar-si-deseo-escribir-3\\\/#article\",\"isPartOf\":{\"@id\":\"https:\\\/\\\/www.eldiario.net\\\/portal\\\/2022\\\/01\\\/11\\\/que-ideas-se-deben-considerar-si-deseo-escribir-3\\\/\"},\"author\":{\"name\":\"Jeanette\",\"@id\":\"https:\\\/\\\/www.eldiario.net\\\/portal\\\/#\\\/schema\\\/person\\\/2c57cf2b7a7ae032e449e4c9b1019eac\"},\"headline\":\"\u00bfQu\u00e9 ideas se deben considerar si deseo escribir?\",\"datePublished\":\"2022-01-11T09:22:02+00:00\",\"mainEntityOfPage\":{\"@id\":\"https:\\\/\\\/www.eldiario.net\\\/portal\\\/2022\\\/01\\\/11\\\/que-ideas-se-deben-considerar-si-deseo-escribir-3\\\/\"},\"wordCount\":496,\"publisher\":{\"@id\":\"https:\\\/\\\/www.eldiario.net\\\/portal\\\/#organization\"},\"image\":{\"@id\":\"https:\\\/\\\/www.eldiario.net\\\/portal\\\/2022\\\/01\\\/11\\\/que-ideas-se-deben-considerar-si-deseo-escribir-3\\\/#primaryimage\"},\"thumbnailUrl\":\"\",\"articleSection\":[\"Nuevos Horizontes\"],\"inLanguage\":\"es\"},{\"@type\":\"WebPage\",\"@id\":\"https:\\\/\\\/www.eldiario.net\\\/portal\\\/2022\\\/01\\\/11\\\/que-ideas-se-deben-considerar-si-deseo-escribir-3\\\/\",\"url\":\"https:\\\/\\\/www.eldiario.net\\\/portal\\\/2022\\\/01\\\/11\\\/que-ideas-se-deben-considerar-si-deseo-escribir-3\\\/\",\"name\":\"\u00bfQu\u00e9 ideas se deben considerar si deseo escribir? - El Diario - Bolivia\",\"isPartOf\":{\"@id\":\"https:\\\/\\\/www.eldiario.net\\\/portal\\\/#website\"},\"primaryImageOfPage\":{\"@id\":\"https:\\\/\\\/www.eldiario.net\\\/portal\\\/2022\\\/01\\\/11\\\/que-ideas-se-deben-considerar-si-deseo-escribir-3\\\/#primaryimage\"},\"image\":{\"@id\":\"https:\\\/\\\/www.eldiario.net\\\/portal\\\/2022\\\/01\\\/11\\\/que-ideas-se-deben-considerar-si-deseo-escribir-3\\\/#primaryimage\"},\"thumbnailUrl\":\"\",\"datePublished\":\"2022-01-11T09:22:02+00:00\",\"breadcrumb\":{\"@id\":\"https:\\\/\\\/www.eldiario.net\\\/portal\\\/2022\\\/01\\\/11\\\/que-ideas-se-deben-considerar-si-deseo-escribir-3\\\/#breadcrumb\"},\"inLanguage\":\"es\",\"potentialAction\":[{\"@type\":\"ReadAction\",\"target\":[\"https:\\\/\\\/www.eldiario.net\\\/portal\\\/2022\\\/01\\\/11\\\/que-ideas-se-deben-considerar-si-deseo-escribir-3\\\/\"]}]},{\"@type\":\"ImageObject\",\"inLanguage\":\"es\",\"@id\":\"https:\\\/\\\/www.eldiario.net\\\/portal\\\/2022\\\/01\\\/11\\\/que-ideas-se-deben-considerar-si-deseo-escribir-3\\\/#primaryimage\",\"url\":\"\",\"contentUrl\":\"\"},{\"@type\":\"BreadcrumbList\",\"@id\":\"https:\\\/\\\/www.eldiario.net\\\/portal\\\/2022\\\/01\\\/11\\\/que-ideas-se-deben-considerar-si-deseo-escribir-3\\\/#breadcrumb\",\"itemListElement\":[{\"@type\":\"ListItem\",\"position\":1,\"name\":\"Portada\",\"item\":\"https:\\\/\\\/www.eldiario.net\\\/portal\\\/\"},{\"@type\":\"ListItem\",\"position\":2,\"name\":\"\u00bfQu\u00e9 ideas se deben considerar si deseo escribir?\"}]},{\"@type\":\"WebSite\",\"@id\":\"https:\\\/\\\/www.eldiario.net\\\/portal\\\/#website\",\"url\":\"https:\\\/\\\/www.eldiario.net\\\/portal\\\/\",\"name\":\"El Diario - Decano de la prensa nacional\",\"description\":\"El Diario - Decano de la prensa nacional\",\"publisher\":{\"@id\":\"https:\\\/\\\/www.eldiario.net\\\/portal\\\/#organization\"},\"potentialAction\":[{\"@type\":\"SearchAction\",\"target\":{\"@type\":\"EntryPoint\",\"urlTemplate\":\"https:\\\/\\\/www.eldiario.net\\\/portal\\\/?s={search_term_string}\"},\"query-input\":{\"@type\":\"PropertyValueSpecification\",\"valueRequired\":true,\"valueName\":\"search_term_string\"}}],\"inLanguage\":\"es\"},{\"@type\":\"Organization\",\"@id\":\"https:\\\/\\\/www.eldiario.net\\\/portal\\\/#organization\",\"name\":\"El Diario - Decano de la prensa nacional\",\"url\":\"https:\\\/\\\/www.eldiario.net\\\/portal\\\/\",\"logo\":{\"@type\":\"ImageObject\",\"inLanguage\":\"es\",\"@id\":\"https:\\\/\\\/www.eldiario.net\\\/portal\\\/#\\\/schema\\\/logo\\\/image\\\/\",\"url\":\"https:\\\/\\\/www.eldiario.net\\\/portal\\\/wp-content\\\/uploads\\\/2023\\\/07\\\/logo_ED.jpg\",\"contentUrl\":\"https:\\\/\\\/www.eldiario.net\\\/portal\\\/wp-content\\\/uploads\\\/2023\\\/07\\\/logo_ED.jpg\",\"width\":272,\"height\":52,\"caption\":\"El Diario - Decano de la prensa nacional\"},\"image\":{\"@id\":\"https:\\\/\\\/www.eldiario.net\\\/portal\\\/#\\\/schema\\\/logo\\\/image\\\/\"},\"sameAs\":[\"https:\\\/\\\/www.facebook.com\\\/eldiario.bolivia\\\/\",\"https:\\\/\\\/x.com\\\/eldiario_net\"]},{\"@type\":\"Person\",\"@id\":\"https:\\\/\\\/www.eldiario.net\\\/portal\\\/#\\\/schema\\\/person\\\/2c57cf2b7a7ae032e449e4c9b1019eac\",\"name\":\"Jeanette\",\"image\":{\"@type\":\"ImageObject\",\"inLanguage\":\"es\",\"@id\":\"https:\\\/\\\/secure.gravatar.com\\\/avatar\\\/3ea2118a5f7dad2b7138b1187a6b7ee55f160b9968b66013c3a3ef39dd7e5798?s=96&d=mm&r=g\",\"url\":\"https:\\\/\\\/secure.gravatar.com\\\/avatar\\\/3ea2118a5f7dad2b7138b1187a6b7ee55f160b9968b66013c3a3ef39dd7e5798?s=96&d=mm&r=g\",\"contentUrl\":\"https:\\\/\\\/secure.gravatar.com\\\/avatar\\\/3ea2118a5f7dad2b7138b1187a6b7ee55f160b9968b66013c3a3ef39dd7e5798?s=96&d=mm&r=g\",\"caption\":\"Jeanette\"},\"sameAs\":[\"https:\\\/\\\/www.eldiario.net\\\/portal\"],\"url\":\"https:\\\/\\\/www.eldiario.net\\\/portal\\\/author\\\/jeanette\\\/\"}]}<\/script>\n<!-- \/ Yoast SEO plugin. -->","yoast_head_json":{"title":"\u00bfQu\u00e9 ideas se deben considerar si deseo escribir? - El Diario - Bolivia","robots":{"index":"index","follow":"follow","max-snippet":"max-snippet:-1","max-image-preview":"max-image-preview:large","max-video-preview":"max-video-preview:-1"},"canonical":"https:\/\/www.eldiario.net\/portal\/2022\/01\/11\/que-ideas-se-deben-considerar-si-deseo-escribir-3\/","og_locale":"es_ES","og_type":"article","og_title":"\u00bfQu\u00e9 ideas se deben considerar si deseo escribir? - El Diario - Bolivia","og_description":"Por: Equipo editor &nbsp; Se debe considerar que el arte de escribir parte del principio de conocimiento de la redacci\u00f3n como tal. Por ello, seg\u00fan Hilda Basulto, la redacci\u00f3n es una actividad comunicativa de primer orden, que implica un estado cultural avanzado de quien la ejercita. Por ello no debe olvidarse que no se trata [&hellip;]","og_url":"https:\/\/www.eldiario.net\/portal\/2022\/01\/11\/que-ideas-se-deben-considerar-si-deseo-escribir-3\/","og_site_name":"El Diario - Bolivia","article_publisher":"https:\/\/www.facebook.com\/eldiario.bolivia\/","article_published_time":"2022-01-11T09:22:02+00:00","author":"Jeanette","twitter_card":"summary_large_image","twitter_creator":"@eldiario_net","twitter_site":"@eldiario_net","twitter_misc":{"Escrito por":"Jeanette","Tiempo de lectura":"3 minutos"},"schema":{"@context":"https:\/\/schema.org","@graph":[{"@type":"Article","@id":"https:\/\/www.eldiario.net\/portal\/2022\/01\/11\/que-ideas-se-deben-considerar-si-deseo-escribir-3\/#article","isPartOf":{"@id":"https:\/\/www.eldiario.net\/portal\/2022\/01\/11\/que-ideas-se-deben-considerar-si-deseo-escribir-3\/"},"author":{"name":"Jeanette","@id":"https:\/\/www.eldiario.net\/portal\/#\/schema\/person\/2c57cf2b7a7ae032e449e4c9b1019eac"},"headline":"\u00bfQu\u00e9 ideas se deben considerar si deseo escribir?","datePublished":"2022-01-11T09:22:02+00:00","mainEntityOfPage":{"@id":"https:\/\/www.eldiario.net\/portal\/2022\/01\/11\/que-ideas-se-deben-considerar-si-deseo-escribir-3\/"},"wordCount":496,"publisher":{"@id":"https:\/\/www.eldiario.net\/portal\/#organization"},"image":{"@id":"https:\/\/www.eldiario.net\/portal\/2022\/01\/11\/que-ideas-se-deben-considerar-si-deseo-escribir-3\/#primaryimage"},"thumbnailUrl":"","articleSection":["Nuevos Horizontes"],"inLanguage":"es"},{"@type":"WebPage","@id":"https:\/\/www.eldiario.net\/portal\/2022\/01\/11\/que-ideas-se-deben-considerar-si-deseo-escribir-3\/","url":"https:\/\/www.eldiario.net\/portal\/2022\/01\/11\/que-ideas-se-deben-considerar-si-deseo-escribir-3\/","name":"\u00bfQu\u00e9 ideas se deben considerar si deseo escribir? - El Diario - Bolivia","isPartOf":{"@id":"https:\/\/www.eldiario.net\/portal\/#website"},"primaryImageOfPage":{"@id":"https:\/\/www.eldiario.net\/portal\/2022\/01\/11\/que-ideas-se-deben-considerar-si-deseo-escribir-3\/#primaryimage"},"image":{"@id":"https:\/\/www.eldiario.net\/portal\/2022\/01\/11\/que-ideas-se-deben-considerar-si-deseo-escribir-3\/#primaryimage"},"thumbnailUrl":"","datePublished":"2022-01-11T09:22:02+00:00","breadcrumb":{"@id":"https:\/\/www.eldiario.net\/portal\/2022\/01\/11\/que-ideas-se-deben-considerar-si-deseo-escribir-3\/#breadcrumb"},"inLanguage":"es","potentialAction":[{"@type":"ReadAction","target":["https:\/\/www.eldiario.net\/portal\/2022\/01\/11\/que-ideas-se-deben-considerar-si-deseo-escribir-3\/"]}]},{"@type":"ImageObject","inLanguage":"es","@id":"https:\/\/www.eldiario.net\/portal\/2022\/01\/11\/que-ideas-se-deben-considerar-si-deseo-escribir-3\/#primaryimage","url":"","contentUrl":""},{"@type":"BreadcrumbList","@id":"https:\/\/www.eldiario.net\/portal\/2022\/01\/11\/que-ideas-se-deben-considerar-si-deseo-escribir-3\/#breadcrumb","itemListElement":[{"@type":"ListItem","position":1,"name":"Portada","item":"https:\/\/www.eldiario.net\/portal\/"},{"@type":"ListItem","position":2,"name":"\u00bfQu\u00e9 ideas se deben considerar si deseo escribir?"}]},{"@type":"WebSite","@id":"https:\/\/www.eldiario.net\/portal\/#website","url":"https:\/\/www.eldiario.net\/portal\/","name":"El Diario - Decano de la prensa nacional","description":"El Diario - Decano de la prensa nacional","publisher":{"@id":"https:\/\/www.eldiario.net\/portal\/#organization"},"potentialAction":[{"@type":"SearchAction","target":{"@type":"EntryPoint","urlTemplate":"https:\/\/www.eldiario.net\/portal\/?s={search_term_string}"},"query-input":{"@type":"PropertyValueSpecification","valueRequired":true,"valueName":"search_term_string"}}],"inLanguage":"es"},{"@type":"Organization","@id":"https:\/\/www.eldiario.net\/portal\/#organization","name":"El Diario - Decano de la prensa nacional","url":"https:\/\/www.eldiario.net\/portal\/","logo":{"@type":"ImageObject","inLanguage":"es","@id":"https:\/\/www.eldiario.net\/portal\/#\/schema\/logo\/image\/","url":"https:\/\/www.eldiario.net\/portal\/wp-content\/uploads\/2023\/07\/logo_ED.jpg","contentUrl":"https:\/\/www.eldiario.net\/portal\/wp-content\/uploads\/2023\/07\/logo_ED.jpg","width":272,"height":52,"caption":"El Diario - Decano de la prensa nacional"},"image":{"@id":"https:\/\/www.eldiario.net\/portal\/#\/schema\/logo\/image\/"},"sameAs":["https:\/\/www.facebook.com\/eldiario.bolivia\/","https:\/\/x.com\/eldiario_net"]},{"@type":"Person","@id":"https:\/\/www.eldiario.net\/portal\/#\/schema\/person\/2c57cf2b7a7ae032e449e4c9b1019eac","name":"Jeanette","image":{"@type":"ImageObject","inLanguage":"es","@id":"https:\/\/secure.gravatar.com\/avatar\/3ea2118a5f7dad2b7138b1187a6b7ee55f160b9968b66013c3a3ef39dd7e5798?s=96&d=mm&r=g","url":"https:\/\/secure.gravatar.com\/avatar\/3ea2118a5f7dad2b7138b1187a6b7ee55f160b9968b66013c3a3ef39dd7e5798?s=96&d=mm&r=g","contentUrl":"https:\/\/secure.gravatar.com\/avatar\/3ea2118a5f7dad2b7138b1187a6b7ee55f160b9968b66013c3a3ef39dd7e5798?s=96&d=mm&r=g","caption":"Jeanette"},"sameAs":["https:\/\/www.eldiario.net\/portal"],"url":"https:\/\/www.eldiario.net\/portal\/author\/jeanette\/"}]}},"_links":{"self":[{"href":"https:\/\/www.eldiario.net\/portal\/wp-json\/wp\/v2\/posts\/55518","targetHints":{"allow":["GET"]}}],"collection":[{"href":"https:\/\/www.eldiario.net\/portal\/wp-json\/wp\/v2\/posts"}],"about":[{"href":"https:\/\/www.eldiario.net\/portal\/wp-json\/wp\/v2\/types\/post"}],"author":[{"embeddable":true,"href":"https:\/\/www.eldiario.net\/portal\/wp-json\/wp\/v2\/users\/1"}],"replies":[{"embeddable":true,"href":"https:\/\/www.eldiario.net\/portal\/wp-json\/wp\/v2\/comments?post=55518"}],"version-history":[{"count":0,"href":"https:\/\/www.eldiario.net\/portal\/wp-json\/wp\/v2\/posts\/55518\/revisions"}],"wp:attachment":[{"href":"https:\/\/www.eldiario.net\/portal\/wp-json\/wp\/v2\/media?parent=55518"}],"wp:term":[{"taxonomy":"category","embeddable":true,"href":"https:\/\/www.eldiario.net\/portal\/wp-json\/wp\/v2\/categories?post=55518"},{"taxonomy":"post_tag","embeddable":true,"href":"https:\/\/www.eldiario.net\/portal\/wp-json\/wp\/v2\/tags?post=55518"}],"curies":[{"name":"wp","href":"https:\/\/api.w.org\/{rel}","templated":true}]}}