{"id":55515,"date":"2022-01-11T05:20:38","date_gmt":"2022-01-11T09:20:38","guid":{"rendered":"https:\/\/www.eldiario.net\/portal\/?p=55515"},"modified":"2022-01-11T05:20:38","modified_gmt":"2022-01-11T09:20:38","slug":"papa-respalda-campanas-de-vacunacion-contra-covid-19","status":"publish","type":"post","link":"https:\/\/www.eldiario.net\/portal\/2022\/01\/11\/papa-respalda-campanas-de-vacunacion-contra-covid-19\/","title":{"rendered":"Papa respalda campa\u00f1as de  vacunaci\u00f3n contra covid-19"},"content":{"rendered":"<p>Ciudad del Vaticano.- El Papa Francisco conden\u00f3 ayer la desinformaci\u00f3n ideol\u00f3gica \u00absin fundamento\u00bb sobre las vacunas contra el covid-19, respaldando las campa\u00f1as nacionales de inmunizaci\u00f3n y calificando la atenci\u00f3n sanitaria de obligaci\u00f3n moral.<\/p>\n<p>Francisco habl\u00f3 en su discurso anual al cuerpo diplom\u00e1tico acreditado en el Vaticano, a veces llamado su discurso sobre el \u00abestado del mundo\u00bb porque es un amplio estudio de la situaci\u00f3n mundial.<\/p>\n<p>Sus palabras a los diplom\u00e1ticos de casi 200 pa\u00edses marcaron lo m\u00e1s cercano que ha estado a un respaldo de facto a los mandatos de vacunaci\u00f3n, que se han vuelto pol\u00e9micos en Italia y otros pa\u00edses europeos.<\/p>\n<p>\u00abNos hemos dado cuenta que en los lugares donde se ha llevado adelante una campa\u00f1a de vacunaci\u00f3n eficaz, ha disminuido el riesgo de un avance grave de la enfermedad\u00bb, dijo.<\/p>\n<p>\u00abEs importante que se contin\u00faen los esfuerzos para inmunizar a la poblaci\u00f3n lo m\u00e1s que se pueda\u00bb, a\u00f1adi\u00f3.<\/p>\n<p>Francisco, quien dedic\u00f3 cerca de una quinta parte de su discurso de seis p\u00e1ginas a la pandemia, advirti\u00f3 contra las declaraciones ideol\u00f3gicas respecto a la vacunaci\u00f3n.<\/p>\n<p>\u00abLamentablemente, cada vez m\u00e1s constatamos c\u00f3mo vivimos en un mundo de fuertes contrastes ideol\u00f3gicos. Muchas veces nos dejamos influenciar por la ideolog\u00eda del momento, a menudo basada en noticias sin fundamento o en hechos poco documentados\u00bb, dijo.<\/p>\n<p>\u00abLas vacunas no son instrumentos m\u00e1gicos de curaci\u00f3n, sino que representan ciertamente, junto con los tratamientos que se est\u00e1n desarrollando, la soluci\u00f3n m\u00e1s razonable para la prevenci\u00f3n de la enfermedad\u00bb, indic\u00f3 a los diplom\u00e1ticos reunidos en la Sala de Bendiciones, junto a los frescos del Vaticano.<\/p>\n<p>Al decir que \u00abel cuidado de la salud constituye una obligaci\u00f3n moral\u00bb en el contexto de un discurso de apoyo a las vacunas, Francisco pareci\u00f3 responder a los cat\u00f3licos y otros cristianos, particularmente en Estados Unidos, que dicen tener un derecho de objeci\u00f3n de conciencia a las vacunas basado en la religi\u00f3n.<\/p>\n<p>El Papa Francisco, quien est\u00e1 totalmente vacunado, pidi\u00f3 un compromiso pol\u00edtico global para \u00abbuscar el bien de la poblaci\u00f3n por medio de decisiones de prevenci\u00f3n e inmunizaci\u00f3n\u00bb. (Reuters)<\/p>\n","protected":false},"excerpt":{"rendered":"<p>Ciudad del Vaticano.- El Papa Francisco conden\u00f3 ayer la desinformaci\u00f3n ideol\u00f3gica \u00absin fundamento\u00bb sobre las vacunas contra el covid-19, respaldando las campa\u00f1as nacionales de inmunizaci\u00f3n y calificando la atenci\u00f3n sanitaria de obligaci\u00f3n moral. Francisco habl\u00f3 en su discurso anual al cuerpo diplom\u00e1tico acreditado en el Vaticano, a veces llamado su discurso sobre el \u00abestado del [&hellip;]<\/p>\n","protected":false},"author":1,"featured_media":55516,"comment_status":"closed","ping_status":"closed","sticky":false,"template":"","format":"standard","meta":{"_acf_changed":false,"footnotes":""},"categories":[3],"tags":[],"class_list":["post-55515","post","type-post","status-publish","format-standard","has-post-thumbnail","category-internacional"],"acf":{"antetitulo":""},"yoast_head":"<!-- This site is optimized with the Yoast SEO plugin v28.4 - https:\/\/yoast.com\/product\/yoast-seo-wordpress\/ -->\n<title>Papa respalda campa\u00f1as de vacunaci\u00f3n contra covid-19 - El Diario - Bolivia<\/title>\n<meta name=\"robots\" content=\"index, follow, max-snippet:-1, max-image-preview:large, max-video-preview:-1\" \/>\n<link rel=\"canonical\" href=\"https:\/\/www.eldiario.net\/portal\/2022\/01\/11\/papa-respalda-campanas-de-vacunacion-contra-covid-19\/\" \/>\n<meta property=\"og:locale\" content=\"es_ES\" \/>\n<meta property=\"og:type\" content=\"article\" \/>\n<meta property=\"og:title\" content=\"Papa respalda campa\u00f1as de vacunaci\u00f3n contra covid-19 - El Diario - Bolivia\" \/>\n<meta property=\"og:description\" content=\"Ciudad del Vaticano.- El Papa Francisco conden\u00f3 ayer la desinformaci\u00f3n ideol\u00f3gica \u00absin fundamento\u00bb sobre las vacunas contra el covid-19, respaldando las campa\u00f1as nacionales de inmunizaci\u00f3n y calificando la atenci\u00f3n sanitaria de obligaci\u00f3n moral. Francisco habl\u00f3 en su discurso anual al cuerpo diplom\u00e1tico acreditado en el Vaticano, a veces llamado su discurso sobre el \u00abestado del [&hellip;]\" \/>\n<meta property=\"og:url\" content=\"https:\/\/www.eldiario.net\/portal\/2022\/01\/11\/papa-respalda-campanas-de-vacunacion-contra-covid-19\/\" \/>\n<meta property=\"og:site_name\" content=\"El Diario - Bolivia\" \/>\n<meta property=\"article:publisher\" content=\"https:\/\/www.facebook.com\/eldiario.bolivia\/\" \/>\n<meta property=\"article:published_time\" content=\"2022-01-11T09:20:38+00:00\" \/>\n<meta name=\"author\" content=\"Jeanette\" \/>\n<meta name=\"twitter:card\" content=\"summary_large_image\" \/>\n<meta name=\"twitter:creator\" content=\"@eldiario_net\" \/>\n<meta name=\"twitter:site\" content=\"@eldiario_net\" \/>\n<meta name=\"twitter:label1\" content=\"Escrito por\" \/>\n\t<meta name=\"twitter:data1\" content=\"Jeanette\" \/>\n\t<meta name=\"twitter:label2\" content=\"Tiempo de lectura\" \/>\n\t<meta name=\"twitter:data2\" content=\"2 minutos\" \/>\n<script type=\"application\/ld+json\" class=\"yoast-schema-graph\">{\"@context\":\"https:\\\/\\\/schema.org\",\"@graph\":[{\"@type\":\"Article\",\"@id\":\"https:\\\/\\\/www.eldiario.net\\\/portal\\\/2022\\\/01\\\/11\\\/papa-respalda-campanas-de-vacunacion-contra-covid-19\\\/#article\",\"isPartOf\":{\"@id\":\"https:\\\/\\\/www.eldiario.net\\\/portal\\\/2022\\\/01\\\/11\\\/papa-respalda-campanas-de-vacunacion-contra-covid-19\\\/\"},\"author\":{\"name\":\"Jeanette\",\"@id\":\"https:\\\/\\\/www.eldiario.net\\\/portal\\\/#\\\/schema\\\/person\\\/2c57cf2b7a7ae032e449e4c9b1019eac\"},\"headline\":\"Papa respalda campa\u00f1as de vacunaci\u00f3n contra covid-19\",\"datePublished\":\"2022-01-11T09:20:38+00:00\",\"mainEntityOfPage\":{\"@id\":\"https:\\\/\\\/www.eldiario.net\\\/portal\\\/2022\\\/01\\\/11\\\/papa-respalda-campanas-de-vacunacion-contra-covid-19\\\/\"},\"wordCount\":390,\"publisher\":{\"@id\":\"https:\\\/\\\/www.eldiario.net\\\/portal\\\/#organization\"},\"image\":{\"@id\":\"https:\\\/\\\/www.eldiario.net\\\/portal\\\/2022\\\/01\\\/11\\\/papa-respalda-campanas-de-vacunacion-contra-covid-19\\\/#primaryimage\"},\"thumbnailUrl\":\"\",\"articleSection\":[\"Internacional\"],\"inLanguage\":\"es\"},{\"@type\":\"WebPage\",\"@id\":\"https:\\\/\\\/www.eldiario.net\\\/portal\\\/2022\\\/01\\\/11\\\/papa-respalda-campanas-de-vacunacion-contra-covid-19\\\/\",\"url\":\"https:\\\/\\\/www.eldiario.net\\\/portal\\\/2022\\\/01\\\/11\\\/papa-respalda-campanas-de-vacunacion-contra-covid-19\\\/\",\"name\":\"Papa respalda campa\u00f1as de vacunaci\u00f3n contra covid-19 - El Diario - Bolivia\",\"isPartOf\":{\"@id\":\"https:\\\/\\\/www.eldiario.net\\\/portal\\\/#website\"},\"primaryImageOfPage\":{\"@id\":\"https:\\\/\\\/www.eldiario.net\\\/portal\\\/2022\\\/01\\\/11\\\/papa-respalda-campanas-de-vacunacion-contra-covid-19\\\/#primaryimage\"},\"image\":{\"@id\":\"https:\\\/\\\/www.eldiario.net\\\/portal\\\/2022\\\/01\\\/11\\\/papa-respalda-campanas-de-vacunacion-contra-covid-19\\\/#primaryimage\"},\"thumbnailUrl\":\"\",\"datePublished\":\"2022-01-11T09:20:38+00:00\",\"breadcrumb\":{\"@id\":\"https:\\\/\\\/www.eldiario.net\\\/portal\\\/2022\\\/01\\\/11\\\/papa-respalda-campanas-de-vacunacion-contra-covid-19\\\/#breadcrumb\"},\"inLanguage\":\"es\",\"potentialAction\":[{\"@type\":\"ReadAction\",\"target\":[\"https:\\\/\\\/www.eldiario.net\\\/portal\\\/2022\\\/01\\\/11\\\/papa-respalda-campanas-de-vacunacion-contra-covid-19\\\/\"]}]},{\"@type\":\"ImageObject\",\"inLanguage\":\"es\",\"@id\":\"https:\\\/\\\/www.eldiario.net\\\/portal\\\/2022\\\/01\\\/11\\\/papa-respalda-campanas-de-vacunacion-contra-covid-19\\\/#primaryimage\",\"url\":\"\",\"contentUrl\":\"\"},{\"@type\":\"BreadcrumbList\",\"@id\":\"https:\\\/\\\/www.eldiario.net\\\/portal\\\/2022\\\/01\\\/11\\\/papa-respalda-campanas-de-vacunacion-contra-covid-19\\\/#breadcrumb\",\"itemListElement\":[{\"@type\":\"ListItem\",\"position\":1,\"name\":\"Portada\",\"item\":\"https:\\\/\\\/www.eldiario.net\\\/portal\\\/\"},{\"@type\":\"ListItem\",\"position\":2,\"name\":\"Papa respalda campa\u00f1as de vacunaci\u00f3n contra covid-19\"}]},{\"@type\":\"WebSite\",\"@id\":\"https:\\\/\\\/www.eldiario.net\\\/portal\\\/#website\",\"url\":\"https:\\\/\\\/www.eldiario.net\\\/portal\\\/\",\"name\":\"El Diario - Decano de la prensa nacional\",\"description\":\"El Diario - Decano de la prensa nacional\",\"publisher\":{\"@id\":\"https:\\\/\\\/www.eldiario.net\\\/portal\\\/#organization\"},\"potentialAction\":[{\"@type\":\"SearchAction\",\"target\":{\"@type\":\"EntryPoint\",\"urlTemplate\":\"https:\\\/\\\/www.eldiario.net\\\/portal\\\/?s={search_term_string}\"},\"query-input\":{\"@type\":\"PropertyValueSpecification\",\"valueRequired\":true,\"valueName\":\"search_term_string\"}}],\"inLanguage\":\"es\"},{\"@type\":\"Organization\",\"@id\":\"https:\\\/\\\/www.eldiario.net\\\/portal\\\/#organization\",\"name\":\"El Diario - Decano de la prensa nacional\",\"url\":\"https:\\\/\\\/www.eldiario.net\\\/portal\\\/\",\"logo\":{\"@type\":\"ImageObject\",\"inLanguage\":\"es\",\"@id\":\"https:\\\/\\\/www.eldiario.net\\\/portal\\\/#\\\/schema\\\/logo\\\/image\\\/\",\"url\":\"https:\\\/\\\/www.eldiario.net\\\/portal\\\/wp-content\\\/uploads\\\/2023\\\/07\\\/logo_ED.jpg\",\"contentUrl\":\"https:\\\/\\\/www.eldiario.net\\\/portal\\\/wp-content\\\/uploads\\\/2023\\\/07\\\/logo_ED.jpg\",\"width\":272,\"height\":52,\"caption\":\"El Diario - Decano de la prensa nacional\"},\"image\":{\"@id\":\"https:\\\/\\\/www.eldiario.net\\\/portal\\\/#\\\/schema\\\/logo\\\/image\\\/\"},\"sameAs\":[\"https:\\\/\\\/www.facebook.com\\\/eldiario.bolivia\\\/\",\"https:\\\/\\\/x.com\\\/eldiario_net\"]},{\"@type\":\"Person\",\"@id\":\"https:\\\/\\\/www.eldiario.net\\\/portal\\\/#\\\/schema\\\/person\\\/2c57cf2b7a7ae032e449e4c9b1019eac\",\"name\":\"Jeanette\",\"image\":{\"@type\":\"ImageObject\",\"inLanguage\":\"es\",\"@id\":\"https:\\\/\\\/secure.gravatar.com\\\/avatar\\\/3ea2118a5f7dad2b7138b1187a6b7ee55f160b9968b66013c3a3ef39dd7e5798?s=96&d=mm&r=g\",\"url\":\"https:\\\/\\\/secure.gravatar.com\\\/avatar\\\/3ea2118a5f7dad2b7138b1187a6b7ee55f160b9968b66013c3a3ef39dd7e5798?s=96&d=mm&r=g\",\"contentUrl\":\"https:\\\/\\\/secure.gravatar.com\\\/avatar\\\/3ea2118a5f7dad2b7138b1187a6b7ee55f160b9968b66013c3a3ef39dd7e5798?s=96&d=mm&r=g\",\"caption\":\"Jeanette\"},\"sameAs\":[\"https:\\\/\\\/www.eldiario.net\\\/portal\"],\"url\":\"https:\\\/\\\/www.eldiario.net\\\/portal\\\/author\\\/jeanette\\\/\"}]}<\/script>\n<!-- \/ Yoast SEO plugin. -->","yoast_head_json":{"title":"Papa respalda campa\u00f1as de vacunaci\u00f3n contra covid-19 - El Diario - Bolivia","robots":{"index":"index","follow":"follow","max-snippet":"max-snippet:-1","max-image-preview":"max-image-preview:large","max-video-preview":"max-video-preview:-1"},"canonical":"https:\/\/www.eldiario.net\/portal\/2022\/01\/11\/papa-respalda-campanas-de-vacunacion-contra-covid-19\/","og_locale":"es_ES","og_type":"article","og_title":"Papa respalda campa\u00f1as de vacunaci\u00f3n contra covid-19 - El Diario - Bolivia","og_description":"Ciudad del Vaticano.- El Papa Francisco conden\u00f3 ayer la desinformaci\u00f3n ideol\u00f3gica \u00absin fundamento\u00bb sobre las vacunas contra el covid-19, respaldando las campa\u00f1as nacionales de inmunizaci\u00f3n y calificando la atenci\u00f3n sanitaria de obligaci\u00f3n moral. Francisco habl\u00f3 en su discurso anual al cuerpo diplom\u00e1tico acreditado en el Vaticano, a veces llamado su discurso sobre el \u00abestado del [&hellip;]","og_url":"https:\/\/www.eldiario.net\/portal\/2022\/01\/11\/papa-respalda-campanas-de-vacunacion-contra-covid-19\/","og_site_name":"El Diario - Bolivia","article_publisher":"https:\/\/www.facebook.com\/eldiario.bolivia\/","article_published_time":"2022-01-11T09:20:38+00:00","author":"Jeanette","twitter_card":"summary_large_image","twitter_creator":"@eldiario_net","twitter_site":"@eldiario_net","twitter_misc":{"Escrito por":"Jeanette","Tiempo de lectura":"2 minutos"},"schema":{"@context":"https:\/\/schema.org","@graph":[{"@type":"Article","@id":"https:\/\/www.eldiario.net\/portal\/2022\/01\/11\/papa-respalda-campanas-de-vacunacion-contra-covid-19\/#article","isPartOf":{"@id":"https:\/\/www.eldiario.net\/portal\/2022\/01\/11\/papa-respalda-campanas-de-vacunacion-contra-covid-19\/"},"author":{"name":"Jeanette","@id":"https:\/\/www.eldiario.net\/portal\/#\/schema\/person\/2c57cf2b7a7ae032e449e4c9b1019eac"},"headline":"Papa respalda campa\u00f1as de vacunaci\u00f3n contra covid-19","datePublished":"2022-01-11T09:20:38+00:00","mainEntityOfPage":{"@id":"https:\/\/www.eldiario.net\/portal\/2022\/01\/11\/papa-respalda-campanas-de-vacunacion-contra-covid-19\/"},"wordCount":390,"publisher":{"@id":"https:\/\/www.eldiario.net\/portal\/#organization"},"image":{"@id":"https:\/\/www.eldiario.net\/portal\/2022\/01\/11\/papa-respalda-campanas-de-vacunacion-contra-covid-19\/#primaryimage"},"thumbnailUrl":"","articleSection":["Internacional"],"inLanguage":"es"},{"@type":"WebPage","@id":"https:\/\/www.eldiario.net\/portal\/2022\/01\/11\/papa-respalda-campanas-de-vacunacion-contra-covid-19\/","url":"https:\/\/www.eldiario.net\/portal\/2022\/01\/11\/papa-respalda-campanas-de-vacunacion-contra-covid-19\/","name":"Papa respalda campa\u00f1as de vacunaci\u00f3n contra covid-19 - El Diario - Bolivia","isPartOf":{"@id":"https:\/\/www.eldiario.net\/portal\/#website"},"primaryImageOfPage":{"@id":"https:\/\/www.eldiario.net\/portal\/2022\/01\/11\/papa-respalda-campanas-de-vacunacion-contra-covid-19\/#primaryimage"},"image":{"@id":"https:\/\/www.eldiario.net\/portal\/2022\/01\/11\/papa-respalda-campanas-de-vacunacion-contra-covid-19\/#primaryimage"},"thumbnailUrl":"","datePublished":"2022-01-11T09:20:38+00:00","breadcrumb":{"@id":"https:\/\/www.eldiario.net\/portal\/2022\/01\/11\/papa-respalda-campanas-de-vacunacion-contra-covid-19\/#breadcrumb"},"inLanguage":"es","potentialAction":[{"@type":"ReadAction","target":["https:\/\/www.eldiario.net\/portal\/2022\/01\/11\/papa-respalda-campanas-de-vacunacion-contra-covid-19\/"]}]},{"@type":"ImageObject","inLanguage":"es","@id":"https:\/\/www.eldiario.net\/portal\/2022\/01\/11\/papa-respalda-campanas-de-vacunacion-contra-covid-19\/#primaryimage","url":"","contentUrl":""},{"@type":"BreadcrumbList","@id":"https:\/\/www.eldiario.net\/portal\/2022\/01\/11\/papa-respalda-campanas-de-vacunacion-contra-covid-19\/#breadcrumb","itemListElement":[{"@type":"ListItem","position":1,"name":"Portada","item":"https:\/\/www.eldiario.net\/portal\/"},{"@type":"ListItem","position":2,"name":"Papa respalda campa\u00f1as de vacunaci\u00f3n contra covid-19"}]},{"@type":"WebSite","@id":"https:\/\/www.eldiario.net\/portal\/#website","url":"https:\/\/www.eldiario.net\/portal\/","name":"El Diario - Decano de la prensa nacional","description":"El Diario - Decano de la prensa nacional","publisher":{"@id":"https:\/\/www.eldiario.net\/portal\/#organization"},"potentialAction":[{"@type":"SearchAction","target":{"@type":"EntryPoint","urlTemplate":"https:\/\/www.eldiario.net\/portal\/?s={search_term_string}"},"query-input":{"@type":"PropertyValueSpecification","valueRequired":true,"valueName":"search_term_string"}}],"inLanguage":"es"},{"@type":"Organization","@id":"https:\/\/www.eldiario.net\/portal\/#organization","name":"El Diario - Decano de la prensa nacional","url":"https:\/\/www.eldiario.net\/portal\/","logo":{"@type":"ImageObject","inLanguage":"es","@id":"https:\/\/www.eldiario.net\/portal\/#\/schema\/logo\/image\/","url":"https:\/\/www.eldiario.net\/portal\/wp-content\/uploads\/2023\/07\/logo_ED.jpg","contentUrl":"https:\/\/www.eldiario.net\/portal\/wp-content\/uploads\/2023\/07\/logo_ED.jpg","width":272,"height":52,"caption":"El Diario - Decano de la prensa nacional"},"image":{"@id":"https:\/\/www.eldiario.net\/portal\/#\/schema\/logo\/image\/"},"sameAs":["https:\/\/www.facebook.com\/eldiario.bolivia\/","https:\/\/x.com\/eldiario_net"]},{"@type":"Person","@id":"https:\/\/www.eldiario.net\/portal\/#\/schema\/person\/2c57cf2b7a7ae032e449e4c9b1019eac","name":"Jeanette","image":{"@type":"ImageObject","inLanguage":"es","@id":"https:\/\/secure.gravatar.com\/avatar\/3ea2118a5f7dad2b7138b1187a6b7ee55f160b9968b66013c3a3ef39dd7e5798?s=96&d=mm&r=g","url":"https:\/\/secure.gravatar.com\/avatar\/3ea2118a5f7dad2b7138b1187a6b7ee55f160b9968b66013c3a3ef39dd7e5798?s=96&d=mm&r=g","contentUrl":"https:\/\/secure.gravatar.com\/avatar\/3ea2118a5f7dad2b7138b1187a6b7ee55f160b9968b66013c3a3ef39dd7e5798?s=96&d=mm&r=g","caption":"Jeanette"},"sameAs":["https:\/\/www.eldiario.net\/portal"],"url":"https:\/\/www.eldiario.net\/portal\/author\/jeanette\/"}]}},"_links":{"self":[{"href":"https:\/\/www.eldiario.net\/portal\/wp-json\/wp\/v2\/posts\/55515","targetHints":{"allow":["GET"]}}],"collection":[{"href":"https:\/\/www.eldiario.net\/portal\/wp-json\/wp\/v2\/posts"}],"about":[{"href":"https:\/\/www.eldiario.net\/portal\/wp-json\/wp\/v2\/types\/post"}],"author":[{"embeddable":true,"href":"https:\/\/www.eldiario.net\/portal\/wp-json\/wp\/v2\/users\/1"}],"replies":[{"embeddable":true,"href":"https:\/\/www.eldiario.net\/portal\/wp-json\/wp\/v2\/comments?post=55515"}],"version-history":[{"count":0,"href":"https:\/\/www.eldiario.net\/portal\/wp-json\/wp\/v2\/posts\/55515\/revisions"}],"wp:attachment":[{"href":"https:\/\/www.eldiario.net\/portal\/wp-json\/wp\/v2\/media?parent=55515"}],"wp:term":[{"taxonomy":"category","embeddable":true,"href":"https:\/\/www.eldiario.net\/portal\/wp-json\/wp\/v2\/categories?post=55515"},{"taxonomy":"post_tag","embeddable":true,"href":"https:\/\/www.eldiario.net\/portal\/wp-json\/wp\/v2\/tags?post=55515"}],"curies":[{"name":"wp","href":"https:\/\/api.w.org\/{rel}","templated":true}]}}