{"id":5549,"date":"2021-05-22T08:04:42","date_gmt":"2021-05-22T12:04:42","guid":{"rendered":"https:\/\/www.eldiario.net\/portal\/?p=5549"},"modified":"2021-05-22T08:04:42","modified_gmt":"2021-05-22T12:04:42","slug":"plantean-ampliar-impuesto-a-la-coca-tambien-para-consumidores","status":"publish","type":"post","link":"https:\/\/www.eldiario.net\/portal\/2021\/05\/22\/plantean-ampliar-impuesto-a-la-coca-tambien-para-consumidores\/","title":{"rendered":"Plantean ampliar impuesto a la  coca tambi\u00e9n para consumidores"},"content":{"rendered":"<p class=\"v1MsoNormal\">Bajo el argumento de que la producci\u00f3n y comercializaci\u00f3n de coca mueve millones de d\u00f3lares al a\u00f1o sin tributar al Estado, el diputado por la agrupaci\u00f3n Creemos, Jos\u00e9 Carlos Guti\u00e9rrez, inform\u00f3 que contin\u00faa elaborando el proyecto de ley para que el sector de los cocaleros pague impuestos por su actividad econ\u00f3mica, adem\u00e1s de ampliar el tributo a los consumidores de esta hoja.<\/p>\n<p class=\"v1MsoNormal\">Guti\u00e9rrez sostuvo que de un tiempo a esta parte, el consumo de la hoja de coca se ha incrementado en distintas regiones del pa\u00eds, y considerando las altas cantidades de recursos que genera esta actividad, tanto en su producci\u00f3n como en su consumo, es preciso ampliar el universo de tributantes tambi\u00e9n hacia los consumidores.<\/p>\n<p class=\"v1MsoNormal\">Se\u00f1al\u00f3 que en la actualidad se puede encontrar en el mercado coca procesada de distintas formas, y estas presentaciones variadas hacen que este consumo se convierta en superfluo, al no tratarse de un elemento de primera necesidad en la canasta alimentaria de la poblaci\u00f3n.<\/p>\n<p class=\"v1MsoNormal\">\u201cEl consumo de la coca se ha convertido un consumo superfluo. Estamos hablando de que se consume coca procesada al vac\u00edo, con caf\u00e9, con stevia, con az\u00facar morena, con co\u00f1ac, con whisky, por lo tanto ya se ha convertido en un consumo superfluo, porque la persona que consume esa coca lo hace por vicio\u201d, se\u00f1al\u00f3.<\/p>\n<p class=\"v1MsoNormal\">El legislador insisti\u00f3 en que los ciudadanos que consumen coca procesada en cualquier presentaci\u00f3n, est\u00e1n realizando una compra semejante a una bebida alcoh\u00f3lica, y esta debe ser pasible al pago de impuestos.<\/p>\n<p class=\"v1MsoNormal\">\u201cTambi\u00e9n van a pagar el impuesto, as\u00ed como se consume bebidas alcoh\u00f3licas, porque la coca no es alimento, porque no se consume en el almuerzo, van a pagar tambi\u00e9n este impuesto\u201d, dijo.<\/p>\n<p class=\"v1MsoNormal\">Sobre la elaboraci\u00f3n del proyecto de ley para el pago de tributos por la producci\u00f3n de coca, inform\u00f3 que su redacci\u00f3n contin\u00faa, a pesar de que se han presentado retrasos debido a la tardanza de respuesta para presentaci\u00f3n de informes solicitados a los ministerios de Desarrollo Rural y de Gobierno, por lo que puntualiz\u00f3 que la elaboraci\u00f3n de esta norma est\u00e1 en marcha.<\/p>\n","protected":false},"excerpt":{"rendered":"<p>Bajo el argumento de que la producci\u00f3n y comercializaci\u00f3n de coca mueve millones de d\u00f3lares al a\u00f1o sin tributar al Estado, el diputado por la agrupaci\u00f3n Creemos, Jos\u00e9 Carlos Guti\u00e9rrez, inform\u00f3 que contin\u00faa elaborando el proyecto de ley para que el sector de los cocaleros pague impuestos por su actividad econ\u00f3mica, adem\u00e1s de ampliar el [&hellip;]<\/p>\n","protected":false},"author":1,"featured_media":5550,"comment_status":"closed","ping_status":"closed","sticky":false,"template":"","format":"standard","meta":{"_acf_changed":false,"footnotes":""},"categories":[14],"tags":[],"class_list":["post-5549","post","type-post","status-publish","format-standard","has-post-thumbnail","category-politica"],"acf":{"antetitulo":""},"yoast_head":"<!-- This site is optimized with the Yoast SEO plugin v28.3 - https:\/\/yoast.com\/product\/yoast-seo-wordpress\/ -->\n<title>Plantean ampliar impuesto a la coca tambi\u00e9n para consumidores - El Diario - Bolivia<\/title>\n<meta name=\"robots\" content=\"index, follow, max-snippet:-1, max-image-preview:large, max-video-preview:-1\" \/>\n<link rel=\"canonical\" href=\"https:\/\/www.eldiario.net\/portal\/2021\/05\/22\/plantean-ampliar-impuesto-a-la-coca-tambien-para-consumidores\/\" \/>\n<meta property=\"og:locale\" content=\"es_ES\" \/>\n<meta property=\"og:type\" content=\"article\" \/>\n<meta property=\"og:title\" content=\"Plantean ampliar impuesto a la coca tambi\u00e9n para consumidores - El Diario - Bolivia\" \/>\n<meta property=\"og:description\" content=\"Bajo el argumento de que la producci\u00f3n y comercializaci\u00f3n de coca mueve millones de d\u00f3lares al a\u00f1o sin tributar al Estado, el diputado por la agrupaci\u00f3n Creemos, Jos\u00e9 Carlos Guti\u00e9rrez, inform\u00f3 que contin\u00faa elaborando el proyecto de ley para que el sector de los cocaleros pague impuestos por su actividad econ\u00f3mica, adem\u00e1s de ampliar el [&hellip;]\" \/>\n<meta property=\"og:url\" content=\"https:\/\/www.eldiario.net\/portal\/2021\/05\/22\/plantean-ampliar-impuesto-a-la-coca-tambien-para-consumidores\/\" \/>\n<meta property=\"og:site_name\" content=\"El Diario - Bolivia\" \/>\n<meta property=\"article:publisher\" content=\"https:\/\/www.facebook.com\/eldiario.bolivia\/\" \/>\n<meta property=\"article:published_time\" content=\"2021-05-22T12:04:42+00:00\" \/>\n<meta name=\"author\" content=\"Jeanette\" \/>\n<meta name=\"twitter:card\" content=\"summary_large_image\" \/>\n<meta name=\"twitter:creator\" content=\"@eldiario_net\" \/>\n<meta name=\"twitter:site\" content=\"@eldiario_net\" \/>\n<meta name=\"twitter:label1\" content=\"Escrito por\" \/>\n\t<meta name=\"twitter:data1\" content=\"Jeanette\" \/>\n\t<meta name=\"twitter:label2\" content=\"Tiempo de lectura\" \/>\n\t<meta name=\"twitter:data2\" content=\"2 minutos\" \/>\n<script type=\"application\/ld+json\" class=\"yoast-schema-graph\">{\"@context\":\"https:\\\/\\\/schema.org\",\"@graph\":[{\"@type\":\"Article\",\"@id\":\"https:\\\/\\\/www.eldiario.net\\\/portal\\\/2021\\\/05\\\/22\\\/plantean-ampliar-impuesto-a-la-coca-tambien-para-consumidores\\\/#article\",\"isPartOf\":{\"@id\":\"https:\\\/\\\/www.eldiario.net\\\/portal\\\/2021\\\/05\\\/22\\\/plantean-ampliar-impuesto-a-la-coca-tambien-para-consumidores\\\/\"},\"author\":{\"name\":\"Jeanette\",\"@id\":\"https:\\\/\\\/www.eldiario.net\\\/portal\\\/#\\\/schema\\\/person\\\/f46445640444750d7d753ccd04ae01b7\"},\"headline\":\"Plantean ampliar impuesto a la coca tambi\u00e9n para consumidores\",\"datePublished\":\"2021-05-22T12:04:42+00:00\",\"mainEntityOfPage\":{\"@id\":\"https:\\\/\\\/www.eldiario.net\\\/portal\\\/2021\\\/05\\\/22\\\/plantean-ampliar-impuesto-a-la-coca-tambien-para-consumidores\\\/\"},\"wordCount\":383,\"publisher\":{\"@id\":\"https:\\\/\\\/www.eldiario.net\\\/portal\\\/#organization\"},\"image\":{\"@id\":\"https:\\\/\\\/www.eldiario.net\\\/portal\\\/2021\\\/05\\\/22\\\/plantean-ampliar-impuesto-a-la-coca-tambien-para-consumidores\\\/#primaryimage\"},\"thumbnailUrl\":\"\",\"articleSection\":[\"Pol\u00edtica\"],\"inLanguage\":\"es\"},{\"@type\":\"WebPage\",\"@id\":\"https:\\\/\\\/www.eldiario.net\\\/portal\\\/2021\\\/05\\\/22\\\/plantean-ampliar-impuesto-a-la-coca-tambien-para-consumidores\\\/\",\"url\":\"https:\\\/\\\/www.eldiario.net\\\/portal\\\/2021\\\/05\\\/22\\\/plantean-ampliar-impuesto-a-la-coca-tambien-para-consumidores\\\/\",\"name\":\"Plantean ampliar impuesto a la coca tambi\u00e9n para consumidores - El Diario - Bolivia\",\"isPartOf\":{\"@id\":\"https:\\\/\\\/www.eldiario.net\\\/portal\\\/#website\"},\"primaryImageOfPage\":{\"@id\":\"https:\\\/\\\/www.eldiario.net\\\/portal\\\/2021\\\/05\\\/22\\\/plantean-ampliar-impuesto-a-la-coca-tambien-para-consumidores\\\/#primaryimage\"},\"image\":{\"@id\":\"https:\\\/\\\/www.eldiario.net\\\/portal\\\/2021\\\/05\\\/22\\\/plantean-ampliar-impuesto-a-la-coca-tambien-para-consumidores\\\/#primaryimage\"},\"thumbnailUrl\":\"\",\"datePublished\":\"2021-05-22T12:04:42+00:00\",\"breadcrumb\":{\"@id\":\"https:\\\/\\\/www.eldiario.net\\\/portal\\\/2021\\\/05\\\/22\\\/plantean-ampliar-impuesto-a-la-coca-tambien-para-consumidores\\\/#breadcrumb\"},\"inLanguage\":\"es\",\"potentialAction\":[{\"@type\":\"ReadAction\",\"target\":[\"https:\\\/\\\/www.eldiario.net\\\/portal\\\/2021\\\/05\\\/22\\\/plantean-ampliar-impuesto-a-la-coca-tambien-para-consumidores\\\/\"]}]},{\"@type\":\"ImageObject\",\"inLanguage\":\"es\",\"@id\":\"https:\\\/\\\/www.eldiario.net\\\/portal\\\/2021\\\/05\\\/22\\\/plantean-ampliar-impuesto-a-la-coca-tambien-para-consumidores\\\/#primaryimage\",\"url\":\"\",\"contentUrl\":\"\"},{\"@type\":\"BreadcrumbList\",\"@id\":\"https:\\\/\\\/www.eldiario.net\\\/portal\\\/2021\\\/05\\\/22\\\/plantean-ampliar-impuesto-a-la-coca-tambien-para-consumidores\\\/#breadcrumb\",\"itemListElement\":[{\"@type\":\"ListItem\",\"position\":1,\"name\":\"Portada\",\"item\":\"https:\\\/\\\/www.eldiario.net\\\/portal\\\/\"},{\"@type\":\"ListItem\",\"position\":2,\"name\":\"Plantean ampliar impuesto a la coca tambi\u00e9n para consumidores\"}]},{\"@type\":\"WebSite\",\"@id\":\"https:\\\/\\\/www.eldiario.net\\\/portal\\\/#website\",\"url\":\"https:\\\/\\\/www.eldiario.net\\\/portal\\\/\",\"name\":\"El Diario - Decano de la prensa nacional\",\"description\":\"El Diario - Decano de la prensa nacional\",\"publisher\":{\"@id\":\"https:\\\/\\\/www.eldiario.net\\\/portal\\\/#organization\"},\"potentialAction\":[{\"@type\":\"SearchAction\",\"target\":{\"@type\":\"EntryPoint\",\"urlTemplate\":\"https:\\\/\\\/www.eldiario.net\\\/portal\\\/?s={search_term_string}\"},\"query-input\":{\"@type\":\"PropertyValueSpecification\",\"valueRequired\":true,\"valueName\":\"search_term_string\"}}],\"inLanguage\":\"es\"},{\"@type\":\"Organization\",\"@id\":\"https:\\\/\\\/www.eldiario.net\\\/portal\\\/#organization\",\"name\":\"El Diario - Decano de la prensa nacional\",\"url\":\"https:\\\/\\\/www.eldiario.net\\\/portal\\\/\",\"logo\":{\"@type\":\"ImageObject\",\"inLanguage\":\"es\",\"@id\":\"https:\\\/\\\/www.eldiario.net\\\/portal\\\/#\\\/schema\\\/logo\\\/image\\\/\",\"url\":\"https:\\\/\\\/www.eldiario.net\\\/portal\\\/wp-content\\\/uploads\\\/2023\\\/07\\\/logo_ED.jpg\",\"contentUrl\":\"https:\\\/\\\/www.eldiario.net\\\/portal\\\/wp-content\\\/uploads\\\/2023\\\/07\\\/logo_ED.jpg\",\"width\":272,\"height\":52,\"caption\":\"El Diario - Decano de la prensa nacional\"},\"image\":{\"@id\":\"https:\\\/\\\/www.eldiario.net\\\/portal\\\/#\\\/schema\\\/logo\\\/image\\\/\"},\"sameAs\":[\"https:\\\/\\\/www.facebook.com\\\/eldiario.bolivia\\\/\",\"https:\\\/\\\/x.com\\\/eldiario_net\"]},{\"@type\":\"Person\",\"@id\":\"https:\\\/\\\/www.eldiario.net\\\/portal\\\/#\\\/schema\\\/person\\\/f46445640444750d7d753ccd04ae01b7\",\"name\":\"Jeanette\",\"image\":{\"@type\":\"ImageObject\",\"inLanguage\":\"es\",\"@id\":\"https:\\\/\\\/secure.gravatar.com\\\/avatar\\\/3ea2118a5f7dad2b7138b1187a6b7ee55f160b9968b66013c3a3ef39dd7e5798?s=96&d=mm&r=g\",\"url\":\"https:\\\/\\\/secure.gravatar.com\\\/avatar\\\/3ea2118a5f7dad2b7138b1187a6b7ee55f160b9968b66013c3a3ef39dd7e5798?s=96&d=mm&r=g\",\"contentUrl\":\"https:\\\/\\\/secure.gravatar.com\\\/avatar\\\/3ea2118a5f7dad2b7138b1187a6b7ee55f160b9968b66013c3a3ef39dd7e5798?s=96&d=mm&r=g\",\"caption\":\"Jeanette\"},\"sameAs\":[\"https:\\\/\\\/www.eldiario.net\\\/portal\"],\"url\":\"https:\\\/\\\/www.eldiario.net\\\/portal\\\/author\\\/jeanette\\\/\"}]}<\/script>\n<!-- \/ Yoast SEO plugin. -->","yoast_head_json":{"title":"Plantean ampliar impuesto a la coca tambi\u00e9n para consumidores - El Diario - Bolivia","robots":{"index":"index","follow":"follow","max-snippet":"max-snippet:-1","max-image-preview":"max-image-preview:large","max-video-preview":"max-video-preview:-1"},"canonical":"https:\/\/www.eldiario.net\/portal\/2021\/05\/22\/plantean-ampliar-impuesto-a-la-coca-tambien-para-consumidores\/","og_locale":"es_ES","og_type":"article","og_title":"Plantean ampliar impuesto a la coca tambi\u00e9n para consumidores - El Diario - Bolivia","og_description":"Bajo el argumento de que la producci\u00f3n y comercializaci\u00f3n de coca mueve millones de d\u00f3lares al a\u00f1o sin tributar al Estado, el diputado por la agrupaci\u00f3n Creemos, Jos\u00e9 Carlos Guti\u00e9rrez, inform\u00f3 que contin\u00faa elaborando el proyecto de ley para que el sector de los cocaleros pague impuestos por su actividad econ\u00f3mica, adem\u00e1s de ampliar el [&hellip;]","og_url":"https:\/\/www.eldiario.net\/portal\/2021\/05\/22\/plantean-ampliar-impuesto-a-la-coca-tambien-para-consumidores\/","og_site_name":"El Diario - Bolivia","article_publisher":"https:\/\/www.facebook.com\/eldiario.bolivia\/","article_published_time":"2021-05-22T12:04:42+00:00","author":"Jeanette","twitter_card":"summary_large_image","twitter_creator":"@eldiario_net","twitter_site":"@eldiario_net","twitter_misc":{"Escrito por":"Jeanette","Tiempo de lectura":"2 minutos"},"schema":{"@context":"https:\/\/schema.org","@graph":[{"@type":"Article","@id":"https:\/\/www.eldiario.net\/portal\/2021\/05\/22\/plantean-ampliar-impuesto-a-la-coca-tambien-para-consumidores\/#article","isPartOf":{"@id":"https:\/\/www.eldiario.net\/portal\/2021\/05\/22\/plantean-ampliar-impuesto-a-la-coca-tambien-para-consumidores\/"},"author":{"name":"Jeanette","@id":"https:\/\/www.eldiario.net\/portal\/#\/schema\/person\/f46445640444750d7d753ccd04ae01b7"},"headline":"Plantean ampliar impuesto a la coca tambi\u00e9n para consumidores","datePublished":"2021-05-22T12:04:42+00:00","mainEntityOfPage":{"@id":"https:\/\/www.eldiario.net\/portal\/2021\/05\/22\/plantean-ampliar-impuesto-a-la-coca-tambien-para-consumidores\/"},"wordCount":383,"publisher":{"@id":"https:\/\/www.eldiario.net\/portal\/#organization"},"image":{"@id":"https:\/\/www.eldiario.net\/portal\/2021\/05\/22\/plantean-ampliar-impuesto-a-la-coca-tambien-para-consumidores\/#primaryimage"},"thumbnailUrl":"","articleSection":["Pol\u00edtica"],"inLanguage":"es"},{"@type":"WebPage","@id":"https:\/\/www.eldiario.net\/portal\/2021\/05\/22\/plantean-ampliar-impuesto-a-la-coca-tambien-para-consumidores\/","url":"https:\/\/www.eldiario.net\/portal\/2021\/05\/22\/plantean-ampliar-impuesto-a-la-coca-tambien-para-consumidores\/","name":"Plantean ampliar impuesto a la coca tambi\u00e9n para consumidores - El Diario - Bolivia","isPartOf":{"@id":"https:\/\/www.eldiario.net\/portal\/#website"},"primaryImageOfPage":{"@id":"https:\/\/www.eldiario.net\/portal\/2021\/05\/22\/plantean-ampliar-impuesto-a-la-coca-tambien-para-consumidores\/#primaryimage"},"image":{"@id":"https:\/\/www.eldiario.net\/portal\/2021\/05\/22\/plantean-ampliar-impuesto-a-la-coca-tambien-para-consumidores\/#primaryimage"},"thumbnailUrl":"","datePublished":"2021-05-22T12:04:42+00:00","breadcrumb":{"@id":"https:\/\/www.eldiario.net\/portal\/2021\/05\/22\/plantean-ampliar-impuesto-a-la-coca-tambien-para-consumidores\/#breadcrumb"},"inLanguage":"es","potentialAction":[{"@type":"ReadAction","target":["https:\/\/www.eldiario.net\/portal\/2021\/05\/22\/plantean-ampliar-impuesto-a-la-coca-tambien-para-consumidores\/"]}]},{"@type":"ImageObject","inLanguage":"es","@id":"https:\/\/www.eldiario.net\/portal\/2021\/05\/22\/plantean-ampliar-impuesto-a-la-coca-tambien-para-consumidores\/#primaryimage","url":"","contentUrl":""},{"@type":"BreadcrumbList","@id":"https:\/\/www.eldiario.net\/portal\/2021\/05\/22\/plantean-ampliar-impuesto-a-la-coca-tambien-para-consumidores\/#breadcrumb","itemListElement":[{"@type":"ListItem","position":1,"name":"Portada","item":"https:\/\/www.eldiario.net\/portal\/"},{"@type":"ListItem","position":2,"name":"Plantean ampliar impuesto a la coca tambi\u00e9n para consumidores"}]},{"@type":"WebSite","@id":"https:\/\/www.eldiario.net\/portal\/#website","url":"https:\/\/www.eldiario.net\/portal\/","name":"El Diario - Decano de la prensa nacional","description":"El Diario - Decano de la prensa nacional","publisher":{"@id":"https:\/\/www.eldiario.net\/portal\/#organization"},"potentialAction":[{"@type":"SearchAction","target":{"@type":"EntryPoint","urlTemplate":"https:\/\/www.eldiario.net\/portal\/?s={search_term_string}"},"query-input":{"@type":"PropertyValueSpecification","valueRequired":true,"valueName":"search_term_string"}}],"inLanguage":"es"},{"@type":"Organization","@id":"https:\/\/www.eldiario.net\/portal\/#organization","name":"El Diario - Decano de la prensa nacional","url":"https:\/\/www.eldiario.net\/portal\/","logo":{"@type":"ImageObject","inLanguage":"es","@id":"https:\/\/www.eldiario.net\/portal\/#\/schema\/logo\/image\/","url":"https:\/\/www.eldiario.net\/portal\/wp-content\/uploads\/2023\/07\/logo_ED.jpg","contentUrl":"https:\/\/www.eldiario.net\/portal\/wp-content\/uploads\/2023\/07\/logo_ED.jpg","width":272,"height":52,"caption":"El Diario - Decano de la prensa nacional"},"image":{"@id":"https:\/\/www.eldiario.net\/portal\/#\/schema\/logo\/image\/"},"sameAs":["https:\/\/www.facebook.com\/eldiario.bolivia\/","https:\/\/x.com\/eldiario_net"]},{"@type":"Person","@id":"https:\/\/www.eldiario.net\/portal\/#\/schema\/person\/f46445640444750d7d753ccd04ae01b7","name":"Jeanette","image":{"@type":"ImageObject","inLanguage":"es","@id":"https:\/\/secure.gravatar.com\/avatar\/3ea2118a5f7dad2b7138b1187a6b7ee55f160b9968b66013c3a3ef39dd7e5798?s=96&d=mm&r=g","url":"https:\/\/secure.gravatar.com\/avatar\/3ea2118a5f7dad2b7138b1187a6b7ee55f160b9968b66013c3a3ef39dd7e5798?s=96&d=mm&r=g","contentUrl":"https:\/\/secure.gravatar.com\/avatar\/3ea2118a5f7dad2b7138b1187a6b7ee55f160b9968b66013c3a3ef39dd7e5798?s=96&d=mm&r=g","caption":"Jeanette"},"sameAs":["https:\/\/www.eldiario.net\/portal"],"url":"https:\/\/www.eldiario.net\/portal\/author\/jeanette\/"}]}},"_links":{"self":[{"href":"https:\/\/www.eldiario.net\/portal\/wp-json\/wp\/v2\/posts\/5549","targetHints":{"allow":["GET"]}}],"collection":[{"href":"https:\/\/www.eldiario.net\/portal\/wp-json\/wp\/v2\/posts"}],"about":[{"href":"https:\/\/www.eldiario.net\/portal\/wp-json\/wp\/v2\/types\/post"}],"author":[{"embeddable":true,"href":"https:\/\/www.eldiario.net\/portal\/wp-json\/wp\/v2\/users\/1"}],"replies":[{"embeddable":true,"href":"https:\/\/www.eldiario.net\/portal\/wp-json\/wp\/v2\/comments?post=5549"}],"version-history":[{"count":0,"href":"https:\/\/www.eldiario.net\/portal\/wp-json\/wp\/v2\/posts\/5549\/revisions"}],"wp:attachment":[{"href":"https:\/\/www.eldiario.net\/portal\/wp-json\/wp\/v2\/media?parent=5549"}],"wp:term":[{"taxonomy":"category","embeddable":true,"href":"https:\/\/www.eldiario.net\/portal\/wp-json\/wp\/v2\/categories?post=5549"},{"taxonomy":"post_tag","embeddable":true,"href":"https:\/\/www.eldiario.net\/portal\/wp-json\/wp\/v2\/tags?post=5549"}],"curies":[{"name":"wp","href":"https:\/\/api.w.org\/{rel}","templated":true}]}}