{"id":5546,"date":"2021-05-22T08:03:12","date_gmt":"2021-05-22T12:03:12","guid":{"rendered":"https:\/\/www.eldiario.net\/portal\/?p=5546"},"modified":"2021-05-22T08:03:12","modified_gmt":"2021-05-22T12:03:12","slug":"demandan-que-costos-de-atencion-en-uti-sean-asumidos-por-sus","status":"publish","type":"post","link":"https:\/\/www.eldiario.net\/portal\/2021\/05\/22\/demandan-que-costos-de-atencion-en-uti-sean-asumidos-por-sus\/","title":{"rendered":"Demandan que costos de atenci\u00f3n  en UTI sean asumidos por SUS"},"content":{"rendered":"<p>Se\u00f1alan que m\u00e1s all\u00e1 de los costos por el uso de estas unidades, tambi\u00e9n se debe considerar la escasa existencia de algunos de los medicamentos requeridos en las etapas graves de coronavirus, situaci\u00f3n que complica a\u00fan m\u00e1s el dolor de las familias.<br \/>\nPor los altos costos que representa el tratamiento y el uso de Unidades de Terapia Intensiva (UTI) para las personas y familias que tienen a uno de su miembros contagiado con coronavirus en un centro m\u00e9dico, el diputado por la agrupaci\u00f3n Comunidad Ciudadana (CC) Alejandro Reyes, pidi\u00f3 que los gastos de la terapia intensiva sean asumidos por el Seguro Universal de Salud (SUS).<br \/>\nReyes se\u00f1al\u00f3 que los costos de pagar una unidad de cuidados intensivos en cualquier centro m\u00e9dico del pa\u00eds se ha convertido pr\u00e1cticamente en un calvario para enfermos, familiares y amigos de los pacientes Covid-19, por lo que plante\u00f3 que estos gastos sean absorbidos por el Estado.<br \/>\nSostuvo que m\u00e1s all\u00e1 de los costos por el uso de estas unidades, tambi\u00e9n se debe considerar la escasa existencia de algunos de los medicamentos requeridos en las etapas graves de coronavirus, situaci\u00f3n que complica a\u00fan m\u00e1s el dolor de las familias.<br \/>\n\u201cPedir que el Gobierno, a trav\u00e9s del SUS, cubra los medicamentos requeridos para las UTIs que son cobrados a los pacientes, a los familiares y que son ellos los que tienen que vivir este calvario todos los d\u00edas para encontrar recursos y para encontrar medicamentos que son escasos\u201d dijo.<br \/>\nReyes, adem\u00e1s, manifest\u00f3 que es necesario que todos los niveles de Gobierno coordinen para garantizar la provisi\u00f3n oportuna de medicamentos para los familiares de enfermos internados en cuidados intensivos.<br \/>\n\u201cDonde haya un Hospital Centinela que le est\u00e9 haciendo frente al coronavirus, tiene que haber un stock de medicamentos para evitar el sufrimiento de las familias y garantizar el suministro. Exigimos que el Estado cumpla la obligaci\u00f3n de garantizar el acceso libre, oportuno y digno a la salud que es lo que no est\u00e1 cumpliendo con los enfermos\u201d, manifest\u00f3.<br \/>\nPor su parte, el diputado oficialista, Juanito Angulo, manifest\u00f3 su respaldo al planteamiento, y pidi\u00f3 que se trabaje para implementarlo.<br \/>\n\u201cEs parte de la atenci\u00f3n, es parte del servicio. Se tiene que profundizar, se tiene que trabajar para beneficiar a la poblaci\u00f3n. No sabemos cu\u00e1ndo va desaparecer, como bancada vamos a garantizar que se pueda atender en todos los niveles del sistema de salud p\u00fablica para que sea gratuita\u201d se\u00f1al\u00f3.<br \/>\nIndic\u00f3 que espera que esta iniciativa goce del apoyo de las bancadas que conforman el Legislativo y de los sectores implicados, como el de la salud.<\/p>\n","protected":false},"excerpt":{"rendered":"<p>Se\u00f1alan que m\u00e1s all\u00e1 de los costos por el uso de estas unidades, tambi\u00e9n se debe considerar la escasa existencia de algunos de los medicamentos requeridos en las etapas graves de coronavirus, situaci\u00f3n que complica a\u00fan m\u00e1s el dolor de las familias. Por los altos costos que representa el tratamiento y el uso de Unidades [&hellip;]<\/p>\n","protected":false},"author":1,"featured_media":5547,"comment_status":"closed","ping_status":"closed","sticky":false,"template":"","format":"standard","meta":{"_acf_changed":false,"footnotes":""},"categories":[14],"tags":[],"class_list":["post-5546","post","type-post","status-publish","format-standard","has-post-thumbnail","category-politica"],"acf":{"antetitulo":""},"yoast_head":"<!-- This site is optimized with the Yoast SEO plugin v28.3 - https:\/\/yoast.com\/product\/yoast-seo-wordpress\/ -->\n<title>Demandan que costos de atenci\u00f3n en UTI sean asumidos por SUS - El Diario - Bolivia<\/title>\n<meta name=\"robots\" content=\"index, follow, max-snippet:-1, max-image-preview:large, max-video-preview:-1\" \/>\n<link rel=\"canonical\" href=\"https:\/\/www.eldiario.net\/portal\/2021\/05\/22\/demandan-que-costos-de-atencion-en-uti-sean-asumidos-por-sus\/\" \/>\n<meta property=\"og:locale\" content=\"es_ES\" \/>\n<meta property=\"og:type\" content=\"article\" \/>\n<meta property=\"og:title\" content=\"Demandan que costos de atenci\u00f3n en UTI sean asumidos por SUS - El Diario - Bolivia\" \/>\n<meta property=\"og:description\" content=\"Se\u00f1alan que m\u00e1s all\u00e1 de los costos por el uso de estas unidades, tambi\u00e9n se debe considerar la escasa existencia de algunos de los medicamentos requeridos en las etapas graves de coronavirus, situaci\u00f3n que complica a\u00fan m\u00e1s el dolor de las familias. Por los altos costos que representa el tratamiento y el uso de Unidades [&hellip;]\" \/>\n<meta property=\"og:url\" content=\"https:\/\/www.eldiario.net\/portal\/2021\/05\/22\/demandan-que-costos-de-atencion-en-uti-sean-asumidos-por-sus\/\" \/>\n<meta property=\"og:site_name\" content=\"El Diario - Bolivia\" \/>\n<meta property=\"article:publisher\" content=\"https:\/\/www.facebook.com\/eldiario.bolivia\/\" \/>\n<meta property=\"article:published_time\" content=\"2021-05-22T12:03:12+00:00\" \/>\n<meta name=\"author\" content=\"Jeanette\" \/>\n<meta name=\"twitter:card\" content=\"summary_large_image\" \/>\n<meta name=\"twitter:creator\" content=\"@eldiario_net\" \/>\n<meta name=\"twitter:site\" content=\"@eldiario_net\" \/>\n<meta name=\"twitter:label1\" content=\"Escrito por\" \/>\n\t<meta name=\"twitter:data1\" content=\"Jeanette\" \/>\n\t<meta name=\"twitter:label2\" content=\"Tiempo de lectura\" \/>\n\t<meta name=\"twitter:data2\" content=\"2 minutos\" \/>\n<script type=\"application\/ld+json\" class=\"yoast-schema-graph\">{\"@context\":\"https:\\\/\\\/schema.org\",\"@graph\":[{\"@type\":\"Article\",\"@id\":\"https:\\\/\\\/www.eldiario.net\\\/portal\\\/2021\\\/05\\\/22\\\/demandan-que-costos-de-atencion-en-uti-sean-asumidos-por-sus\\\/#article\",\"isPartOf\":{\"@id\":\"https:\\\/\\\/www.eldiario.net\\\/portal\\\/2021\\\/05\\\/22\\\/demandan-que-costos-de-atencion-en-uti-sean-asumidos-por-sus\\\/\"},\"author\":{\"name\":\"Jeanette\",\"@id\":\"https:\\\/\\\/www.eldiario.net\\\/portal\\\/#\\\/schema\\\/person\\\/f46445640444750d7d753ccd04ae01b7\"},\"headline\":\"Demandan que costos de atenci\u00f3n en UTI sean asumidos por SUS\",\"datePublished\":\"2021-05-22T12:03:12+00:00\",\"mainEntityOfPage\":{\"@id\":\"https:\\\/\\\/www.eldiario.net\\\/portal\\\/2021\\\/05\\\/22\\\/demandan-que-costos-de-atencion-en-uti-sean-asumidos-por-sus\\\/\"},\"wordCount\":465,\"publisher\":{\"@id\":\"https:\\\/\\\/www.eldiario.net\\\/portal\\\/#organization\"},\"image\":{\"@id\":\"https:\\\/\\\/www.eldiario.net\\\/portal\\\/2021\\\/05\\\/22\\\/demandan-que-costos-de-atencion-en-uti-sean-asumidos-por-sus\\\/#primaryimage\"},\"thumbnailUrl\":\"\",\"articleSection\":[\"Pol\u00edtica\"],\"inLanguage\":\"es\"},{\"@type\":\"WebPage\",\"@id\":\"https:\\\/\\\/www.eldiario.net\\\/portal\\\/2021\\\/05\\\/22\\\/demandan-que-costos-de-atencion-en-uti-sean-asumidos-por-sus\\\/\",\"url\":\"https:\\\/\\\/www.eldiario.net\\\/portal\\\/2021\\\/05\\\/22\\\/demandan-que-costos-de-atencion-en-uti-sean-asumidos-por-sus\\\/\",\"name\":\"Demandan que costos de atenci\u00f3n en UTI sean asumidos por SUS - El Diario - Bolivia\",\"isPartOf\":{\"@id\":\"https:\\\/\\\/www.eldiario.net\\\/portal\\\/#website\"},\"primaryImageOfPage\":{\"@id\":\"https:\\\/\\\/www.eldiario.net\\\/portal\\\/2021\\\/05\\\/22\\\/demandan-que-costos-de-atencion-en-uti-sean-asumidos-por-sus\\\/#primaryimage\"},\"image\":{\"@id\":\"https:\\\/\\\/www.eldiario.net\\\/portal\\\/2021\\\/05\\\/22\\\/demandan-que-costos-de-atencion-en-uti-sean-asumidos-por-sus\\\/#primaryimage\"},\"thumbnailUrl\":\"\",\"datePublished\":\"2021-05-22T12:03:12+00:00\",\"breadcrumb\":{\"@id\":\"https:\\\/\\\/www.eldiario.net\\\/portal\\\/2021\\\/05\\\/22\\\/demandan-que-costos-de-atencion-en-uti-sean-asumidos-por-sus\\\/#breadcrumb\"},\"inLanguage\":\"es\",\"potentialAction\":[{\"@type\":\"ReadAction\",\"target\":[\"https:\\\/\\\/www.eldiario.net\\\/portal\\\/2021\\\/05\\\/22\\\/demandan-que-costos-de-atencion-en-uti-sean-asumidos-por-sus\\\/\"]}]},{\"@type\":\"ImageObject\",\"inLanguage\":\"es\",\"@id\":\"https:\\\/\\\/www.eldiario.net\\\/portal\\\/2021\\\/05\\\/22\\\/demandan-que-costos-de-atencion-en-uti-sean-asumidos-por-sus\\\/#primaryimage\",\"url\":\"\",\"contentUrl\":\"\"},{\"@type\":\"BreadcrumbList\",\"@id\":\"https:\\\/\\\/www.eldiario.net\\\/portal\\\/2021\\\/05\\\/22\\\/demandan-que-costos-de-atencion-en-uti-sean-asumidos-por-sus\\\/#breadcrumb\",\"itemListElement\":[{\"@type\":\"ListItem\",\"position\":1,\"name\":\"Portada\",\"item\":\"https:\\\/\\\/www.eldiario.net\\\/portal\\\/\"},{\"@type\":\"ListItem\",\"position\":2,\"name\":\"Demandan que costos de atenci\u00f3n en UTI sean asumidos por SUS\"}]},{\"@type\":\"WebSite\",\"@id\":\"https:\\\/\\\/www.eldiario.net\\\/portal\\\/#website\",\"url\":\"https:\\\/\\\/www.eldiario.net\\\/portal\\\/\",\"name\":\"El Diario - Decano de la prensa nacional\",\"description\":\"El Diario - Decano de la prensa nacional\",\"publisher\":{\"@id\":\"https:\\\/\\\/www.eldiario.net\\\/portal\\\/#organization\"},\"potentialAction\":[{\"@type\":\"SearchAction\",\"target\":{\"@type\":\"EntryPoint\",\"urlTemplate\":\"https:\\\/\\\/www.eldiario.net\\\/portal\\\/?s={search_term_string}\"},\"query-input\":{\"@type\":\"PropertyValueSpecification\",\"valueRequired\":true,\"valueName\":\"search_term_string\"}}],\"inLanguage\":\"es\"},{\"@type\":\"Organization\",\"@id\":\"https:\\\/\\\/www.eldiario.net\\\/portal\\\/#organization\",\"name\":\"El Diario - Decano de la prensa nacional\",\"url\":\"https:\\\/\\\/www.eldiario.net\\\/portal\\\/\",\"logo\":{\"@type\":\"ImageObject\",\"inLanguage\":\"es\",\"@id\":\"https:\\\/\\\/www.eldiario.net\\\/portal\\\/#\\\/schema\\\/logo\\\/image\\\/\",\"url\":\"https:\\\/\\\/www.eldiario.net\\\/portal\\\/wp-content\\\/uploads\\\/2023\\\/07\\\/logo_ED.jpg\",\"contentUrl\":\"https:\\\/\\\/www.eldiario.net\\\/portal\\\/wp-content\\\/uploads\\\/2023\\\/07\\\/logo_ED.jpg\",\"width\":272,\"height\":52,\"caption\":\"El Diario - Decano de la prensa nacional\"},\"image\":{\"@id\":\"https:\\\/\\\/www.eldiario.net\\\/portal\\\/#\\\/schema\\\/logo\\\/image\\\/\"},\"sameAs\":[\"https:\\\/\\\/www.facebook.com\\\/eldiario.bolivia\\\/\",\"https:\\\/\\\/x.com\\\/eldiario_net\"]},{\"@type\":\"Person\",\"@id\":\"https:\\\/\\\/www.eldiario.net\\\/portal\\\/#\\\/schema\\\/person\\\/f46445640444750d7d753ccd04ae01b7\",\"name\":\"Jeanette\",\"image\":{\"@type\":\"ImageObject\",\"inLanguage\":\"es\",\"@id\":\"https:\\\/\\\/secure.gravatar.com\\\/avatar\\\/3ea2118a5f7dad2b7138b1187a6b7ee55f160b9968b66013c3a3ef39dd7e5798?s=96&d=mm&r=g\",\"url\":\"https:\\\/\\\/secure.gravatar.com\\\/avatar\\\/3ea2118a5f7dad2b7138b1187a6b7ee55f160b9968b66013c3a3ef39dd7e5798?s=96&d=mm&r=g\",\"contentUrl\":\"https:\\\/\\\/secure.gravatar.com\\\/avatar\\\/3ea2118a5f7dad2b7138b1187a6b7ee55f160b9968b66013c3a3ef39dd7e5798?s=96&d=mm&r=g\",\"caption\":\"Jeanette\"},\"sameAs\":[\"https:\\\/\\\/www.eldiario.net\\\/portal\"],\"url\":\"https:\\\/\\\/www.eldiario.net\\\/portal\\\/author\\\/jeanette\\\/\"}]}<\/script>\n<!-- \/ Yoast SEO plugin. -->","yoast_head_json":{"title":"Demandan que costos de atenci\u00f3n en UTI sean asumidos por SUS - El Diario - Bolivia","robots":{"index":"index","follow":"follow","max-snippet":"max-snippet:-1","max-image-preview":"max-image-preview:large","max-video-preview":"max-video-preview:-1"},"canonical":"https:\/\/www.eldiario.net\/portal\/2021\/05\/22\/demandan-que-costos-de-atencion-en-uti-sean-asumidos-por-sus\/","og_locale":"es_ES","og_type":"article","og_title":"Demandan que costos de atenci\u00f3n en UTI sean asumidos por SUS - El Diario - Bolivia","og_description":"Se\u00f1alan que m\u00e1s all\u00e1 de los costos por el uso de estas unidades, tambi\u00e9n se debe considerar la escasa existencia de algunos de los medicamentos requeridos en las etapas graves de coronavirus, situaci\u00f3n que complica a\u00fan m\u00e1s el dolor de las familias. Por los altos costos que representa el tratamiento y el uso de Unidades [&hellip;]","og_url":"https:\/\/www.eldiario.net\/portal\/2021\/05\/22\/demandan-que-costos-de-atencion-en-uti-sean-asumidos-por-sus\/","og_site_name":"El Diario - Bolivia","article_publisher":"https:\/\/www.facebook.com\/eldiario.bolivia\/","article_published_time":"2021-05-22T12:03:12+00:00","author":"Jeanette","twitter_card":"summary_large_image","twitter_creator":"@eldiario_net","twitter_site":"@eldiario_net","twitter_misc":{"Escrito por":"Jeanette","Tiempo de lectura":"2 minutos"},"schema":{"@context":"https:\/\/schema.org","@graph":[{"@type":"Article","@id":"https:\/\/www.eldiario.net\/portal\/2021\/05\/22\/demandan-que-costos-de-atencion-en-uti-sean-asumidos-por-sus\/#article","isPartOf":{"@id":"https:\/\/www.eldiario.net\/portal\/2021\/05\/22\/demandan-que-costos-de-atencion-en-uti-sean-asumidos-por-sus\/"},"author":{"name":"Jeanette","@id":"https:\/\/www.eldiario.net\/portal\/#\/schema\/person\/f46445640444750d7d753ccd04ae01b7"},"headline":"Demandan que costos de atenci\u00f3n en UTI sean asumidos por SUS","datePublished":"2021-05-22T12:03:12+00:00","mainEntityOfPage":{"@id":"https:\/\/www.eldiario.net\/portal\/2021\/05\/22\/demandan-que-costos-de-atencion-en-uti-sean-asumidos-por-sus\/"},"wordCount":465,"publisher":{"@id":"https:\/\/www.eldiario.net\/portal\/#organization"},"image":{"@id":"https:\/\/www.eldiario.net\/portal\/2021\/05\/22\/demandan-que-costos-de-atencion-en-uti-sean-asumidos-por-sus\/#primaryimage"},"thumbnailUrl":"","articleSection":["Pol\u00edtica"],"inLanguage":"es"},{"@type":"WebPage","@id":"https:\/\/www.eldiario.net\/portal\/2021\/05\/22\/demandan-que-costos-de-atencion-en-uti-sean-asumidos-por-sus\/","url":"https:\/\/www.eldiario.net\/portal\/2021\/05\/22\/demandan-que-costos-de-atencion-en-uti-sean-asumidos-por-sus\/","name":"Demandan que costos de atenci\u00f3n en UTI sean asumidos por SUS - El Diario - Bolivia","isPartOf":{"@id":"https:\/\/www.eldiario.net\/portal\/#website"},"primaryImageOfPage":{"@id":"https:\/\/www.eldiario.net\/portal\/2021\/05\/22\/demandan-que-costos-de-atencion-en-uti-sean-asumidos-por-sus\/#primaryimage"},"image":{"@id":"https:\/\/www.eldiario.net\/portal\/2021\/05\/22\/demandan-que-costos-de-atencion-en-uti-sean-asumidos-por-sus\/#primaryimage"},"thumbnailUrl":"","datePublished":"2021-05-22T12:03:12+00:00","breadcrumb":{"@id":"https:\/\/www.eldiario.net\/portal\/2021\/05\/22\/demandan-que-costos-de-atencion-en-uti-sean-asumidos-por-sus\/#breadcrumb"},"inLanguage":"es","potentialAction":[{"@type":"ReadAction","target":["https:\/\/www.eldiario.net\/portal\/2021\/05\/22\/demandan-que-costos-de-atencion-en-uti-sean-asumidos-por-sus\/"]}]},{"@type":"ImageObject","inLanguage":"es","@id":"https:\/\/www.eldiario.net\/portal\/2021\/05\/22\/demandan-que-costos-de-atencion-en-uti-sean-asumidos-por-sus\/#primaryimage","url":"","contentUrl":""},{"@type":"BreadcrumbList","@id":"https:\/\/www.eldiario.net\/portal\/2021\/05\/22\/demandan-que-costos-de-atencion-en-uti-sean-asumidos-por-sus\/#breadcrumb","itemListElement":[{"@type":"ListItem","position":1,"name":"Portada","item":"https:\/\/www.eldiario.net\/portal\/"},{"@type":"ListItem","position":2,"name":"Demandan que costos de atenci\u00f3n en UTI sean asumidos por SUS"}]},{"@type":"WebSite","@id":"https:\/\/www.eldiario.net\/portal\/#website","url":"https:\/\/www.eldiario.net\/portal\/","name":"El Diario - Decano de la prensa nacional","description":"El Diario - Decano de la prensa nacional","publisher":{"@id":"https:\/\/www.eldiario.net\/portal\/#organization"},"potentialAction":[{"@type":"SearchAction","target":{"@type":"EntryPoint","urlTemplate":"https:\/\/www.eldiario.net\/portal\/?s={search_term_string}"},"query-input":{"@type":"PropertyValueSpecification","valueRequired":true,"valueName":"search_term_string"}}],"inLanguage":"es"},{"@type":"Organization","@id":"https:\/\/www.eldiario.net\/portal\/#organization","name":"El Diario - Decano de la prensa nacional","url":"https:\/\/www.eldiario.net\/portal\/","logo":{"@type":"ImageObject","inLanguage":"es","@id":"https:\/\/www.eldiario.net\/portal\/#\/schema\/logo\/image\/","url":"https:\/\/www.eldiario.net\/portal\/wp-content\/uploads\/2023\/07\/logo_ED.jpg","contentUrl":"https:\/\/www.eldiario.net\/portal\/wp-content\/uploads\/2023\/07\/logo_ED.jpg","width":272,"height":52,"caption":"El Diario - Decano de la prensa nacional"},"image":{"@id":"https:\/\/www.eldiario.net\/portal\/#\/schema\/logo\/image\/"},"sameAs":["https:\/\/www.facebook.com\/eldiario.bolivia\/","https:\/\/x.com\/eldiario_net"]},{"@type":"Person","@id":"https:\/\/www.eldiario.net\/portal\/#\/schema\/person\/f46445640444750d7d753ccd04ae01b7","name":"Jeanette","image":{"@type":"ImageObject","inLanguage":"es","@id":"https:\/\/secure.gravatar.com\/avatar\/3ea2118a5f7dad2b7138b1187a6b7ee55f160b9968b66013c3a3ef39dd7e5798?s=96&d=mm&r=g","url":"https:\/\/secure.gravatar.com\/avatar\/3ea2118a5f7dad2b7138b1187a6b7ee55f160b9968b66013c3a3ef39dd7e5798?s=96&d=mm&r=g","contentUrl":"https:\/\/secure.gravatar.com\/avatar\/3ea2118a5f7dad2b7138b1187a6b7ee55f160b9968b66013c3a3ef39dd7e5798?s=96&d=mm&r=g","caption":"Jeanette"},"sameAs":["https:\/\/www.eldiario.net\/portal"],"url":"https:\/\/www.eldiario.net\/portal\/author\/jeanette\/"}]}},"_links":{"self":[{"href":"https:\/\/www.eldiario.net\/portal\/wp-json\/wp\/v2\/posts\/5546","targetHints":{"allow":["GET"]}}],"collection":[{"href":"https:\/\/www.eldiario.net\/portal\/wp-json\/wp\/v2\/posts"}],"about":[{"href":"https:\/\/www.eldiario.net\/portal\/wp-json\/wp\/v2\/types\/post"}],"author":[{"embeddable":true,"href":"https:\/\/www.eldiario.net\/portal\/wp-json\/wp\/v2\/users\/1"}],"replies":[{"embeddable":true,"href":"https:\/\/www.eldiario.net\/portal\/wp-json\/wp\/v2\/comments?post=5546"}],"version-history":[{"count":0,"href":"https:\/\/www.eldiario.net\/portal\/wp-json\/wp\/v2\/posts\/5546\/revisions"}],"wp:attachment":[{"href":"https:\/\/www.eldiario.net\/portal\/wp-json\/wp\/v2\/media?parent=5546"}],"wp:term":[{"taxonomy":"category","embeddable":true,"href":"https:\/\/www.eldiario.net\/portal\/wp-json\/wp\/v2\/categories?post=5546"},{"taxonomy":"post_tag","embeddable":true,"href":"https:\/\/www.eldiario.net\/portal\/wp-json\/wp\/v2\/tags?post=5546"}],"curies":[{"name":"wp","href":"https:\/\/api.w.org\/{rel}","templated":true}]}}