{"id":5543,"date":"2021-05-22T08:02:18","date_gmt":"2021-05-22T12:02:18","guid":{"rendered":"https:\/\/www.eldiario.net\/portal\/?p=5543"},"modified":"2021-05-22T08:02:18","modified_gmt":"2021-05-22T12:02:18","slug":"oficialismo-descarta-aplicacion-de-una-nueva-cuarentena-rigida","status":"publish","type":"post","link":"https:\/\/www.eldiario.net\/portal\/2021\/05\/22\/oficialismo-descarta-aplicacion-de-una-nueva-cuarentena-rigida\/","title":{"rendered":"Oficialismo descarta aplicaci\u00f3n  de una nueva cuarentena r\u00edgida"},"content":{"rendered":"<p>Ante anuncios sobre el endurecimiento de medidas de restricci\u00f3n en varias regiones del pa\u00eds para frenar la escalada casos positivos por coronavirus a causa de la tercera ola de contagios, autoridades de Gobierno y legisladores oficialistas se\u00f1alaron que la posibilidad de declarar una nueva cuarentena r\u00edgida afectar\u00eda a la reactivaci\u00f3n econ\u00f3mica del pa\u00eds.<br \/>\nPor el recrudecimiento de contagios a causa de las nuevas cepas y variantes del virus, distintos gobiernos de la regi\u00f3n est\u00e1n adoptando formas m\u00e1s r\u00edgidas de controlar la expansi\u00f3n de casos, como ocurre en el vecino pa\u00eds de Argentina. En el \u00e1mbito nacional, desde los gobiernos subnacionales surgen anuncios de incrementar las restricciones.<br \/>\nAl respecto, el presidente de la C\u00e1mara de Diputados, Freddy Mamani Laura, se\u00f1al\u00f3 que la declaratoria de un nuevo confinamiento para la ciudadan\u00eda significar\u00eda un grave error, pues de esta forma se afectar\u00eda gravemente a la econom\u00eda.<br \/>\n\u201cUna cuarentena r\u00edgida en estos momentos ser\u00eda el peor error que cometer\u00edamos con relaci\u00f3n al tema de la reactivaci\u00f3n econ\u00f3mica\u201d, dijo.<br \/>\nPor su parte, la ministra de la Presidencia, Mar\u00eda Nela Prada, neg\u00f3 que desde el Gobierno se est\u00e9 contemplando esta posibilidad, debido a las graves consecuencias que trajo la experiencia vivida en el a\u00f1o 2020.<br \/>\n\u201cEn ese sentido, vamos a hacer muy responsables por el hecho de que el a\u00f1o pasado se ha visto lo que sucedi\u00f3 con la cuarentena r\u00edgida en un pa\u00eds como el nuestro y, como siempre lo dec\u00eda el hermano presidente Luis Arce, cada pa\u00eds, cada realidad es distinta nosotros no podemos tomar medidas que est\u00e9n alejadas de la realidad econ\u00f3mica, social, cultural de nuestra poblaci\u00f3n\u201d manifest\u00f3 la autoridad.<br \/>\nDesde la oposici\u00f3n, el diputado de Comunidad Ciudadana, Alejandro Reyes, se sum\u00f3 a la postura de buscar otras alternativas a la cuarentena r\u00edgida por el da\u00f1o que se provocar\u00eda a la econom\u00eda de la poblaci\u00f3n y por existir otras medidas alternativas antes que una determinaci\u00f3n tan radical.<br \/>\n\u201cLa cuarentena r\u00edgida tiene que ser una \u00faltima opci\u00f3n, a nivel internacional se siguen manejando medidas de contenci\u00f3n de la pandemia. Nosotros tenemos que avanzar en contener a la pandemia, y una cuarentena r\u00edgida ciertamente es la \u00faltima opci\u00f3n\u201d, manifest\u00f3.<br \/>\nPidi\u00f3 considerar la posibilidad de decretar medidas como horarios de trabajo continuos o prohibir aglomeraciones en lugares p\u00fablicos. Cuestion\u00f3 que desde el Gobierno se siga esperando que los escenarios tr\u00e1gicos sucedan antes que optar por una pol\u00edtica de prevenci\u00f3n.<\/p>\n","protected":false},"excerpt":{"rendered":"<p>Ante anuncios sobre el endurecimiento de medidas de restricci\u00f3n en varias regiones del pa\u00eds para frenar la escalada casos positivos por coronavirus a causa de la tercera ola de contagios, autoridades de Gobierno y legisladores oficialistas se\u00f1alaron que la posibilidad de declarar una nueva cuarentena r\u00edgida afectar\u00eda a la reactivaci\u00f3n econ\u00f3mica del pa\u00eds. Por el [&hellip;]<\/p>\n","protected":false},"author":1,"featured_media":5544,"comment_status":"closed","ping_status":"closed","sticky":false,"template":"","format":"standard","meta":{"_acf_changed":false,"footnotes":""},"categories":[14],"tags":[],"class_list":["post-5543","post","type-post","status-publish","format-standard","has-post-thumbnail","category-politica"],"acf":{"antetitulo":""},"yoast_head":"<!-- This site is optimized with the Yoast SEO plugin v28.3 - https:\/\/yoast.com\/product\/yoast-seo-wordpress\/ -->\n<title>Oficialismo descarta aplicaci\u00f3n de una nueva cuarentena r\u00edgida - El Diario - Bolivia<\/title>\n<meta name=\"robots\" content=\"index, follow, max-snippet:-1, max-image-preview:large, max-video-preview:-1\" \/>\n<link rel=\"canonical\" href=\"https:\/\/www.eldiario.net\/portal\/2021\/05\/22\/oficialismo-descarta-aplicacion-de-una-nueva-cuarentena-rigida\/\" \/>\n<meta property=\"og:locale\" content=\"es_ES\" \/>\n<meta property=\"og:type\" content=\"article\" \/>\n<meta property=\"og:title\" content=\"Oficialismo descarta aplicaci\u00f3n de una nueva cuarentena r\u00edgida - El Diario - Bolivia\" \/>\n<meta property=\"og:description\" content=\"Ante anuncios sobre el endurecimiento de medidas de restricci\u00f3n en varias regiones del pa\u00eds para frenar la escalada casos positivos por coronavirus a causa de la tercera ola de contagios, autoridades de Gobierno y legisladores oficialistas se\u00f1alaron que la posibilidad de declarar una nueva cuarentena r\u00edgida afectar\u00eda a la reactivaci\u00f3n econ\u00f3mica del pa\u00eds. Por el [&hellip;]\" \/>\n<meta property=\"og:url\" content=\"https:\/\/www.eldiario.net\/portal\/2021\/05\/22\/oficialismo-descarta-aplicacion-de-una-nueva-cuarentena-rigida\/\" \/>\n<meta property=\"og:site_name\" content=\"El Diario - Bolivia\" \/>\n<meta property=\"article:publisher\" content=\"https:\/\/www.facebook.com\/eldiario.bolivia\/\" \/>\n<meta property=\"article:published_time\" content=\"2021-05-22T12:02:18+00:00\" \/>\n<meta property=\"og:image\" content=\"https:\/\/www.eldiario.net\/portal\/wp-content\/uploads\/2021\/05\/Pol-226.jpg\" \/>\n\t<meta property=\"og:image:width\" content=\"720\" \/>\n\t<meta property=\"og:image:height\" content=\"380\" \/>\n\t<meta property=\"og:image:type\" content=\"image\/jpeg\" \/>\n<meta name=\"author\" content=\"Jeanette\" \/>\n<meta name=\"twitter:card\" content=\"summary_large_image\" \/>\n<meta name=\"twitter:creator\" content=\"@eldiario_net\" \/>\n<meta name=\"twitter:site\" content=\"@eldiario_net\" \/>\n<meta name=\"twitter:label1\" content=\"Escrito por\" \/>\n\t<meta name=\"twitter:data1\" content=\"Jeanette\" \/>\n\t<meta name=\"twitter:label2\" content=\"Tiempo de lectura\" \/>\n\t<meta name=\"twitter:data2\" content=\"2 minutos\" \/>\n<script type=\"application\/ld+json\" class=\"yoast-schema-graph\">{\"@context\":\"https:\\\/\\\/schema.org\",\"@graph\":[{\"@type\":\"Article\",\"@id\":\"https:\\\/\\\/www.eldiario.net\\\/portal\\\/2021\\\/05\\\/22\\\/oficialismo-descarta-aplicacion-de-una-nueva-cuarentena-rigida\\\/#article\",\"isPartOf\":{\"@id\":\"https:\\\/\\\/www.eldiario.net\\\/portal\\\/2021\\\/05\\\/22\\\/oficialismo-descarta-aplicacion-de-una-nueva-cuarentena-rigida\\\/\"},\"author\":{\"name\":\"Jeanette\",\"@id\":\"https:\\\/\\\/www.eldiario.net\\\/portal\\\/#\\\/schema\\\/person\\\/f46445640444750d7d753ccd04ae01b7\"},\"headline\":\"Oficialismo descarta aplicaci\u00f3n de una nueva cuarentena r\u00edgida\",\"datePublished\":\"2021-05-22T12:02:18+00:00\",\"mainEntityOfPage\":{\"@id\":\"https:\\\/\\\/www.eldiario.net\\\/portal\\\/2021\\\/05\\\/22\\\/oficialismo-descarta-aplicacion-de-una-nueva-cuarentena-rigida\\\/\"},\"wordCount\":454,\"publisher\":{\"@id\":\"https:\\\/\\\/www.eldiario.net\\\/portal\\\/#organization\"},\"image\":{\"@id\":\"https:\\\/\\\/www.eldiario.net\\\/portal\\\/2021\\\/05\\\/22\\\/oficialismo-descarta-aplicacion-de-una-nueva-cuarentena-rigida\\\/#primaryimage\"},\"thumbnailUrl\":\"https:\\\/\\\/www.eldiario.net\\\/portal\\\/wp-content\\\/uploads\\\/2021\\\/05\\\/Pol-226.jpg\",\"articleSection\":[\"Pol\u00edtica\"],\"inLanguage\":\"es\"},{\"@type\":\"WebPage\",\"@id\":\"https:\\\/\\\/www.eldiario.net\\\/portal\\\/2021\\\/05\\\/22\\\/oficialismo-descarta-aplicacion-de-una-nueva-cuarentena-rigida\\\/\",\"url\":\"https:\\\/\\\/www.eldiario.net\\\/portal\\\/2021\\\/05\\\/22\\\/oficialismo-descarta-aplicacion-de-una-nueva-cuarentena-rigida\\\/\",\"name\":\"Oficialismo descarta aplicaci\u00f3n de una nueva cuarentena r\u00edgida - El Diario - Bolivia\",\"isPartOf\":{\"@id\":\"https:\\\/\\\/www.eldiario.net\\\/portal\\\/#website\"},\"primaryImageOfPage\":{\"@id\":\"https:\\\/\\\/www.eldiario.net\\\/portal\\\/2021\\\/05\\\/22\\\/oficialismo-descarta-aplicacion-de-una-nueva-cuarentena-rigida\\\/#primaryimage\"},\"image\":{\"@id\":\"https:\\\/\\\/www.eldiario.net\\\/portal\\\/2021\\\/05\\\/22\\\/oficialismo-descarta-aplicacion-de-una-nueva-cuarentena-rigida\\\/#primaryimage\"},\"thumbnailUrl\":\"https:\\\/\\\/www.eldiario.net\\\/portal\\\/wp-content\\\/uploads\\\/2021\\\/05\\\/Pol-226.jpg\",\"datePublished\":\"2021-05-22T12:02:18+00:00\",\"breadcrumb\":{\"@id\":\"https:\\\/\\\/www.eldiario.net\\\/portal\\\/2021\\\/05\\\/22\\\/oficialismo-descarta-aplicacion-de-una-nueva-cuarentena-rigida\\\/#breadcrumb\"},\"inLanguage\":\"es\",\"potentialAction\":[{\"@type\":\"ReadAction\",\"target\":[\"https:\\\/\\\/www.eldiario.net\\\/portal\\\/2021\\\/05\\\/22\\\/oficialismo-descarta-aplicacion-de-una-nueva-cuarentena-rigida\\\/\"]}]},{\"@type\":\"ImageObject\",\"inLanguage\":\"es\",\"@id\":\"https:\\\/\\\/www.eldiario.net\\\/portal\\\/2021\\\/05\\\/22\\\/oficialismo-descarta-aplicacion-de-una-nueva-cuarentena-rigida\\\/#primaryimage\",\"url\":\"https:\\\/\\\/www.eldiario.net\\\/portal\\\/wp-content\\\/uploads\\\/2021\\\/05\\\/Pol-226.jpg\",\"contentUrl\":\"https:\\\/\\\/www.eldiario.net\\\/portal\\\/wp-content\\\/uploads\\\/2021\\\/05\\\/Pol-226.jpg\",\"width\":720,\"height\":380},{\"@type\":\"BreadcrumbList\",\"@id\":\"https:\\\/\\\/www.eldiario.net\\\/portal\\\/2021\\\/05\\\/22\\\/oficialismo-descarta-aplicacion-de-una-nueva-cuarentena-rigida\\\/#breadcrumb\",\"itemListElement\":[{\"@type\":\"ListItem\",\"position\":1,\"name\":\"Portada\",\"item\":\"https:\\\/\\\/www.eldiario.net\\\/portal\\\/\"},{\"@type\":\"ListItem\",\"position\":2,\"name\":\"Oficialismo descarta aplicaci\u00f3n de una nueva cuarentena r\u00edgida\"}]},{\"@type\":\"WebSite\",\"@id\":\"https:\\\/\\\/www.eldiario.net\\\/portal\\\/#website\",\"url\":\"https:\\\/\\\/www.eldiario.net\\\/portal\\\/\",\"name\":\"El Diario - Decano de la prensa nacional\",\"description\":\"El Diario - Decano de la prensa nacional\",\"publisher\":{\"@id\":\"https:\\\/\\\/www.eldiario.net\\\/portal\\\/#organization\"},\"potentialAction\":[{\"@type\":\"SearchAction\",\"target\":{\"@type\":\"EntryPoint\",\"urlTemplate\":\"https:\\\/\\\/www.eldiario.net\\\/portal\\\/?s={search_term_string}\"},\"query-input\":{\"@type\":\"PropertyValueSpecification\",\"valueRequired\":true,\"valueName\":\"search_term_string\"}}],\"inLanguage\":\"es\"},{\"@type\":\"Organization\",\"@id\":\"https:\\\/\\\/www.eldiario.net\\\/portal\\\/#organization\",\"name\":\"El Diario - Decano de la prensa nacional\",\"url\":\"https:\\\/\\\/www.eldiario.net\\\/portal\\\/\",\"logo\":{\"@type\":\"ImageObject\",\"inLanguage\":\"es\",\"@id\":\"https:\\\/\\\/www.eldiario.net\\\/portal\\\/#\\\/schema\\\/logo\\\/image\\\/\",\"url\":\"https:\\\/\\\/www.eldiario.net\\\/portal\\\/wp-content\\\/uploads\\\/2023\\\/07\\\/logo_ED.jpg\",\"contentUrl\":\"https:\\\/\\\/www.eldiario.net\\\/portal\\\/wp-content\\\/uploads\\\/2023\\\/07\\\/logo_ED.jpg\",\"width\":272,\"height\":52,\"caption\":\"El Diario - Decano de la prensa nacional\"},\"image\":{\"@id\":\"https:\\\/\\\/www.eldiario.net\\\/portal\\\/#\\\/schema\\\/logo\\\/image\\\/\"},\"sameAs\":[\"https:\\\/\\\/www.facebook.com\\\/eldiario.bolivia\\\/\",\"https:\\\/\\\/x.com\\\/eldiario_net\"]},{\"@type\":\"Person\",\"@id\":\"https:\\\/\\\/www.eldiario.net\\\/portal\\\/#\\\/schema\\\/person\\\/f46445640444750d7d753ccd04ae01b7\",\"name\":\"Jeanette\",\"image\":{\"@type\":\"ImageObject\",\"inLanguage\":\"es\",\"@id\":\"https:\\\/\\\/secure.gravatar.com\\\/avatar\\\/3ea2118a5f7dad2b7138b1187a6b7ee55f160b9968b66013c3a3ef39dd7e5798?s=96&d=mm&r=g\",\"url\":\"https:\\\/\\\/secure.gravatar.com\\\/avatar\\\/3ea2118a5f7dad2b7138b1187a6b7ee55f160b9968b66013c3a3ef39dd7e5798?s=96&d=mm&r=g\",\"contentUrl\":\"https:\\\/\\\/secure.gravatar.com\\\/avatar\\\/3ea2118a5f7dad2b7138b1187a6b7ee55f160b9968b66013c3a3ef39dd7e5798?s=96&d=mm&r=g\",\"caption\":\"Jeanette\"},\"sameAs\":[\"https:\\\/\\\/www.eldiario.net\\\/portal\"],\"url\":\"https:\\\/\\\/www.eldiario.net\\\/portal\\\/author\\\/jeanette\\\/\"}]}<\/script>\n<!-- \/ Yoast SEO plugin. -->","yoast_head_json":{"title":"Oficialismo descarta aplicaci\u00f3n de una nueva cuarentena r\u00edgida - El Diario - Bolivia","robots":{"index":"index","follow":"follow","max-snippet":"max-snippet:-1","max-image-preview":"max-image-preview:large","max-video-preview":"max-video-preview:-1"},"canonical":"https:\/\/www.eldiario.net\/portal\/2021\/05\/22\/oficialismo-descarta-aplicacion-de-una-nueva-cuarentena-rigida\/","og_locale":"es_ES","og_type":"article","og_title":"Oficialismo descarta aplicaci\u00f3n de una nueva cuarentena r\u00edgida - El Diario - Bolivia","og_description":"Ante anuncios sobre el endurecimiento de medidas de restricci\u00f3n en varias regiones del pa\u00eds para frenar la escalada casos positivos por coronavirus a causa de la tercera ola de contagios, autoridades de Gobierno y legisladores oficialistas se\u00f1alaron que la posibilidad de declarar una nueva cuarentena r\u00edgida afectar\u00eda a la reactivaci\u00f3n econ\u00f3mica del pa\u00eds. Por el [&hellip;]","og_url":"https:\/\/www.eldiario.net\/portal\/2021\/05\/22\/oficialismo-descarta-aplicacion-de-una-nueva-cuarentena-rigida\/","og_site_name":"El Diario - Bolivia","article_publisher":"https:\/\/www.facebook.com\/eldiario.bolivia\/","article_published_time":"2021-05-22T12:02:18+00:00","og_image":[{"width":720,"height":380,"url":"https:\/\/www.eldiario.net\/portal\/wp-content\/uploads\/2021\/05\/Pol-226.jpg","type":"image\/jpeg"}],"author":"Jeanette","twitter_card":"summary_large_image","twitter_creator":"@eldiario_net","twitter_site":"@eldiario_net","twitter_misc":{"Escrito por":"Jeanette","Tiempo de lectura":"2 minutos"},"schema":{"@context":"https:\/\/schema.org","@graph":[{"@type":"Article","@id":"https:\/\/www.eldiario.net\/portal\/2021\/05\/22\/oficialismo-descarta-aplicacion-de-una-nueva-cuarentena-rigida\/#article","isPartOf":{"@id":"https:\/\/www.eldiario.net\/portal\/2021\/05\/22\/oficialismo-descarta-aplicacion-de-una-nueva-cuarentena-rigida\/"},"author":{"name":"Jeanette","@id":"https:\/\/www.eldiario.net\/portal\/#\/schema\/person\/f46445640444750d7d753ccd04ae01b7"},"headline":"Oficialismo descarta aplicaci\u00f3n de una nueva cuarentena r\u00edgida","datePublished":"2021-05-22T12:02:18+00:00","mainEntityOfPage":{"@id":"https:\/\/www.eldiario.net\/portal\/2021\/05\/22\/oficialismo-descarta-aplicacion-de-una-nueva-cuarentena-rigida\/"},"wordCount":454,"publisher":{"@id":"https:\/\/www.eldiario.net\/portal\/#organization"},"image":{"@id":"https:\/\/www.eldiario.net\/portal\/2021\/05\/22\/oficialismo-descarta-aplicacion-de-una-nueva-cuarentena-rigida\/#primaryimage"},"thumbnailUrl":"https:\/\/www.eldiario.net\/portal\/wp-content\/uploads\/2021\/05\/Pol-226.jpg","articleSection":["Pol\u00edtica"],"inLanguage":"es"},{"@type":"WebPage","@id":"https:\/\/www.eldiario.net\/portal\/2021\/05\/22\/oficialismo-descarta-aplicacion-de-una-nueva-cuarentena-rigida\/","url":"https:\/\/www.eldiario.net\/portal\/2021\/05\/22\/oficialismo-descarta-aplicacion-de-una-nueva-cuarentena-rigida\/","name":"Oficialismo descarta aplicaci\u00f3n de una nueva cuarentena r\u00edgida - El Diario - Bolivia","isPartOf":{"@id":"https:\/\/www.eldiario.net\/portal\/#website"},"primaryImageOfPage":{"@id":"https:\/\/www.eldiario.net\/portal\/2021\/05\/22\/oficialismo-descarta-aplicacion-de-una-nueva-cuarentena-rigida\/#primaryimage"},"image":{"@id":"https:\/\/www.eldiario.net\/portal\/2021\/05\/22\/oficialismo-descarta-aplicacion-de-una-nueva-cuarentena-rigida\/#primaryimage"},"thumbnailUrl":"https:\/\/www.eldiario.net\/portal\/wp-content\/uploads\/2021\/05\/Pol-226.jpg","datePublished":"2021-05-22T12:02:18+00:00","breadcrumb":{"@id":"https:\/\/www.eldiario.net\/portal\/2021\/05\/22\/oficialismo-descarta-aplicacion-de-una-nueva-cuarentena-rigida\/#breadcrumb"},"inLanguage":"es","potentialAction":[{"@type":"ReadAction","target":["https:\/\/www.eldiario.net\/portal\/2021\/05\/22\/oficialismo-descarta-aplicacion-de-una-nueva-cuarentena-rigida\/"]}]},{"@type":"ImageObject","inLanguage":"es","@id":"https:\/\/www.eldiario.net\/portal\/2021\/05\/22\/oficialismo-descarta-aplicacion-de-una-nueva-cuarentena-rigida\/#primaryimage","url":"https:\/\/www.eldiario.net\/portal\/wp-content\/uploads\/2021\/05\/Pol-226.jpg","contentUrl":"https:\/\/www.eldiario.net\/portal\/wp-content\/uploads\/2021\/05\/Pol-226.jpg","width":720,"height":380},{"@type":"BreadcrumbList","@id":"https:\/\/www.eldiario.net\/portal\/2021\/05\/22\/oficialismo-descarta-aplicacion-de-una-nueva-cuarentena-rigida\/#breadcrumb","itemListElement":[{"@type":"ListItem","position":1,"name":"Portada","item":"https:\/\/www.eldiario.net\/portal\/"},{"@type":"ListItem","position":2,"name":"Oficialismo descarta aplicaci\u00f3n de una nueva cuarentena r\u00edgida"}]},{"@type":"WebSite","@id":"https:\/\/www.eldiario.net\/portal\/#website","url":"https:\/\/www.eldiario.net\/portal\/","name":"El Diario - Decano de la prensa nacional","description":"El Diario - Decano de la prensa nacional","publisher":{"@id":"https:\/\/www.eldiario.net\/portal\/#organization"},"potentialAction":[{"@type":"SearchAction","target":{"@type":"EntryPoint","urlTemplate":"https:\/\/www.eldiario.net\/portal\/?s={search_term_string}"},"query-input":{"@type":"PropertyValueSpecification","valueRequired":true,"valueName":"search_term_string"}}],"inLanguage":"es"},{"@type":"Organization","@id":"https:\/\/www.eldiario.net\/portal\/#organization","name":"El Diario - Decano de la prensa nacional","url":"https:\/\/www.eldiario.net\/portal\/","logo":{"@type":"ImageObject","inLanguage":"es","@id":"https:\/\/www.eldiario.net\/portal\/#\/schema\/logo\/image\/","url":"https:\/\/www.eldiario.net\/portal\/wp-content\/uploads\/2023\/07\/logo_ED.jpg","contentUrl":"https:\/\/www.eldiario.net\/portal\/wp-content\/uploads\/2023\/07\/logo_ED.jpg","width":272,"height":52,"caption":"El Diario - Decano de la prensa nacional"},"image":{"@id":"https:\/\/www.eldiario.net\/portal\/#\/schema\/logo\/image\/"},"sameAs":["https:\/\/www.facebook.com\/eldiario.bolivia\/","https:\/\/x.com\/eldiario_net"]},{"@type":"Person","@id":"https:\/\/www.eldiario.net\/portal\/#\/schema\/person\/f46445640444750d7d753ccd04ae01b7","name":"Jeanette","image":{"@type":"ImageObject","inLanguage":"es","@id":"https:\/\/secure.gravatar.com\/avatar\/3ea2118a5f7dad2b7138b1187a6b7ee55f160b9968b66013c3a3ef39dd7e5798?s=96&d=mm&r=g","url":"https:\/\/secure.gravatar.com\/avatar\/3ea2118a5f7dad2b7138b1187a6b7ee55f160b9968b66013c3a3ef39dd7e5798?s=96&d=mm&r=g","contentUrl":"https:\/\/secure.gravatar.com\/avatar\/3ea2118a5f7dad2b7138b1187a6b7ee55f160b9968b66013c3a3ef39dd7e5798?s=96&d=mm&r=g","caption":"Jeanette"},"sameAs":["https:\/\/www.eldiario.net\/portal"],"url":"https:\/\/www.eldiario.net\/portal\/author\/jeanette\/"}]}},"_links":{"self":[{"href":"https:\/\/www.eldiario.net\/portal\/wp-json\/wp\/v2\/posts\/5543","targetHints":{"allow":["GET"]}}],"collection":[{"href":"https:\/\/www.eldiario.net\/portal\/wp-json\/wp\/v2\/posts"}],"about":[{"href":"https:\/\/www.eldiario.net\/portal\/wp-json\/wp\/v2\/types\/post"}],"author":[{"embeddable":true,"href":"https:\/\/www.eldiario.net\/portal\/wp-json\/wp\/v2\/users\/1"}],"replies":[{"embeddable":true,"href":"https:\/\/www.eldiario.net\/portal\/wp-json\/wp\/v2\/comments?post=5543"}],"version-history":[{"count":0,"href":"https:\/\/www.eldiario.net\/portal\/wp-json\/wp\/v2\/posts\/5543\/revisions"}],"wp:featuredmedia":[{"embeddable":true,"href":"https:\/\/www.eldiario.net\/portal\/wp-json\/wp\/v2\/media\/5544"}],"wp:attachment":[{"href":"https:\/\/www.eldiario.net\/portal\/wp-json\/wp\/v2\/media?parent=5543"}],"wp:term":[{"taxonomy":"category","embeddable":true,"href":"https:\/\/www.eldiario.net\/portal\/wp-json\/wp\/v2\/categories?post=5543"},{"taxonomy":"post_tag","embeddable":true,"href":"https:\/\/www.eldiario.net\/portal\/wp-json\/wp\/v2\/tags?post=5543"}],"curies":[{"name":"wp","href":"https:\/\/api.w.org\/{rel}","templated":true}]}}