{"id":5535,"date":"2021-05-22T07:59:15","date_gmt":"2021-05-22T11:59:15","guid":{"rendered":"https:\/\/www.eldiario.net\/portal\/?p=5535"},"modified":"2021-05-22T07:59:15","modified_gmt":"2021-05-22T11:59:15","slug":"jueces-y-fiscales-persisten-en-uso-arbitrario-de-detencion-preventiva","status":"publish","type":"post","link":"https:\/\/www.eldiario.net\/portal\/2021\/05\/22\/jueces-y-fiscales-persisten-en-uso-arbitrario-de-detencion-preventiva\/","title":{"rendered":"Jueces y fiscales persisten en uso  arbitrario de detenci\u00f3n preventiva"},"content":{"rendered":"<p>A pesar de las recomendaciones internacionales y la aprobaci\u00f3n de nuevas leyes en Bolivia, los fiscales y jueces contin\u00faan solicitando y aplicando de manera discrecional la figura de la detenci\u00f3n preventiva \u2013que deber\u00eda ser excepcional\u2013, sin que exista una raz\u00f3n fundada, valedera y sobre todo legal para privar de libertad a una persona, se\u00f1alan los abogados Eusebio Vera y Roger Valverde.<br \/>\nEn criterio de los juristas, la aplicaci\u00f3n de esta medida cautelar obedece a la falta de preparaci\u00f3n y formaci\u00f3n acad\u00e9mica de los fiscales que en su gran mayor\u00eda no saben identificar con objetividad el delito; tambi\u00e9n a la politizaci\u00f3n y servilismo del sistema judicial que se allana a presiones del Ejecutivo y organizaciones; e incluso obedece a razones econ\u00f3micas como enviar m\u00e1s personas a las hacinadas c\u00e1rceles para reproducir el circulo vicioso de abuso y corrupci\u00f3n que se genera en torno al sistema penitenciario.<br \/>\n\u201cLos fiscales indiscriminadamente est\u00e1n solicitando la detenci\u00f3n preventiva y desgraciadamente los jueces est\u00e1n dando curso sin ning\u00fan justificativo legal\u201d, coinciden los juristas y advierten que estos hechos constituyen \u201carbitrariedades\u201d de los funcionarios judiciales.<br \/>\n\u201cDesgraciadamente ni siquiera los Tribunales de Apelaci\u00f3n est\u00e1n aplicando adecuadamente la ley porque cuando uno interpone un recurso de apelaci\u00f3n, en las cortes departamentales est\u00e1n haciendo exactamente lo mismo, es decir aplicando de manera arbitraria e ilegal la detenci\u00f3n preventiva\u201d, apunt\u00f3 Valverde a ANF.<br \/>\nVera recuerda que a pesar de las modificaciones introducidas al C\u00f3digo de Procedimiento Penal con la Ley 1173 y las recomendaciones de la Corte Interamericana de Derechos Humanos (CorteIDH), de utilizar la detenci\u00f3n preventiva lo menos posible, las autoridades la incumplen.<br \/>\nLas c\u00e1rceles de Bolivia se encuentran hacinadas de personas donde siete de cada diez no tiene sentencia, indicador que sit\u00faa al pa\u00eds con una de las tasas m\u00e1s altas de Latinoam\u00e9rica en detenci\u00f3n preventiva. Esta medida cautelar es considerada como una anticipaci\u00f3n de la condena porque vulnera el principio de presunci\u00f3n de inocencia, y afecta de manera dr\u00e1stica a quien la sufre y a sus familiares.<br \/>\n\u201cNo se est\u00e1 cumpliendo a cabalidad la normativa en vigencia, no se cumplen los est\u00e1ndares internaciones, esto hace que tengamos un pa\u00eds netamente punitivo y eso incluso va en contra de las garant\u00edas de los derechos y garant\u00edas constitucionales que est\u00e1n establecidas en nuestra propia Constituci\u00f3n Pol\u00edtica del Estado\u201d, enfatiz\u00f3 Vera a ANF.<br \/>\nEl jurista remarc\u00f3 que supuestamente estamos en un Estado garantista que sobre todo debe hacer respetar y hacer prevalecer en todo momento la presunci\u00f3n de inocencia, sin embargo, en Bolivia \u201cprimero se detiene y despu\u00e9s se investiga\u201d, es decir \u201cestamos haciendo una usanza de la vieja escuela inquisitoria que ya no est\u00e1 en vigencia en el mundo entero\u201d.<br \/>\nPese a que la Ley 1173 de Abreviaci\u00f3n Procesal Penal establece 10 medidas cautelares personales que se pueden aplicar solo cuando existan suficientes elementos de convicci\u00f3n que permitan sostener que el imputado es con probabilidad autor o part\u00edcipe de un hecho punible, y adem\u00e1s existan en su contra suficientes elementos de convicci\u00f3n de que no se someter\u00e1 al proceso u obstaculizar\u00e1 la averiguaci\u00f3n de la verdad, \u201cno se da cumplimiento ni por los fiscales y menos por la autoridad que impone una medida cautelar como es el juez\u201d.<\/p>\n<p>MEDIDAS<br \/>\nCAUTELARES<br \/>\nLas medidas cautelares consideradas en la Ley 1173 son: Fianza juratoria, consistente en la promesa del imputado de someterse al procedimiento y no obstaculizar la investigaci\u00f3n; obligaci\u00f3n de presentarse ante el juez o ante la autoridad que \u00e9l designe; obligaci\u00f3n de someterse al cuidado o vigilancia de una persona o instituci\u00f3n determinada, en las condiciones que fije la jueza, el juez o tribunal; prohibici\u00f3n de concurrir a determinados lugares; prohibici\u00f3n de comunicarse con personas determinadas.<br \/>\nAdem\u00e1s, est\u00e1n la fianza personal o econ\u00f3mica que podr\u00e1 ser prestada por el imputado o por otra persona mediante dep\u00f3sito de dinero, valores, o constituci\u00f3n de prenda o hipoteca; vigilancia del imputado mediante alg\u00fan dispositivo electr\u00f3nico de vigilancia; Prohibici\u00f3n de salir del pa\u00eds o del \u00e1mbito territorial que se determine; detenci\u00f3n domiciliaria en su propio domicilio o en el de otra persona; y, detenci\u00f3n preventiva \u00fanicamente en los casos permitidos por la norma.<br \/>\nSin embargo, Vera advirti\u00f3 que la fianza juratoria no est\u00e1 siendo aplicada por ninguna autoridad, y los administradores de justicia \u201cde forma lamentable, y en detrimento de la sociedad\u201d, contin\u00faan con el uso indiscriminado de la detenci\u00f3n preventiva.<br \/>\n\u201cEl juez no hace un an\u00e1lisis minucioso de lo que determina el art\u00edculo 233 del C\u00f3digo de Procedimiento Penal que se\u00f1ala que la detenci\u00f3n preventiva \u00fanicamente ser\u00e1 impuesta cuando las dem\u00e1s medidas cautelares personales sean insuficientes para asegurar la presencia del imputado y el no entorpecimiento de la averiguaci\u00f3n de los hechos\u201d, apunt\u00f3.<br \/>\nPara Valverde esta situaci\u00f3n se agrava para el investigado debido a que el Ministerio P\u00fablico tiene la \u201carbitraria pr\u00e1ctica\u201d de pasar la carga de la prueba al imputado en la audiencia de medidas cautelares, cuando quien deber\u00eda demostrar que esta persona no tiene domicilio ni trabajo conocido es la Fiscal\u00eda o la parte querellante.<br \/>\n\u201cEntonces, no hay un control jurisdiccional de los jueces, no controlan las actuaciones de los fiscales, todas esas arbitrariedades deber\u00edan ser controladas por los jueces porque para eso est\u00e1 la autoridad jurisdiccional, sin embargo, no est\u00e1 sucediendo eso\u201d, cuestion\u00f3 el abogado.<br \/>\nVera indic\u00f3 que, en esta situaci\u00f3n, de mala aplicaci\u00f3n de la ley por parte de los operadores de justicia, se podr\u00eda corregir recurriendo a las instancias legales, usando los recursos que franquea la ley, sin embargo, \u201csiempre chocamos con una aplicaci\u00f3n incorrecta de la justicia\u201d.<br \/>\nConsidera que muchos casos, de los que particularmente \u00e9l defendi\u00f3, deb\u00edan llevarse a nivel internacional, por la vulneraci\u00f3n de los derechos y garant\u00edas que la propia Constituci\u00f3n establece.<br \/>\n\u201cAlgunos prefieren estas instancias porque en Bolivia no encontramos justicia, porque la mayor\u00eda de los jueces est\u00e1n sometidos a un poder estatal y eso hace que no exista imparcialidad, que no exista objetividad, que no exista sana cr\u00edtica por parte de los administradores de justicia, que consecuentemente hacen una err\u00f3nea aplicaci\u00f3n de la normativa en vigencia\u201d, refiri\u00f3.<br \/>\nPara Valverde, deber\u00eda ser el Tribunal Constitucional (TCP), a trav\u00e9s de los mecanismos legales, quien se pronuncie respecto a una \u201cinterpretaci\u00f3n adecuada respecto a las medidas cautelares\u201d, pero tambi\u00e9n expres\u00f3 sus dudas sobre esa instituci\u00f3n porque \u201cdesgraciadamente son jueces que est\u00e1n sometidos a cierta presi\u00f3n y de repente act\u00faan en funci\u00f3n a esa presi\u00f3n\u201d.<br \/>\nEn ese sentido, indic\u00f3 que hay muy pocas esperanzas de cambiar esta situaci\u00f3n, respecto a la aplicaci\u00f3n irrestricta de la detenci\u00f3n preventiva, pero \u201chabr\u00eda que intentar llegar hasta el TCP en estos casos para que a trav\u00e9s de esa instancia pueda interpretarse adecuadamente la aplicaci\u00f3n de las medidas cautelares y concretamente la detenci\u00f3n preventiva\u201d. Aclar\u00f3 que se trata de un proceso dif\u00edcil y costoso.<br \/>\nPara Vera, adem\u00e1s, es evidente y cierto que la administraci\u00f3n del R\u00e9gimen Penitenciario y todo su entorno de relaci\u00f3n con fiscales, jueces, personal subalterno y polic\u00eda es un \u201cnegocio terrible\u201d que se maneja con el tema de las detenciones preventivas, y por eso las autoridades prefieren utilizar esta medida para seguir ese \u201cc\u00edrculo vicioso\u201d.<br \/>\n\u201cEste mundo de la judicializaci\u00f3n implica un movimiento inmenso de dinero y eso es un c\u00edrculo vicioso (con muchos intereses econ\u00f3micos que recaen en las espaldas de los privados de libertad), por eso es que quiz\u00e1s se pueda entender esta mala aplicaci\u00f3n y err\u00f3nea de la ley (con la detenci\u00f3n preventiva) porque ac\u00e1 el que quiere estar libre lamentablemente debe hacer mucha inversi\u00f3n de dinero\u201d, apunt\u00f3. (ANF)<\/p>\n<figure id=\"attachment_5537\" aria-describedby=\"caption-attachment-5537\" style=\"width: 282px\" class=\"wp-caption alignleft\"><img loading=\"lazy\" decoding=\"async\" class=\"size-medium wp-image-5537\" src=\"https:\/\/www.eldiario.net\/portal\/wp-content\/uploads\/2021\/05\/VALEVERDE-282x300.jpg\" alt=\"\" width=\"282\" height=\"300\" srcset=\"https:\/\/www.eldiario.net\/portal\/wp-content\/uploads\/2021\/05\/VALEVERDE-282x300.jpg 282w, https:\/\/www.eldiario.net\/portal\/wp-content\/uploads\/2021\/05\/VALEVERDE.jpg 322w\" sizes=\"auto, (max-width: 282px) 100vw, 282px\" \/><figcaption id=\"caption-attachment-5537\" class=\"wp-caption-text\">ROGER VALVERDE, ABOGADO.<\/figcaption><\/figure>\n","protected":false},"excerpt":{"rendered":"<p>A pesar de las recomendaciones internacionales y la aprobaci\u00f3n de nuevas leyes en Bolivia, los fiscales y jueces contin\u00faan solicitando y aplicando de manera discrecional la figura de la detenci\u00f3n preventiva \u2013que deber\u00eda ser excepcional\u2013, sin que exista una raz\u00f3n fundada, valedera y sobre todo legal para privar de libertad a una persona, se\u00f1alan los [&hellip;]<\/p>\n","protected":false},"author":1,"featured_media":5536,"comment_status":"closed","ping_status":"closed","sticky":false,"template":"","format":"standard","meta":{"_acf_changed":false,"footnotes":""},"categories":[39],"tags":[],"class_list":["post-5535","post","type-post","status-publish","format-standard","has-post-thumbnail","category-sociedad"],"acf":{"antetitulo":""},"yoast_head":"<!-- This site is optimized with the Yoast SEO plugin v28.3 - https:\/\/yoast.com\/product\/yoast-seo-wordpress\/ -->\n<title>Jueces y fiscales persisten en uso arbitrario de detenci\u00f3n preventiva - El Diario - Bolivia<\/title>\n<meta name=\"robots\" content=\"index, follow, max-snippet:-1, max-image-preview:large, max-video-preview:-1\" \/>\n<link rel=\"canonical\" href=\"https:\/\/www.eldiario.net\/portal\/2021\/05\/22\/jueces-y-fiscales-persisten-en-uso-arbitrario-de-detencion-preventiva\/\" \/>\n<meta property=\"og:locale\" content=\"es_ES\" \/>\n<meta property=\"og:type\" content=\"article\" \/>\n<meta property=\"og:title\" content=\"Jueces y fiscales persisten en uso arbitrario de detenci\u00f3n preventiva - El Diario - Bolivia\" \/>\n<meta property=\"og:description\" content=\"A pesar de las recomendaciones internacionales y la aprobaci\u00f3n de nuevas leyes en Bolivia, los fiscales y jueces contin\u00faan solicitando y aplicando de manera discrecional la figura de la detenci\u00f3n preventiva \u2013que deber\u00eda ser excepcional\u2013, sin que exista una raz\u00f3n fundada, valedera y sobre todo legal para privar de libertad a una persona, se\u00f1alan los [&hellip;]\" \/>\n<meta property=\"og:url\" content=\"https:\/\/www.eldiario.net\/portal\/2021\/05\/22\/jueces-y-fiscales-persisten-en-uso-arbitrario-de-detencion-preventiva\/\" \/>\n<meta property=\"og:site_name\" content=\"El Diario - Bolivia\" \/>\n<meta property=\"article:publisher\" content=\"https:\/\/www.facebook.com\/eldiario.bolivia\/\" \/>\n<meta property=\"article:published_time\" content=\"2021-05-22T11:59:15+00:00\" \/>\n<meta property=\"og:image\" content=\"https:\/\/www.eldiario.net\/portal\/wp-content\/uploads\/2021\/05\/VERA.jpg\" \/>\n\t<meta property=\"og:image:width\" content=\"1000\" \/>\n\t<meta property=\"og:image:height\" content=\"889\" \/>\n\t<meta property=\"og:image:type\" content=\"image\/jpeg\" \/>\n<meta name=\"author\" content=\"Jeanette\" \/>\n<meta name=\"twitter:card\" content=\"summary_large_image\" \/>\n<meta name=\"twitter:creator\" content=\"@eldiario_net\" \/>\n<meta name=\"twitter:site\" content=\"@eldiario_net\" \/>\n<meta name=\"twitter:label1\" content=\"Escrito por\" \/>\n\t<meta name=\"twitter:data1\" content=\"Jeanette\" \/>\n\t<meta name=\"twitter:label2\" content=\"Tiempo de lectura\" \/>\n\t<meta name=\"twitter:data2\" content=\"6 minutos\" \/>\n<script type=\"application\/ld+json\" class=\"yoast-schema-graph\">{\"@context\":\"https:\\\/\\\/schema.org\",\"@graph\":[{\"@type\":\"Article\",\"@id\":\"https:\\\/\\\/www.eldiario.net\\\/portal\\\/2021\\\/05\\\/22\\\/jueces-y-fiscales-persisten-en-uso-arbitrario-de-detencion-preventiva\\\/#article\",\"isPartOf\":{\"@id\":\"https:\\\/\\\/www.eldiario.net\\\/portal\\\/2021\\\/05\\\/22\\\/jueces-y-fiscales-persisten-en-uso-arbitrario-de-detencion-preventiva\\\/\"},\"author\":{\"name\":\"Jeanette\",\"@id\":\"https:\\\/\\\/www.eldiario.net\\\/portal\\\/#\\\/schema\\\/person\\\/f46445640444750d7d753ccd04ae01b7\"},\"headline\":\"Jueces y fiscales persisten en uso arbitrario de detenci\u00f3n preventiva\",\"datePublished\":\"2021-05-22T11:59:15+00:00\",\"mainEntityOfPage\":{\"@id\":\"https:\\\/\\\/www.eldiario.net\\\/portal\\\/2021\\\/05\\\/22\\\/jueces-y-fiscales-persisten-en-uso-arbitrario-de-detencion-preventiva\\\/\"},\"wordCount\":1378,\"publisher\":{\"@id\":\"https:\\\/\\\/www.eldiario.net\\\/portal\\\/#organization\"},\"image\":{\"@id\":\"https:\\\/\\\/www.eldiario.net\\\/portal\\\/2021\\\/05\\\/22\\\/jueces-y-fiscales-persisten-en-uso-arbitrario-de-detencion-preventiva\\\/#primaryimage\"},\"thumbnailUrl\":\"https:\\\/\\\/www.eldiario.net\\\/portal\\\/wp-content\\\/uploads\\\/2021\\\/05\\\/VERA.jpg\",\"articleSection\":[\"Sociedad - Seguridad\"],\"inLanguage\":\"es\"},{\"@type\":\"WebPage\",\"@id\":\"https:\\\/\\\/www.eldiario.net\\\/portal\\\/2021\\\/05\\\/22\\\/jueces-y-fiscales-persisten-en-uso-arbitrario-de-detencion-preventiva\\\/\",\"url\":\"https:\\\/\\\/www.eldiario.net\\\/portal\\\/2021\\\/05\\\/22\\\/jueces-y-fiscales-persisten-en-uso-arbitrario-de-detencion-preventiva\\\/\",\"name\":\"Jueces y fiscales persisten en uso arbitrario de detenci\u00f3n preventiva - El Diario - Bolivia\",\"isPartOf\":{\"@id\":\"https:\\\/\\\/www.eldiario.net\\\/portal\\\/#website\"},\"primaryImageOfPage\":{\"@id\":\"https:\\\/\\\/www.eldiario.net\\\/portal\\\/2021\\\/05\\\/22\\\/jueces-y-fiscales-persisten-en-uso-arbitrario-de-detencion-preventiva\\\/#primaryimage\"},\"image\":{\"@id\":\"https:\\\/\\\/www.eldiario.net\\\/portal\\\/2021\\\/05\\\/22\\\/jueces-y-fiscales-persisten-en-uso-arbitrario-de-detencion-preventiva\\\/#primaryimage\"},\"thumbnailUrl\":\"https:\\\/\\\/www.eldiario.net\\\/portal\\\/wp-content\\\/uploads\\\/2021\\\/05\\\/VERA.jpg\",\"datePublished\":\"2021-05-22T11:59:15+00:00\",\"breadcrumb\":{\"@id\":\"https:\\\/\\\/www.eldiario.net\\\/portal\\\/2021\\\/05\\\/22\\\/jueces-y-fiscales-persisten-en-uso-arbitrario-de-detencion-preventiva\\\/#breadcrumb\"},\"inLanguage\":\"es\",\"potentialAction\":[{\"@type\":\"ReadAction\",\"target\":[\"https:\\\/\\\/www.eldiario.net\\\/portal\\\/2021\\\/05\\\/22\\\/jueces-y-fiscales-persisten-en-uso-arbitrario-de-detencion-preventiva\\\/\"]}]},{\"@type\":\"ImageObject\",\"inLanguage\":\"es\",\"@id\":\"https:\\\/\\\/www.eldiario.net\\\/portal\\\/2021\\\/05\\\/22\\\/jueces-y-fiscales-persisten-en-uso-arbitrario-de-detencion-preventiva\\\/#primaryimage\",\"url\":\"https:\\\/\\\/www.eldiario.net\\\/portal\\\/wp-content\\\/uploads\\\/2021\\\/05\\\/VERA.jpg\",\"contentUrl\":\"https:\\\/\\\/www.eldiario.net\\\/portal\\\/wp-content\\\/uploads\\\/2021\\\/05\\\/VERA.jpg\",\"width\":1000,\"height\":889},{\"@type\":\"BreadcrumbList\",\"@id\":\"https:\\\/\\\/www.eldiario.net\\\/portal\\\/2021\\\/05\\\/22\\\/jueces-y-fiscales-persisten-en-uso-arbitrario-de-detencion-preventiva\\\/#breadcrumb\",\"itemListElement\":[{\"@type\":\"ListItem\",\"position\":1,\"name\":\"Portada\",\"item\":\"https:\\\/\\\/www.eldiario.net\\\/portal\\\/\"},{\"@type\":\"ListItem\",\"position\":2,\"name\":\"Jueces y fiscales persisten en uso arbitrario de detenci\u00f3n preventiva\"}]},{\"@type\":\"WebSite\",\"@id\":\"https:\\\/\\\/www.eldiario.net\\\/portal\\\/#website\",\"url\":\"https:\\\/\\\/www.eldiario.net\\\/portal\\\/\",\"name\":\"El Diario - Decano de la prensa nacional\",\"description\":\"El Diario - Decano de la prensa nacional\",\"publisher\":{\"@id\":\"https:\\\/\\\/www.eldiario.net\\\/portal\\\/#organization\"},\"potentialAction\":[{\"@type\":\"SearchAction\",\"target\":{\"@type\":\"EntryPoint\",\"urlTemplate\":\"https:\\\/\\\/www.eldiario.net\\\/portal\\\/?s={search_term_string}\"},\"query-input\":{\"@type\":\"PropertyValueSpecification\",\"valueRequired\":true,\"valueName\":\"search_term_string\"}}],\"inLanguage\":\"es\"},{\"@type\":\"Organization\",\"@id\":\"https:\\\/\\\/www.eldiario.net\\\/portal\\\/#organization\",\"name\":\"El Diario - Decano de la prensa nacional\",\"url\":\"https:\\\/\\\/www.eldiario.net\\\/portal\\\/\",\"logo\":{\"@type\":\"ImageObject\",\"inLanguage\":\"es\",\"@id\":\"https:\\\/\\\/www.eldiario.net\\\/portal\\\/#\\\/schema\\\/logo\\\/image\\\/\",\"url\":\"https:\\\/\\\/www.eldiario.net\\\/portal\\\/wp-content\\\/uploads\\\/2023\\\/07\\\/logo_ED.jpg\",\"contentUrl\":\"https:\\\/\\\/www.eldiario.net\\\/portal\\\/wp-content\\\/uploads\\\/2023\\\/07\\\/logo_ED.jpg\",\"width\":272,\"height\":52,\"caption\":\"El Diario - Decano de la prensa nacional\"},\"image\":{\"@id\":\"https:\\\/\\\/www.eldiario.net\\\/portal\\\/#\\\/schema\\\/logo\\\/image\\\/\"},\"sameAs\":[\"https:\\\/\\\/www.facebook.com\\\/eldiario.bolivia\\\/\",\"https:\\\/\\\/x.com\\\/eldiario_net\"]},{\"@type\":\"Person\",\"@id\":\"https:\\\/\\\/www.eldiario.net\\\/portal\\\/#\\\/schema\\\/person\\\/f46445640444750d7d753ccd04ae01b7\",\"name\":\"Jeanette\",\"image\":{\"@type\":\"ImageObject\",\"inLanguage\":\"es\",\"@id\":\"https:\\\/\\\/secure.gravatar.com\\\/avatar\\\/3ea2118a5f7dad2b7138b1187a6b7ee55f160b9968b66013c3a3ef39dd7e5798?s=96&d=mm&r=g\",\"url\":\"https:\\\/\\\/secure.gravatar.com\\\/avatar\\\/3ea2118a5f7dad2b7138b1187a6b7ee55f160b9968b66013c3a3ef39dd7e5798?s=96&d=mm&r=g\",\"contentUrl\":\"https:\\\/\\\/secure.gravatar.com\\\/avatar\\\/3ea2118a5f7dad2b7138b1187a6b7ee55f160b9968b66013c3a3ef39dd7e5798?s=96&d=mm&r=g\",\"caption\":\"Jeanette\"},\"sameAs\":[\"https:\\\/\\\/www.eldiario.net\\\/portal\"],\"url\":\"https:\\\/\\\/www.eldiario.net\\\/portal\\\/author\\\/jeanette\\\/\"}]}<\/script>\n<!-- \/ Yoast SEO plugin. -->","yoast_head_json":{"title":"Jueces y fiscales persisten en uso arbitrario de detenci\u00f3n preventiva - El Diario - Bolivia","robots":{"index":"index","follow":"follow","max-snippet":"max-snippet:-1","max-image-preview":"max-image-preview:large","max-video-preview":"max-video-preview:-1"},"canonical":"https:\/\/www.eldiario.net\/portal\/2021\/05\/22\/jueces-y-fiscales-persisten-en-uso-arbitrario-de-detencion-preventiva\/","og_locale":"es_ES","og_type":"article","og_title":"Jueces y fiscales persisten en uso arbitrario de detenci\u00f3n preventiva - El Diario - Bolivia","og_description":"A pesar de las recomendaciones internacionales y la aprobaci\u00f3n de nuevas leyes en Bolivia, los fiscales y jueces contin\u00faan solicitando y aplicando de manera discrecional la figura de la detenci\u00f3n preventiva \u2013que deber\u00eda ser excepcional\u2013, sin que exista una raz\u00f3n fundada, valedera y sobre todo legal para privar de libertad a una persona, se\u00f1alan los [&hellip;]","og_url":"https:\/\/www.eldiario.net\/portal\/2021\/05\/22\/jueces-y-fiscales-persisten-en-uso-arbitrario-de-detencion-preventiva\/","og_site_name":"El Diario - Bolivia","article_publisher":"https:\/\/www.facebook.com\/eldiario.bolivia\/","article_published_time":"2021-05-22T11:59:15+00:00","og_image":[{"width":1000,"height":889,"url":"https:\/\/www.eldiario.net\/portal\/wp-content\/uploads\/2021\/05\/VERA.jpg","type":"image\/jpeg"}],"author":"Jeanette","twitter_card":"summary_large_image","twitter_creator":"@eldiario_net","twitter_site":"@eldiario_net","twitter_misc":{"Escrito por":"Jeanette","Tiempo de lectura":"6 minutos"},"schema":{"@context":"https:\/\/schema.org","@graph":[{"@type":"Article","@id":"https:\/\/www.eldiario.net\/portal\/2021\/05\/22\/jueces-y-fiscales-persisten-en-uso-arbitrario-de-detencion-preventiva\/#article","isPartOf":{"@id":"https:\/\/www.eldiario.net\/portal\/2021\/05\/22\/jueces-y-fiscales-persisten-en-uso-arbitrario-de-detencion-preventiva\/"},"author":{"name":"Jeanette","@id":"https:\/\/www.eldiario.net\/portal\/#\/schema\/person\/f46445640444750d7d753ccd04ae01b7"},"headline":"Jueces y fiscales persisten en uso arbitrario de detenci\u00f3n preventiva","datePublished":"2021-05-22T11:59:15+00:00","mainEntityOfPage":{"@id":"https:\/\/www.eldiario.net\/portal\/2021\/05\/22\/jueces-y-fiscales-persisten-en-uso-arbitrario-de-detencion-preventiva\/"},"wordCount":1378,"publisher":{"@id":"https:\/\/www.eldiario.net\/portal\/#organization"},"image":{"@id":"https:\/\/www.eldiario.net\/portal\/2021\/05\/22\/jueces-y-fiscales-persisten-en-uso-arbitrario-de-detencion-preventiva\/#primaryimage"},"thumbnailUrl":"https:\/\/www.eldiario.net\/portal\/wp-content\/uploads\/2021\/05\/VERA.jpg","articleSection":["Sociedad - Seguridad"],"inLanguage":"es"},{"@type":"WebPage","@id":"https:\/\/www.eldiario.net\/portal\/2021\/05\/22\/jueces-y-fiscales-persisten-en-uso-arbitrario-de-detencion-preventiva\/","url":"https:\/\/www.eldiario.net\/portal\/2021\/05\/22\/jueces-y-fiscales-persisten-en-uso-arbitrario-de-detencion-preventiva\/","name":"Jueces y fiscales persisten en uso arbitrario de detenci\u00f3n preventiva - El Diario - Bolivia","isPartOf":{"@id":"https:\/\/www.eldiario.net\/portal\/#website"},"primaryImageOfPage":{"@id":"https:\/\/www.eldiario.net\/portal\/2021\/05\/22\/jueces-y-fiscales-persisten-en-uso-arbitrario-de-detencion-preventiva\/#primaryimage"},"image":{"@id":"https:\/\/www.eldiario.net\/portal\/2021\/05\/22\/jueces-y-fiscales-persisten-en-uso-arbitrario-de-detencion-preventiva\/#primaryimage"},"thumbnailUrl":"https:\/\/www.eldiario.net\/portal\/wp-content\/uploads\/2021\/05\/VERA.jpg","datePublished":"2021-05-22T11:59:15+00:00","breadcrumb":{"@id":"https:\/\/www.eldiario.net\/portal\/2021\/05\/22\/jueces-y-fiscales-persisten-en-uso-arbitrario-de-detencion-preventiva\/#breadcrumb"},"inLanguage":"es","potentialAction":[{"@type":"ReadAction","target":["https:\/\/www.eldiario.net\/portal\/2021\/05\/22\/jueces-y-fiscales-persisten-en-uso-arbitrario-de-detencion-preventiva\/"]}]},{"@type":"ImageObject","inLanguage":"es","@id":"https:\/\/www.eldiario.net\/portal\/2021\/05\/22\/jueces-y-fiscales-persisten-en-uso-arbitrario-de-detencion-preventiva\/#primaryimage","url":"https:\/\/www.eldiario.net\/portal\/wp-content\/uploads\/2021\/05\/VERA.jpg","contentUrl":"https:\/\/www.eldiario.net\/portal\/wp-content\/uploads\/2021\/05\/VERA.jpg","width":1000,"height":889},{"@type":"BreadcrumbList","@id":"https:\/\/www.eldiario.net\/portal\/2021\/05\/22\/jueces-y-fiscales-persisten-en-uso-arbitrario-de-detencion-preventiva\/#breadcrumb","itemListElement":[{"@type":"ListItem","position":1,"name":"Portada","item":"https:\/\/www.eldiario.net\/portal\/"},{"@type":"ListItem","position":2,"name":"Jueces y fiscales persisten en uso arbitrario de detenci\u00f3n preventiva"}]},{"@type":"WebSite","@id":"https:\/\/www.eldiario.net\/portal\/#website","url":"https:\/\/www.eldiario.net\/portal\/","name":"El Diario - Decano de la prensa nacional","description":"El Diario - Decano de la prensa nacional","publisher":{"@id":"https:\/\/www.eldiario.net\/portal\/#organization"},"potentialAction":[{"@type":"SearchAction","target":{"@type":"EntryPoint","urlTemplate":"https:\/\/www.eldiario.net\/portal\/?s={search_term_string}"},"query-input":{"@type":"PropertyValueSpecification","valueRequired":true,"valueName":"search_term_string"}}],"inLanguage":"es"},{"@type":"Organization","@id":"https:\/\/www.eldiario.net\/portal\/#organization","name":"El Diario - Decano de la prensa nacional","url":"https:\/\/www.eldiario.net\/portal\/","logo":{"@type":"ImageObject","inLanguage":"es","@id":"https:\/\/www.eldiario.net\/portal\/#\/schema\/logo\/image\/","url":"https:\/\/www.eldiario.net\/portal\/wp-content\/uploads\/2023\/07\/logo_ED.jpg","contentUrl":"https:\/\/www.eldiario.net\/portal\/wp-content\/uploads\/2023\/07\/logo_ED.jpg","width":272,"height":52,"caption":"El Diario - Decano de la prensa nacional"},"image":{"@id":"https:\/\/www.eldiario.net\/portal\/#\/schema\/logo\/image\/"},"sameAs":["https:\/\/www.facebook.com\/eldiario.bolivia\/","https:\/\/x.com\/eldiario_net"]},{"@type":"Person","@id":"https:\/\/www.eldiario.net\/portal\/#\/schema\/person\/f46445640444750d7d753ccd04ae01b7","name":"Jeanette","image":{"@type":"ImageObject","inLanguage":"es","@id":"https:\/\/secure.gravatar.com\/avatar\/3ea2118a5f7dad2b7138b1187a6b7ee55f160b9968b66013c3a3ef39dd7e5798?s=96&d=mm&r=g","url":"https:\/\/secure.gravatar.com\/avatar\/3ea2118a5f7dad2b7138b1187a6b7ee55f160b9968b66013c3a3ef39dd7e5798?s=96&d=mm&r=g","contentUrl":"https:\/\/secure.gravatar.com\/avatar\/3ea2118a5f7dad2b7138b1187a6b7ee55f160b9968b66013c3a3ef39dd7e5798?s=96&d=mm&r=g","caption":"Jeanette"},"sameAs":["https:\/\/www.eldiario.net\/portal"],"url":"https:\/\/www.eldiario.net\/portal\/author\/jeanette\/"}]}},"_links":{"self":[{"href":"https:\/\/www.eldiario.net\/portal\/wp-json\/wp\/v2\/posts\/5535","targetHints":{"allow":["GET"]}}],"collection":[{"href":"https:\/\/www.eldiario.net\/portal\/wp-json\/wp\/v2\/posts"}],"about":[{"href":"https:\/\/www.eldiario.net\/portal\/wp-json\/wp\/v2\/types\/post"}],"author":[{"embeddable":true,"href":"https:\/\/www.eldiario.net\/portal\/wp-json\/wp\/v2\/users\/1"}],"replies":[{"embeddable":true,"href":"https:\/\/www.eldiario.net\/portal\/wp-json\/wp\/v2\/comments?post=5535"}],"version-history":[{"count":0,"href":"https:\/\/www.eldiario.net\/portal\/wp-json\/wp\/v2\/posts\/5535\/revisions"}],"wp:featuredmedia":[{"embeddable":true,"href":"https:\/\/www.eldiario.net\/portal\/wp-json\/wp\/v2\/media\/5536"}],"wp:attachment":[{"href":"https:\/\/www.eldiario.net\/portal\/wp-json\/wp\/v2\/media?parent=5535"}],"wp:term":[{"taxonomy":"category","embeddable":true,"href":"https:\/\/www.eldiario.net\/portal\/wp-json\/wp\/v2\/categories?post=5535"},{"taxonomy":"post_tag","embeddable":true,"href":"https:\/\/www.eldiario.net\/portal\/wp-json\/wp\/v2\/tags?post=5535"}],"curies":[{"name":"wp","href":"https:\/\/api.w.org\/{rel}","templated":true}]}}