{"id":5527,"date":"2021-05-22T07:55:37","date_gmt":"2021-05-22T11:55:37","guid":{"rendered":"https:\/\/www.eldiario.net\/portal\/?p=5527"},"modified":"2021-05-22T07:55:37","modified_gmt":"2021-05-22T11:55:37","slug":"temen-que-declaraciones-de-militares-sean-tergiversadas","status":"publish","type":"post","link":"https:\/\/www.eldiario.net\/portal\/2021\/05\/22\/temen-que-declaraciones-de-militares-sean-tergiversadas\/","title":{"rendered":"Temen que declaraciones de  militares sean tergiversadas"},"content":{"rendered":"<p>Al menos cinco instituciones de Santa Cruz de la Sierra rechazan que el Ministro de Defensa como representante legal de las Fuerzas Armadas (FFAA) haya aceptado la toma de declaraciones de militares ante un organismo internacional, ya que se corre el riesgo que las mismas sean tomadas en cuenta por el Ministerio P\u00fablico para tergiversarlas.<br \/>\n\u201cNos pronunciamos al pueblo boliviano que ante la insensatez del Ministro de Defensa y del Comandante en Jefe de las FFAA se corre el riesgo que las declaraciones de los militares, sean tomadas en cuenta por el Ministerio P\u00fablico para tergiversarlas, y afirmar una conspiraci\u00f3n militar contra el gobierno de Evo Morales, consolidando as\u00ed, el montaje del golpe de Estado\u201d, se lee en el pronunciamiento al que EL DIARIO tuvo acceso.<br \/>\nEl 17 de mayo de 2021, el Comando en Jefe de las FFAA, general C\u00e9sar Vallejos, ordena que generales y oficiales superiores del Ej\u00e9rcito (entre ellos un oficial fallecido) presten declaraciones ante el Grupo Interdisciplinario de Expertos Independientes Bolivia (GIEI-Bolivia), en un hotel de la ciudad de La Paz los d\u00edas 19 y 20 del presente a\u00f1o.<br \/>\nDe acuerdo al pronunciamiento, esta orden emitida viola los art\u00edculos constitucionales 1, 7, 8. II, 115.II, 178.I, 245; as\u00ed como las leyes y reglamentos militares.<br \/>\n\u201cNosotros como representantes de la sociedad, junto a ciudadanos organizados y militares del servicio pasivo, cumplimos con el deber de respetar y defender la institucionalidad del Estado, las leyes y los Derechos Humanos contra el actual sistema represor\u201d, se lee en otra parte del pronunciamiento.<br \/>\nVULNERACI\u00d3N<br \/>\nDE NORMAS<br \/>\n\u201cRechazamos que el Comando en Jefe de las FFAA obligue bajo amenaza de sanci\u00f3n disciplinaria a los militares invocados, a prestar declaraciones ante el GIEI, vulnerando el art 1. Inciso f) y el art 51. Inciso e) de la Ley Org\u00e1nica de las FFAA, de velar por el honor, la dignidad y el prestigio de las FFAA que hoy inmerecidamente comanda\u201d.<br \/>\n\u201cQue el Comando en Jefe de las FFAA no hubiera dispuesto la presencia del Inspector General y del asesor legal, para presenciar las declaraciones de los 11 militares convocados por el GIEI. Asimismo rechazamos que el Comando en Jefe no hubiera dispuesto que las declaraciones sean realizadas en instalaciones militares porque ellos al depender aun de ese Comando est\u00e1n al amparo de las leyes y reglamentos militares\u201d.<br \/>\n\u201cQue el Ministro de Defensa y el Comandante en Jefe de las FFAA, sin haber agotado las instancias judiciales del Estado, en franco abuso de autoridad y bajo amenazas, ordenan a los militares a prestar declaraciones ante un organismo internacional, permitiendo la p\u00e9rdida de la soberan\u00eda jur\u00eddica y dignidad del Estado\u201d.<br \/>\nEn ese marco exigen a las autoridades del \u00d3rgano Judicial, que el sistema legal boliviano impere en el pa\u00eds, garantizando el debido proceso y los principios de la ley penal sean aplicados a todos por igual y que prevalezca la verdad sin importar a quien pueda afectar.<br \/>\n\u201cFinalmente, confiamos en la calidad profesional, \u00e9tica y moral, de los militares; que dir\u00e1n su verdad para que los bolivianos y la comunidad internacional, sepan la verdad hist\u00f3rica y se castigue a los verdaderos responsables de los actos terroristas del 2019 y 2020, quienes atentando a bienes y valores constitucionalmente tutelados, generaron un estado de p\u00e1nico y zozobra en el pa\u00eds, con p\u00e9rdidas de vidas humanas junto a cientos de heridos, como la destrucci\u00f3n de bienes y servicios p\u00fablicos\u201d, se lee en la parte final del documento firmado por los representantes de Comit\u00e9 C\u00edvico pro Santa Cruz, Uni\u00f3n de Militares del Servicio Pasivo, Organizaci\u00f3n Tnte. Cnl. Germ\u00e1n Busch, Transparencia Bolivia, Global Human Rights League y el Consejo Nacional e Internacional por la Defensa de los Derechos Humanos.<\/p>\n<p><img loading=\"lazy\" decoding=\"async\" class=\"alignleft size-medium wp-image-5530\" src=\"https:\/\/www.eldiario.net\/portal\/wp-content\/uploads\/2021\/05\/3-219x300.png\" alt=\"\" width=\"219\" height=\"300\" srcset=\"https:\/\/www.eldiario.net\/portal\/wp-content\/uploads\/2021\/05\/3-219x300.png 219w, https:\/\/www.eldiario.net\/portal\/wp-content\/uploads\/2021\/05\/3.png 479w\" sizes=\"auto, (max-width: 219px) 100vw, 219px\" \/><\/p>\n<p><img loading=\"lazy\" decoding=\"async\" class=\"alignleft size-full wp-image-5529\" src=\"https:\/\/www.eldiario.net\/portal\/wp-content\/uploads\/2021\/05\/2-3.jpg\" alt=\"\" width=\"219\" height=\"297\" \/><\/p>\n","protected":false},"excerpt":{"rendered":"<p>Al menos cinco instituciones de Santa Cruz de la Sierra rechazan que el Ministro de Defensa como representante legal de las Fuerzas Armadas (FFAA) haya aceptado la toma de declaraciones de militares ante un organismo internacional, ya que se corre el riesgo que las mismas sean tomadas en cuenta por el Ministerio P\u00fablico para tergiversarlas. [&hellip;]<\/p>\n","protected":false},"author":1,"featured_media":5528,"comment_status":"closed","ping_status":"closed","sticky":false,"template":"","format":"standard","meta":{"_acf_changed":false,"footnotes":""},"categories":[39],"tags":[],"class_list":["post-5527","post","type-post","status-publish","format-standard","has-post-thumbnail","category-sociedad"],"acf":{"antetitulo":""},"yoast_head":"<!-- This site is optimized with the Yoast SEO plugin v28.3 - https:\/\/yoast.com\/product\/yoast-seo-wordpress\/ -->\n<title>Temen que declaraciones de militares sean tergiversadas - El Diario - Bolivia<\/title>\n<meta name=\"robots\" content=\"index, follow, max-snippet:-1, max-image-preview:large, max-video-preview:-1\" \/>\n<link rel=\"canonical\" href=\"https:\/\/www.eldiario.net\/portal\/2021\/05\/22\/temen-que-declaraciones-de-militares-sean-tergiversadas\/\" \/>\n<meta property=\"og:locale\" content=\"es_ES\" \/>\n<meta property=\"og:type\" content=\"article\" \/>\n<meta property=\"og:title\" content=\"Temen que declaraciones de militares sean tergiversadas - El Diario - Bolivia\" \/>\n<meta property=\"og:description\" content=\"Al menos cinco instituciones de Santa Cruz de la Sierra rechazan que el Ministro de Defensa como representante legal de las Fuerzas Armadas (FFAA) haya aceptado la toma de declaraciones de militares ante un organismo internacional, ya que se corre el riesgo que las mismas sean tomadas en cuenta por el Ministerio P\u00fablico para tergiversarlas. [&hellip;]\" \/>\n<meta property=\"og:url\" content=\"https:\/\/www.eldiario.net\/portal\/2021\/05\/22\/temen-que-declaraciones-de-militares-sean-tergiversadas\/\" \/>\n<meta property=\"og:site_name\" content=\"El Diario - Bolivia\" \/>\n<meta property=\"article:publisher\" content=\"https:\/\/www.facebook.com\/eldiario.bolivia\/\" \/>\n<meta property=\"article:published_time\" content=\"2021-05-22T11:55:37+00:00\" \/>\n<meta name=\"author\" content=\"Jeanette\" \/>\n<meta name=\"twitter:card\" content=\"summary_large_image\" \/>\n<meta name=\"twitter:creator\" content=\"@eldiario_net\" \/>\n<meta name=\"twitter:site\" content=\"@eldiario_net\" \/>\n<meta name=\"twitter:label1\" content=\"Escrito por\" \/>\n\t<meta name=\"twitter:data1\" content=\"Jeanette\" \/>\n\t<meta name=\"twitter:label2\" content=\"Tiempo de lectura\" \/>\n\t<meta name=\"twitter:data2\" content=\"4 minutos\" \/>\n<script type=\"application\/ld+json\" class=\"yoast-schema-graph\">{\"@context\":\"https:\\\/\\\/schema.org\",\"@graph\":[{\"@type\":\"Article\",\"@id\":\"https:\\\/\\\/www.eldiario.net\\\/portal\\\/2021\\\/05\\\/22\\\/temen-que-declaraciones-de-militares-sean-tergiversadas\\\/#article\",\"isPartOf\":{\"@id\":\"https:\\\/\\\/www.eldiario.net\\\/portal\\\/2021\\\/05\\\/22\\\/temen-que-declaraciones-de-militares-sean-tergiversadas\\\/\"},\"author\":{\"name\":\"Jeanette\",\"@id\":\"https:\\\/\\\/www.eldiario.net\\\/portal\\\/#\\\/schema\\\/person\\\/f46445640444750d7d753ccd04ae01b7\"},\"headline\":\"Temen que declaraciones de militares sean tergiversadas\",\"datePublished\":\"2021-05-22T11:55:37+00:00\",\"mainEntityOfPage\":{\"@id\":\"https:\\\/\\\/www.eldiario.net\\\/portal\\\/2021\\\/05\\\/22\\\/temen-que-declaraciones-de-militares-sean-tergiversadas\\\/\"},\"wordCount\":630,\"publisher\":{\"@id\":\"https:\\\/\\\/www.eldiario.net\\\/portal\\\/#organization\"},\"image\":{\"@id\":\"https:\\\/\\\/www.eldiario.net\\\/portal\\\/2021\\\/05\\\/22\\\/temen-que-declaraciones-de-militares-sean-tergiversadas\\\/#primaryimage\"},\"thumbnailUrl\":\"\",\"articleSection\":[\"Sociedad - Seguridad\"],\"inLanguage\":\"es\"},{\"@type\":\"WebPage\",\"@id\":\"https:\\\/\\\/www.eldiario.net\\\/portal\\\/2021\\\/05\\\/22\\\/temen-que-declaraciones-de-militares-sean-tergiversadas\\\/\",\"url\":\"https:\\\/\\\/www.eldiario.net\\\/portal\\\/2021\\\/05\\\/22\\\/temen-que-declaraciones-de-militares-sean-tergiversadas\\\/\",\"name\":\"Temen que declaraciones de militares sean tergiversadas - El Diario - Bolivia\",\"isPartOf\":{\"@id\":\"https:\\\/\\\/www.eldiario.net\\\/portal\\\/#website\"},\"primaryImageOfPage\":{\"@id\":\"https:\\\/\\\/www.eldiario.net\\\/portal\\\/2021\\\/05\\\/22\\\/temen-que-declaraciones-de-militares-sean-tergiversadas\\\/#primaryimage\"},\"image\":{\"@id\":\"https:\\\/\\\/www.eldiario.net\\\/portal\\\/2021\\\/05\\\/22\\\/temen-que-declaraciones-de-militares-sean-tergiversadas\\\/#primaryimage\"},\"thumbnailUrl\":\"\",\"datePublished\":\"2021-05-22T11:55:37+00:00\",\"breadcrumb\":{\"@id\":\"https:\\\/\\\/www.eldiario.net\\\/portal\\\/2021\\\/05\\\/22\\\/temen-que-declaraciones-de-militares-sean-tergiversadas\\\/#breadcrumb\"},\"inLanguage\":\"es\",\"potentialAction\":[{\"@type\":\"ReadAction\",\"target\":[\"https:\\\/\\\/www.eldiario.net\\\/portal\\\/2021\\\/05\\\/22\\\/temen-que-declaraciones-de-militares-sean-tergiversadas\\\/\"]}]},{\"@type\":\"ImageObject\",\"inLanguage\":\"es\",\"@id\":\"https:\\\/\\\/www.eldiario.net\\\/portal\\\/2021\\\/05\\\/22\\\/temen-que-declaraciones-de-militares-sean-tergiversadas\\\/#primaryimage\",\"url\":\"\",\"contentUrl\":\"\"},{\"@type\":\"BreadcrumbList\",\"@id\":\"https:\\\/\\\/www.eldiario.net\\\/portal\\\/2021\\\/05\\\/22\\\/temen-que-declaraciones-de-militares-sean-tergiversadas\\\/#breadcrumb\",\"itemListElement\":[{\"@type\":\"ListItem\",\"position\":1,\"name\":\"Portada\",\"item\":\"https:\\\/\\\/www.eldiario.net\\\/portal\\\/\"},{\"@type\":\"ListItem\",\"position\":2,\"name\":\"Temen que declaraciones de militares sean tergiversadas\"}]},{\"@type\":\"WebSite\",\"@id\":\"https:\\\/\\\/www.eldiario.net\\\/portal\\\/#website\",\"url\":\"https:\\\/\\\/www.eldiario.net\\\/portal\\\/\",\"name\":\"El Diario - Decano de la prensa nacional\",\"description\":\"El Diario - Decano de la prensa nacional\",\"publisher\":{\"@id\":\"https:\\\/\\\/www.eldiario.net\\\/portal\\\/#organization\"},\"potentialAction\":[{\"@type\":\"SearchAction\",\"target\":{\"@type\":\"EntryPoint\",\"urlTemplate\":\"https:\\\/\\\/www.eldiario.net\\\/portal\\\/?s={search_term_string}\"},\"query-input\":{\"@type\":\"PropertyValueSpecification\",\"valueRequired\":true,\"valueName\":\"search_term_string\"}}],\"inLanguage\":\"es\"},{\"@type\":\"Organization\",\"@id\":\"https:\\\/\\\/www.eldiario.net\\\/portal\\\/#organization\",\"name\":\"El Diario - Decano de la prensa nacional\",\"url\":\"https:\\\/\\\/www.eldiario.net\\\/portal\\\/\",\"logo\":{\"@type\":\"ImageObject\",\"inLanguage\":\"es\",\"@id\":\"https:\\\/\\\/www.eldiario.net\\\/portal\\\/#\\\/schema\\\/logo\\\/image\\\/\",\"url\":\"https:\\\/\\\/www.eldiario.net\\\/portal\\\/wp-content\\\/uploads\\\/2023\\\/07\\\/logo_ED.jpg\",\"contentUrl\":\"https:\\\/\\\/www.eldiario.net\\\/portal\\\/wp-content\\\/uploads\\\/2023\\\/07\\\/logo_ED.jpg\",\"width\":272,\"height\":52,\"caption\":\"El Diario - Decano de la prensa nacional\"},\"image\":{\"@id\":\"https:\\\/\\\/www.eldiario.net\\\/portal\\\/#\\\/schema\\\/logo\\\/image\\\/\"},\"sameAs\":[\"https:\\\/\\\/www.facebook.com\\\/eldiario.bolivia\\\/\",\"https:\\\/\\\/x.com\\\/eldiario_net\"]},{\"@type\":\"Person\",\"@id\":\"https:\\\/\\\/www.eldiario.net\\\/portal\\\/#\\\/schema\\\/person\\\/f46445640444750d7d753ccd04ae01b7\",\"name\":\"Jeanette\",\"image\":{\"@type\":\"ImageObject\",\"inLanguage\":\"es\",\"@id\":\"https:\\\/\\\/secure.gravatar.com\\\/avatar\\\/3ea2118a5f7dad2b7138b1187a6b7ee55f160b9968b66013c3a3ef39dd7e5798?s=96&d=mm&r=g\",\"url\":\"https:\\\/\\\/secure.gravatar.com\\\/avatar\\\/3ea2118a5f7dad2b7138b1187a6b7ee55f160b9968b66013c3a3ef39dd7e5798?s=96&d=mm&r=g\",\"contentUrl\":\"https:\\\/\\\/secure.gravatar.com\\\/avatar\\\/3ea2118a5f7dad2b7138b1187a6b7ee55f160b9968b66013c3a3ef39dd7e5798?s=96&d=mm&r=g\",\"caption\":\"Jeanette\"},\"sameAs\":[\"https:\\\/\\\/www.eldiario.net\\\/portal\"],\"url\":\"https:\\\/\\\/www.eldiario.net\\\/portal\\\/author\\\/jeanette\\\/\"}]}<\/script>\n<!-- \/ Yoast SEO plugin. -->","yoast_head_json":{"title":"Temen que declaraciones de militares sean tergiversadas - El Diario - Bolivia","robots":{"index":"index","follow":"follow","max-snippet":"max-snippet:-1","max-image-preview":"max-image-preview:large","max-video-preview":"max-video-preview:-1"},"canonical":"https:\/\/www.eldiario.net\/portal\/2021\/05\/22\/temen-que-declaraciones-de-militares-sean-tergiversadas\/","og_locale":"es_ES","og_type":"article","og_title":"Temen que declaraciones de militares sean tergiversadas - El Diario - Bolivia","og_description":"Al menos cinco instituciones de Santa Cruz de la Sierra rechazan que el Ministro de Defensa como representante legal de las Fuerzas Armadas (FFAA) haya aceptado la toma de declaraciones de militares ante un organismo internacional, ya que se corre el riesgo que las mismas sean tomadas en cuenta por el Ministerio P\u00fablico para tergiversarlas. [&hellip;]","og_url":"https:\/\/www.eldiario.net\/portal\/2021\/05\/22\/temen-que-declaraciones-de-militares-sean-tergiversadas\/","og_site_name":"El Diario - Bolivia","article_publisher":"https:\/\/www.facebook.com\/eldiario.bolivia\/","article_published_time":"2021-05-22T11:55:37+00:00","author":"Jeanette","twitter_card":"summary_large_image","twitter_creator":"@eldiario_net","twitter_site":"@eldiario_net","twitter_misc":{"Escrito por":"Jeanette","Tiempo de lectura":"4 minutos"},"schema":{"@context":"https:\/\/schema.org","@graph":[{"@type":"Article","@id":"https:\/\/www.eldiario.net\/portal\/2021\/05\/22\/temen-que-declaraciones-de-militares-sean-tergiversadas\/#article","isPartOf":{"@id":"https:\/\/www.eldiario.net\/portal\/2021\/05\/22\/temen-que-declaraciones-de-militares-sean-tergiversadas\/"},"author":{"name":"Jeanette","@id":"https:\/\/www.eldiario.net\/portal\/#\/schema\/person\/f46445640444750d7d753ccd04ae01b7"},"headline":"Temen que declaraciones de militares sean tergiversadas","datePublished":"2021-05-22T11:55:37+00:00","mainEntityOfPage":{"@id":"https:\/\/www.eldiario.net\/portal\/2021\/05\/22\/temen-que-declaraciones-de-militares-sean-tergiversadas\/"},"wordCount":630,"publisher":{"@id":"https:\/\/www.eldiario.net\/portal\/#organization"},"image":{"@id":"https:\/\/www.eldiario.net\/portal\/2021\/05\/22\/temen-que-declaraciones-de-militares-sean-tergiversadas\/#primaryimage"},"thumbnailUrl":"","articleSection":["Sociedad - Seguridad"],"inLanguage":"es"},{"@type":"WebPage","@id":"https:\/\/www.eldiario.net\/portal\/2021\/05\/22\/temen-que-declaraciones-de-militares-sean-tergiversadas\/","url":"https:\/\/www.eldiario.net\/portal\/2021\/05\/22\/temen-que-declaraciones-de-militares-sean-tergiversadas\/","name":"Temen que declaraciones de militares sean tergiversadas - El Diario - Bolivia","isPartOf":{"@id":"https:\/\/www.eldiario.net\/portal\/#website"},"primaryImageOfPage":{"@id":"https:\/\/www.eldiario.net\/portal\/2021\/05\/22\/temen-que-declaraciones-de-militares-sean-tergiversadas\/#primaryimage"},"image":{"@id":"https:\/\/www.eldiario.net\/portal\/2021\/05\/22\/temen-que-declaraciones-de-militares-sean-tergiversadas\/#primaryimage"},"thumbnailUrl":"","datePublished":"2021-05-22T11:55:37+00:00","breadcrumb":{"@id":"https:\/\/www.eldiario.net\/portal\/2021\/05\/22\/temen-que-declaraciones-de-militares-sean-tergiversadas\/#breadcrumb"},"inLanguage":"es","potentialAction":[{"@type":"ReadAction","target":["https:\/\/www.eldiario.net\/portal\/2021\/05\/22\/temen-que-declaraciones-de-militares-sean-tergiversadas\/"]}]},{"@type":"ImageObject","inLanguage":"es","@id":"https:\/\/www.eldiario.net\/portal\/2021\/05\/22\/temen-que-declaraciones-de-militares-sean-tergiversadas\/#primaryimage","url":"","contentUrl":""},{"@type":"BreadcrumbList","@id":"https:\/\/www.eldiario.net\/portal\/2021\/05\/22\/temen-que-declaraciones-de-militares-sean-tergiversadas\/#breadcrumb","itemListElement":[{"@type":"ListItem","position":1,"name":"Portada","item":"https:\/\/www.eldiario.net\/portal\/"},{"@type":"ListItem","position":2,"name":"Temen que declaraciones de militares sean tergiversadas"}]},{"@type":"WebSite","@id":"https:\/\/www.eldiario.net\/portal\/#website","url":"https:\/\/www.eldiario.net\/portal\/","name":"El Diario - Decano de la prensa nacional","description":"El Diario - Decano de la prensa nacional","publisher":{"@id":"https:\/\/www.eldiario.net\/portal\/#organization"},"potentialAction":[{"@type":"SearchAction","target":{"@type":"EntryPoint","urlTemplate":"https:\/\/www.eldiario.net\/portal\/?s={search_term_string}"},"query-input":{"@type":"PropertyValueSpecification","valueRequired":true,"valueName":"search_term_string"}}],"inLanguage":"es"},{"@type":"Organization","@id":"https:\/\/www.eldiario.net\/portal\/#organization","name":"El Diario - Decano de la prensa nacional","url":"https:\/\/www.eldiario.net\/portal\/","logo":{"@type":"ImageObject","inLanguage":"es","@id":"https:\/\/www.eldiario.net\/portal\/#\/schema\/logo\/image\/","url":"https:\/\/www.eldiario.net\/portal\/wp-content\/uploads\/2023\/07\/logo_ED.jpg","contentUrl":"https:\/\/www.eldiario.net\/portal\/wp-content\/uploads\/2023\/07\/logo_ED.jpg","width":272,"height":52,"caption":"El Diario - Decano de la prensa nacional"},"image":{"@id":"https:\/\/www.eldiario.net\/portal\/#\/schema\/logo\/image\/"},"sameAs":["https:\/\/www.facebook.com\/eldiario.bolivia\/","https:\/\/x.com\/eldiario_net"]},{"@type":"Person","@id":"https:\/\/www.eldiario.net\/portal\/#\/schema\/person\/f46445640444750d7d753ccd04ae01b7","name":"Jeanette","image":{"@type":"ImageObject","inLanguage":"es","@id":"https:\/\/secure.gravatar.com\/avatar\/3ea2118a5f7dad2b7138b1187a6b7ee55f160b9968b66013c3a3ef39dd7e5798?s=96&d=mm&r=g","url":"https:\/\/secure.gravatar.com\/avatar\/3ea2118a5f7dad2b7138b1187a6b7ee55f160b9968b66013c3a3ef39dd7e5798?s=96&d=mm&r=g","contentUrl":"https:\/\/secure.gravatar.com\/avatar\/3ea2118a5f7dad2b7138b1187a6b7ee55f160b9968b66013c3a3ef39dd7e5798?s=96&d=mm&r=g","caption":"Jeanette"},"sameAs":["https:\/\/www.eldiario.net\/portal"],"url":"https:\/\/www.eldiario.net\/portal\/author\/jeanette\/"}]}},"_links":{"self":[{"href":"https:\/\/www.eldiario.net\/portal\/wp-json\/wp\/v2\/posts\/5527","targetHints":{"allow":["GET"]}}],"collection":[{"href":"https:\/\/www.eldiario.net\/portal\/wp-json\/wp\/v2\/posts"}],"about":[{"href":"https:\/\/www.eldiario.net\/portal\/wp-json\/wp\/v2\/types\/post"}],"author":[{"embeddable":true,"href":"https:\/\/www.eldiario.net\/portal\/wp-json\/wp\/v2\/users\/1"}],"replies":[{"embeddable":true,"href":"https:\/\/www.eldiario.net\/portal\/wp-json\/wp\/v2\/comments?post=5527"}],"version-history":[{"count":0,"href":"https:\/\/www.eldiario.net\/portal\/wp-json\/wp\/v2\/posts\/5527\/revisions"}],"wp:attachment":[{"href":"https:\/\/www.eldiario.net\/portal\/wp-json\/wp\/v2\/media?parent=5527"}],"wp:term":[{"taxonomy":"category","embeddable":true,"href":"https:\/\/www.eldiario.net\/portal\/wp-json\/wp\/v2\/categories?post=5527"},{"taxonomy":"post_tag","embeddable":true,"href":"https:\/\/www.eldiario.net\/portal\/wp-json\/wp\/v2\/tags?post=5527"}],"curies":[{"name":"wp","href":"https:\/\/api.w.org\/{rel}","templated":true}]}}