{"id":55248,"date":"2022-01-10T05:21:34","date_gmt":"2022-01-10T09:21:34","guid":{"rendered":"https:\/\/www.eldiario.net\/portal\/?p=55248"},"modified":"2022-01-10T05:21:34","modified_gmt":"2022-01-10T09:21:34","slug":"para-la-historia","status":"publish","type":"post","link":"https:\/\/www.eldiario.net\/portal\/2022\/01\/10\/para-la-historia\/","title":{"rendered":"Para la historia"},"content":{"rendered":"<p>La democracia tuvo a sus allegados y tambi\u00e9n a ciertos picaros. Los primeros la honraron, asumiendo sus principios m\u00e1s elementales. Y los segundos la desvirtuaron, supedit\u00e1ndola a sus m\u00e1s nefastos prop\u00f3sitos. Estas \u00faltimas acciones empa\u00f1aron su imagen, de manera irreversible.<br \/>\n\u201cSe respet\u00f3 los derechos humanos\u201d, dijo, en ese contexto, el presidente, Hern\u00e1n Siles Zuazo, considerado como un defensor y art\u00edfice de la democracia boliviana, en 1984. \u201cPreferimos el di\u00e1logo y la persuasi\u00f3n, en un marco de irreprochable respeto al hombre, las libertades democr\u00e1ticas y las garant\u00edas sindicales\u201d, reiter\u00f3.<br \/>\nPol\u00edticos de ese temple y mentalidad, marcaron el cambio de la historia, en una coyuntura, nacional y regional muy complicada. Sacrificaron la tranquilidad y bienestar de sus familiares, por el bien com\u00fan. Vivieron sobre ascuas permanentemente. En la austeridad, m\u00e1s inconcebible. Pero lograron reencausar, sobre todos los riesgos que significaba luchar contra los omnipotentes, la democracia, en momentos adversos. \u201cDurante los primeros diez meses de Gobierno Constitucional, la democracia en nuestro pa\u00eds tuvo que enfrentar grandes obst\u00e1culos y agudos problemas que hicieron de este periodo uno de los m\u00e1s dram\u00e1ticos en la historia de Bolivia\u201d, confes\u00f3 el dignatario de Estado en 1983.<br \/>\nA 39 a\u00f1os de la restituci\u00f3n del sistema de libertades, otras son las circunstancias en el tablero pol\u00edtico nacional. Otros son los actores, entre ellos muchos j\u00f3venes, quienes ignoran, quiz\u00e1 por falta de formaci\u00f3n pol\u00edtica, los genuinos postulados de la democracia. Pero algunos lo practican seg\u00fan sus intereses particulares. Muchos la manipularon para imponer sus tenebrosos designios. Al extremo que lo tergiversaron, para seguir saboreando el n\u00e9ctar del Poder.<br \/>\nLa democracia fue recuperada para garantizar y salvaguardar los derechos humanos, consagrados universalmente. Ese fue el objetivo prioritario. En torno a este se aunaron esfuerzos e inquietudes en la d\u00e9cada del 80 del siglo pasado.<br \/>\nEn las dictaduras aquellos fueron atropellados y pisoteados por quienes dec\u00edan ser \u201clos salvadores\u201d. Prueba de ello es la existencia de una n\u00f3mina largu\u00edsima de las victimas del autoritarismo. Los bravucones quisieron silenciar a quienes pensaban diferente. Quisieron imponer, sobre r\u00edos de sangre, sus proyecciones pol\u00edtico \u2013 ideol\u00f3gicas, en connivencia con fuerzas externas. Con la ayuda y la simpat\u00eda de otros dictadores que merodeaban alrededor de nuestras fronteras patrias. Poderosos e intocables que infund\u00edan terror. La prensa tambi\u00e9n fue objeto de intimidaci\u00f3n.<br \/>\nPor consiguiente: las condiciones objetivas y subjetivas estuvieron dadas para que retornara la democracia en 1982. Los excesos dictatoriales hab\u00edan dejado profundas heridas en el pueblo boliviano y por ello hab\u00eda que reivindicar la libertad, a cualquier costo. Y se hizo realidad ese proyecto, con acci\u00f3n conjunta. Deponiendo actitudes pol\u00edtico \u2013 ideol\u00f3gicas. La b\u00fasqueda de la democracia, estuvo reflejada en la fuerza del movimiento anti dictatorial. Hoy en las nuevas generaciones, que incluyen a los \u201cenviados\u201d, disfrutan sus frutos, ignorando m\u00e1s fundamentales enunciados.<br \/>\nEn suma: se deber\u00eda trabajar para restituir la verdadera democracia.<\/p>\n","protected":false},"excerpt":{"rendered":"<p>La democracia tuvo a sus allegados y tambi\u00e9n a ciertos picaros. Los primeros la honraron, asumiendo sus principios m\u00e1s elementales. Y los segundos la desvirtuaron, supedit\u00e1ndola a sus m\u00e1s nefastos prop\u00f3sitos. Estas \u00faltimas acciones empa\u00f1aron su imagen, de manera irreversible. \u201cSe respet\u00f3 los derechos humanos\u201d, dijo, en ese contexto, el presidente, Hern\u00e1n Siles Zuazo, considerado [&hellip;]<\/p>\n","protected":false},"author":1,"featured_media":3790,"comment_status":"closed","ping_status":"closed","sticky":false,"template":"","format":"standard","meta":{"_acf_changed":false,"footnotes":""},"categories":[9],"tags":[],"class_list":["post-55248","post","type-post","status-publish","format-standard","has-post-thumbnail","category-opinion"],"acf":{"antetitulo":""},"yoast_head":"<!-- This site is optimized with the Yoast SEO plugin v28.3 - https:\/\/yoast.com\/product\/yoast-seo-wordpress\/ -->\n<title>Para la historia - El Diario - Bolivia<\/title>\n<meta name=\"robots\" content=\"index, follow, max-snippet:-1, max-image-preview:large, max-video-preview:-1\" \/>\n<link rel=\"canonical\" href=\"https:\/\/www.eldiario.net\/portal\/2022\/01\/10\/para-la-historia\/\" \/>\n<meta property=\"og:locale\" content=\"es_ES\" \/>\n<meta property=\"og:type\" content=\"article\" \/>\n<meta property=\"og:title\" content=\"Para la historia - El Diario - Bolivia\" \/>\n<meta property=\"og:description\" content=\"La democracia tuvo a sus allegados y tambi\u00e9n a ciertos picaros. Los primeros la honraron, asumiendo sus principios m\u00e1s elementales. Y los segundos la desvirtuaron, supedit\u00e1ndola a sus m\u00e1s nefastos prop\u00f3sitos. Estas \u00faltimas acciones empa\u00f1aron su imagen, de manera irreversible. \u201cSe respet\u00f3 los derechos humanos\u201d, dijo, en ese contexto, el presidente, Hern\u00e1n Siles Zuazo, considerado [&hellip;]\" \/>\n<meta property=\"og:url\" content=\"https:\/\/www.eldiario.net\/portal\/2022\/01\/10\/para-la-historia\/\" \/>\n<meta property=\"og:site_name\" content=\"El Diario - Bolivia\" \/>\n<meta property=\"article:publisher\" content=\"https:\/\/www.facebook.com\/eldiario.bolivia\/\" \/>\n<meta property=\"article:published_time\" content=\"2022-01-10T09:21:34+00:00\" \/>\n<meta name=\"author\" content=\"Jeanette\" \/>\n<meta name=\"twitter:card\" content=\"summary_large_image\" \/>\n<meta name=\"twitter:creator\" content=\"@eldiario_net\" \/>\n<meta name=\"twitter:site\" content=\"@eldiario_net\" \/>\n<meta name=\"twitter:label1\" content=\"Escrito por\" \/>\n\t<meta name=\"twitter:data1\" content=\"Jeanette\" \/>\n\t<meta name=\"twitter:label2\" content=\"Tiempo de lectura\" \/>\n\t<meta name=\"twitter:data2\" content=\"3 minutos\" \/>\n<script type=\"application\/ld+json\" class=\"yoast-schema-graph\">{\"@context\":\"https:\\\/\\\/schema.org\",\"@graph\":[{\"@type\":\"Article\",\"@id\":\"https:\\\/\\\/www.eldiario.net\\\/portal\\\/2022\\\/01\\\/10\\\/para-la-historia\\\/#article\",\"isPartOf\":{\"@id\":\"https:\\\/\\\/www.eldiario.net\\\/portal\\\/2022\\\/01\\\/10\\\/para-la-historia\\\/\"},\"author\":{\"name\":\"Jeanette\",\"@id\":\"https:\\\/\\\/www.eldiario.net\\\/portal\\\/#\\\/schema\\\/person\\\/f46445640444750d7d753ccd04ae01b7\"},\"headline\":\"Para la historia\",\"datePublished\":\"2022-01-10T09:21:34+00:00\",\"mainEntityOfPage\":{\"@id\":\"https:\\\/\\\/www.eldiario.net\\\/portal\\\/2022\\\/01\\\/10\\\/para-la-historia\\\/\"},\"wordCount\":511,\"publisher\":{\"@id\":\"https:\\\/\\\/www.eldiario.net\\\/portal\\\/#organization\"},\"image\":{\"@id\":\"https:\\\/\\\/www.eldiario.net\\\/portal\\\/2022\\\/01\\\/10\\\/para-la-historia\\\/#primaryimage\"},\"thumbnailUrl\":\"\",\"articleSection\":[\"Opini\u00f3n\"],\"inLanguage\":\"es\"},{\"@type\":\"WebPage\",\"@id\":\"https:\\\/\\\/www.eldiario.net\\\/portal\\\/2022\\\/01\\\/10\\\/para-la-historia\\\/\",\"url\":\"https:\\\/\\\/www.eldiario.net\\\/portal\\\/2022\\\/01\\\/10\\\/para-la-historia\\\/\",\"name\":\"Para la historia - El Diario - Bolivia\",\"isPartOf\":{\"@id\":\"https:\\\/\\\/www.eldiario.net\\\/portal\\\/#website\"},\"primaryImageOfPage\":{\"@id\":\"https:\\\/\\\/www.eldiario.net\\\/portal\\\/2022\\\/01\\\/10\\\/para-la-historia\\\/#primaryimage\"},\"image\":{\"@id\":\"https:\\\/\\\/www.eldiario.net\\\/portal\\\/2022\\\/01\\\/10\\\/para-la-historia\\\/#primaryimage\"},\"thumbnailUrl\":\"\",\"datePublished\":\"2022-01-10T09:21:34+00:00\",\"breadcrumb\":{\"@id\":\"https:\\\/\\\/www.eldiario.net\\\/portal\\\/2022\\\/01\\\/10\\\/para-la-historia\\\/#breadcrumb\"},\"inLanguage\":\"es\",\"potentialAction\":[{\"@type\":\"ReadAction\",\"target\":[\"https:\\\/\\\/www.eldiario.net\\\/portal\\\/2022\\\/01\\\/10\\\/para-la-historia\\\/\"]}]},{\"@type\":\"ImageObject\",\"inLanguage\":\"es\",\"@id\":\"https:\\\/\\\/www.eldiario.net\\\/portal\\\/2022\\\/01\\\/10\\\/para-la-historia\\\/#primaryimage\",\"url\":\"\",\"contentUrl\":\"\"},{\"@type\":\"BreadcrumbList\",\"@id\":\"https:\\\/\\\/www.eldiario.net\\\/portal\\\/2022\\\/01\\\/10\\\/para-la-historia\\\/#breadcrumb\",\"itemListElement\":[{\"@type\":\"ListItem\",\"position\":1,\"name\":\"Portada\",\"item\":\"https:\\\/\\\/www.eldiario.net\\\/portal\\\/\"},{\"@type\":\"ListItem\",\"position\":2,\"name\":\"Para la historia\"}]},{\"@type\":\"WebSite\",\"@id\":\"https:\\\/\\\/www.eldiario.net\\\/portal\\\/#website\",\"url\":\"https:\\\/\\\/www.eldiario.net\\\/portal\\\/\",\"name\":\"El Diario - Decano de la prensa nacional\",\"description\":\"El Diario - Decano de la prensa nacional\",\"publisher\":{\"@id\":\"https:\\\/\\\/www.eldiario.net\\\/portal\\\/#organization\"},\"potentialAction\":[{\"@type\":\"SearchAction\",\"target\":{\"@type\":\"EntryPoint\",\"urlTemplate\":\"https:\\\/\\\/www.eldiario.net\\\/portal\\\/?s={search_term_string}\"},\"query-input\":{\"@type\":\"PropertyValueSpecification\",\"valueRequired\":true,\"valueName\":\"search_term_string\"}}],\"inLanguage\":\"es\"},{\"@type\":\"Organization\",\"@id\":\"https:\\\/\\\/www.eldiario.net\\\/portal\\\/#organization\",\"name\":\"El Diario - Decano de la prensa nacional\",\"url\":\"https:\\\/\\\/www.eldiario.net\\\/portal\\\/\",\"logo\":{\"@type\":\"ImageObject\",\"inLanguage\":\"es\",\"@id\":\"https:\\\/\\\/www.eldiario.net\\\/portal\\\/#\\\/schema\\\/logo\\\/image\\\/\",\"url\":\"https:\\\/\\\/www.eldiario.net\\\/portal\\\/wp-content\\\/uploads\\\/2023\\\/07\\\/logo_ED.jpg\",\"contentUrl\":\"https:\\\/\\\/www.eldiario.net\\\/portal\\\/wp-content\\\/uploads\\\/2023\\\/07\\\/logo_ED.jpg\",\"width\":272,\"height\":52,\"caption\":\"El Diario - Decano de la prensa nacional\"},\"image\":{\"@id\":\"https:\\\/\\\/www.eldiario.net\\\/portal\\\/#\\\/schema\\\/logo\\\/image\\\/\"},\"sameAs\":[\"https:\\\/\\\/www.facebook.com\\\/eldiario.bolivia\\\/\",\"https:\\\/\\\/x.com\\\/eldiario_net\"]},{\"@type\":\"Person\",\"@id\":\"https:\\\/\\\/www.eldiario.net\\\/portal\\\/#\\\/schema\\\/person\\\/f46445640444750d7d753ccd04ae01b7\",\"name\":\"Jeanette\",\"image\":{\"@type\":\"ImageObject\",\"inLanguage\":\"es\",\"@id\":\"https:\\\/\\\/secure.gravatar.com\\\/avatar\\\/3ea2118a5f7dad2b7138b1187a6b7ee55f160b9968b66013c3a3ef39dd7e5798?s=96&d=mm&r=g\",\"url\":\"https:\\\/\\\/secure.gravatar.com\\\/avatar\\\/3ea2118a5f7dad2b7138b1187a6b7ee55f160b9968b66013c3a3ef39dd7e5798?s=96&d=mm&r=g\",\"contentUrl\":\"https:\\\/\\\/secure.gravatar.com\\\/avatar\\\/3ea2118a5f7dad2b7138b1187a6b7ee55f160b9968b66013c3a3ef39dd7e5798?s=96&d=mm&r=g\",\"caption\":\"Jeanette\"},\"sameAs\":[\"https:\\\/\\\/www.eldiario.net\\\/portal\"],\"url\":\"https:\\\/\\\/www.eldiario.net\\\/portal\\\/author\\\/jeanette\\\/\"}]}<\/script>\n<!-- \/ Yoast SEO plugin. -->","yoast_head_json":{"title":"Para la historia - El Diario - Bolivia","robots":{"index":"index","follow":"follow","max-snippet":"max-snippet:-1","max-image-preview":"max-image-preview:large","max-video-preview":"max-video-preview:-1"},"canonical":"https:\/\/www.eldiario.net\/portal\/2022\/01\/10\/para-la-historia\/","og_locale":"es_ES","og_type":"article","og_title":"Para la historia - El Diario - Bolivia","og_description":"La democracia tuvo a sus allegados y tambi\u00e9n a ciertos picaros. Los primeros la honraron, asumiendo sus principios m\u00e1s elementales. Y los segundos la desvirtuaron, supedit\u00e1ndola a sus m\u00e1s nefastos prop\u00f3sitos. Estas \u00faltimas acciones empa\u00f1aron su imagen, de manera irreversible. \u201cSe respet\u00f3 los derechos humanos\u201d, dijo, en ese contexto, el presidente, Hern\u00e1n Siles Zuazo, considerado [&hellip;]","og_url":"https:\/\/www.eldiario.net\/portal\/2022\/01\/10\/para-la-historia\/","og_site_name":"El Diario - Bolivia","article_publisher":"https:\/\/www.facebook.com\/eldiario.bolivia\/","article_published_time":"2022-01-10T09:21:34+00:00","author":"Jeanette","twitter_card":"summary_large_image","twitter_creator":"@eldiario_net","twitter_site":"@eldiario_net","twitter_misc":{"Escrito por":"Jeanette","Tiempo de lectura":"3 minutos"},"schema":{"@context":"https:\/\/schema.org","@graph":[{"@type":"Article","@id":"https:\/\/www.eldiario.net\/portal\/2022\/01\/10\/para-la-historia\/#article","isPartOf":{"@id":"https:\/\/www.eldiario.net\/portal\/2022\/01\/10\/para-la-historia\/"},"author":{"name":"Jeanette","@id":"https:\/\/www.eldiario.net\/portal\/#\/schema\/person\/f46445640444750d7d753ccd04ae01b7"},"headline":"Para la historia","datePublished":"2022-01-10T09:21:34+00:00","mainEntityOfPage":{"@id":"https:\/\/www.eldiario.net\/portal\/2022\/01\/10\/para-la-historia\/"},"wordCount":511,"publisher":{"@id":"https:\/\/www.eldiario.net\/portal\/#organization"},"image":{"@id":"https:\/\/www.eldiario.net\/portal\/2022\/01\/10\/para-la-historia\/#primaryimage"},"thumbnailUrl":"","articleSection":["Opini\u00f3n"],"inLanguage":"es"},{"@type":"WebPage","@id":"https:\/\/www.eldiario.net\/portal\/2022\/01\/10\/para-la-historia\/","url":"https:\/\/www.eldiario.net\/portal\/2022\/01\/10\/para-la-historia\/","name":"Para la historia - El Diario - Bolivia","isPartOf":{"@id":"https:\/\/www.eldiario.net\/portal\/#website"},"primaryImageOfPage":{"@id":"https:\/\/www.eldiario.net\/portal\/2022\/01\/10\/para-la-historia\/#primaryimage"},"image":{"@id":"https:\/\/www.eldiario.net\/portal\/2022\/01\/10\/para-la-historia\/#primaryimage"},"thumbnailUrl":"","datePublished":"2022-01-10T09:21:34+00:00","breadcrumb":{"@id":"https:\/\/www.eldiario.net\/portal\/2022\/01\/10\/para-la-historia\/#breadcrumb"},"inLanguage":"es","potentialAction":[{"@type":"ReadAction","target":["https:\/\/www.eldiario.net\/portal\/2022\/01\/10\/para-la-historia\/"]}]},{"@type":"ImageObject","inLanguage":"es","@id":"https:\/\/www.eldiario.net\/portal\/2022\/01\/10\/para-la-historia\/#primaryimage","url":"","contentUrl":""},{"@type":"BreadcrumbList","@id":"https:\/\/www.eldiario.net\/portal\/2022\/01\/10\/para-la-historia\/#breadcrumb","itemListElement":[{"@type":"ListItem","position":1,"name":"Portada","item":"https:\/\/www.eldiario.net\/portal\/"},{"@type":"ListItem","position":2,"name":"Para la historia"}]},{"@type":"WebSite","@id":"https:\/\/www.eldiario.net\/portal\/#website","url":"https:\/\/www.eldiario.net\/portal\/","name":"El Diario - Decano de la prensa nacional","description":"El Diario - Decano de la prensa nacional","publisher":{"@id":"https:\/\/www.eldiario.net\/portal\/#organization"},"potentialAction":[{"@type":"SearchAction","target":{"@type":"EntryPoint","urlTemplate":"https:\/\/www.eldiario.net\/portal\/?s={search_term_string}"},"query-input":{"@type":"PropertyValueSpecification","valueRequired":true,"valueName":"search_term_string"}}],"inLanguage":"es"},{"@type":"Organization","@id":"https:\/\/www.eldiario.net\/portal\/#organization","name":"El Diario - Decano de la prensa nacional","url":"https:\/\/www.eldiario.net\/portal\/","logo":{"@type":"ImageObject","inLanguage":"es","@id":"https:\/\/www.eldiario.net\/portal\/#\/schema\/logo\/image\/","url":"https:\/\/www.eldiario.net\/portal\/wp-content\/uploads\/2023\/07\/logo_ED.jpg","contentUrl":"https:\/\/www.eldiario.net\/portal\/wp-content\/uploads\/2023\/07\/logo_ED.jpg","width":272,"height":52,"caption":"El Diario - Decano de la prensa nacional"},"image":{"@id":"https:\/\/www.eldiario.net\/portal\/#\/schema\/logo\/image\/"},"sameAs":["https:\/\/www.facebook.com\/eldiario.bolivia\/","https:\/\/x.com\/eldiario_net"]},{"@type":"Person","@id":"https:\/\/www.eldiario.net\/portal\/#\/schema\/person\/f46445640444750d7d753ccd04ae01b7","name":"Jeanette","image":{"@type":"ImageObject","inLanguage":"es","@id":"https:\/\/secure.gravatar.com\/avatar\/3ea2118a5f7dad2b7138b1187a6b7ee55f160b9968b66013c3a3ef39dd7e5798?s=96&d=mm&r=g","url":"https:\/\/secure.gravatar.com\/avatar\/3ea2118a5f7dad2b7138b1187a6b7ee55f160b9968b66013c3a3ef39dd7e5798?s=96&d=mm&r=g","contentUrl":"https:\/\/secure.gravatar.com\/avatar\/3ea2118a5f7dad2b7138b1187a6b7ee55f160b9968b66013c3a3ef39dd7e5798?s=96&d=mm&r=g","caption":"Jeanette"},"sameAs":["https:\/\/www.eldiario.net\/portal"],"url":"https:\/\/www.eldiario.net\/portal\/author\/jeanette\/"}]}},"_links":{"self":[{"href":"https:\/\/www.eldiario.net\/portal\/wp-json\/wp\/v2\/posts\/55248","targetHints":{"allow":["GET"]}}],"collection":[{"href":"https:\/\/www.eldiario.net\/portal\/wp-json\/wp\/v2\/posts"}],"about":[{"href":"https:\/\/www.eldiario.net\/portal\/wp-json\/wp\/v2\/types\/post"}],"author":[{"embeddable":true,"href":"https:\/\/www.eldiario.net\/portal\/wp-json\/wp\/v2\/users\/1"}],"replies":[{"embeddable":true,"href":"https:\/\/www.eldiario.net\/portal\/wp-json\/wp\/v2\/comments?post=55248"}],"version-history":[{"count":0,"href":"https:\/\/www.eldiario.net\/portal\/wp-json\/wp\/v2\/posts\/55248\/revisions"}],"wp:attachment":[{"href":"https:\/\/www.eldiario.net\/portal\/wp-json\/wp\/v2\/media?parent=55248"}],"wp:term":[{"taxonomy":"category","embeddable":true,"href":"https:\/\/www.eldiario.net\/portal\/wp-json\/wp\/v2\/categories?post=55248"},{"taxonomy":"post_tag","embeddable":true,"href":"https:\/\/www.eldiario.net\/portal\/wp-json\/wp\/v2\/tags?post=55248"}],"curies":[{"name":"wp","href":"https:\/\/api.w.org\/{rel}","templated":true}]}}