{"id":55246,"date":"2022-01-10T05:20:48","date_gmt":"2022-01-10T09:20:48","guid":{"rendered":"https:\/\/www.eldiario.net\/portal\/?p=55246"},"modified":"2022-01-10T05:20:48","modified_gmt":"2022-01-10T09:20:48","slug":"salud-mental-locura","status":"publish","type":"post","link":"https:\/\/www.eldiario.net\/portal\/2022\/01\/10\/salud-mental-locura\/","title":{"rendered":"Salud mental: locura"},"content":{"rendered":"<p>\u201cLa sexta temporada empezaba como las anteriores. Parec\u00eda que el \u00e9xito se hab\u00eda convertido en su se\u00f1a de identidad. En la noche de los lunes, como sin quererlo, se hab\u00eda instaurado como el programa m\u00e1s visto en las cadenas de televisi\u00f3n en abierto. A Master Chef Celebrity se le auguraban todos los parabienes sin competidores, ni de lejos. Nada m\u00e1s empezar, la audiencia se percat\u00f3 de que Ver\u00f3nica no estaba bien. Sus estridencias y sus salidas de tono no se correspond\u00edan con esa Kika que nos encandil\u00f3 a principios de la d\u00e9cada de los noventa. Su postura ante las c\u00e1maras, a las que hab\u00eda dedicado su vida, no transmit\u00eda esa alegr\u00eda e inocencia que siempre fueron sus se\u00f1as de identidad. Con el devenir de los cap\u00edtulos, de cajas ocultas, de platos extra\u00f1os y de recetas complicadas, la situaci\u00f3n se fue empeorando. Las redes sociales y los comentarios con tono de mofa hicieron el resto. Con tantos medios y asesores \u00bfNadie supo ver lo que estaba pasando? El resultado el m\u00e1s ruin, el desenlace a prueba de remordimientos&#8230;\u201d.<br \/>\nTodos los expertos coinciden en que la pandemia ha puesto en jaque a nuestro Sistema Sanitario. La falta indiscutible de recursos materiales y humanos, ha venido a demostrar qu\u00e9 lo que parec\u00eda ser nuestra joya de la corona del estado del bienestar era s\u00f3lo un espejismo. El modelo, meramente asistencial y hospitalario, basado en criterios y estad\u00edsticas que no est\u00e1n en sinton\u00eda con las necesidades de la poblaci\u00f3n, ha demostrado el fracaso de un sistema en el que prima la espectacularidad de un logro asilado y medi\u00e1tico, con tecnolog\u00eda puntera, frente al trabajo incesante y cotidiano de los que, en silencio, mitigan el dolor y el sufrimiento de las personas de a pie y de sus familiares.<br \/>\nA pesar de todo, la parte org\u00e1nica de es trilog\u00eda del bienestar f\u00edsico, ps\u00edquico y social de la definici\u00f3n de la Organizaci\u00f3n Mundial de la Salud (OMS) de 1948, se puede considerar dichosa, por qu\u00e9, sin tener en cuenta los recortes de las \u00faltimas d\u00e9cadas, sigue teniendo recursos para hacer frente a las demandas asistenciales de la poblaci\u00f3n. Menci\u00f3n especial habr\u00eda que realizar del importante incremento de las listas de espera, tanto quir\u00fargicas como de pruebas complementarias, de los retrasos diagn\u00f3sticos de enfermedades graves, de la precariedad laboral de los profesionales sanitarios, de la merma de las carteras de servicios, del desencanto de aquellos que por m\u00e1s aplausos que les den vuelven a las trincheras sin miramientos ni recompensa alguna, del incremento exponencial de las p\u00f3lizas de seguros m\u00e9dicos privados contratados por la poblaci\u00f3n general, que asiste at\u00f3nita a un desmantelamiento a plazos de lo p\u00fablico.<br \/>\n\u00bfY qu\u00e9 me dicen de la segunda parte del bienestar, de lo ps\u00edquico? Los profesionales de la salud mental en Espa\u00f1a est\u00e1n saturados. Los datos demuestran que estamos a la cola de Europa en cuanto a profesionales de psiquiatr\u00eda y psicolog\u00eda. Seg\u00fan Euroestat, Espa\u00f1a con 9,98 psiquiatras y 6 psic\u00f3logos por cada 100.000 habitantes (la mitad que en Francia o Alemania) se encuentra en los \u00faltimos puestos, por detr\u00e1s de nosotros solo est\u00e1n Polonia con 9 y Bulgaria con 8. Seg\u00fan los datos del Centro de Investigaciones Sociol\u00f3gicas (CIS), estudios publicados en revista internacionales de alto impacto, ofrecen resultados a nivel mundial del incremento de los casos de depresiones mayores de un 28 % y de un incremento del estr\u00e9s postraum\u00e1tico y de la ansiedad del 26 % (The Lancet y Psychiatry Resesrch). La ola de enfermedad mental nos est\u00e1 afectando a todos, aunque no por igual ni de la misma manera. Un estudio del Hospital del Mar de Barcelona, destaca que el 14,5 % de los profesionales sanitarios sufren un trastorno mental discapacitante, y el 22 % han sufrido s\u00edntomas relacionados con el estr\u00e9s postraum\u00e1tico. Durante la pandemia el consumo de psicof\u00e1rmaco se ha duplicado, sobre todo los ansiol\u00edticos y los antidepresivos. El seguimiento de los pacientes psiqui\u00e1tricos con enfermedades mentales graves se ha demorado tanto que las revisiones se han reducido a menos de la mitad. Como siempre, los trastornos mentales se han ensa\u00f1ado con las personas m\u00e1s vulnerables (adolescentes, mujeres, personas mayores y con aquellas que padecen alguna discapacidad). Se ha prescrito tres veces m\u00e1s psicof\u00e1rmacos a quienes se identifican como clase social baja, seg\u00fan los datos del CIS. Los especialistas en psiquiatr\u00eda y psicolog\u00eda critican la escasa atenci\u00f3n, de manera hist\u00f3rica, que las diferentes administraciones, de todos los signos y colores pol\u00edticos, han prestado a los problemas de salud mental de la poblaci\u00f3n (Apenas un 4 % de la inversi\u00f3n en sanidad, cuando en pa\u00edses de nuestro entorno llega al 10 %).<br \/>\nLa pandemia ha venido a poner de manifiesto como el dolor mental, el peor de los sufrimientos, es de segunda clase y no merece la atenci\u00f3n que precisa. Duelos patol\u00f3gicos y cuadros de depresi\u00f3n mayor, miedos y obsesiones, estr\u00e9s postraum\u00e1tico, cuadros ansiosos depresivos, ansiedades y somatizaciones, problemas de convivencia familiar y de pareja, hostilidades en el medio laboral, acoso y maltrato en el medio escolar, autolesiones de los adolescentes y trastornos de la esfera corporal, son solo algunas de las situaciones patol\u00f3gicas que no han sido atendidas como se merecen por un sistema de salud mental totalmente desamparado.<br \/>\nY en el lado m\u00e1s oscuro, m\u00e1s oculto y silencioso, el suicidio. Durante el a\u00f1o 2020 se ha batido el record de personas que se quitaron la vida en Espa\u00f1a, 3941 (2930 hombres y 1011 mujeres, m\u00e1ximo hist\u00f3rico). El incremento con respecto al a\u00f1o anterior ha sido de un 12,3 % en mujeres y un 5,7 % en hombres, seg\u00fan los datos del Instituto Nacional de Estad\u00edstica (INE). En estas cifras no est\u00e1n contabilizados los intentos de autolisis. Cada d\u00eda se suicidan en Espa\u00f1a 11 personas, con nombres y apellidos, con historias dolientes de desesperaci\u00f3n, con familias que se instalar\u00e1n para siempre en una muerte en vida, con amigas y amigas que se hacen preguntas sin respuestas. A todos ellos solo les quedar\u00e1 el recuerdo de lo que se pudo haber hecho para evitarlo. El suicido se mantiene como la primera causa de mortalidad externa, con un incremento del 7,4 % con respecto al a\u00f1o 2019. Seg\u00fan los expertos hablar de ello no es signo de debilidad, ni tiene el tan manido efecto contagio. El Programa de Prevenci\u00f3n del Suicidio del Centro de Investigaci\u00f3n Biom\u00e9dica en Red de Salud Mental (CIBERSAM) recuerda que uno de los lemas de la Organizaci\u00f3n Mundial de la Salud para su prevenci\u00f3n es \u201cHablemos\u201d.<br \/>\n\u00bfCu\u00e1nto deber doler la vida cuando la \u00fanica salida es la nada en soledad? La Asociaci\u00f3n de Profesionales en Prevenci\u00f3n y Postvenci\u00f3n del Suicidio, PAPAGENO, ofrece un servicio de ayuda y asesoramiento (Recurso y Preguntas Frecuentes). No existe un perfil de la persona suicida. Afecta a todas las edades y a todas las clases sociales. Las tentativas suicidas entre chicas j\u00f3venes se han duplicado durante la pandemia. La adolescencia puede ser un factor de riesgo. Por fin en la pr\u00f3xima convocatoria de formaci\u00f3n sanitaria especializada se va a incorporar la especialidad de Psiquiatr\u00eda y Adolescencia.<br \/>\nEl debate sobre el tratamiento que se hace del suicidio en los medios de comunicaci\u00f3n demuestra que no se siguen, la mayor parte de las veces las directrices marcadas por la OMS. Se ha llegado a hablar del efecto Werther, que podr\u00eda inducir a la imitaci\u00f3n, y del efecto Papageno, como prevenci\u00f3n de la actitud suicidad.<br \/>\nPor fin, parece ser, que la Salud Mental de este pa\u00eds ha entrado en la agenda pol\u00edtica. Nuestros dirigentes han tomado conciencia del grave problema al que nos enfrentamos si no se act\u00faa de manera urgente. Son millones de personas las que esperan poder tener una asistencia adecuada de su salud mental, que no precisa s\u00f3lo de la prescripci\u00f3n de f\u00e1rmacos. Que necesitan apoyo y seguimiento continuado por parte de profesionales de psiquiatr\u00eda y psicolog\u00eda. Recientemente se ha aprobado el Plan Nacional de Salud Mental y Covid 2021-2024 dotado con 100 millones de euros. La cuant\u00eda de lo presupuestado, para cuatro a\u00f1os, se nos antoja exigua e insuficente, dada la magnitud del problema. Y m\u00e1xime cuando en los mismos Presupuestos 2022, se contempla la instauraci\u00f3n del Bono Cultural Joven de 400 euros anuales, dotado con 210 millones de euros, m\u00e1s de un 10 % de lo que se invierte en becas.<br \/>\nSi nuestro Sistema P\u00fablico de Salud est\u00e1 en situaci\u00f3n cr\u00edtica, nuestra Salud Mental es de locura.<\/p>\n<p>El autor de esta nota es el Dr. Antonio Ares.<br \/>\nmedicosypacientes.com<\/p>\n","protected":false},"excerpt":{"rendered":"<p>\u201cLa sexta temporada empezaba como las anteriores. Parec\u00eda que el \u00e9xito se hab\u00eda convertido en su se\u00f1a de identidad. En la noche de los lunes, como sin quererlo, se hab\u00eda instaurado como el programa m\u00e1s visto en las cadenas de televisi\u00f3n en abierto. A Master Chef Celebrity se le auguraban todos los parabienes sin competidores, [&hellip;]<\/p>\n","protected":false},"author":1,"featured_media":0,"comment_status":"closed","ping_status":"closed","sticky":false,"template":"","format":"standard","meta":{"_acf_changed":false,"footnotes":""},"categories":[9],"tags":[],"class_list":["post-55246","post","type-post","status-publish","format-standard","category-opinion"],"acf":{"antetitulo":""},"yoast_head":"<!-- This site is optimized with the Yoast SEO plugin v28.3 - https:\/\/yoast.com\/product\/yoast-seo-wordpress\/ -->\n<title>Salud mental: locura - El Diario - Bolivia<\/title>\n<meta name=\"robots\" content=\"index, follow, max-snippet:-1, max-image-preview:large, max-video-preview:-1\" \/>\n<link rel=\"canonical\" href=\"https:\/\/www.eldiario.net\/portal\/2022\/01\/10\/salud-mental-locura\/\" \/>\n<meta property=\"og:locale\" content=\"es_ES\" \/>\n<meta property=\"og:type\" content=\"article\" \/>\n<meta property=\"og:title\" content=\"Salud mental: locura - El Diario - Bolivia\" \/>\n<meta property=\"og:description\" content=\"\u201cLa sexta temporada empezaba como las anteriores. Parec\u00eda que el \u00e9xito se hab\u00eda convertido en su se\u00f1a de identidad. En la noche de los lunes, como sin quererlo, se hab\u00eda instaurado como el programa m\u00e1s visto en las cadenas de televisi\u00f3n en abierto. A Master Chef Celebrity se le auguraban todos los parabienes sin competidores, [&hellip;]\" \/>\n<meta property=\"og:url\" content=\"https:\/\/www.eldiario.net\/portal\/2022\/01\/10\/salud-mental-locura\/\" \/>\n<meta property=\"og:site_name\" content=\"El Diario - Bolivia\" \/>\n<meta property=\"article:publisher\" content=\"https:\/\/www.facebook.com\/eldiario.bolivia\/\" \/>\n<meta property=\"article:published_time\" content=\"2022-01-10T09:20:48+00:00\" \/>\n<meta name=\"author\" content=\"Jeanette\" \/>\n<meta name=\"twitter:card\" content=\"summary_large_image\" \/>\n<meta name=\"twitter:creator\" content=\"@eldiario_net\" \/>\n<meta name=\"twitter:site\" content=\"@eldiario_net\" \/>\n<meta name=\"twitter:label1\" content=\"Escrito por\" \/>\n\t<meta name=\"twitter:data1\" content=\"Jeanette\" \/>\n\t<meta name=\"twitter:label2\" content=\"Tiempo de lectura\" \/>\n\t<meta name=\"twitter:data2\" content=\"7 minutos\" \/>\n<script type=\"application\/ld+json\" class=\"yoast-schema-graph\">{\"@context\":\"https:\\\/\\\/schema.org\",\"@graph\":[{\"@type\":\"Article\",\"@id\":\"https:\\\/\\\/www.eldiario.net\\\/portal\\\/2022\\\/01\\\/10\\\/salud-mental-locura\\\/#article\",\"isPartOf\":{\"@id\":\"https:\\\/\\\/www.eldiario.net\\\/portal\\\/2022\\\/01\\\/10\\\/salud-mental-locura\\\/\"},\"author\":{\"name\":\"Jeanette\",\"@id\":\"https:\\\/\\\/www.eldiario.net\\\/portal\\\/#\\\/schema\\\/person\\\/f46445640444750d7d753ccd04ae01b7\"},\"headline\":\"Salud mental: locura\",\"datePublished\":\"2022-01-10T09:20:48+00:00\",\"mainEntityOfPage\":{\"@id\":\"https:\\\/\\\/www.eldiario.net\\\/portal\\\/2022\\\/01\\\/10\\\/salud-mental-locura\\\/\"},\"wordCount\":1503,\"publisher\":{\"@id\":\"https:\\\/\\\/www.eldiario.net\\\/portal\\\/#organization\"},\"articleSection\":[\"Opini\u00f3n\"],\"inLanguage\":\"es\"},{\"@type\":\"WebPage\",\"@id\":\"https:\\\/\\\/www.eldiario.net\\\/portal\\\/2022\\\/01\\\/10\\\/salud-mental-locura\\\/\",\"url\":\"https:\\\/\\\/www.eldiario.net\\\/portal\\\/2022\\\/01\\\/10\\\/salud-mental-locura\\\/\",\"name\":\"Salud mental: locura - El Diario - Bolivia\",\"isPartOf\":{\"@id\":\"https:\\\/\\\/www.eldiario.net\\\/portal\\\/#website\"},\"datePublished\":\"2022-01-10T09:20:48+00:00\",\"breadcrumb\":{\"@id\":\"https:\\\/\\\/www.eldiario.net\\\/portal\\\/2022\\\/01\\\/10\\\/salud-mental-locura\\\/#breadcrumb\"},\"inLanguage\":\"es\",\"potentialAction\":[{\"@type\":\"ReadAction\",\"target\":[\"https:\\\/\\\/www.eldiario.net\\\/portal\\\/2022\\\/01\\\/10\\\/salud-mental-locura\\\/\"]}]},{\"@type\":\"BreadcrumbList\",\"@id\":\"https:\\\/\\\/www.eldiario.net\\\/portal\\\/2022\\\/01\\\/10\\\/salud-mental-locura\\\/#breadcrumb\",\"itemListElement\":[{\"@type\":\"ListItem\",\"position\":1,\"name\":\"Portada\",\"item\":\"https:\\\/\\\/www.eldiario.net\\\/portal\\\/\"},{\"@type\":\"ListItem\",\"position\":2,\"name\":\"Salud mental: locura\"}]},{\"@type\":\"WebSite\",\"@id\":\"https:\\\/\\\/www.eldiario.net\\\/portal\\\/#website\",\"url\":\"https:\\\/\\\/www.eldiario.net\\\/portal\\\/\",\"name\":\"El Diario - Decano de la prensa nacional\",\"description\":\"El Diario - Decano de la prensa nacional\",\"publisher\":{\"@id\":\"https:\\\/\\\/www.eldiario.net\\\/portal\\\/#organization\"},\"potentialAction\":[{\"@type\":\"SearchAction\",\"target\":{\"@type\":\"EntryPoint\",\"urlTemplate\":\"https:\\\/\\\/www.eldiario.net\\\/portal\\\/?s={search_term_string}\"},\"query-input\":{\"@type\":\"PropertyValueSpecification\",\"valueRequired\":true,\"valueName\":\"search_term_string\"}}],\"inLanguage\":\"es\"},{\"@type\":\"Organization\",\"@id\":\"https:\\\/\\\/www.eldiario.net\\\/portal\\\/#organization\",\"name\":\"El Diario - Decano de la prensa nacional\",\"url\":\"https:\\\/\\\/www.eldiario.net\\\/portal\\\/\",\"logo\":{\"@type\":\"ImageObject\",\"inLanguage\":\"es\",\"@id\":\"https:\\\/\\\/www.eldiario.net\\\/portal\\\/#\\\/schema\\\/logo\\\/image\\\/\",\"url\":\"https:\\\/\\\/www.eldiario.net\\\/portal\\\/wp-content\\\/uploads\\\/2023\\\/07\\\/logo_ED.jpg\",\"contentUrl\":\"https:\\\/\\\/www.eldiario.net\\\/portal\\\/wp-content\\\/uploads\\\/2023\\\/07\\\/logo_ED.jpg\",\"width\":272,\"height\":52,\"caption\":\"El Diario - Decano de la prensa nacional\"},\"image\":{\"@id\":\"https:\\\/\\\/www.eldiario.net\\\/portal\\\/#\\\/schema\\\/logo\\\/image\\\/\"},\"sameAs\":[\"https:\\\/\\\/www.facebook.com\\\/eldiario.bolivia\\\/\",\"https:\\\/\\\/x.com\\\/eldiario_net\"]},{\"@type\":\"Person\",\"@id\":\"https:\\\/\\\/www.eldiario.net\\\/portal\\\/#\\\/schema\\\/person\\\/f46445640444750d7d753ccd04ae01b7\",\"name\":\"Jeanette\",\"image\":{\"@type\":\"ImageObject\",\"inLanguage\":\"es\",\"@id\":\"https:\\\/\\\/secure.gravatar.com\\\/avatar\\\/3ea2118a5f7dad2b7138b1187a6b7ee55f160b9968b66013c3a3ef39dd7e5798?s=96&d=mm&r=g\",\"url\":\"https:\\\/\\\/secure.gravatar.com\\\/avatar\\\/3ea2118a5f7dad2b7138b1187a6b7ee55f160b9968b66013c3a3ef39dd7e5798?s=96&d=mm&r=g\",\"contentUrl\":\"https:\\\/\\\/secure.gravatar.com\\\/avatar\\\/3ea2118a5f7dad2b7138b1187a6b7ee55f160b9968b66013c3a3ef39dd7e5798?s=96&d=mm&r=g\",\"caption\":\"Jeanette\"},\"sameAs\":[\"https:\\\/\\\/www.eldiario.net\\\/portal\"],\"url\":\"https:\\\/\\\/www.eldiario.net\\\/portal\\\/author\\\/jeanette\\\/\"}]}<\/script>\n<!-- \/ Yoast SEO plugin. -->","yoast_head_json":{"title":"Salud mental: locura - El Diario - Bolivia","robots":{"index":"index","follow":"follow","max-snippet":"max-snippet:-1","max-image-preview":"max-image-preview:large","max-video-preview":"max-video-preview:-1"},"canonical":"https:\/\/www.eldiario.net\/portal\/2022\/01\/10\/salud-mental-locura\/","og_locale":"es_ES","og_type":"article","og_title":"Salud mental: locura - El Diario - Bolivia","og_description":"\u201cLa sexta temporada empezaba como las anteriores. Parec\u00eda que el \u00e9xito se hab\u00eda convertido en su se\u00f1a de identidad. En la noche de los lunes, como sin quererlo, se hab\u00eda instaurado como el programa m\u00e1s visto en las cadenas de televisi\u00f3n en abierto. A Master Chef Celebrity se le auguraban todos los parabienes sin competidores, [&hellip;]","og_url":"https:\/\/www.eldiario.net\/portal\/2022\/01\/10\/salud-mental-locura\/","og_site_name":"El Diario - Bolivia","article_publisher":"https:\/\/www.facebook.com\/eldiario.bolivia\/","article_published_time":"2022-01-10T09:20:48+00:00","author":"Jeanette","twitter_card":"summary_large_image","twitter_creator":"@eldiario_net","twitter_site":"@eldiario_net","twitter_misc":{"Escrito por":"Jeanette","Tiempo de lectura":"7 minutos"},"schema":{"@context":"https:\/\/schema.org","@graph":[{"@type":"Article","@id":"https:\/\/www.eldiario.net\/portal\/2022\/01\/10\/salud-mental-locura\/#article","isPartOf":{"@id":"https:\/\/www.eldiario.net\/portal\/2022\/01\/10\/salud-mental-locura\/"},"author":{"name":"Jeanette","@id":"https:\/\/www.eldiario.net\/portal\/#\/schema\/person\/f46445640444750d7d753ccd04ae01b7"},"headline":"Salud mental: locura","datePublished":"2022-01-10T09:20:48+00:00","mainEntityOfPage":{"@id":"https:\/\/www.eldiario.net\/portal\/2022\/01\/10\/salud-mental-locura\/"},"wordCount":1503,"publisher":{"@id":"https:\/\/www.eldiario.net\/portal\/#organization"},"articleSection":["Opini\u00f3n"],"inLanguage":"es"},{"@type":"WebPage","@id":"https:\/\/www.eldiario.net\/portal\/2022\/01\/10\/salud-mental-locura\/","url":"https:\/\/www.eldiario.net\/portal\/2022\/01\/10\/salud-mental-locura\/","name":"Salud mental: locura - El Diario - Bolivia","isPartOf":{"@id":"https:\/\/www.eldiario.net\/portal\/#website"},"datePublished":"2022-01-10T09:20:48+00:00","breadcrumb":{"@id":"https:\/\/www.eldiario.net\/portal\/2022\/01\/10\/salud-mental-locura\/#breadcrumb"},"inLanguage":"es","potentialAction":[{"@type":"ReadAction","target":["https:\/\/www.eldiario.net\/portal\/2022\/01\/10\/salud-mental-locura\/"]}]},{"@type":"BreadcrumbList","@id":"https:\/\/www.eldiario.net\/portal\/2022\/01\/10\/salud-mental-locura\/#breadcrumb","itemListElement":[{"@type":"ListItem","position":1,"name":"Portada","item":"https:\/\/www.eldiario.net\/portal\/"},{"@type":"ListItem","position":2,"name":"Salud mental: locura"}]},{"@type":"WebSite","@id":"https:\/\/www.eldiario.net\/portal\/#website","url":"https:\/\/www.eldiario.net\/portal\/","name":"El Diario - Decano de la prensa nacional","description":"El Diario - Decano de la prensa nacional","publisher":{"@id":"https:\/\/www.eldiario.net\/portal\/#organization"},"potentialAction":[{"@type":"SearchAction","target":{"@type":"EntryPoint","urlTemplate":"https:\/\/www.eldiario.net\/portal\/?s={search_term_string}"},"query-input":{"@type":"PropertyValueSpecification","valueRequired":true,"valueName":"search_term_string"}}],"inLanguage":"es"},{"@type":"Organization","@id":"https:\/\/www.eldiario.net\/portal\/#organization","name":"El Diario - Decano de la prensa nacional","url":"https:\/\/www.eldiario.net\/portal\/","logo":{"@type":"ImageObject","inLanguage":"es","@id":"https:\/\/www.eldiario.net\/portal\/#\/schema\/logo\/image\/","url":"https:\/\/www.eldiario.net\/portal\/wp-content\/uploads\/2023\/07\/logo_ED.jpg","contentUrl":"https:\/\/www.eldiario.net\/portal\/wp-content\/uploads\/2023\/07\/logo_ED.jpg","width":272,"height":52,"caption":"El Diario - Decano de la prensa nacional"},"image":{"@id":"https:\/\/www.eldiario.net\/portal\/#\/schema\/logo\/image\/"},"sameAs":["https:\/\/www.facebook.com\/eldiario.bolivia\/","https:\/\/x.com\/eldiario_net"]},{"@type":"Person","@id":"https:\/\/www.eldiario.net\/portal\/#\/schema\/person\/f46445640444750d7d753ccd04ae01b7","name":"Jeanette","image":{"@type":"ImageObject","inLanguage":"es","@id":"https:\/\/secure.gravatar.com\/avatar\/3ea2118a5f7dad2b7138b1187a6b7ee55f160b9968b66013c3a3ef39dd7e5798?s=96&d=mm&r=g","url":"https:\/\/secure.gravatar.com\/avatar\/3ea2118a5f7dad2b7138b1187a6b7ee55f160b9968b66013c3a3ef39dd7e5798?s=96&d=mm&r=g","contentUrl":"https:\/\/secure.gravatar.com\/avatar\/3ea2118a5f7dad2b7138b1187a6b7ee55f160b9968b66013c3a3ef39dd7e5798?s=96&d=mm&r=g","caption":"Jeanette"},"sameAs":["https:\/\/www.eldiario.net\/portal"],"url":"https:\/\/www.eldiario.net\/portal\/author\/jeanette\/"}]}},"_links":{"self":[{"href":"https:\/\/www.eldiario.net\/portal\/wp-json\/wp\/v2\/posts\/55246","targetHints":{"allow":["GET"]}}],"collection":[{"href":"https:\/\/www.eldiario.net\/portal\/wp-json\/wp\/v2\/posts"}],"about":[{"href":"https:\/\/www.eldiario.net\/portal\/wp-json\/wp\/v2\/types\/post"}],"author":[{"embeddable":true,"href":"https:\/\/www.eldiario.net\/portal\/wp-json\/wp\/v2\/users\/1"}],"replies":[{"embeddable":true,"href":"https:\/\/www.eldiario.net\/portal\/wp-json\/wp\/v2\/comments?post=55246"}],"version-history":[{"count":0,"href":"https:\/\/www.eldiario.net\/portal\/wp-json\/wp\/v2\/posts\/55246\/revisions"}],"wp:attachment":[{"href":"https:\/\/www.eldiario.net\/portal\/wp-json\/wp\/v2\/media?parent=55246"}],"wp:term":[{"taxonomy":"category","embeddable":true,"href":"https:\/\/www.eldiario.net\/portal\/wp-json\/wp\/v2\/categories?post=55246"},{"taxonomy":"post_tag","embeddable":true,"href":"https:\/\/www.eldiario.net\/portal\/wp-json\/wp\/v2\/tags?post=55246"}],"curies":[{"name":"wp","href":"https:\/\/api.w.org\/{rel}","templated":true}]}}