{"id":55244,"date":"2022-01-10T05:20:24","date_gmt":"2022-01-10T09:20:24","guid":{"rendered":"https:\/\/www.eldiario.net\/portal\/?p=55244"},"modified":"2022-01-10T05:20:24","modified_gmt":"2022-01-10T09:20:24","slug":"libertad-vacunas-y-pases-sanitarios","status":"publish","type":"post","link":"https:\/\/www.eldiario.net\/portal\/2022\/01\/10\/libertad-vacunas-y-pases-sanitarios\/","title":{"rendered":"Libertad, vacunas y pases sanitarios"},"content":{"rendered":"<p>La libertad entendida como un derecho personal\u00edsimo basa su fundamento enteramente en garant\u00edas constitucionales otorgadas por el Estado. Las mismas libertades en determinadas circunstancias pueden llegar a ser restringidas por el mismo Estado en aras del \u201cBien Com\u00fan\u201d. \u00c9l positivismo franc\u00e9s influye, en esta forma de idealizar a la libertad como cesi\u00f3n de derechos a favor del llamado \u201ccontrato social\u201d.<br \/>\nEl libertarismo o movimiento libertario, por el contrario, sostiene que la libertad depende exclusivamente de la decisi\u00f3n personal\u00edsima del individuo para vivir como mejor le parezca, sin que para ello prime alg\u00fan tipo de coerci\u00f3n o coacci\u00f3n estatal. La presunci\u00f3n de libertad, por ende, es el valor m\u00e1s alto dentro de una organizaci\u00f3n social, donde el Estado se hace peque\u00f1o para que el individuo pueda progresar.<br \/>\nLos Estados llamados a s\u00ed mismos \u201cprogresistas\u201d ven al positivismo y su postura sobre la libertad como la m\u00e1xima a seguir, pues, siguiendo esta premisa, es f\u00e1cil divinizar al Estado, ya que es visto como el \u00fanico ente capaz de visibilizar las necesidades humanas y luego subsanarlas. El individuo siempre estar\u00e1 sujeto al bien com\u00fan como principio motor de toda sociedad organizada y reglamentada bajo las alas del Estado; desde este punto de vista, la sociedad se convierte en el lugar escatol\u00f3gico de salvaci\u00f3n y el Estado en una manifestaci\u00f3n cuasi divina. Esta forma de interpretar la libertad como dependiente del Estado ha derivado en diversas ocasiones en abusos y atropellos en contra de la sociedad civil por parte de reg\u00edmenes totalitarios. Por otro lado, tenemos a la visi\u00f3n libertaria que diviniza la libertad individual, poni\u00e9ndola, incluso, muy por encima de cualquier norma legal, sanitaria, etc. El Estado, desde el punto de vista libertario, solo debiera garantizar la libertad como tal, de esta forma se llega a divinizar la libertad individual importando solo el \u201cyo\u201d; y el \u201cnosotros\u201d pasa a ser una mera opci\u00f3n.<br \/>\nAmbas ideolog\u00edas han venido enfrent\u00e1ndose en este \u00faltimo tiempo a ra\u00edz de la pandemia desencadenada por el covid-19, desde la visi\u00f3n positivista el Estado tiene el derecho y la obligaci\u00f3n de suprimir ciertas libertades individuales y, a la vez, coaccionar a la sociedad para que realice acciones determinadas: cuarentenas, obligatoriedad de vacunaci\u00f3n, pases sanitarios, carnets de vacunaci\u00f3n, etc. Por otro lado, la ideolog\u00eda libertaria sostiene que nos encontramos en una especie de \u201cdictadura sanitaria\u201d y que nada ni nadie puede obligar a la persona a vacunarse y mucho menos a optar por un pase sanitario. La visi\u00f3n personalista se antepone a cualquier opci\u00f3n de comunidad.<br \/>\nCreo necesario puntualizar algunos preceptos: la libertad, si bien cabe dentro de los derechos personal\u00edsimos del individuo, no depende del Estado, proviene \u00edntegramente del Derecho Natural, por ende, es un precepto divino y no un precepto humano; es por ello que el creyente tiene clara la idea de que el individuo, poseedor de una libertad dada por Dios, solo opta por arrodillarse ante su creador y no ante el Estado; tambi\u00e9n es necesario tener en claro que la libertad individual, si bien es pilar fundamental de la persona, jam\u00e1s debiera estar por encima de la justicia y de la verdad, pues ambas tambi\u00e9n se revelan en comunidad.<br \/>\nDesvirtuar al concepto de libertad para direccionar al individuo hacia tal o cual ideolog\u00eda no constituye verdad, es simple manipulaci\u00f3n. En el caso puntual de las vacunas, el derecho a no optar por ellas es totalmente v\u00e1lido en el pleno uso de la libertad, como tambi\u00e9n es v\u00e1lido solicitar en espacios p\u00fablicos y privados el carnet de vacunaci\u00f3n para preservar la salud de sus empleados y de las personas que se encuentren en estos espacios. La pregunta es \u00bfcu\u00e1l de los dos derechos prevalece al otro? La respuesta en s\u00ed no es simple, en todo caso, la verdadera libertad radica en la creatividad, caracter\u00edstica fundamental compartida con Dios mismo. Quiz\u00e1s el camino a seguir debiera ser dejar las ideolog\u00edas de lado y acercarnos al otro de manera creativa, sin tapujos e imposiciones; sin embargo, tampoco se debe poner en riesgo la salud de terceros por defender posturas, en muchos casos, intransigentes.<\/p>\n<p>Marcelo Miranda Loayza,<br \/>\nTe\u00f3logo y Bloguero.<\/p>\n","protected":false},"excerpt":{"rendered":"<p>La libertad entendida como un derecho personal\u00edsimo basa su fundamento enteramente en garant\u00edas constitucionales otorgadas por el Estado. Las mismas libertades en determinadas circunstancias pueden llegar a ser restringidas por el mismo Estado en aras del \u201cBien Com\u00fan\u201d. \u00c9l positivismo franc\u00e9s influye, en esta forma de idealizar a la libertad como cesi\u00f3n de derechos a [&hellip;]<\/p>\n","protected":false},"author":1,"featured_media":13530,"comment_status":"closed","ping_status":"closed","sticky":false,"template":"","format":"standard","meta":{"_acf_changed":false,"footnotes":""},"categories":[9],"tags":[],"class_list":["post-55244","post","type-post","status-publish","format-standard","has-post-thumbnail","category-opinion"],"acf":{"antetitulo":""},"yoast_head":"<!-- This site is optimized with the Yoast SEO plugin v28.3 - https:\/\/yoast.com\/product\/yoast-seo-wordpress\/ -->\n<title>Libertad, vacunas y pases sanitarios - El Diario - Bolivia<\/title>\n<meta name=\"robots\" content=\"index, follow, max-snippet:-1, max-image-preview:large, max-video-preview:-1\" \/>\n<link rel=\"canonical\" href=\"https:\/\/www.eldiario.net\/portal\/2022\/01\/10\/libertad-vacunas-y-pases-sanitarios\/\" \/>\n<meta property=\"og:locale\" content=\"es_ES\" \/>\n<meta property=\"og:type\" content=\"article\" \/>\n<meta property=\"og:title\" content=\"Libertad, vacunas y pases sanitarios - El Diario - Bolivia\" \/>\n<meta property=\"og:description\" content=\"La libertad entendida como un derecho personal\u00edsimo basa su fundamento enteramente en garant\u00edas constitucionales otorgadas por el Estado. Las mismas libertades en determinadas circunstancias pueden llegar a ser restringidas por el mismo Estado en aras del \u201cBien Com\u00fan\u201d. \u00c9l positivismo franc\u00e9s influye, en esta forma de idealizar a la libertad como cesi\u00f3n de derechos a [&hellip;]\" \/>\n<meta property=\"og:url\" content=\"https:\/\/www.eldiario.net\/portal\/2022\/01\/10\/libertad-vacunas-y-pases-sanitarios\/\" \/>\n<meta property=\"og:site_name\" content=\"El Diario - Bolivia\" \/>\n<meta property=\"article:publisher\" content=\"https:\/\/www.facebook.com\/eldiario.bolivia\/\" \/>\n<meta property=\"article:published_time\" content=\"2022-01-10T09:20:24+00:00\" \/>\n<meta name=\"author\" content=\"Jeanette\" \/>\n<meta name=\"twitter:card\" content=\"summary_large_image\" \/>\n<meta name=\"twitter:creator\" content=\"@eldiario_net\" \/>\n<meta name=\"twitter:site\" content=\"@eldiario_net\" \/>\n<meta name=\"twitter:label1\" content=\"Escrito por\" \/>\n\t<meta name=\"twitter:data1\" content=\"Jeanette\" \/>\n\t<meta name=\"twitter:label2\" content=\"Tiempo de lectura\" \/>\n\t<meta name=\"twitter:data2\" content=\"4 minutos\" \/>\n<script type=\"application\/ld+json\" class=\"yoast-schema-graph\">{\"@context\":\"https:\\\/\\\/schema.org\",\"@graph\":[{\"@type\":\"Article\",\"@id\":\"https:\\\/\\\/www.eldiario.net\\\/portal\\\/2022\\\/01\\\/10\\\/libertad-vacunas-y-pases-sanitarios\\\/#article\",\"isPartOf\":{\"@id\":\"https:\\\/\\\/www.eldiario.net\\\/portal\\\/2022\\\/01\\\/10\\\/libertad-vacunas-y-pases-sanitarios\\\/\"},\"author\":{\"name\":\"Jeanette\",\"@id\":\"https:\\\/\\\/www.eldiario.net\\\/portal\\\/#\\\/schema\\\/person\\\/f46445640444750d7d753ccd04ae01b7\"},\"headline\":\"Libertad, vacunas y pases sanitarios\",\"datePublished\":\"2022-01-10T09:20:24+00:00\",\"mainEntityOfPage\":{\"@id\":\"https:\\\/\\\/www.eldiario.net\\\/portal\\\/2022\\\/01\\\/10\\\/libertad-vacunas-y-pases-sanitarios\\\/\"},\"wordCount\":734,\"publisher\":{\"@id\":\"https:\\\/\\\/www.eldiario.net\\\/portal\\\/#organization\"},\"image\":{\"@id\":\"https:\\\/\\\/www.eldiario.net\\\/portal\\\/2022\\\/01\\\/10\\\/libertad-vacunas-y-pases-sanitarios\\\/#primaryimage\"},\"thumbnailUrl\":\"\",\"articleSection\":[\"Opini\u00f3n\"],\"inLanguage\":\"es\"},{\"@type\":\"WebPage\",\"@id\":\"https:\\\/\\\/www.eldiario.net\\\/portal\\\/2022\\\/01\\\/10\\\/libertad-vacunas-y-pases-sanitarios\\\/\",\"url\":\"https:\\\/\\\/www.eldiario.net\\\/portal\\\/2022\\\/01\\\/10\\\/libertad-vacunas-y-pases-sanitarios\\\/\",\"name\":\"Libertad, vacunas y pases sanitarios - El Diario - Bolivia\",\"isPartOf\":{\"@id\":\"https:\\\/\\\/www.eldiario.net\\\/portal\\\/#website\"},\"primaryImageOfPage\":{\"@id\":\"https:\\\/\\\/www.eldiario.net\\\/portal\\\/2022\\\/01\\\/10\\\/libertad-vacunas-y-pases-sanitarios\\\/#primaryimage\"},\"image\":{\"@id\":\"https:\\\/\\\/www.eldiario.net\\\/portal\\\/2022\\\/01\\\/10\\\/libertad-vacunas-y-pases-sanitarios\\\/#primaryimage\"},\"thumbnailUrl\":\"\",\"datePublished\":\"2022-01-10T09:20:24+00:00\",\"breadcrumb\":{\"@id\":\"https:\\\/\\\/www.eldiario.net\\\/portal\\\/2022\\\/01\\\/10\\\/libertad-vacunas-y-pases-sanitarios\\\/#breadcrumb\"},\"inLanguage\":\"es\",\"potentialAction\":[{\"@type\":\"ReadAction\",\"target\":[\"https:\\\/\\\/www.eldiario.net\\\/portal\\\/2022\\\/01\\\/10\\\/libertad-vacunas-y-pases-sanitarios\\\/\"]}]},{\"@type\":\"ImageObject\",\"inLanguage\":\"es\",\"@id\":\"https:\\\/\\\/www.eldiario.net\\\/portal\\\/2022\\\/01\\\/10\\\/libertad-vacunas-y-pases-sanitarios\\\/#primaryimage\",\"url\":\"\",\"contentUrl\":\"\"},{\"@type\":\"BreadcrumbList\",\"@id\":\"https:\\\/\\\/www.eldiario.net\\\/portal\\\/2022\\\/01\\\/10\\\/libertad-vacunas-y-pases-sanitarios\\\/#breadcrumb\",\"itemListElement\":[{\"@type\":\"ListItem\",\"position\":1,\"name\":\"Portada\",\"item\":\"https:\\\/\\\/www.eldiario.net\\\/portal\\\/\"},{\"@type\":\"ListItem\",\"position\":2,\"name\":\"Libertad, vacunas y pases sanitarios\"}]},{\"@type\":\"WebSite\",\"@id\":\"https:\\\/\\\/www.eldiario.net\\\/portal\\\/#website\",\"url\":\"https:\\\/\\\/www.eldiario.net\\\/portal\\\/\",\"name\":\"El Diario - Decano de la prensa nacional\",\"description\":\"El Diario - Decano de la prensa nacional\",\"publisher\":{\"@id\":\"https:\\\/\\\/www.eldiario.net\\\/portal\\\/#organization\"},\"potentialAction\":[{\"@type\":\"SearchAction\",\"target\":{\"@type\":\"EntryPoint\",\"urlTemplate\":\"https:\\\/\\\/www.eldiario.net\\\/portal\\\/?s={search_term_string}\"},\"query-input\":{\"@type\":\"PropertyValueSpecification\",\"valueRequired\":true,\"valueName\":\"search_term_string\"}}],\"inLanguage\":\"es\"},{\"@type\":\"Organization\",\"@id\":\"https:\\\/\\\/www.eldiario.net\\\/portal\\\/#organization\",\"name\":\"El Diario - Decano de la prensa nacional\",\"url\":\"https:\\\/\\\/www.eldiario.net\\\/portal\\\/\",\"logo\":{\"@type\":\"ImageObject\",\"inLanguage\":\"es\",\"@id\":\"https:\\\/\\\/www.eldiario.net\\\/portal\\\/#\\\/schema\\\/logo\\\/image\\\/\",\"url\":\"https:\\\/\\\/www.eldiario.net\\\/portal\\\/wp-content\\\/uploads\\\/2023\\\/07\\\/logo_ED.jpg\",\"contentUrl\":\"https:\\\/\\\/www.eldiario.net\\\/portal\\\/wp-content\\\/uploads\\\/2023\\\/07\\\/logo_ED.jpg\",\"width\":272,\"height\":52,\"caption\":\"El Diario - Decano de la prensa nacional\"},\"image\":{\"@id\":\"https:\\\/\\\/www.eldiario.net\\\/portal\\\/#\\\/schema\\\/logo\\\/image\\\/\"},\"sameAs\":[\"https:\\\/\\\/www.facebook.com\\\/eldiario.bolivia\\\/\",\"https:\\\/\\\/x.com\\\/eldiario_net\"]},{\"@type\":\"Person\",\"@id\":\"https:\\\/\\\/www.eldiario.net\\\/portal\\\/#\\\/schema\\\/person\\\/f46445640444750d7d753ccd04ae01b7\",\"name\":\"Jeanette\",\"image\":{\"@type\":\"ImageObject\",\"inLanguage\":\"es\",\"@id\":\"https:\\\/\\\/secure.gravatar.com\\\/avatar\\\/3ea2118a5f7dad2b7138b1187a6b7ee55f160b9968b66013c3a3ef39dd7e5798?s=96&d=mm&r=g\",\"url\":\"https:\\\/\\\/secure.gravatar.com\\\/avatar\\\/3ea2118a5f7dad2b7138b1187a6b7ee55f160b9968b66013c3a3ef39dd7e5798?s=96&d=mm&r=g\",\"contentUrl\":\"https:\\\/\\\/secure.gravatar.com\\\/avatar\\\/3ea2118a5f7dad2b7138b1187a6b7ee55f160b9968b66013c3a3ef39dd7e5798?s=96&d=mm&r=g\",\"caption\":\"Jeanette\"},\"sameAs\":[\"https:\\\/\\\/www.eldiario.net\\\/portal\"],\"url\":\"https:\\\/\\\/www.eldiario.net\\\/portal\\\/author\\\/jeanette\\\/\"}]}<\/script>\n<!-- \/ Yoast SEO plugin. -->","yoast_head_json":{"title":"Libertad, vacunas y pases sanitarios - El Diario - Bolivia","robots":{"index":"index","follow":"follow","max-snippet":"max-snippet:-1","max-image-preview":"max-image-preview:large","max-video-preview":"max-video-preview:-1"},"canonical":"https:\/\/www.eldiario.net\/portal\/2022\/01\/10\/libertad-vacunas-y-pases-sanitarios\/","og_locale":"es_ES","og_type":"article","og_title":"Libertad, vacunas y pases sanitarios - El Diario - Bolivia","og_description":"La libertad entendida como un derecho personal\u00edsimo basa su fundamento enteramente en garant\u00edas constitucionales otorgadas por el Estado. Las mismas libertades en determinadas circunstancias pueden llegar a ser restringidas por el mismo Estado en aras del \u201cBien Com\u00fan\u201d. \u00c9l positivismo franc\u00e9s influye, en esta forma de idealizar a la libertad como cesi\u00f3n de derechos a [&hellip;]","og_url":"https:\/\/www.eldiario.net\/portal\/2022\/01\/10\/libertad-vacunas-y-pases-sanitarios\/","og_site_name":"El Diario - Bolivia","article_publisher":"https:\/\/www.facebook.com\/eldiario.bolivia\/","article_published_time":"2022-01-10T09:20:24+00:00","author":"Jeanette","twitter_card":"summary_large_image","twitter_creator":"@eldiario_net","twitter_site":"@eldiario_net","twitter_misc":{"Escrito por":"Jeanette","Tiempo de lectura":"4 minutos"},"schema":{"@context":"https:\/\/schema.org","@graph":[{"@type":"Article","@id":"https:\/\/www.eldiario.net\/portal\/2022\/01\/10\/libertad-vacunas-y-pases-sanitarios\/#article","isPartOf":{"@id":"https:\/\/www.eldiario.net\/portal\/2022\/01\/10\/libertad-vacunas-y-pases-sanitarios\/"},"author":{"name":"Jeanette","@id":"https:\/\/www.eldiario.net\/portal\/#\/schema\/person\/f46445640444750d7d753ccd04ae01b7"},"headline":"Libertad, vacunas y pases sanitarios","datePublished":"2022-01-10T09:20:24+00:00","mainEntityOfPage":{"@id":"https:\/\/www.eldiario.net\/portal\/2022\/01\/10\/libertad-vacunas-y-pases-sanitarios\/"},"wordCount":734,"publisher":{"@id":"https:\/\/www.eldiario.net\/portal\/#organization"},"image":{"@id":"https:\/\/www.eldiario.net\/portal\/2022\/01\/10\/libertad-vacunas-y-pases-sanitarios\/#primaryimage"},"thumbnailUrl":"","articleSection":["Opini\u00f3n"],"inLanguage":"es"},{"@type":"WebPage","@id":"https:\/\/www.eldiario.net\/portal\/2022\/01\/10\/libertad-vacunas-y-pases-sanitarios\/","url":"https:\/\/www.eldiario.net\/portal\/2022\/01\/10\/libertad-vacunas-y-pases-sanitarios\/","name":"Libertad, vacunas y pases sanitarios - El Diario - Bolivia","isPartOf":{"@id":"https:\/\/www.eldiario.net\/portal\/#website"},"primaryImageOfPage":{"@id":"https:\/\/www.eldiario.net\/portal\/2022\/01\/10\/libertad-vacunas-y-pases-sanitarios\/#primaryimage"},"image":{"@id":"https:\/\/www.eldiario.net\/portal\/2022\/01\/10\/libertad-vacunas-y-pases-sanitarios\/#primaryimage"},"thumbnailUrl":"","datePublished":"2022-01-10T09:20:24+00:00","breadcrumb":{"@id":"https:\/\/www.eldiario.net\/portal\/2022\/01\/10\/libertad-vacunas-y-pases-sanitarios\/#breadcrumb"},"inLanguage":"es","potentialAction":[{"@type":"ReadAction","target":["https:\/\/www.eldiario.net\/portal\/2022\/01\/10\/libertad-vacunas-y-pases-sanitarios\/"]}]},{"@type":"ImageObject","inLanguage":"es","@id":"https:\/\/www.eldiario.net\/portal\/2022\/01\/10\/libertad-vacunas-y-pases-sanitarios\/#primaryimage","url":"","contentUrl":""},{"@type":"BreadcrumbList","@id":"https:\/\/www.eldiario.net\/portal\/2022\/01\/10\/libertad-vacunas-y-pases-sanitarios\/#breadcrumb","itemListElement":[{"@type":"ListItem","position":1,"name":"Portada","item":"https:\/\/www.eldiario.net\/portal\/"},{"@type":"ListItem","position":2,"name":"Libertad, vacunas y pases sanitarios"}]},{"@type":"WebSite","@id":"https:\/\/www.eldiario.net\/portal\/#website","url":"https:\/\/www.eldiario.net\/portal\/","name":"El Diario - Decano de la prensa nacional","description":"El Diario - Decano de la prensa nacional","publisher":{"@id":"https:\/\/www.eldiario.net\/portal\/#organization"},"potentialAction":[{"@type":"SearchAction","target":{"@type":"EntryPoint","urlTemplate":"https:\/\/www.eldiario.net\/portal\/?s={search_term_string}"},"query-input":{"@type":"PropertyValueSpecification","valueRequired":true,"valueName":"search_term_string"}}],"inLanguage":"es"},{"@type":"Organization","@id":"https:\/\/www.eldiario.net\/portal\/#organization","name":"El Diario - Decano de la prensa nacional","url":"https:\/\/www.eldiario.net\/portal\/","logo":{"@type":"ImageObject","inLanguage":"es","@id":"https:\/\/www.eldiario.net\/portal\/#\/schema\/logo\/image\/","url":"https:\/\/www.eldiario.net\/portal\/wp-content\/uploads\/2023\/07\/logo_ED.jpg","contentUrl":"https:\/\/www.eldiario.net\/portal\/wp-content\/uploads\/2023\/07\/logo_ED.jpg","width":272,"height":52,"caption":"El Diario - Decano de la prensa nacional"},"image":{"@id":"https:\/\/www.eldiario.net\/portal\/#\/schema\/logo\/image\/"},"sameAs":["https:\/\/www.facebook.com\/eldiario.bolivia\/","https:\/\/x.com\/eldiario_net"]},{"@type":"Person","@id":"https:\/\/www.eldiario.net\/portal\/#\/schema\/person\/f46445640444750d7d753ccd04ae01b7","name":"Jeanette","image":{"@type":"ImageObject","inLanguage":"es","@id":"https:\/\/secure.gravatar.com\/avatar\/3ea2118a5f7dad2b7138b1187a6b7ee55f160b9968b66013c3a3ef39dd7e5798?s=96&d=mm&r=g","url":"https:\/\/secure.gravatar.com\/avatar\/3ea2118a5f7dad2b7138b1187a6b7ee55f160b9968b66013c3a3ef39dd7e5798?s=96&d=mm&r=g","contentUrl":"https:\/\/secure.gravatar.com\/avatar\/3ea2118a5f7dad2b7138b1187a6b7ee55f160b9968b66013c3a3ef39dd7e5798?s=96&d=mm&r=g","caption":"Jeanette"},"sameAs":["https:\/\/www.eldiario.net\/portal"],"url":"https:\/\/www.eldiario.net\/portal\/author\/jeanette\/"}]}},"_links":{"self":[{"href":"https:\/\/www.eldiario.net\/portal\/wp-json\/wp\/v2\/posts\/55244","targetHints":{"allow":["GET"]}}],"collection":[{"href":"https:\/\/www.eldiario.net\/portal\/wp-json\/wp\/v2\/posts"}],"about":[{"href":"https:\/\/www.eldiario.net\/portal\/wp-json\/wp\/v2\/types\/post"}],"author":[{"embeddable":true,"href":"https:\/\/www.eldiario.net\/portal\/wp-json\/wp\/v2\/users\/1"}],"replies":[{"embeddable":true,"href":"https:\/\/www.eldiario.net\/portal\/wp-json\/wp\/v2\/comments?post=55244"}],"version-history":[{"count":0,"href":"https:\/\/www.eldiario.net\/portal\/wp-json\/wp\/v2\/posts\/55244\/revisions"}],"wp:attachment":[{"href":"https:\/\/www.eldiario.net\/portal\/wp-json\/wp\/v2\/media?parent=55244"}],"wp:term":[{"taxonomy":"category","embeddable":true,"href":"https:\/\/www.eldiario.net\/portal\/wp-json\/wp\/v2\/categories?post=55244"},{"taxonomy":"post_tag","embeddable":true,"href":"https:\/\/www.eldiario.net\/portal\/wp-json\/wp\/v2\/tags?post=55244"}],"curies":[{"name":"wp","href":"https:\/\/api.w.org\/{rel}","templated":true}]}}