{"id":5524,"date":"2021-05-22T07:53:43","date_gmt":"2021-05-22T11:53:43","guid":{"rendered":"https:\/\/www.eldiario.net\/portal\/?p=5524"},"modified":"2021-05-22T07:53:43","modified_gmt":"2021-05-22T11:53:43","slug":"fiscalia-analiza-si-imputan-o-no-a-fiscales-que-manipularon-proceso","status":"publish","type":"post","link":"https:\/\/www.eldiario.net\/portal\/2021\/05\/22\/fiscalia-analiza-si-imputan-o-no-a-fiscales-que-manipularon-proceso\/","title":{"rendered":"Fiscal\u00eda analiza si imputan o no a  fiscales que manipularon proceso"},"content":{"rendered":"<p>La Fiscal\u00eda anunci\u00f3 ayer que en 15 d\u00edas definir\u00e1 si imputan o no al exfiscal departamental de La Paz, Edwin Blanco y la exfiscal Susana Boy\u00e1n, denunciados por ocultar pericias para acusar al m\u00e9dico Jhiery Fern\u00e1ndez y orillar una sentencia de 20 a\u00f1os de presidio, acusado por una violaci\u00f3n, que nunca existi\u00f3, al beb\u00e9 Alexander.<br \/>\nJhiery Fern\u00e1ndez fue enviado con detenci\u00f3n preventiva el a\u00f1o 2014, acusado en 2015 para ir a juicio y sentenciado a 20 a\u00f1os de prisi\u00f3n en marzo de 2018.<br \/>\nEse mismo a\u00f1o, la jueza y presidenta del Tribunal D\u00e9cimo de Sentencia, Patricia Pacajes, revel\u00f3, seg\u00fan un audio, que el m\u00e9dico Jhiery Fern\u00e1ndez es inocente del delito de violaci\u00f3n en el caso del beb\u00e9 Alexander, que muri\u00f3 el 2014 por una supuesta agresi\u00f3n sexual.<br \/>\n\u201cEntonces dicen ahora \u2018a qui\u00e9n hacemos aparecer como violador\u2019. Al \u00fanico var\u00f3n que estaba ah\u00ed, le hacen aparecer al m\u00e9dico. Lo acusan, lo detienen al m\u00e9dico. No le ten\u00edan que detener, el m\u00e9dico no hace nada, va a declarar como testigo\u201d, dice Pacajes en el audio divulgado.<br \/>\nLa juez agrega que la versi\u00f3n de un abuso sexual se da a partir de una equivocaci\u00f3n de la forense a cargo en el caso. Tambi\u00e9n se se\u00f1ala que los investigadores del caso y la Fiscal\u00eda sab\u00edan que m\u00e9dico era inocente.<\/p>\n","protected":false},"excerpt":{"rendered":"<p>La Fiscal\u00eda anunci\u00f3 ayer que en 15 d\u00edas definir\u00e1 si imputan o no al exfiscal departamental de La Paz, Edwin Blanco y la exfiscal Susana Boy\u00e1n, denunciados por ocultar pericias para acusar al m\u00e9dico Jhiery Fern\u00e1ndez y orillar una sentencia de 20 a\u00f1os de presidio, acusado por una violaci\u00f3n, que nunca existi\u00f3, al beb\u00e9 Alexander. [&hellip;]<\/p>\n","protected":false},"author":1,"featured_media":5525,"comment_status":"closed","ping_status":"closed","sticky":false,"template":"","format":"standard","meta":{"_acf_changed":false,"footnotes":""},"categories":[39],"tags":[],"class_list":["post-5524","post","type-post","status-publish","format-standard","has-post-thumbnail","category-sociedad"],"acf":{"antetitulo":""},"yoast_head":"<!-- This site is optimized with the Yoast SEO plugin v28.3 - https:\/\/yoast.com\/product\/yoast-seo-wordpress\/ -->\n<title>Fiscal\u00eda analiza si imputan o no a fiscales que manipularon proceso - El Diario - Bolivia<\/title>\n<meta name=\"robots\" content=\"index, follow, max-snippet:-1, max-image-preview:large, max-video-preview:-1\" \/>\n<link rel=\"canonical\" href=\"https:\/\/www.eldiario.net\/portal\/2021\/05\/22\/fiscalia-analiza-si-imputan-o-no-a-fiscales-que-manipularon-proceso\/\" \/>\n<meta property=\"og:locale\" content=\"es_ES\" \/>\n<meta property=\"og:type\" content=\"article\" \/>\n<meta property=\"og:title\" content=\"Fiscal\u00eda analiza si imputan o no a fiscales que manipularon proceso - El Diario - Bolivia\" \/>\n<meta property=\"og:description\" content=\"La Fiscal\u00eda anunci\u00f3 ayer que en 15 d\u00edas definir\u00e1 si imputan o no al exfiscal departamental de La Paz, Edwin Blanco y la exfiscal Susana Boy\u00e1n, denunciados por ocultar pericias para acusar al m\u00e9dico Jhiery Fern\u00e1ndez y orillar una sentencia de 20 a\u00f1os de presidio, acusado por una violaci\u00f3n, que nunca existi\u00f3, al beb\u00e9 Alexander. [&hellip;]\" \/>\n<meta property=\"og:url\" content=\"https:\/\/www.eldiario.net\/portal\/2021\/05\/22\/fiscalia-analiza-si-imputan-o-no-a-fiscales-que-manipularon-proceso\/\" \/>\n<meta property=\"og:site_name\" content=\"El Diario - Bolivia\" \/>\n<meta property=\"article:publisher\" content=\"https:\/\/www.facebook.com\/eldiario.bolivia\/\" \/>\n<meta property=\"article:published_time\" content=\"2021-05-22T11:53:43+00:00\" \/>\n<meta property=\"og:image\" content=\"https:\/\/www.eldiario.net\/portal\/wp-content\/uploads\/2021\/05\/Jhieri.jpg\" \/>\n\t<meta property=\"og:image:width\" content=\"700\" \/>\n\t<meta property=\"og:image:height\" content=\"491\" \/>\n\t<meta property=\"og:image:type\" content=\"image\/jpeg\" \/>\n<meta name=\"author\" content=\"Jeanette\" \/>\n<meta name=\"twitter:card\" content=\"summary_large_image\" \/>\n<meta name=\"twitter:creator\" content=\"@eldiario_net\" \/>\n<meta name=\"twitter:site\" content=\"@eldiario_net\" \/>\n<meta name=\"twitter:label1\" content=\"Escrito por\" \/>\n\t<meta name=\"twitter:data1\" content=\"Jeanette\" \/>\n\t<meta name=\"twitter:label2\" content=\"Tiempo de lectura\" \/>\n\t<meta name=\"twitter:data2\" content=\"1 minuto\" \/>\n<script type=\"application\/ld+json\" class=\"yoast-schema-graph\">{\"@context\":\"https:\\\/\\\/schema.org\",\"@graph\":[{\"@type\":\"Article\",\"@id\":\"https:\\\/\\\/www.eldiario.net\\\/portal\\\/2021\\\/05\\\/22\\\/fiscalia-analiza-si-imputan-o-no-a-fiscales-que-manipularon-proceso\\\/#article\",\"isPartOf\":{\"@id\":\"https:\\\/\\\/www.eldiario.net\\\/portal\\\/2021\\\/05\\\/22\\\/fiscalia-analiza-si-imputan-o-no-a-fiscales-que-manipularon-proceso\\\/\"},\"author\":{\"name\":\"Jeanette\",\"@id\":\"https:\\\/\\\/www.eldiario.net\\\/portal\\\/#\\\/schema\\\/person\\\/f46445640444750d7d753ccd04ae01b7\"},\"headline\":\"Fiscal\u00eda analiza si imputan o no a fiscales que manipularon proceso\",\"datePublished\":\"2021-05-22T11:53:43+00:00\",\"mainEntityOfPage\":{\"@id\":\"https:\\\/\\\/www.eldiario.net\\\/portal\\\/2021\\\/05\\\/22\\\/fiscalia-analiza-si-imputan-o-no-a-fiscales-que-manipularon-proceso\\\/\"},\"wordCount\":252,\"publisher\":{\"@id\":\"https:\\\/\\\/www.eldiario.net\\\/portal\\\/#organization\"},\"image\":{\"@id\":\"https:\\\/\\\/www.eldiario.net\\\/portal\\\/2021\\\/05\\\/22\\\/fiscalia-analiza-si-imputan-o-no-a-fiscales-que-manipularon-proceso\\\/#primaryimage\"},\"thumbnailUrl\":\"https:\\\/\\\/www.eldiario.net\\\/portal\\\/wp-content\\\/uploads\\\/2021\\\/05\\\/Jhieri.jpg\",\"articleSection\":[\"Sociedad - Seguridad\"],\"inLanguage\":\"es\"},{\"@type\":\"WebPage\",\"@id\":\"https:\\\/\\\/www.eldiario.net\\\/portal\\\/2021\\\/05\\\/22\\\/fiscalia-analiza-si-imputan-o-no-a-fiscales-que-manipularon-proceso\\\/\",\"url\":\"https:\\\/\\\/www.eldiario.net\\\/portal\\\/2021\\\/05\\\/22\\\/fiscalia-analiza-si-imputan-o-no-a-fiscales-que-manipularon-proceso\\\/\",\"name\":\"Fiscal\u00eda analiza si imputan o no a fiscales que manipularon proceso - El Diario - Bolivia\",\"isPartOf\":{\"@id\":\"https:\\\/\\\/www.eldiario.net\\\/portal\\\/#website\"},\"primaryImageOfPage\":{\"@id\":\"https:\\\/\\\/www.eldiario.net\\\/portal\\\/2021\\\/05\\\/22\\\/fiscalia-analiza-si-imputan-o-no-a-fiscales-que-manipularon-proceso\\\/#primaryimage\"},\"image\":{\"@id\":\"https:\\\/\\\/www.eldiario.net\\\/portal\\\/2021\\\/05\\\/22\\\/fiscalia-analiza-si-imputan-o-no-a-fiscales-que-manipularon-proceso\\\/#primaryimage\"},\"thumbnailUrl\":\"https:\\\/\\\/www.eldiario.net\\\/portal\\\/wp-content\\\/uploads\\\/2021\\\/05\\\/Jhieri.jpg\",\"datePublished\":\"2021-05-22T11:53:43+00:00\",\"breadcrumb\":{\"@id\":\"https:\\\/\\\/www.eldiario.net\\\/portal\\\/2021\\\/05\\\/22\\\/fiscalia-analiza-si-imputan-o-no-a-fiscales-que-manipularon-proceso\\\/#breadcrumb\"},\"inLanguage\":\"es\",\"potentialAction\":[{\"@type\":\"ReadAction\",\"target\":[\"https:\\\/\\\/www.eldiario.net\\\/portal\\\/2021\\\/05\\\/22\\\/fiscalia-analiza-si-imputan-o-no-a-fiscales-que-manipularon-proceso\\\/\"]}]},{\"@type\":\"ImageObject\",\"inLanguage\":\"es\",\"@id\":\"https:\\\/\\\/www.eldiario.net\\\/portal\\\/2021\\\/05\\\/22\\\/fiscalia-analiza-si-imputan-o-no-a-fiscales-que-manipularon-proceso\\\/#primaryimage\",\"url\":\"https:\\\/\\\/www.eldiario.net\\\/portal\\\/wp-content\\\/uploads\\\/2021\\\/05\\\/Jhieri.jpg\",\"contentUrl\":\"https:\\\/\\\/www.eldiario.net\\\/portal\\\/wp-content\\\/uploads\\\/2021\\\/05\\\/Jhieri.jpg\",\"width\":700,\"height\":491},{\"@type\":\"BreadcrumbList\",\"@id\":\"https:\\\/\\\/www.eldiario.net\\\/portal\\\/2021\\\/05\\\/22\\\/fiscalia-analiza-si-imputan-o-no-a-fiscales-que-manipularon-proceso\\\/#breadcrumb\",\"itemListElement\":[{\"@type\":\"ListItem\",\"position\":1,\"name\":\"Portada\",\"item\":\"https:\\\/\\\/www.eldiario.net\\\/portal\\\/\"},{\"@type\":\"ListItem\",\"position\":2,\"name\":\"Fiscal\u00eda analiza si imputan o no a fiscales que manipularon proceso\"}]},{\"@type\":\"WebSite\",\"@id\":\"https:\\\/\\\/www.eldiario.net\\\/portal\\\/#website\",\"url\":\"https:\\\/\\\/www.eldiario.net\\\/portal\\\/\",\"name\":\"El Diario - Decano de la prensa nacional\",\"description\":\"El Diario - Decano de la prensa nacional\",\"publisher\":{\"@id\":\"https:\\\/\\\/www.eldiario.net\\\/portal\\\/#organization\"},\"potentialAction\":[{\"@type\":\"SearchAction\",\"target\":{\"@type\":\"EntryPoint\",\"urlTemplate\":\"https:\\\/\\\/www.eldiario.net\\\/portal\\\/?s={search_term_string}\"},\"query-input\":{\"@type\":\"PropertyValueSpecification\",\"valueRequired\":true,\"valueName\":\"search_term_string\"}}],\"inLanguage\":\"es\"},{\"@type\":\"Organization\",\"@id\":\"https:\\\/\\\/www.eldiario.net\\\/portal\\\/#organization\",\"name\":\"El Diario - Decano de la prensa nacional\",\"url\":\"https:\\\/\\\/www.eldiario.net\\\/portal\\\/\",\"logo\":{\"@type\":\"ImageObject\",\"inLanguage\":\"es\",\"@id\":\"https:\\\/\\\/www.eldiario.net\\\/portal\\\/#\\\/schema\\\/logo\\\/image\\\/\",\"url\":\"https:\\\/\\\/www.eldiario.net\\\/portal\\\/wp-content\\\/uploads\\\/2023\\\/07\\\/logo_ED.jpg\",\"contentUrl\":\"https:\\\/\\\/www.eldiario.net\\\/portal\\\/wp-content\\\/uploads\\\/2023\\\/07\\\/logo_ED.jpg\",\"width\":272,\"height\":52,\"caption\":\"El Diario - Decano de la prensa nacional\"},\"image\":{\"@id\":\"https:\\\/\\\/www.eldiario.net\\\/portal\\\/#\\\/schema\\\/logo\\\/image\\\/\"},\"sameAs\":[\"https:\\\/\\\/www.facebook.com\\\/eldiario.bolivia\\\/\",\"https:\\\/\\\/x.com\\\/eldiario_net\"]},{\"@type\":\"Person\",\"@id\":\"https:\\\/\\\/www.eldiario.net\\\/portal\\\/#\\\/schema\\\/person\\\/f46445640444750d7d753ccd04ae01b7\",\"name\":\"Jeanette\",\"image\":{\"@type\":\"ImageObject\",\"inLanguage\":\"es\",\"@id\":\"https:\\\/\\\/secure.gravatar.com\\\/avatar\\\/3ea2118a5f7dad2b7138b1187a6b7ee55f160b9968b66013c3a3ef39dd7e5798?s=96&d=mm&r=g\",\"url\":\"https:\\\/\\\/secure.gravatar.com\\\/avatar\\\/3ea2118a5f7dad2b7138b1187a6b7ee55f160b9968b66013c3a3ef39dd7e5798?s=96&d=mm&r=g\",\"contentUrl\":\"https:\\\/\\\/secure.gravatar.com\\\/avatar\\\/3ea2118a5f7dad2b7138b1187a6b7ee55f160b9968b66013c3a3ef39dd7e5798?s=96&d=mm&r=g\",\"caption\":\"Jeanette\"},\"sameAs\":[\"https:\\\/\\\/www.eldiario.net\\\/portal\"],\"url\":\"https:\\\/\\\/www.eldiario.net\\\/portal\\\/author\\\/jeanette\\\/\"}]}<\/script>\n<!-- \/ Yoast SEO plugin. -->","yoast_head_json":{"title":"Fiscal\u00eda analiza si imputan o no a fiscales que manipularon proceso - El Diario - Bolivia","robots":{"index":"index","follow":"follow","max-snippet":"max-snippet:-1","max-image-preview":"max-image-preview:large","max-video-preview":"max-video-preview:-1"},"canonical":"https:\/\/www.eldiario.net\/portal\/2021\/05\/22\/fiscalia-analiza-si-imputan-o-no-a-fiscales-que-manipularon-proceso\/","og_locale":"es_ES","og_type":"article","og_title":"Fiscal\u00eda analiza si imputan o no a fiscales que manipularon proceso - El Diario - Bolivia","og_description":"La Fiscal\u00eda anunci\u00f3 ayer que en 15 d\u00edas definir\u00e1 si imputan o no al exfiscal departamental de La Paz, Edwin Blanco y la exfiscal Susana Boy\u00e1n, denunciados por ocultar pericias para acusar al m\u00e9dico Jhiery Fern\u00e1ndez y orillar una sentencia de 20 a\u00f1os de presidio, acusado por una violaci\u00f3n, que nunca existi\u00f3, al beb\u00e9 Alexander. [&hellip;]","og_url":"https:\/\/www.eldiario.net\/portal\/2021\/05\/22\/fiscalia-analiza-si-imputan-o-no-a-fiscales-que-manipularon-proceso\/","og_site_name":"El Diario - Bolivia","article_publisher":"https:\/\/www.facebook.com\/eldiario.bolivia\/","article_published_time":"2021-05-22T11:53:43+00:00","og_image":[{"width":700,"height":491,"url":"https:\/\/www.eldiario.net\/portal\/wp-content\/uploads\/2021\/05\/Jhieri.jpg","type":"image\/jpeg"}],"author":"Jeanette","twitter_card":"summary_large_image","twitter_creator":"@eldiario_net","twitter_site":"@eldiario_net","twitter_misc":{"Escrito por":"Jeanette","Tiempo de lectura":"1 minuto"},"schema":{"@context":"https:\/\/schema.org","@graph":[{"@type":"Article","@id":"https:\/\/www.eldiario.net\/portal\/2021\/05\/22\/fiscalia-analiza-si-imputan-o-no-a-fiscales-que-manipularon-proceso\/#article","isPartOf":{"@id":"https:\/\/www.eldiario.net\/portal\/2021\/05\/22\/fiscalia-analiza-si-imputan-o-no-a-fiscales-que-manipularon-proceso\/"},"author":{"name":"Jeanette","@id":"https:\/\/www.eldiario.net\/portal\/#\/schema\/person\/f46445640444750d7d753ccd04ae01b7"},"headline":"Fiscal\u00eda analiza si imputan o no a fiscales que manipularon proceso","datePublished":"2021-05-22T11:53:43+00:00","mainEntityOfPage":{"@id":"https:\/\/www.eldiario.net\/portal\/2021\/05\/22\/fiscalia-analiza-si-imputan-o-no-a-fiscales-que-manipularon-proceso\/"},"wordCount":252,"publisher":{"@id":"https:\/\/www.eldiario.net\/portal\/#organization"},"image":{"@id":"https:\/\/www.eldiario.net\/portal\/2021\/05\/22\/fiscalia-analiza-si-imputan-o-no-a-fiscales-que-manipularon-proceso\/#primaryimage"},"thumbnailUrl":"https:\/\/www.eldiario.net\/portal\/wp-content\/uploads\/2021\/05\/Jhieri.jpg","articleSection":["Sociedad - Seguridad"],"inLanguage":"es"},{"@type":"WebPage","@id":"https:\/\/www.eldiario.net\/portal\/2021\/05\/22\/fiscalia-analiza-si-imputan-o-no-a-fiscales-que-manipularon-proceso\/","url":"https:\/\/www.eldiario.net\/portal\/2021\/05\/22\/fiscalia-analiza-si-imputan-o-no-a-fiscales-que-manipularon-proceso\/","name":"Fiscal\u00eda analiza si imputan o no a fiscales que manipularon proceso - El Diario - Bolivia","isPartOf":{"@id":"https:\/\/www.eldiario.net\/portal\/#website"},"primaryImageOfPage":{"@id":"https:\/\/www.eldiario.net\/portal\/2021\/05\/22\/fiscalia-analiza-si-imputan-o-no-a-fiscales-que-manipularon-proceso\/#primaryimage"},"image":{"@id":"https:\/\/www.eldiario.net\/portal\/2021\/05\/22\/fiscalia-analiza-si-imputan-o-no-a-fiscales-que-manipularon-proceso\/#primaryimage"},"thumbnailUrl":"https:\/\/www.eldiario.net\/portal\/wp-content\/uploads\/2021\/05\/Jhieri.jpg","datePublished":"2021-05-22T11:53:43+00:00","breadcrumb":{"@id":"https:\/\/www.eldiario.net\/portal\/2021\/05\/22\/fiscalia-analiza-si-imputan-o-no-a-fiscales-que-manipularon-proceso\/#breadcrumb"},"inLanguage":"es","potentialAction":[{"@type":"ReadAction","target":["https:\/\/www.eldiario.net\/portal\/2021\/05\/22\/fiscalia-analiza-si-imputan-o-no-a-fiscales-que-manipularon-proceso\/"]}]},{"@type":"ImageObject","inLanguage":"es","@id":"https:\/\/www.eldiario.net\/portal\/2021\/05\/22\/fiscalia-analiza-si-imputan-o-no-a-fiscales-que-manipularon-proceso\/#primaryimage","url":"https:\/\/www.eldiario.net\/portal\/wp-content\/uploads\/2021\/05\/Jhieri.jpg","contentUrl":"https:\/\/www.eldiario.net\/portal\/wp-content\/uploads\/2021\/05\/Jhieri.jpg","width":700,"height":491},{"@type":"BreadcrumbList","@id":"https:\/\/www.eldiario.net\/portal\/2021\/05\/22\/fiscalia-analiza-si-imputan-o-no-a-fiscales-que-manipularon-proceso\/#breadcrumb","itemListElement":[{"@type":"ListItem","position":1,"name":"Portada","item":"https:\/\/www.eldiario.net\/portal\/"},{"@type":"ListItem","position":2,"name":"Fiscal\u00eda analiza si imputan o no a fiscales que manipularon proceso"}]},{"@type":"WebSite","@id":"https:\/\/www.eldiario.net\/portal\/#website","url":"https:\/\/www.eldiario.net\/portal\/","name":"El Diario - Decano de la prensa nacional","description":"El Diario - Decano de la prensa nacional","publisher":{"@id":"https:\/\/www.eldiario.net\/portal\/#organization"},"potentialAction":[{"@type":"SearchAction","target":{"@type":"EntryPoint","urlTemplate":"https:\/\/www.eldiario.net\/portal\/?s={search_term_string}"},"query-input":{"@type":"PropertyValueSpecification","valueRequired":true,"valueName":"search_term_string"}}],"inLanguage":"es"},{"@type":"Organization","@id":"https:\/\/www.eldiario.net\/portal\/#organization","name":"El Diario - Decano de la prensa nacional","url":"https:\/\/www.eldiario.net\/portal\/","logo":{"@type":"ImageObject","inLanguage":"es","@id":"https:\/\/www.eldiario.net\/portal\/#\/schema\/logo\/image\/","url":"https:\/\/www.eldiario.net\/portal\/wp-content\/uploads\/2023\/07\/logo_ED.jpg","contentUrl":"https:\/\/www.eldiario.net\/portal\/wp-content\/uploads\/2023\/07\/logo_ED.jpg","width":272,"height":52,"caption":"El Diario - Decano de la prensa nacional"},"image":{"@id":"https:\/\/www.eldiario.net\/portal\/#\/schema\/logo\/image\/"},"sameAs":["https:\/\/www.facebook.com\/eldiario.bolivia\/","https:\/\/x.com\/eldiario_net"]},{"@type":"Person","@id":"https:\/\/www.eldiario.net\/portal\/#\/schema\/person\/f46445640444750d7d753ccd04ae01b7","name":"Jeanette","image":{"@type":"ImageObject","inLanguage":"es","@id":"https:\/\/secure.gravatar.com\/avatar\/3ea2118a5f7dad2b7138b1187a6b7ee55f160b9968b66013c3a3ef39dd7e5798?s=96&d=mm&r=g","url":"https:\/\/secure.gravatar.com\/avatar\/3ea2118a5f7dad2b7138b1187a6b7ee55f160b9968b66013c3a3ef39dd7e5798?s=96&d=mm&r=g","contentUrl":"https:\/\/secure.gravatar.com\/avatar\/3ea2118a5f7dad2b7138b1187a6b7ee55f160b9968b66013c3a3ef39dd7e5798?s=96&d=mm&r=g","caption":"Jeanette"},"sameAs":["https:\/\/www.eldiario.net\/portal"],"url":"https:\/\/www.eldiario.net\/portal\/author\/jeanette\/"}]}},"_links":{"self":[{"href":"https:\/\/www.eldiario.net\/portal\/wp-json\/wp\/v2\/posts\/5524","targetHints":{"allow":["GET"]}}],"collection":[{"href":"https:\/\/www.eldiario.net\/portal\/wp-json\/wp\/v2\/posts"}],"about":[{"href":"https:\/\/www.eldiario.net\/portal\/wp-json\/wp\/v2\/types\/post"}],"author":[{"embeddable":true,"href":"https:\/\/www.eldiario.net\/portal\/wp-json\/wp\/v2\/users\/1"}],"replies":[{"embeddable":true,"href":"https:\/\/www.eldiario.net\/portal\/wp-json\/wp\/v2\/comments?post=5524"}],"version-history":[{"count":0,"href":"https:\/\/www.eldiario.net\/portal\/wp-json\/wp\/v2\/posts\/5524\/revisions"}],"wp:featuredmedia":[{"embeddable":true,"href":"https:\/\/www.eldiario.net\/portal\/wp-json\/wp\/v2\/media\/5525"}],"wp:attachment":[{"href":"https:\/\/www.eldiario.net\/portal\/wp-json\/wp\/v2\/media?parent=5524"}],"wp:term":[{"taxonomy":"category","embeddable":true,"href":"https:\/\/www.eldiario.net\/portal\/wp-json\/wp\/v2\/categories?post=5524"},{"taxonomy":"post_tag","embeddable":true,"href":"https:\/\/www.eldiario.net\/portal\/wp-json\/wp\/v2\/tags?post=5524"}],"curies":[{"name":"wp","href":"https:\/\/api.w.org\/{rel}","templated":true}]}}