{"id":55239,"date":"2022-01-10T05:19:32","date_gmt":"2022-01-10T09:19:32","guid":{"rendered":"https:\/\/www.eldiario.net\/portal\/?p=55239"},"modified":"2022-01-10T05:19:32","modified_gmt":"2022-01-10T09:19:32","slug":"pilar-richardson","status":"publish","type":"post","link":"https:\/\/www.eldiario.net\/portal\/2022\/01\/10\/pilar-richardson\/","title":{"rendered":"Pilar Richardson"},"content":{"rendered":"<p>Nuestra hermosa invitada del d\u00eda en Cvltvral es una escritora cuyas publicaciones se han orientado a su formaci\u00f3n mediante la cual ella imparte el arte de etiqueta mediante lineamientos y protocolos que son esenciales para determinadas actividades, ya que todo a nuestro alrededor implica etiqueta. Su trabajo se divide entre nuestro pa\u00eds y el del norte y en esta exclusiva conocemos m\u00e1s de esta especialista del protocolo\u2026 Sean todos bienvenidos al show.<\/p>\n<p><strong>\u00bfQu\u00e9 frase literaria te identifica?<\/strong><br \/>\nMe gusta una frase de Maya Angelou: \u201cHaz lo mejor que puedas hasta que sepas m\u00e1s. Cuando sepas m\u00e1s, hazlo mejor\u201d.<\/p>\n<p><strong>\u00bfCu\u00e1l consideras el primer factor a nunca descuidar para que podamos tener un desenvolvimiento adecuado seg\u00fan la etiqueta del acontecimiento al que asistimos?<\/strong><br \/>\nNuestra actitud siempre; de la mano del sentido com\u00fan. La actitud que uno lleva al acontecimiento que asistimos, marca la diferencia en la calidad de los resultados que uno obtiene. Tanto en acontecimientos sociales como profesionales, uno se topa con situaciones o momentos inc\u00f3modos en los que a veces no se sabe qu\u00e9 decir o c\u00f3mo actuar, lo mejor es una actitud de respeto y cortes\u00eda, una buena etiqueta. Tratar a los dem\u00e1s como nos gustar\u00eda que nos traten, siendo coherentes en nuestras interacciones, utilizando nuestro sentido com\u00fan y no permitiendo que las emociones se apoderen de uno. La actitud es una habilidad blanda de comportamiento disciplinado que debe practicarse y aprenderse, pues nos ayuda en las relaciones sociales, cobra confianza en nosotros mismos y no ahuyenta a los que nos rodean.<\/p>\n<p><strong>\u00bfEn qu\u00e9 momento despierta tu inter\u00e9s profesional por la etiqueta y protocolo?<\/strong><br \/>\nEn m\u00e1s de 30 a\u00f1os de trabajo, he tenido el privilegio de manejar empleados en diferentes industrias (tur\u00edstica, hotelera) y por su puesto en el plano diplom\u00e1tico habiendo trabajado en 3 embajadas americanas en 3 diferentes pa\u00edses. Definitivamente esta experiencia fue la antesala y preparaci\u00f3n de lo que luego podr\u00eda afianzar mi inter\u00e9s en el rubro de la etiqueta y el protocolo. En cada uno de mis trabajos, los temas de comportamiento social, imagen, organizaci\u00f3n de eventos, etiqueta empresarial y protocolo internacional siempre estuvieron presentes de una u otra forma. Volqu\u00e9 toda esa experiencia y junto a los estudios recogidos plasm\u00e9 en lo que ahora me da gran satisfacci\u00f3n y lo que no se puede ignorar en este mundo competitivo de r\u00e1pido movimiento, la etiqueta y el protocolo.<\/p>\n<p><strong>Conceptualmente hablando, \u00bfcu\u00e1ndo y c\u00f3mo nace \u201cSe\u00f1ora Etiqueta\u201d?<\/strong><br \/>\nSe\u00f1ora Etiqueta nace por la imperiosa necesidad de comunicarme con la gente escribiendo mis primeros blogs sobre valores, motivaciones, viajes, imagen, moda, comportamiento social, etc., hace 11 a\u00f1os. Viv\u00eda en California donde mucha gente habla espa\u00f1ol, me le\u00edan, me apoyaban, inclusive mis libros se encuentran disponibles en la biblioteca del Condado de Solano\/Napa y me invitaban a grabar segmentos de etiqueta en Univisi\u00f3n-Sacramento. De esta manera, la Se\u00f1ora Etiqueta, mi nombre de pluma, toma forma como una figura \u201cperfecta\u201d para que ni\u00f1os, padres, j\u00f3venes, profesionales, empresarios, ejecutivos o estudiantes sigan sus pautas y consejos y puedan sentirse confiados y c\u00f3modos frente a cualquier contingencia social, acontecimiento empresarial o en presencia de culturas diferentes a las suyas. La Se\u00f1ora Etiqueta traslad\u00f3 y adapt\u00f3 esos mismos conceptos a Bolivia a fin de llegar a quienes no pudieran tener el alcance, el asesoramiento o las oportunidades de viajar y conocer modernas normas que dirigen la forma en que debe comportarse un individuo responsable en la sociedad.<\/p>\n<p><strong>En tu experiencia, \u00bfcu\u00e1n importantes son los lineamientos de protocolos y etiqueta para el ciudadano promedio?<\/strong><br \/>\nPor definici\u00f3n, la etiqueta es el c\u00f3digo o las normas que dirigen la forma habitual de comportamiento cort\u00e9s y responsable en sociedad de individuos, profesionales o grupos en particular. Esto significa claramente que la sociedad espera el comportamiento correcto, educado, respetuoso as\u00ed como la profesionalidad de las personas. Una persona tarda solo unos segundos en formarse una impresi\u00f3n sobre otra persona, como crear una impresi\u00f3n magn\u00e9tica en la mente de otra persona.<br \/>\nLa actitud, el comportamiento socialmente amigable, la amabilidad, el lenguaje corporal, las posturas, los gestos, un apret\u00f3n de manos firme, un saludo con sonrisa, la utilizaci\u00f3n de las palabras b\u00e1sicas de cortes\u00eda: \u00ablo siento\u00bb, \u00abgracias\u00bb, \u00abpor favor\u00bb, los modales en el celular, la etiqueta en una cena, entre otros tantos son sumamente importantes pues ayudan en la autoestima de las personas. Al ver que ganan el respeto de los dem\u00e1s, se sienten mejores personas, tienen un alto concepto de ellas mismas, tratan mejor a los dem\u00e1s y reciben mejor trato a cambio. Y con ello llega su popularidad, toda vez que tengan una actitud amable, no solo se sienten felices sino que se anteponen a los dem\u00e1s y son copiados por otros.<\/p>\n<p><strong>Como asesora y consultora, \u00bftuviste alguna vez un cliente que haya significado un reto casi imposible?<\/strong><br \/>\nUn reto como tal, no; pero en ciertas ocasiones no falt\u00f3 la persona que cuestion\u00f3 por qu\u00e9 debe seguir alguna norma de etiqueta o que la etiqueta es antigua. Con un poco de esfuerzo, afrontamos la comprensi\u00f3n y los beneficios del ejercicio de la etiqueta m\u00e1s all\u00e1 del miedo al clich\u00e9 de encontrar m\u00e1s tenedores de los que conoce en una mesa puesta. Todo lo contrario, la etiqueta hace que todo sea f\u00e1cil, en lugar de ser una complicaci\u00f3n.<\/p>\n<p><strong>\u00bfCu\u00e1l es la llegada real que logras al p\u00fablico en general?<\/strong><br \/>\nGratamente sorprendida el haber llegado a tanta gente de todos los rincones del pa\u00eds. Siempre estuve presente en las Ferias del Libro en varias ciudades incluyendo una en San Ignacio de Velasco donde la acogida fue tan grande que yo misma me asombr\u00e9 al ver la fila tan larga a la entrada de la Casa de la Cultura para el \u201cPrimer Taller de Etiqueta y Buenos Modales Como Modo de Vida\u00bb que fue dado ante un gran grupo de estudiantes, padres, profesores y trabajadores deseosos de aprender.<br \/>\nLa aceptaci\u00f3n en general en todo el pa\u00eds, ha sido siempre grata y eso se ve en el resultado de la venta de los libros. El Manual de Etiqueta y Protocolo que se public\u00f3 el 2012 ya est\u00e1 en su tercera edici\u00f3n. Y por supuesto, el contacto con el p\u00fablico en talleres y seminarios especialmente en colegios, universidades, institutos y empresas. En esta \u00faltima categor\u00eda, tengo que mencionar orgullosamente que soy la primera boliviana que ha obtenido la certificaci\u00f3n como Consultora de Etiqueta Corporativa, Imagen y Protocolo Internacional en la Escuela de Protocolo en Washington.<\/p>\n<p><strong>\u00bfCu\u00e1ntos libros sobre el tema tienes presentados hasta el momento?<\/strong><br \/>\nSon tres mis obras: \u201cEl Manual de Etiqueta y Protocolo\u201d (3ra. edici\u00f3n), \u201cBuenos Modales y Etiqueta Infantil\u201d y una gu\u00eda pr\u00e1ctica \u201cActitud y Buenos Modales durante la era del COVID-19\u201d. Se venden en Amazon para Estados Unidos y Latinoam\u00e9rica y en varias librer\u00edas del pa\u00eds.<\/p>\n<p>Checklist:<\/p>\n<p>3 pel\u00edculas obligatorias:<br \/>\n&#8211; Memento de Cristopher Nolan.<br \/>\n&#8211; La naci\u00f3n clandestina de Jorge Sanjin\u00e9s.<br \/>\n&#8211; Cidade de Deus de Paulo Lins.<br \/>\n3 libros inolvidables:<br \/>\n&#8211; Perif\u00e9rica Blvd. de Adolfo C\u00e1rdenas.<br \/>\n&#8211; Ficciones de Jorge Luis Borges.<br \/>\n&#8211; Cien a\u00f1os de soledad de Gabriel Garc\u00eda M\u00e1rquez.<br \/>\n3 escritores que m\u00e1s admires:<br \/>\n&#8211; Camila Urioste. Claudio Ferrufino-Coqueugniot.<br \/>\ny Adolfo C\u00e1rdenas.<br \/>\n3 cosas imprescindibles en la vida:<br \/>\n&#8211; Salud. M\u00fasica y Palabras.<\/p>\n\n","protected":false},"excerpt":{"rendered":"<p>Nuestra hermosa invitada del d\u00eda en Cvltvral es una escritora cuyas publicaciones se han orientado a su formaci\u00f3n mediante la cual ella imparte el arte de etiqueta mediante lineamientos y protocolos que son esenciales para determinadas actividades, ya que todo a nuestro alrededor implica etiqueta. Su trabajo se divide entre nuestro pa\u00eds y el del [&hellip;]<\/p>\n","protected":false},"author":1,"featured_media":55240,"comment_status":"closed","ping_status":"closed","sticky":false,"template":"","format":"standard","meta":{"_acf_changed":false,"footnotes":""},"categories":[8],"tags":[],"class_list":["post-55239","post","type-post","status-publish","format-standard","has-post-thumbnail","category-cultural"],"acf":{"antetitulo":""},"yoast_head":"<!-- This site is optimized with the Yoast SEO plugin v28.3 - https:\/\/yoast.com\/product\/yoast-seo-wordpress\/ -->\n<title>Pilar Richardson - El Diario - Bolivia<\/title>\n<meta name=\"robots\" content=\"index, follow, max-snippet:-1, max-image-preview:large, max-video-preview:-1\" \/>\n<link rel=\"canonical\" href=\"https:\/\/www.eldiario.net\/portal\/2022\/01\/10\/pilar-richardson\/\" \/>\n<meta property=\"og:locale\" content=\"es_ES\" \/>\n<meta property=\"og:type\" content=\"article\" \/>\n<meta property=\"og:title\" content=\"Pilar Richardson - El Diario - Bolivia\" \/>\n<meta property=\"og:description\" content=\"Nuestra hermosa invitada del d\u00eda en Cvltvral es una escritora cuyas publicaciones se han orientado a su formaci\u00f3n mediante la cual ella imparte el arte de etiqueta mediante lineamientos y protocolos que son esenciales para determinadas actividades, ya que todo a nuestro alrededor implica etiqueta. Su trabajo se divide entre nuestro pa\u00eds y el del [&hellip;]\" \/>\n<meta property=\"og:url\" content=\"https:\/\/www.eldiario.net\/portal\/2022\/01\/10\/pilar-richardson\/\" \/>\n<meta property=\"og:site_name\" content=\"El Diario - Bolivia\" \/>\n<meta property=\"article:publisher\" content=\"https:\/\/www.facebook.com\/eldiario.bolivia\/\" \/>\n<meta property=\"article:published_time\" content=\"2022-01-10T09:19:32+00:00\" \/>\n<meta name=\"author\" content=\"Jeanette\" \/>\n<meta name=\"twitter:card\" content=\"summary_large_image\" \/>\n<meta name=\"twitter:creator\" content=\"@eldiario_net\" \/>\n<meta name=\"twitter:site\" content=\"@eldiario_net\" \/>\n<meta name=\"twitter:label1\" content=\"Escrito por\" \/>\n\t<meta name=\"twitter:data1\" content=\"Jeanette\" \/>\n\t<meta name=\"twitter:label2\" content=\"Tiempo de lectura\" \/>\n\t<meta name=\"twitter:data2\" content=\"6 minutos\" \/>\n<script type=\"application\/ld+json\" class=\"yoast-schema-graph\">{\"@context\":\"https:\\\/\\\/schema.org\",\"@graph\":[{\"@type\":\"Article\",\"@id\":\"https:\\\/\\\/www.eldiario.net\\\/portal\\\/2022\\\/01\\\/10\\\/pilar-richardson\\\/#article\",\"isPartOf\":{\"@id\":\"https:\\\/\\\/www.eldiario.net\\\/portal\\\/2022\\\/01\\\/10\\\/pilar-richardson\\\/\"},\"author\":{\"name\":\"Jeanette\",\"@id\":\"https:\\\/\\\/www.eldiario.net\\\/portal\\\/#\\\/schema\\\/person\\\/f46445640444750d7d753ccd04ae01b7\"},\"headline\":\"Pilar Richardson\",\"datePublished\":\"2022-01-10T09:19:32+00:00\",\"mainEntityOfPage\":{\"@id\":\"https:\\\/\\\/www.eldiario.net\\\/portal\\\/2022\\\/01\\\/10\\\/pilar-richardson\\\/\"},\"wordCount\":1273,\"publisher\":{\"@id\":\"https:\\\/\\\/www.eldiario.net\\\/portal\\\/#organization\"},\"image\":{\"@id\":\"https:\\\/\\\/www.eldiario.net\\\/portal\\\/2022\\\/01\\\/10\\\/pilar-richardson\\\/#primaryimage\"},\"thumbnailUrl\":\"\",\"articleSection\":[\"Cultural\"],\"inLanguage\":\"es\"},{\"@type\":\"WebPage\",\"@id\":\"https:\\\/\\\/www.eldiario.net\\\/portal\\\/2022\\\/01\\\/10\\\/pilar-richardson\\\/\",\"url\":\"https:\\\/\\\/www.eldiario.net\\\/portal\\\/2022\\\/01\\\/10\\\/pilar-richardson\\\/\",\"name\":\"Pilar Richardson - El Diario - Bolivia\",\"isPartOf\":{\"@id\":\"https:\\\/\\\/www.eldiario.net\\\/portal\\\/#website\"},\"primaryImageOfPage\":{\"@id\":\"https:\\\/\\\/www.eldiario.net\\\/portal\\\/2022\\\/01\\\/10\\\/pilar-richardson\\\/#primaryimage\"},\"image\":{\"@id\":\"https:\\\/\\\/www.eldiario.net\\\/portal\\\/2022\\\/01\\\/10\\\/pilar-richardson\\\/#primaryimage\"},\"thumbnailUrl\":\"\",\"datePublished\":\"2022-01-10T09:19:32+00:00\",\"breadcrumb\":{\"@id\":\"https:\\\/\\\/www.eldiario.net\\\/portal\\\/2022\\\/01\\\/10\\\/pilar-richardson\\\/#breadcrumb\"},\"inLanguage\":\"es\",\"potentialAction\":[{\"@type\":\"ReadAction\",\"target\":[\"https:\\\/\\\/www.eldiario.net\\\/portal\\\/2022\\\/01\\\/10\\\/pilar-richardson\\\/\"]}]},{\"@type\":\"ImageObject\",\"inLanguage\":\"es\",\"@id\":\"https:\\\/\\\/www.eldiario.net\\\/portal\\\/2022\\\/01\\\/10\\\/pilar-richardson\\\/#primaryimage\",\"url\":\"\",\"contentUrl\":\"\"},{\"@type\":\"BreadcrumbList\",\"@id\":\"https:\\\/\\\/www.eldiario.net\\\/portal\\\/2022\\\/01\\\/10\\\/pilar-richardson\\\/#breadcrumb\",\"itemListElement\":[{\"@type\":\"ListItem\",\"position\":1,\"name\":\"Portada\",\"item\":\"https:\\\/\\\/www.eldiario.net\\\/portal\\\/\"},{\"@type\":\"ListItem\",\"position\":2,\"name\":\"Pilar Richardson\"}]},{\"@type\":\"WebSite\",\"@id\":\"https:\\\/\\\/www.eldiario.net\\\/portal\\\/#website\",\"url\":\"https:\\\/\\\/www.eldiario.net\\\/portal\\\/\",\"name\":\"El Diario - Decano de la prensa nacional\",\"description\":\"El Diario - Decano de la prensa nacional\",\"publisher\":{\"@id\":\"https:\\\/\\\/www.eldiario.net\\\/portal\\\/#organization\"},\"potentialAction\":[{\"@type\":\"SearchAction\",\"target\":{\"@type\":\"EntryPoint\",\"urlTemplate\":\"https:\\\/\\\/www.eldiario.net\\\/portal\\\/?s={search_term_string}\"},\"query-input\":{\"@type\":\"PropertyValueSpecification\",\"valueRequired\":true,\"valueName\":\"search_term_string\"}}],\"inLanguage\":\"es\"},{\"@type\":\"Organization\",\"@id\":\"https:\\\/\\\/www.eldiario.net\\\/portal\\\/#organization\",\"name\":\"El Diario - Decano de la prensa nacional\",\"url\":\"https:\\\/\\\/www.eldiario.net\\\/portal\\\/\",\"logo\":{\"@type\":\"ImageObject\",\"inLanguage\":\"es\",\"@id\":\"https:\\\/\\\/www.eldiario.net\\\/portal\\\/#\\\/schema\\\/logo\\\/image\\\/\",\"url\":\"https:\\\/\\\/www.eldiario.net\\\/portal\\\/wp-content\\\/uploads\\\/2023\\\/07\\\/logo_ED.jpg\",\"contentUrl\":\"https:\\\/\\\/www.eldiario.net\\\/portal\\\/wp-content\\\/uploads\\\/2023\\\/07\\\/logo_ED.jpg\",\"width\":272,\"height\":52,\"caption\":\"El Diario - Decano de la prensa nacional\"},\"image\":{\"@id\":\"https:\\\/\\\/www.eldiario.net\\\/portal\\\/#\\\/schema\\\/logo\\\/image\\\/\"},\"sameAs\":[\"https:\\\/\\\/www.facebook.com\\\/eldiario.bolivia\\\/\",\"https:\\\/\\\/x.com\\\/eldiario_net\"]},{\"@type\":\"Person\",\"@id\":\"https:\\\/\\\/www.eldiario.net\\\/portal\\\/#\\\/schema\\\/person\\\/f46445640444750d7d753ccd04ae01b7\",\"name\":\"Jeanette\",\"image\":{\"@type\":\"ImageObject\",\"inLanguage\":\"es\",\"@id\":\"https:\\\/\\\/secure.gravatar.com\\\/avatar\\\/3ea2118a5f7dad2b7138b1187a6b7ee55f160b9968b66013c3a3ef39dd7e5798?s=96&d=mm&r=g\",\"url\":\"https:\\\/\\\/secure.gravatar.com\\\/avatar\\\/3ea2118a5f7dad2b7138b1187a6b7ee55f160b9968b66013c3a3ef39dd7e5798?s=96&d=mm&r=g\",\"contentUrl\":\"https:\\\/\\\/secure.gravatar.com\\\/avatar\\\/3ea2118a5f7dad2b7138b1187a6b7ee55f160b9968b66013c3a3ef39dd7e5798?s=96&d=mm&r=g\",\"caption\":\"Jeanette\"},\"sameAs\":[\"https:\\\/\\\/www.eldiario.net\\\/portal\"],\"url\":\"https:\\\/\\\/www.eldiario.net\\\/portal\\\/author\\\/jeanette\\\/\"}]}<\/script>\n<!-- \/ Yoast SEO plugin. -->","yoast_head_json":{"title":"Pilar Richardson - El Diario - Bolivia","robots":{"index":"index","follow":"follow","max-snippet":"max-snippet:-1","max-image-preview":"max-image-preview:large","max-video-preview":"max-video-preview:-1"},"canonical":"https:\/\/www.eldiario.net\/portal\/2022\/01\/10\/pilar-richardson\/","og_locale":"es_ES","og_type":"article","og_title":"Pilar Richardson - El Diario - Bolivia","og_description":"Nuestra hermosa invitada del d\u00eda en Cvltvral es una escritora cuyas publicaciones se han orientado a su formaci\u00f3n mediante la cual ella imparte el arte de etiqueta mediante lineamientos y protocolos que son esenciales para determinadas actividades, ya que todo a nuestro alrededor implica etiqueta. Su trabajo se divide entre nuestro pa\u00eds y el del [&hellip;]","og_url":"https:\/\/www.eldiario.net\/portal\/2022\/01\/10\/pilar-richardson\/","og_site_name":"El Diario - Bolivia","article_publisher":"https:\/\/www.facebook.com\/eldiario.bolivia\/","article_published_time":"2022-01-10T09:19:32+00:00","author":"Jeanette","twitter_card":"summary_large_image","twitter_creator":"@eldiario_net","twitter_site":"@eldiario_net","twitter_misc":{"Escrito por":"Jeanette","Tiempo de lectura":"6 minutos"},"schema":{"@context":"https:\/\/schema.org","@graph":[{"@type":"Article","@id":"https:\/\/www.eldiario.net\/portal\/2022\/01\/10\/pilar-richardson\/#article","isPartOf":{"@id":"https:\/\/www.eldiario.net\/portal\/2022\/01\/10\/pilar-richardson\/"},"author":{"name":"Jeanette","@id":"https:\/\/www.eldiario.net\/portal\/#\/schema\/person\/f46445640444750d7d753ccd04ae01b7"},"headline":"Pilar Richardson","datePublished":"2022-01-10T09:19:32+00:00","mainEntityOfPage":{"@id":"https:\/\/www.eldiario.net\/portal\/2022\/01\/10\/pilar-richardson\/"},"wordCount":1273,"publisher":{"@id":"https:\/\/www.eldiario.net\/portal\/#organization"},"image":{"@id":"https:\/\/www.eldiario.net\/portal\/2022\/01\/10\/pilar-richardson\/#primaryimage"},"thumbnailUrl":"","articleSection":["Cultural"],"inLanguage":"es"},{"@type":"WebPage","@id":"https:\/\/www.eldiario.net\/portal\/2022\/01\/10\/pilar-richardson\/","url":"https:\/\/www.eldiario.net\/portal\/2022\/01\/10\/pilar-richardson\/","name":"Pilar Richardson - El Diario - Bolivia","isPartOf":{"@id":"https:\/\/www.eldiario.net\/portal\/#website"},"primaryImageOfPage":{"@id":"https:\/\/www.eldiario.net\/portal\/2022\/01\/10\/pilar-richardson\/#primaryimage"},"image":{"@id":"https:\/\/www.eldiario.net\/portal\/2022\/01\/10\/pilar-richardson\/#primaryimage"},"thumbnailUrl":"","datePublished":"2022-01-10T09:19:32+00:00","breadcrumb":{"@id":"https:\/\/www.eldiario.net\/portal\/2022\/01\/10\/pilar-richardson\/#breadcrumb"},"inLanguage":"es","potentialAction":[{"@type":"ReadAction","target":["https:\/\/www.eldiario.net\/portal\/2022\/01\/10\/pilar-richardson\/"]}]},{"@type":"ImageObject","inLanguage":"es","@id":"https:\/\/www.eldiario.net\/portal\/2022\/01\/10\/pilar-richardson\/#primaryimage","url":"","contentUrl":""},{"@type":"BreadcrumbList","@id":"https:\/\/www.eldiario.net\/portal\/2022\/01\/10\/pilar-richardson\/#breadcrumb","itemListElement":[{"@type":"ListItem","position":1,"name":"Portada","item":"https:\/\/www.eldiario.net\/portal\/"},{"@type":"ListItem","position":2,"name":"Pilar Richardson"}]},{"@type":"WebSite","@id":"https:\/\/www.eldiario.net\/portal\/#website","url":"https:\/\/www.eldiario.net\/portal\/","name":"El Diario - Decano de la prensa nacional","description":"El Diario - Decano de la prensa nacional","publisher":{"@id":"https:\/\/www.eldiario.net\/portal\/#organization"},"potentialAction":[{"@type":"SearchAction","target":{"@type":"EntryPoint","urlTemplate":"https:\/\/www.eldiario.net\/portal\/?s={search_term_string}"},"query-input":{"@type":"PropertyValueSpecification","valueRequired":true,"valueName":"search_term_string"}}],"inLanguage":"es"},{"@type":"Organization","@id":"https:\/\/www.eldiario.net\/portal\/#organization","name":"El Diario - Decano de la prensa nacional","url":"https:\/\/www.eldiario.net\/portal\/","logo":{"@type":"ImageObject","inLanguage":"es","@id":"https:\/\/www.eldiario.net\/portal\/#\/schema\/logo\/image\/","url":"https:\/\/www.eldiario.net\/portal\/wp-content\/uploads\/2023\/07\/logo_ED.jpg","contentUrl":"https:\/\/www.eldiario.net\/portal\/wp-content\/uploads\/2023\/07\/logo_ED.jpg","width":272,"height":52,"caption":"El Diario - Decano de la prensa nacional"},"image":{"@id":"https:\/\/www.eldiario.net\/portal\/#\/schema\/logo\/image\/"},"sameAs":["https:\/\/www.facebook.com\/eldiario.bolivia\/","https:\/\/x.com\/eldiario_net"]},{"@type":"Person","@id":"https:\/\/www.eldiario.net\/portal\/#\/schema\/person\/f46445640444750d7d753ccd04ae01b7","name":"Jeanette","image":{"@type":"ImageObject","inLanguage":"es","@id":"https:\/\/secure.gravatar.com\/avatar\/3ea2118a5f7dad2b7138b1187a6b7ee55f160b9968b66013c3a3ef39dd7e5798?s=96&d=mm&r=g","url":"https:\/\/secure.gravatar.com\/avatar\/3ea2118a5f7dad2b7138b1187a6b7ee55f160b9968b66013c3a3ef39dd7e5798?s=96&d=mm&r=g","contentUrl":"https:\/\/secure.gravatar.com\/avatar\/3ea2118a5f7dad2b7138b1187a6b7ee55f160b9968b66013c3a3ef39dd7e5798?s=96&d=mm&r=g","caption":"Jeanette"},"sameAs":["https:\/\/www.eldiario.net\/portal"],"url":"https:\/\/www.eldiario.net\/portal\/author\/jeanette\/"}]}},"_links":{"self":[{"href":"https:\/\/www.eldiario.net\/portal\/wp-json\/wp\/v2\/posts\/55239","targetHints":{"allow":["GET"]}}],"collection":[{"href":"https:\/\/www.eldiario.net\/portal\/wp-json\/wp\/v2\/posts"}],"about":[{"href":"https:\/\/www.eldiario.net\/portal\/wp-json\/wp\/v2\/types\/post"}],"author":[{"embeddable":true,"href":"https:\/\/www.eldiario.net\/portal\/wp-json\/wp\/v2\/users\/1"}],"replies":[{"embeddable":true,"href":"https:\/\/www.eldiario.net\/portal\/wp-json\/wp\/v2\/comments?post=55239"}],"version-history":[{"count":0,"href":"https:\/\/www.eldiario.net\/portal\/wp-json\/wp\/v2\/posts\/55239\/revisions"}],"wp:attachment":[{"href":"https:\/\/www.eldiario.net\/portal\/wp-json\/wp\/v2\/media?parent=55239"}],"wp:term":[{"taxonomy":"category","embeddable":true,"href":"https:\/\/www.eldiario.net\/portal\/wp-json\/wp\/v2\/categories?post=55239"},{"taxonomy":"post_tag","embeddable":true,"href":"https:\/\/www.eldiario.net\/portal\/wp-json\/wp\/v2\/tags?post=55239"}],"curies":[{"name":"wp","href":"https:\/\/api.w.org\/{rel}","templated":true}]}}