{"id":55236,"date":"2022-01-10T05:16:53","date_gmt":"2022-01-10T09:16:53","guid":{"rendered":"https:\/\/www.eldiario.net\/portal\/?p=55236"},"modified":"2022-01-10T05:16:53","modified_gmt":"2022-01-10T09:16:53","slug":"mna-invita-a-recorrer-la-villa-de-paris-en-360-grados","status":"publish","type":"post","link":"https:\/\/www.eldiario.net\/portal\/2022\/01\/10\/mna-invita-a-recorrer-la-villa-de-paris-en-360-grados\/","title":{"rendered":"MNA invita a recorrer  la Villa de Par\u00eds en 360 grados"},"content":{"rendered":"<p>Los usuarios pueden ingresar en la casona se\u00f1orial y pasear por cada uno de los ambientes para observar los \u00faltimos retoques de su restauraci\u00f3n<br \/>\nEl Museo Nacional de Arte (MNA), dependiente de la Fundaci\u00f3n Cultural del Banco Central de Bolivia (FC-BCB), comparte, en sus redes sociales, la visita virtual de 360 grados a la Villa de Par\u00eds, producto realizado con la herramienta para edici\u00f3n de realidad virtual: Kuula.<br \/>\nEl recorrido permite a los usuarios ingresar en la casona se\u00f1orial y pasear por cada uno de los ambientes para observar los \u00faltimos retoques de su restauraci\u00f3n; de esa manera, se podr\u00e1 apreciar incluso la presencia de personal y de conservadores durante el proceso de recuperaci\u00f3n de los elementos l\u00edticos (portada, arquer\u00eda, columnas y otros) y de los sorprendentes murales originales, \u00fanicos en su g\u00e9nero, descubiertos en las paredes de las salas principales.<br \/>\nEl producto fue pensado y creado con el fin de convocar la atenci\u00f3n de los visitantes internautas, tanto del interior del pa\u00eds como de otros pa\u00edses y continentes. El editor kuula posibilita al visitante vivir la experiencia sin salir de su ordenador, interactuar de manera circular y panor\u00e1mica con todo el espacio disponible para su movimiento y contar con un tiempo sin l\u00edmite para saciar su curiosidad.<br \/>\nLa construcci\u00f3n, hecha al estilo barroco andino, tiene elementos provenientes de Tiwanaku como las piedras y algunos tallados. \u201cLa casona le debe su nombre al surgimiento de un negocio de telas y confecciones que se denomin\u00f3: Villa de Par\u00eds, por esa raz\u00f3n se conserva hasta nuestros d\u00edas\u201d, se\u00f1ala el comunicado del MNA.<br \/>\nLa infraestructura, durante dos siglos, transit\u00f3 por muchas intervenciones ordenadas por propietarios que pasaron por ella y que construyeron pisos, tabiques, muros que empapelaron a gusto y conveniencia personal; de ese modo, es que la casona lleg\u00f3 a ser lugar para el comercio de coca y otros productos, negocio de telas y sastrer\u00eda fina, oficinas compartidas por notarios, abogados y actuarios, hasta un negocio de comida r\u00e1pida y pollos al aceite. A consecuencia de ello, la casona sufri\u00f3 profundos deterioros.<br \/>\nSin embargo, desde 2014, el MNA, con fondos de la Fundaci\u00f3n Cultural del Banco Central de Bolivia y de la Cooperaci\u00f3n espa\u00f1ola AECID, lleva adelante la restauraci\u00f3n de la Villa de Par\u00eds en cuatro fases. Actualmente ya est\u00e1 habilitada para albergar obras de arte y cumplir la funci\u00f3n m\u00e1s acorde con su belleza arquitect\u00f3nica: la de museo de arte.<\/p>\n","protected":false},"excerpt":{"rendered":"<p>Los usuarios pueden ingresar en la casona se\u00f1orial y pasear por cada uno de los ambientes para observar los \u00faltimos retoques de su restauraci\u00f3n El Museo Nacional de Arte (MNA), dependiente de la Fundaci\u00f3n Cultural del Banco Central de Bolivia (FC-BCB), comparte, en sus redes sociales, la visita virtual de 360 grados a la Villa [&hellip;]<\/p>\n","protected":false},"author":1,"featured_media":55237,"comment_status":"closed","ping_status":"closed","sticky":false,"template":"","format":"standard","meta":{"_acf_changed":false,"footnotes":""},"categories":[8],"tags":[],"class_list":["post-55236","post","type-post","status-publish","format-standard","has-post-thumbnail","category-cultural"],"acf":{"antetitulo":""},"yoast_head":"<!-- This site is optimized with the Yoast SEO plugin v28.3 - https:\/\/yoast.com\/product\/yoast-seo-wordpress\/ -->\n<title>MNA invita a recorrer la Villa de Par\u00eds en 360 grados - El Diario - Bolivia<\/title>\n<meta name=\"robots\" content=\"index, follow, max-snippet:-1, max-image-preview:large, max-video-preview:-1\" \/>\n<link rel=\"canonical\" href=\"https:\/\/www.eldiario.net\/portal\/2022\/01\/10\/mna-invita-a-recorrer-la-villa-de-paris-en-360-grados\/\" \/>\n<meta property=\"og:locale\" content=\"es_ES\" \/>\n<meta property=\"og:type\" content=\"article\" \/>\n<meta property=\"og:title\" content=\"MNA invita a recorrer la Villa de Par\u00eds en 360 grados - El Diario - Bolivia\" \/>\n<meta property=\"og:description\" content=\"Los usuarios pueden ingresar en la casona se\u00f1orial y pasear por cada uno de los ambientes para observar los \u00faltimos retoques de su restauraci\u00f3n El Museo Nacional de Arte (MNA), dependiente de la Fundaci\u00f3n Cultural del Banco Central de Bolivia (FC-BCB), comparte, en sus redes sociales, la visita virtual de 360 grados a la Villa [&hellip;]\" \/>\n<meta property=\"og:url\" content=\"https:\/\/www.eldiario.net\/portal\/2022\/01\/10\/mna-invita-a-recorrer-la-villa-de-paris-en-360-grados\/\" \/>\n<meta property=\"og:site_name\" content=\"El Diario - Bolivia\" \/>\n<meta property=\"article:publisher\" content=\"https:\/\/www.facebook.com\/eldiario.bolivia\/\" \/>\n<meta property=\"article:published_time\" content=\"2022-01-10T09:16:53+00:00\" \/>\n<meta name=\"author\" content=\"Jeanette\" \/>\n<meta name=\"twitter:card\" content=\"summary_large_image\" \/>\n<meta name=\"twitter:creator\" content=\"@eldiario_net\" \/>\n<meta name=\"twitter:site\" content=\"@eldiario_net\" \/>\n<meta name=\"twitter:label1\" content=\"Escrito por\" \/>\n\t<meta name=\"twitter:data1\" content=\"Jeanette\" \/>\n\t<meta name=\"twitter:label2\" content=\"Tiempo de lectura\" \/>\n\t<meta name=\"twitter:data2\" content=\"2 minutos\" \/>\n<script type=\"application\/ld+json\" class=\"yoast-schema-graph\">{\"@context\":\"https:\\\/\\\/schema.org\",\"@graph\":[{\"@type\":\"Article\",\"@id\":\"https:\\\/\\\/www.eldiario.net\\\/portal\\\/2022\\\/01\\\/10\\\/mna-invita-a-recorrer-la-villa-de-paris-en-360-grados\\\/#article\",\"isPartOf\":{\"@id\":\"https:\\\/\\\/www.eldiario.net\\\/portal\\\/2022\\\/01\\\/10\\\/mna-invita-a-recorrer-la-villa-de-paris-en-360-grados\\\/\"},\"author\":{\"name\":\"Jeanette\",\"@id\":\"https:\\\/\\\/www.eldiario.net\\\/portal\\\/#\\\/schema\\\/person\\\/f46445640444750d7d753ccd04ae01b7\"},\"headline\":\"MNA invita a recorrer la Villa de Par\u00eds en 360 grados\",\"datePublished\":\"2022-01-10T09:16:53+00:00\",\"mainEntityOfPage\":{\"@id\":\"https:\\\/\\\/www.eldiario.net\\\/portal\\\/2022\\\/01\\\/10\\\/mna-invita-a-recorrer-la-villa-de-paris-en-360-grados\\\/\"},\"wordCount\":439,\"publisher\":{\"@id\":\"https:\\\/\\\/www.eldiario.net\\\/portal\\\/#organization\"},\"image\":{\"@id\":\"https:\\\/\\\/www.eldiario.net\\\/portal\\\/2022\\\/01\\\/10\\\/mna-invita-a-recorrer-la-villa-de-paris-en-360-grados\\\/#primaryimage\"},\"thumbnailUrl\":\"\",\"articleSection\":[\"Cultural\"],\"inLanguage\":\"es\"},{\"@type\":\"WebPage\",\"@id\":\"https:\\\/\\\/www.eldiario.net\\\/portal\\\/2022\\\/01\\\/10\\\/mna-invita-a-recorrer-la-villa-de-paris-en-360-grados\\\/\",\"url\":\"https:\\\/\\\/www.eldiario.net\\\/portal\\\/2022\\\/01\\\/10\\\/mna-invita-a-recorrer-la-villa-de-paris-en-360-grados\\\/\",\"name\":\"MNA invita a recorrer la Villa de Par\u00eds en 360 grados - El Diario - Bolivia\",\"isPartOf\":{\"@id\":\"https:\\\/\\\/www.eldiario.net\\\/portal\\\/#website\"},\"primaryImageOfPage\":{\"@id\":\"https:\\\/\\\/www.eldiario.net\\\/portal\\\/2022\\\/01\\\/10\\\/mna-invita-a-recorrer-la-villa-de-paris-en-360-grados\\\/#primaryimage\"},\"image\":{\"@id\":\"https:\\\/\\\/www.eldiario.net\\\/portal\\\/2022\\\/01\\\/10\\\/mna-invita-a-recorrer-la-villa-de-paris-en-360-grados\\\/#primaryimage\"},\"thumbnailUrl\":\"\",\"datePublished\":\"2022-01-10T09:16:53+00:00\",\"breadcrumb\":{\"@id\":\"https:\\\/\\\/www.eldiario.net\\\/portal\\\/2022\\\/01\\\/10\\\/mna-invita-a-recorrer-la-villa-de-paris-en-360-grados\\\/#breadcrumb\"},\"inLanguage\":\"es\",\"potentialAction\":[{\"@type\":\"ReadAction\",\"target\":[\"https:\\\/\\\/www.eldiario.net\\\/portal\\\/2022\\\/01\\\/10\\\/mna-invita-a-recorrer-la-villa-de-paris-en-360-grados\\\/\"]}]},{\"@type\":\"ImageObject\",\"inLanguage\":\"es\",\"@id\":\"https:\\\/\\\/www.eldiario.net\\\/portal\\\/2022\\\/01\\\/10\\\/mna-invita-a-recorrer-la-villa-de-paris-en-360-grados\\\/#primaryimage\",\"url\":\"\",\"contentUrl\":\"\"},{\"@type\":\"BreadcrumbList\",\"@id\":\"https:\\\/\\\/www.eldiario.net\\\/portal\\\/2022\\\/01\\\/10\\\/mna-invita-a-recorrer-la-villa-de-paris-en-360-grados\\\/#breadcrumb\",\"itemListElement\":[{\"@type\":\"ListItem\",\"position\":1,\"name\":\"Portada\",\"item\":\"https:\\\/\\\/www.eldiario.net\\\/portal\\\/\"},{\"@type\":\"ListItem\",\"position\":2,\"name\":\"MNA invita a recorrer la Villa de Par\u00eds en 360 grados\"}]},{\"@type\":\"WebSite\",\"@id\":\"https:\\\/\\\/www.eldiario.net\\\/portal\\\/#website\",\"url\":\"https:\\\/\\\/www.eldiario.net\\\/portal\\\/\",\"name\":\"El Diario - Decano de la prensa nacional\",\"description\":\"El Diario - Decano de la prensa nacional\",\"publisher\":{\"@id\":\"https:\\\/\\\/www.eldiario.net\\\/portal\\\/#organization\"},\"potentialAction\":[{\"@type\":\"SearchAction\",\"target\":{\"@type\":\"EntryPoint\",\"urlTemplate\":\"https:\\\/\\\/www.eldiario.net\\\/portal\\\/?s={search_term_string}\"},\"query-input\":{\"@type\":\"PropertyValueSpecification\",\"valueRequired\":true,\"valueName\":\"search_term_string\"}}],\"inLanguage\":\"es\"},{\"@type\":\"Organization\",\"@id\":\"https:\\\/\\\/www.eldiario.net\\\/portal\\\/#organization\",\"name\":\"El Diario - Decano de la prensa nacional\",\"url\":\"https:\\\/\\\/www.eldiario.net\\\/portal\\\/\",\"logo\":{\"@type\":\"ImageObject\",\"inLanguage\":\"es\",\"@id\":\"https:\\\/\\\/www.eldiario.net\\\/portal\\\/#\\\/schema\\\/logo\\\/image\\\/\",\"url\":\"https:\\\/\\\/www.eldiario.net\\\/portal\\\/wp-content\\\/uploads\\\/2023\\\/07\\\/logo_ED.jpg\",\"contentUrl\":\"https:\\\/\\\/www.eldiario.net\\\/portal\\\/wp-content\\\/uploads\\\/2023\\\/07\\\/logo_ED.jpg\",\"width\":272,\"height\":52,\"caption\":\"El Diario - Decano de la prensa nacional\"},\"image\":{\"@id\":\"https:\\\/\\\/www.eldiario.net\\\/portal\\\/#\\\/schema\\\/logo\\\/image\\\/\"},\"sameAs\":[\"https:\\\/\\\/www.facebook.com\\\/eldiario.bolivia\\\/\",\"https:\\\/\\\/x.com\\\/eldiario_net\"]},{\"@type\":\"Person\",\"@id\":\"https:\\\/\\\/www.eldiario.net\\\/portal\\\/#\\\/schema\\\/person\\\/f46445640444750d7d753ccd04ae01b7\",\"name\":\"Jeanette\",\"image\":{\"@type\":\"ImageObject\",\"inLanguage\":\"es\",\"@id\":\"https:\\\/\\\/secure.gravatar.com\\\/avatar\\\/3ea2118a5f7dad2b7138b1187a6b7ee55f160b9968b66013c3a3ef39dd7e5798?s=96&d=mm&r=g\",\"url\":\"https:\\\/\\\/secure.gravatar.com\\\/avatar\\\/3ea2118a5f7dad2b7138b1187a6b7ee55f160b9968b66013c3a3ef39dd7e5798?s=96&d=mm&r=g\",\"contentUrl\":\"https:\\\/\\\/secure.gravatar.com\\\/avatar\\\/3ea2118a5f7dad2b7138b1187a6b7ee55f160b9968b66013c3a3ef39dd7e5798?s=96&d=mm&r=g\",\"caption\":\"Jeanette\"},\"sameAs\":[\"https:\\\/\\\/www.eldiario.net\\\/portal\"],\"url\":\"https:\\\/\\\/www.eldiario.net\\\/portal\\\/author\\\/jeanette\\\/\"}]}<\/script>\n<!-- \/ Yoast SEO plugin. -->","yoast_head_json":{"title":"MNA invita a recorrer la Villa de Par\u00eds en 360 grados - El Diario - Bolivia","robots":{"index":"index","follow":"follow","max-snippet":"max-snippet:-1","max-image-preview":"max-image-preview:large","max-video-preview":"max-video-preview:-1"},"canonical":"https:\/\/www.eldiario.net\/portal\/2022\/01\/10\/mna-invita-a-recorrer-la-villa-de-paris-en-360-grados\/","og_locale":"es_ES","og_type":"article","og_title":"MNA invita a recorrer la Villa de Par\u00eds en 360 grados - El Diario - Bolivia","og_description":"Los usuarios pueden ingresar en la casona se\u00f1orial y pasear por cada uno de los ambientes para observar los \u00faltimos retoques de su restauraci\u00f3n El Museo Nacional de Arte (MNA), dependiente de la Fundaci\u00f3n Cultural del Banco Central de Bolivia (FC-BCB), comparte, en sus redes sociales, la visita virtual de 360 grados a la Villa [&hellip;]","og_url":"https:\/\/www.eldiario.net\/portal\/2022\/01\/10\/mna-invita-a-recorrer-la-villa-de-paris-en-360-grados\/","og_site_name":"El Diario - Bolivia","article_publisher":"https:\/\/www.facebook.com\/eldiario.bolivia\/","article_published_time":"2022-01-10T09:16:53+00:00","author":"Jeanette","twitter_card":"summary_large_image","twitter_creator":"@eldiario_net","twitter_site":"@eldiario_net","twitter_misc":{"Escrito por":"Jeanette","Tiempo de lectura":"2 minutos"},"schema":{"@context":"https:\/\/schema.org","@graph":[{"@type":"Article","@id":"https:\/\/www.eldiario.net\/portal\/2022\/01\/10\/mna-invita-a-recorrer-la-villa-de-paris-en-360-grados\/#article","isPartOf":{"@id":"https:\/\/www.eldiario.net\/portal\/2022\/01\/10\/mna-invita-a-recorrer-la-villa-de-paris-en-360-grados\/"},"author":{"name":"Jeanette","@id":"https:\/\/www.eldiario.net\/portal\/#\/schema\/person\/f46445640444750d7d753ccd04ae01b7"},"headline":"MNA invita a recorrer la Villa de Par\u00eds en 360 grados","datePublished":"2022-01-10T09:16:53+00:00","mainEntityOfPage":{"@id":"https:\/\/www.eldiario.net\/portal\/2022\/01\/10\/mna-invita-a-recorrer-la-villa-de-paris-en-360-grados\/"},"wordCount":439,"publisher":{"@id":"https:\/\/www.eldiario.net\/portal\/#organization"},"image":{"@id":"https:\/\/www.eldiario.net\/portal\/2022\/01\/10\/mna-invita-a-recorrer-la-villa-de-paris-en-360-grados\/#primaryimage"},"thumbnailUrl":"","articleSection":["Cultural"],"inLanguage":"es"},{"@type":"WebPage","@id":"https:\/\/www.eldiario.net\/portal\/2022\/01\/10\/mna-invita-a-recorrer-la-villa-de-paris-en-360-grados\/","url":"https:\/\/www.eldiario.net\/portal\/2022\/01\/10\/mna-invita-a-recorrer-la-villa-de-paris-en-360-grados\/","name":"MNA invita a recorrer la Villa de Par\u00eds en 360 grados - El Diario - Bolivia","isPartOf":{"@id":"https:\/\/www.eldiario.net\/portal\/#website"},"primaryImageOfPage":{"@id":"https:\/\/www.eldiario.net\/portal\/2022\/01\/10\/mna-invita-a-recorrer-la-villa-de-paris-en-360-grados\/#primaryimage"},"image":{"@id":"https:\/\/www.eldiario.net\/portal\/2022\/01\/10\/mna-invita-a-recorrer-la-villa-de-paris-en-360-grados\/#primaryimage"},"thumbnailUrl":"","datePublished":"2022-01-10T09:16:53+00:00","breadcrumb":{"@id":"https:\/\/www.eldiario.net\/portal\/2022\/01\/10\/mna-invita-a-recorrer-la-villa-de-paris-en-360-grados\/#breadcrumb"},"inLanguage":"es","potentialAction":[{"@type":"ReadAction","target":["https:\/\/www.eldiario.net\/portal\/2022\/01\/10\/mna-invita-a-recorrer-la-villa-de-paris-en-360-grados\/"]}]},{"@type":"ImageObject","inLanguage":"es","@id":"https:\/\/www.eldiario.net\/portal\/2022\/01\/10\/mna-invita-a-recorrer-la-villa-de-paris-en-360-grados\/#primaryimage","url":"","contentUrl":""},{"@type":"BreadcrumbList","@id":"https:\/\/www.eldiario.net\/portal\/2022\/01\/10\/mna-invita-a-recorrer-la-villa-de-paris-en-360-grados\/#breadcrumb","itemListElement":[{"@type":"ListItem","position":1,"name":"Portada","item":"https:\/\/www.eldiario.net\/portal\/"},{"@type":"ListItem","position":2,"name":"MNA invita a recorrer la Villa de Par\u00eds en 360 grados"}]},{"@type":"WebSite","@id":"https:\/\/www.eldiario.net\/portal\/#website","url":"https:\/\/www.eldiario.net\/portal\/","name":"El Diario - Decano de la prensa nacional","description":"El Diario - Decano de la prensa nacional","publisher":{"@id":"https:\/\/www.eldiario.net\/portal\/#organization"},"potentialAction":[{"@type":"SearchAction","target":{"@type":"EntryPoint","urlTemplate":"https:\/\/www.eldiario.net\/portal\/?s={search_term_string}"},"query-input":{"@type":"PropertyValueSpecification","valueRequired":true,"valueName":"search_term_string"}}],"inLanguage":"es"},{"@type":"Organization","@id":"https:\/\/www.eldiario.net\/portal\/#organization","name":"El Diario - Decano de la prensa nacional","url":"https:\/\/www.eldiario.net\/portal\/","logo":{"@type":"ImageObject","inLanguage":"es","@id":"https:\/\/www.eldiario.net\/portal\/#\/schema\/logo\/image\/","url":"https:\/\/www.eldiario.net\/portal\/wp-content\/uploads\/2023\/07\/logo_ED.jpg","contentUrl":"https:\/\/www.eldiario.net\/portal\/wp-content\/uploads\/2023\/07\/logo_ED.jpg","width":272,"height":52,"caption":"El Diario - Decano de la prensa nacional"},"image":{"@id":"https:\/\/www.eldiario.net\/portal\/#\/schema\/logo\/image\/"},"sameAs":["https:\/\/www.facebook.com\/eldiario.bolivia\/","https:\/\/x.com\/eldiario_net"]},{"@type":"Person","@id":"https:\/\/www.eldiario.net\/portal\/#\/schema\/person\/f46445640444750d7d753ccd04ae01b7","name":"Jeanette","image":{"@type":"ImageObject","inLanguage":"es","@id":"https:\/\/secure.gravatar.com\/avatar\/3ea2118a5f7dad2b7138b1187a6b7ee55f160b9968b66013c3a3ef39dd7e5798?s=96&d=mm&r=g","url":"https:\/\/secure.gravatar.com\/avatar\/3ea2118a5f7dad2b7138b1187a6b7ee55f160b9968b66013c3a3ef39dd7e5798?s=96&d=mm&r=g","contentUrl":"https:\/\/secure.gravatar.com\/avatar\/3ea2118a5f7dad2b7138b1187a6b7ee55f160b9968b66013c3a3ef39dd7e5798?s=96&d=mm&r=g","caption":"Jeanette"},"sameAs":["https:\/\/www.eldiario.net\/portal"],"url":"https:\/\/www.eldiario.net\/portal\/author\/jeanette\/"}]}},"_links":{"self":[{"href":"https:\/\/www.eldiario.net\/portal\/wp-json\/wp\/v2\/posts\/55236","targetHints":{"allow":["GET"]}}],"collection":[{"href":"https:\/\/www.eldiario.net\/portal\/wp-json\/wp\/v2\/posts"}],"about":[{"href":"https:\/\/www.eldiario.net\/portal\/wp-json\/wp\/v2\/types\/post"}],"author":[{"embeddable":true,"href":"https:\/\/www.eldiario.net\/portal\/wp-json\/wp\/v2\/users\/1"}],"replies":[{"embeddable":true,"href":"https:\/\/www.eldiario.net\/portal\/wp-json\/wp\/v2\/comments?post=55236"}],"version-history":[{"count":0,"href":"https:\/\/www.eldiario.net\/portal\/wp-json\/wp\/v2\/posts\/55236\/revisions"}],"wp:attachment":[{"href":"https:\/\/www.eldiario.net\/portal\/wp-json\/wp\/v2\/media?parent=55236"}],"wp:term":[{"taxonomy":"category","embeddable":true,"href":"https:\/\/www.eldiario.net\/portal\/wp-json\/wp\/v2\/categories?post=55236"},{"taxonomy":"post_tag","embeddable":true,"href":"https:\/\/www.eldiario.net\/portal\/wp-json\/wp\/v2\/tags?post=55236"}],"curies":[{"name":"wp","href":"https:\/\/api.w.org\/{rel}","templated":true}]}}