{"id":5521,"date":"2021-05-22T07:52:14","date_gmt":"2021-05-22T11:52:14","guid":{"rendered":"https:\/\/www.eldiario.net\/portal\/?p=5521"},"modified":"2021-05-22T07:52:14","modified_gmt":"2021-05-22T11:52:14","slug":"contaminacion-ambiental-afecta-a-miles-de-vecinos-del-distrito-1","status":"publish","type":"post","link":"https:\/\/www.eldiario.net\/portal\/2021\/05\/22\/contaminacion-ambiental-afecta-a-miles-de-vecinos-del-distrito-1\/","title":{"rendered":"Contaminaci\u00f3n ambiental afecta a miles de vecinos del Distrito 1"},"content":{"rendered":"<p>Los vecinos de varias zonas del Distrito 1 de la ciudad de El Alto denuncian la contaminaci\u00f3n ambiental de sus barrios, debido a los olores que provienen del relleno sanitario de Alpacoma (La Paz), con verdaderos riesgos de afecci\u00f3n a la salud de sus habitantes.<br \/>\nTodo este problema comenz\u00f3 hace dos a\u00f1os atr\u00e1s, producto del mega deslizamiento del relleno de Alpacoma, ocurrido el 15 de enero de 2019 que arrastr\u00f3 200.000 toneladas de basura y 10 millones de litros de lixiviados (agua contaminada), en 10 hect\u00e1reas de terrenos.<br \/>\nDos a\u00f1os despu\u00e9s de ese desastre ambiental, los efectos contin\u00faan y ahora son m\u00e1s de 20 mil habitantes de varias zonas alte\u00f1as del Distrito 1, que a diario respiran ese aire viciado que se asemeja a una cloaca.<br \/>\nProducto de los efectos clim\u00e1ticos, como el sol, la lluvia y el viento, los vapores de los lixiviados de las toneladas de basura acumuladas en el relleno de Alpacoma se desprenden por m\u00e1s de cinco kil\u00f3metros a la redonda llegando incluso a zonas de El Alto como, Tejada Alpacoma, Villa Exaltaci\u00f3n, Ciudad Sat\u00e9lite, Villa Exaltaci\u00f3n, Villa Dolores, llegando incluso a Achocalla, poniendo en riesgo la salud de m\u00e1s de 20 mil habitantes.<br \/>\nJuan Vargas, presidente de la junta de vecinos de Tejada Alpacoma, expres\u00f3 la molestia por los pestilentes olores que a diario invaden el aire contaminando y que respiran, adem\u00e1s provocan fuertes dolores de cabeza.<br \/>\n\u201cDesde el a\u00f1o pasado hemos enviado cartas a las alcald\u00edas de La Paz y de El Alto, con las firmas de los vecinos expresando nuestras quejas por estos niveles de contaminaci\u00f3n ambiental a las que estamos expuestos, lamentablemente ninguna autoridad de estos municipios respondieron a esta preocupaci\u00f3n y tenemos que seguir soportando estos olores f\u00e9tidos\u201d, afirm\u00f3.<br \/>\nEl dirigente tambi\u00e9n explic\u00f3 que existen formas de paliar los efectos de la contaminaci\u00f3n ambiental, como estos f\u00e9tidos olores de invaden todo el lugar, como las denominadas \u201ccortinas ambientales\u201d que evitan que los vapores de las piscinas de los lixiviados se expandan peligrosamente en el aire provocando elevados niveles de contaminaci\u00f3n en el medioambiente y los seres humanos.<br \/>\n\u201cEsto es el colmo, se puede comprobar este olor f\u00e9tido que se siente, todas las ma\u00f1anas es lo mismo peor ahora que es invierno supongo que el sol se encarga de evaporar la basura y es un olor insoportable todo el d\u00eda incluyendo en las noches es el colmo\u201d, afirm\u00f3 Isabel Fern\u00e1ndez, otra de las vecinas de la zona de Alpacoma de El Alto.<br \/>\nEl aire viciado se extiende por todo el lugar por lo que los vecinos demandaron a las autoridades de las alcald\u00edas de La Paz y El Alto, asumir acciones tendientes a frenar la contaminaci\u00f3n ambiental provocada por los f\u00e9tidos olores y gases t\u00f3xicos que se desprenden del relleno sanitario de Alpacoma.<br \/>\nEl 15 de enero de 2019, una fuerte tormenta provoc\u00f3 el deslizamiento del relleno sanitario de Alpacoma, el mayor desastre ambiental registrado en los \u00faltimos a\u00f1os, sin que hasta la fecha exista un plan de contingencia de las autoridades de la Alcald\u00eda y de la empresa Tersa para paliar los efectos de la contaminaci\u00f3n ambiental.<\/p>\n","protected":false},"excerpt":{"rendered":"<p>Los vecinos de varias zonas del Distrito 1 de la ciudad de El Alto denuncian la contaminaci\u00f3n ambiental de sus barrios, debido a los olores que provienen del relleno sanitario de Alpacoma (La Paz), con verdaderos riesgos de afecci\u00f3n a la salud de sus habitantes. Todo este problema comenz\u00f3 hace dos a\u00f1os atr\u00e1s, producto del [&hellip;]<\/p>\n","protected":false},"author":1,"featured_media":5522,"comment_status":"closed","ping_status":"closed","sticky":false,"template":"","format":"standard","meta":{"_acf_changed":false,"footnotes":""},"categories":[12],"tags":[],"class_list":["post-5521","post","type-post","status-publish","format-standard","has-post-thumbnail","category-nacional"],"acf":{"antetitulo":""},"yoast_head":"<!-- This site is optimized with the Yoast SEO plugin v28.3 - https:\/\/yoast.com\/product\/yoast-seo-wordpress\/ -->\n<title>Contaminaci\u00f3n ambiental afecta a miles de vecinos del Distrito 1 - El Diario - Bolivia<\/title>\n<meta name=\"robots\" content=\"index, follow, max-snippet:-1, max-image-preview:large, max-video-preview:-1\" \/>\n<link rel=\"canonical\" href=\"https:\/\/www.eldiario.net\/portal\/2021\/05\/22\/contaminacion-ambiental-afecta-a-miles-de-vecinos-del-distrito-1\/\" \/>\n<meta property=\"og:locale\" content=\"es_ES\" \/>\n<meta property=\"og:type\" content=\"article\" \/>\n<meta property=\"og:title\" content=\"Contaminaci\u00f3n ambiental afecta a miles de vecinos del Distrito 1 - El Diario - Bolivia\" \/>\n<meta property=\"og:description\" content=\"Los vecinos de varias zonas del Distrito 1 de la ciudad de El Alto denuncian la contaminaci\u00f3n ambiental de sus barrios, debido a los olores que provienen del relleno sanitario de Alpacoma (La Paz), con verdaderos riesgos de afecci\u00f3n a la salud de sus habitantes. Todo este problema comenz\u00f3 hace dos a\u00f1os atr\u00e1s, producto del [&hellip;]\" \/>\n<meta property=\"og:url\" content=\"https:\/\/www.eldiario.net\/portal\/2021\/05\/22\/contaminacion-ambiental-afecta-a-miles-de-vecinos-del-distrito-1\/\" \/>\n<meta property=\"og:site_name\" content=\"El Diario - Bolivia\" \/>\n<meta property=\"article:publisher\" content=\"https:\/\/www.facebook.com\/eldiario.bolivia\/\" \/>\n<meta property=\"article:published_time\" content=\"2021-05-22T11:52:14+00:00\" \/>\n<meta name=\"author\" content=\"Jeanette\" \/>\n<meta name=\"twitter:card\" content=\"summary_large_image\" \/>\n<meta name=\"twitter:creator\" content=\"@eldiario_net\" \/>\n<meta name=\"twitter:site\" content=\"@eldiario_net\" \/>\n<meta name=\"twitter:label1\" content=\"Escrito por\" \/>\n\t<meta name=\"twitter:data1\" content=\"Jeanette\" \/>\n\t<meta name=\"twitter:label2\" content=\"Tiempo de lectura\" \/>\n\t<meta name=\"twitter:data2\" content=\"3 minutos\" \/>\n<script type=\"application\/ld+json\" class=\"yoast-schema-graph\">{\"@context\":\"https:\\\/\\\/schema.org\",\"@graph\":[{\"@type\":\"Article\",\"@id\":\"https:\\\/\\\/www.eldiario.net\\\/portal\\\/2021\\\/05\\\/22\\\/contaminacion-ambiental-afecta-a-miles-de-vecinos-del-distrito-1\\\/#article\",\"isPartOf\":{\"@id\":\"https:\\\/\\\/www.eldiario.net\\\/portal\\\/2021\\\/05\\\/22\\\/contaminacion-ambiental-afecta-a-miles-de-vecinos-del-distrito-1\\\/\"},\"author\":{\"name\":\"Jeanette\",\"@id\":\"https:\\\/\\\/www.eldiario.net\\\/portal\\\/#\\\/schema\\\/person\\\/f46445640444750d7d753ccd04ae01b7\"},\"headline\":\"Contaminaci\u00f3n ambiental afecta a miles de vecinos del Distrito 1\",\"datePublished\":\"2021-05-22T11:52:14+00:00\",\"mainEntityOfPage\":{\"@id\":\"https:\\\/\\\/www.eldiario.net\\\/portal\\\/2021\\\/05\\\/22\\\/contaminacion-ambiental-afecta-a-miles-de-vecinos-del-distrito-1\\\/\"},\"wordCount\":553,\"publisher\":{\"@id\":\"https:\\\/\\\/www.eldiario.net\\\/portal\\\/#organization\"},\"image\":{\"@id\":\"https:\\\/\\\/www.eldiario.net\\\/portal\\\/2021\\\/05\\\/22\\\/contaminacion-ambiental-afecta-a-miles-de-vecinos-del-distrito-1\\\/#primaryimage\"},\"thumbnailUrl\":\"\",\"articleSection\":[\"Nacional\"],\"inLanguage\":\"es\"},{\"@type\":\"WebPage\",\"@id\":\"https:\\\/\\\/www.eldiario.net\\\/portal\\\/2021\\\/05\\\/22\\\/contaminacion-ambiental-afecta-a-miles-de-vecinos-del-distrito-1\\\/\",\"url\":\"https:\\\/\\\/www.eldiario.net\\\/portal\\\/2021\\\/05\\\/22\\\/contaminacion-ambiental-afecta-a-miles-de-vecinos-del-distrito-1\\\/\",\"name\":\"Contaminaci\u00f3n ambiental afecta a miles de vecinos del Distrito 1 - El Diario - Bolivia\",\"isPartOf\":{\"@id\":\"https:\\\/\\\/www.eldiario.net\\\/portal\\\/#website\"},\"primaryImageOfPage\":{\"@id\":\"https:\\\/\\\/www.eldiario.net\\\/portal\\\/2021\\\/05\\\/22\\\/contaminacion-ambiental-afecta-a-miles-de-vecinos-del-distrito-1\\\/#primaryimage\"},\"image\":{\"@id\":\"https:\\\/\\\/www.eldiario.net\\\/portal\\\/2021\\\/05\\\/22\\\/contaminacion-ambiental-afecta-a-miles-de-vecinos-del-distrito-1\\\/#primaryimage\"},\"thumbnailUrl\":\"\",\"datePublished\":\"2021-05-22T11:52:14+00:00\",\"breadcrumb\":{\"@id\":\"https:\\\/\\\/www.eldiario.net\\\/portal\\\/2021\\\/05\\\/22\\\/contaminacion-ambiental-afecta-a-miles-de-vecinos-del-distrito-1\\\/#breadcrumb\"},\"inLanguage\":\"es\",\"potentialAction\":[{\"@type\":\"ReadAction\",\"target\":[\"https:\\\/\\\/www.eldiario.net\\\/portal\\\/2021\\\/05\\\/22\\\/contaminacion-ambiental-afecta-a-miles-de-vecinos-del-distrito-1\\\/\"]}]},{\"@type\":\"ImageObject\",\"inLanguage\":\"es\",\"@id\":\"https:\\\/\\\/www.eldiario.net\\\/portal\\\/2021\\\/05\\\/22\\\/contaminacion-ambiental-afecta-a-miles-de-vecinos-del-distrito-1\\\/#primaryimage\",\"url\":\"\",\"contentUrl\":\"\"},{\"@type\":\"BreadcrumbList\",\"@id\":\"https:\\\/\\\/www.eldiario.net\\\/portal\\\/2021\\\/05\\\/22\\\/contaminacion-ambiental-afecta-a-miles-de-vecinos-del-distrito-1\\\/#breadcrumb\",\"itemListElement\":[{\"@type\":\"ListItem\",\"position\":1,\"name\":\"Portada\",\"item\":\"https:\\\/\\\/www.eldiario.net\\\/portal\\\/\"},{\"@type\":\"ListItem\",\"position\":2,\"name\":\"Contaminaci\u00f3n ambiental afecta a miles de vecinos del Distrito 1\"}]},{\"@type\":\"WebSite\",\"@id\":\"https:\\\/\\\/www.eldiario.net\\\/portal\\\/#website\",\"url\":\"https:\\\/\\\/www.eldiario.net\\\/portal\\\/\",\"name\":\"El Diario - Decano de la prensa nacional\",\"description\":\"El Diario - Decano de la prensa nacional\",\"publisher\":{\"@id\":\"https:\\\/\\\/www.eldiario.net\\\/portal\\\/#organization\"},\"potentialAction\":[{\"@type\":\"SearchAction\",\"target\":{\"@type\":\"EntryPoint\",\"urlTemplate\":\"https:\\\/\\\/www.eldiario.net\\\/portal\\\/?s={search_term_string}\"},\"query-input\":{\"@type\":\"PropertyValueSpecification\",\"valueRequired\":true,\"valueName\":\"search_term_string\"}}],\"inLanguage\":\"es\"},{\"@type\":\"Organization\",\"@id\":\"https:\\\/\\\/www.eldiario.net\\\/portal\\\/#organization\",\"name\":\"El Diario - Decano de la prensa nacional\",\"url\":\"https:\\\/\\\/www.eldiario.net\\\/portal\\\/\",\"logo\":{\"@type\":\"ImageObject\",\"inLanguage\":\"es\",\"@id\":\"https:\\\/\\\/www.eldiario.net\\\/portal\\\/#\\\/schema\\\/logo\\\/image\\\/\",\"url\":\"https:\\\/\\\/www.eldiario.net\\\/portal\\\/wp-content\\\/uploads\\\/2023\\\/07\\\/logo_ED.jpg\",\"contentUrl\":\"https:\\\/\\\/www.eldiario.net\\\/portal\\\/wp-content\\\/uploads\\\/2023\\\/07\\\/logo_ED.jpg\",\"width\":272,\"height\":52,\"caption\":\"El Diario - Decano de la prensa nacional\"},\"image\":{\"@id\":\"https:\\\/\\\/www.eldiario.net\\\/portal\\\/#\\\/schema\\\/logo\\\/image\\\/\"},\"sameAs\":[\"https:\\\/\\\/www.facebook.com\\\/eldiario.bolivia\\\/\",\"https:\\\/\\\/x.com\\\/eldiario_net\"]},{\"@type\":\"Person\",\"@id\":\"https:\\\/\\\/www.eldiario.net\\\/portal\\\/#\\\/schema\\\/person\\\/f46445640444750d7d753ccd04ae01b7\",\"name\":\"Jeanette\",\"image\":{\"@type\":\"ImageObject\",\"inLanguage\":\"es\",\"@id\":\"https:\\\/\\\/secure.gravatar.com\\\/avatar\\\/3ea2118a5f7dad2b7138b1187a6b7ee55f160b9968b66013c3a3ef39dd7e5798?s=96&d=mm&r=g\",\"url\":\"https:\\\/\\\/secure.gravatar.com\\\/avatar\\\/3ea2118a5f7dad2b7138b1187a6b7ee55f160b9968b66013c3a3ef39dd7e5798?s=96&d=mm&r=g\",\"contentUrl\":\"https:\\\/\\\/secure.gravatar.com\\\/avatar\\\/3ea2118a5f7dad2b7138b1187a6b7ee55f160b9968b66013c3a3ef39dd7e5798?s=96&d=mm&r=g\",\"caption\":\"Jeanette\"},\"sameAs\":[\"https:\\\/\\\/www.eldiario.net\\\/portal\"],\"url\":\"https:\\\/\\\/www.eldiario.net\\\/portal\\\/author\\\/jeanette\\\/\"}]}<\/script>\n<!-- \/ Yoast SEO plugin. -->","yoast_head_json":{"title":"Contaminaci\u00f3n ambiental afecta a miles de vecinos del Distrito 1 - El Diario - Bolivia","robots":{"index":"index","follow":"follow","max-snippet":"max-snippet:-1","max-image-preview":"max-image-preview:large","max-video-preview":"max-video-preview:-1"},"canonical":"https:\/\/www.eldiario.net\/portal\/2021\/05\/22\/contaminacion-ambiental-afecta-a-miles-de-vecinos-del-distrito-1\/","og_locale":"es_ES","og_type":"article","og_title":"Contaminaci\u00f3n ambiental afecta a miles de vecinos del Distrito 1 - El Diario - Bolivia","og_description":"Los vecinos de varias zonas del Distrito 1 de la ciudad de El Alto denuncian la contaminaci\u00f3n ambiental de sus barrios, debido a los olores que provienen del relleno sanitario de Alpacoma (La Paz), con verdaderos riesgos de afecci\u00f3n a la salud de sus habitantes. Todo este problema comenz\u00f3 hace dos a\u00f1os atr\u00e1s, producto del [&hellip;]","og_url":"https:\/\/www.eldiario.net\/portal\/2021\/05\/22\/contaminacion-ambiental-afecta-a-miles-de-vecinos-del-distrito-1\/","og_site_name":"El Diario - Bolivia","article_publisher":"https:\/\/www.facebook.com\/eldiario.bolivia\/","article_published_time":"2021-05-22T11:52:14+00:00","author":"Jeanette","twitter_card":"summary_large_image","twitter_creator":"@eldiario_net","twitter_site":"@eldiario_net","twitter_misc":{"Escrito por":"Jeanette","Tiempo de lectura":"3 minutos"},"schema":{"@context":"https:\/\/schema.org","@graph":[{"@type":"Article","@id":"https:\/\/www.eldiario.net\/portal\/2021\/05\/22\/contaminacion-ambiental-afecta-a-miles-de-vecinos-del-distrito-1\/#article","isPartOf":{"@id":"https:\/\/www.eldiario.net\/portal\/2021\/05\/22\/contaminacion-ambiental-afecta-a-miles-de-vecinos-del-distrito-1\/"},"author":{"name":"Jeanette","@id":"https:\/\/www.eldiario.net\/portal\/#\/schema\/person\/f46445640444750d7d753ccd04ae01b7"},"headline":"Contaminaci\u00f3n ambiental afecta a miles de vecinos del Distrito 1","datePublished":"2021-05-22T11:52:14+00:00","mainEntityOfPage":{"@id":"https:\/\/www.eldiario.net\/portal\/2021\/05\/22\/contaminacion-ambiental-afecta-a-miles-de-vecinos-del-distrito-1\/"},"wordCount":553,"publisher":{"@id":"https:\/\/www.eldiario.net\/portal\/#organization"},"image":{"@id":"https:\/\/www.eldiario.net\/portal\/2021\/05\/22\/contaminacion-ambiental-afecta-a-miles-de-vecinos-del-distrito-1\/#primaryimage"},"thumbnailUrl":"","articleSection":["Nacional"],"inLanguage":"es"},{"@type":"WebPage","@id":"https:\/\/www.eldiario.net\/portal\/2021\/05\/22\/contaminacion-ambiental-afecta-a-miles-de-vecinos-del-distrito-1\/","url":"https:\/\/www.eldiario.net\/portal\/2021\/05\/22\/contaminacion-ambiental-afecta-a-miles-de-vecinos-del-distrito-1\/","name":"Contaminaci\u00f3n ambiental afecta a miles de vecinos del Distrito 1 - El Diario - Bolivia","isPartOf":{"@id":"https:\/\/www.eldiario.net\/portal\/#website"},"primaryImageOfPage":{"@id":"https:\/\/www.eldiario.net\/portal\/2021\/05\/22\/contaminacion-ambiental-afecta-a-miles-de-vecinos-del-distrito-1\/#primaryimage"},"image":{"@id":"https:\/\/www.eldiario.net\/portal\/2021\/05\/22\/contaminacion-ambiental-afecta-a-miles-de-vecinos-del-distrito-1\/#primaryimage"},"thumbnailUrl":"","datePublished":"2021-05-22T11:52:14+00:00","breadcrumb":{"@id":"https:\/\/www.eldiario.net\/portal\/2021\/05\/22\/contaminacion-ambiental-afecta-a-miles-de-vecinos-del-distrito-1\/#breadcrumb"},"inLanguage":"es","potentialAction":[{"@type":"ReadAction","target":["https:\/\/www.eldiario.net\/portal\/2021\/05\/22\/contaminacion-ambiental-afecta-a-miles-de-vecinos-del-distrito-1\/"]}]},{"@type":"ImageObject","inLanguage":"es","@id":"https:\/\/www.eldiario.net\/portal\/2021\/05\/22\/contaminacion-ambiental-afecta-a-miles-de-vecinos-del-distrito-1\/#primaryimage","url":"","contentUrl":""},{"@type":"BreadcrumbList","@id":"https:\/\/www.eldiario.net\/portal\/2021\/05\/22\/contaminacion-ambiental-afecta-a-miles-de-vecinos-del-distrito-1\/#breadcrumb","itemListElement":[{"@type":"ListItem","position":1,"name":"Portada","item":"https:\/\/www.eldiario.net\/portal\/"},{"@type":"ListItem","position":2,"name":"Contaminaci\u00f3n ambiental afecta a miles de vecinos del Distrito 1"}]},{"@type":"WebSite","@id":"https:\/\/www.eldiario.net\/portal\/#website","url":"https:\/\/www.eldiario.net\/portal\/","name":"El Diario - Decano de la prensa nacional","description":"El Diario - Decano de la prensa nacional","publisher":{"@id":"https:\/\/www.eldiario.net\/portal\/#organization"},"potentialAction":[{"@type":"SearchAction","target":{"@type":"EntryPoint","urlTemplate":"https:\/\/www.eldiario.net\/portal\/?s={search_term_string}"},"query-input":{"@type":"PropertyValueSpecification","valueRequired":true,"valueName":"search_term_string"}}],"inLanguage":"es"},{"@type":"Organization","@id":"https:\/\/www.eldiario.net\/portal\/#organization","name":"El Diario - Decano de la prensa nacional","url":"https:\/\/www.eldiario.net\/portal\/","logo":{"@type":"ImageObject","inLanguage":"es","@id":"https:\/\/www.eldiario.net\/portal\/#\/schema\/logo\/image\/","url":"https:\/\/www.eldiario.net\/portal\/wp-content\/uploads\/2023\/07\/logo_ED.jpg","contentUrl":"https:\/\/www.eldiario.net\/portal\/wp-content\/uploads\/2023\/07\/logo_ED.jpg","width":272,"height":52,"caption":"El Diario - Decano de la prensa nacional"},"image":{"@id":"https:\/\/www.eldiario.net\/portal\/#\/schema\/logo\/image\/"},"sameAs":["https:\/\/www.facebook.com\/eldiario.bolivia\/","https:\/\/x.com\/eldiario_net"]},{"@type":"Person","@id":"https:\/\/www.eldiario.net\/portal\/#\/schema\/person\/f46445640444750d7d753ccd04ae01b7","name":"Jeanette","image":{"@type":"ImageObject","inLanguage":"es","@id":"https:\/\/secure.gravatar.com\/avatar\/3ea2118a5f7dad2b7138b1187a6b7ee55f160b9968b66013c3a3ef39dd7e5798?s=96&d=mm&r=g","url":"https:\/\/secure.gravatar.com\/avatar\/3ea2118a5f7dad2b7138b1187a6b7ee55f160b9968b66013c3a3ef39dd7e5798?s=96&d=mm&r=g","contentUrl":"https:\/\/secure.gravatar.com\/avatar\/3ea2118a5f7dad2b7138b1187a6b7ee55f160b9968b66013c3a3ef39dd7e5798?s=96&d=mm&r=g","caption":"Jeanette"},"sameAs":["https:\/\/www.eldiario.net\/portal"],"url":"https:\/\/www.eldiario.net\/portal\/author\/jeanette\/"}]}},"_links":{"self":[{"href":"https:\/\/www.eldiario.net\/portal\/wp-json\/wp\/v2\/posts\/5521","targetHints":{"allow":["GET"]}}],"collection":[{"href":"https:\/\/www.eldiario.net\/portal\/wp-json\/wp\/v2\/posts"}],"about":[{"href":"https:\/\/www.eldiario.net\/portal\/wp-json\/wp\/v2\/types\/post"}],"author":[{"embeddable":true,"href":"https:\/\/www.eldiario.net\/portal\/wp-json\/wp\/v2\/users\/1"}],"replies":[{"embeddable":true,"href":"https:\/\/www.eldiario.net\/portal\/wp-json\/wp\/v2\/comments?post=5521"}],"version-history":[{"count":0,"href":"https:\/\/www.eldiario.net\/portal\/wp-json\/wp\/v2\/posts\/5521\/revisions"}],"wp:attachment":[{"href":"https:\/\/www.eldiario.net\/portal\/wp-json\/wp\/v2\/media?parent=5521"}],"wp:term":[{"taxonomy":"category","embeddable":true,"href":"https:\/\/www.eldiario.net\/portal\/wp-json\/wp\/v2\/categories?post=5521"},{"taxonomy":"post_tag","embeddable":true,"href":"https:\/\/www.eldiario.net\/portal\/wp-json\/wp\/v2\/tags?post=5521"}],"curies":[{"name":"wp","href":"https:\/\/api.w.org\/{rel}","templated":true}]}}