{"id":5518,"date":"2021-05-22T07:50:46","date_gmt":"2021-05-22T11:50:46","guid":{"rendered":"https:\/\/www.eldiario.net\/portal\/?p=5518"},"modified":"2021-05-22T07:50:46","modified_gmt":"2021-05-22T11:50:46","slug":"presidenta-del-concejo-denuncia-falta-de-activos-fijos","status":"publish","type":"post","link":"https:\/\/www.eldiario.net\/portal\/2021\/05\/22\/presidenta-del-concejo-denuncia-falta-de-activos-fijos\/","title":{"rendered":"Presidenta del Concejo denuncia falta de activos fijos"},"content":{"rendered":"<p>La presidenta del Concejo Municipal de la ciudad de El Alto, Iris Flores, denunci\u00f3 que en oficinas del Legislativo desaparecieron m\u00e1s de 31 activos fijos y exige a su antecesor Antioco Cala, que responda sobre este problema.<br \/>\nLuego de varios d\u00edas de haber asumido el cargo la primera autoridad del Legislativo municipal denunci\u00f3 que sus oficinas se encontraban vac\u00edas y con la falta de equipos de computaci\u00f3n, por lo que luego de hacer la denuncia respectiva, exhort\u00f3 al expresidente de esta instancia municipal a que pueda explicar sobre todos estos problemas, siendo el responsable directo.<br \/>\n\u201cNo podemos explicarnos sobre esta actitud asumida por la exautoridad, teniendo en cuenta la importancia que tiene cada uno de los objetos que supuestamente se lo llevaron, porque nos han dejado sin documentaci\u00f3n, ni activos fijos, sabemos que faltan 31 activos fijos, entre ellos, CPU, monitores, mouses, c\u00e1maras fotogr\u00e1ficas, estabilizadores; y lo m\u00e1s importante, mi herramienta de trabajo, una computadora port\u00e1til que \u00e9l la ten\u00eda en su poder\u201d, denunci\u00f3 la autoridad.<br \/>\nAdem\u00e1s se han detectado varias irregularidades por lo que se est\u00e1n efectuando un seguimiento con la finalidad de poder sancionar a los responsables, debido a que son actitudes que no corresponden a una exautoridad y de no ser el causante directo ser\u00e1n sus exfuncionarios los que tengan que dar explicaciones.<br \/>\nPor su parte, el expresidente del Concejo Municipal, Antioco Cala, apareci\u00f3 la ma\u00f1ana del viernes para tratar de explicar sobre todas las acusaciones que tiene en su contra calificando de irresponsable, no solo en este tema la actitud de la autoridad del Legislativo, Iris Flores, a quien Cala tambi\u00e9n la acus\u00f3 de falta de personalidad, debido a que seg\u00fan se\u00f1al\u00f3 la exautoridad que fue \u00e9l quien durante todo este tiempo fue quien la busc\u00f3 para coordinar y dejar todo en claro antes de que deje el cargo, pero nunca se han podido concretar estas reuniones.<br \/>\n\u201cNo nos explicamos, del porqu\u00e9 esta actitud de dicha autoridad, porque como es de conocimiento p\u00fablico, fuimos nosotros m\u00e1s bien los que la hemos buscado para dejar todo en claro y que ahora que ya funge como autoridad tenga que mentir de esta forma, incluso una vez ya posesionada dej\u00e9 una nota para el encuentro dependiendo de su tiempo, pero nunca hubo una respuesta\u201d, se\u00f1al\u00f3 Cala.<br \/>\nProducto de esta actitud, Antioco Cala no descart\u00f3 una acci\u00f3n penal en contra de dicha autoridad, debido a la actitud calificada de mucha premeditaci\u00f3n y alevos\u00eda, porque dentro del ordenamiento jur\u00eddico est\u00e1 tipificada como un delito la injuria, difamaci\u00f3n y calumnia.<\/p>\n","protected":false},"excerpt":{"rendered":"<p>La presidenta del Concejo Municipal de la ciudad de El Alto, Iris Flores, denunci\u00f3 que en oficinas del Legislativo desaparecieron m\u00e1s de 31 activos fijos y exige a su antecesor Antioco Cala, que responda sobre este problema. Luego de varios d\u00edas de haber asumido el cargo la primera autoridad del Legislativo municipal denunci\u00f3 que sus [&hellip;]<\/p>\n","protected":false},"author":1,"featured_media":5519,"comment_status":"closed","ping_status":"closed","sticky":false,"template":"","format":"standard","meta":{"_acf_changed":false,"footnotes":""},"categories":[12],"tags":[],"class_list":["post-5518","post","type-post","status-publish","format-standard","has-post-thumbnail","category-nacional"],"acf":{"antetitulo":""},"yoast_head":"<!-- This site is optimized with the Yoast SEO plugin v28.3 - https:\/\/yoast.com\/product\/yoast-seo-wordpress\/ -->\n<title>Presidenta del Concejo denuncia falta de activos fijos - El Diario - Bolivia<\/title>\n<meta name=\"robots\" content=\"index, follow, max-snippet:-1, max-image-preview:large, max-video-preview:-1\" \/>\n<link rel=\"canonical\" href=\"https:\/\/www.eldiario.net\/portal\/2021\/05\/22\/presidenta-del-concejo-denuncia-falta-de-activos-fijos\/\" \/>\n<meta property=\"og:locale\" content=\"es_ES\" \/>\n<meta property=\"og:type\" content=\"article\" \/>\n<meta property=\"og:title\" content=\"Presidenta del Concejo denuncia falta de activos fijos - El Diario - Bolivia\" \/>\n<meta property=\"og:description\" content=\"La presidenta del Concejo Municipal de la ciudad de El Alto, Iris Flores, denunci\u00f3 que en oficinas del Legislativo desaparecieron m\u00e1s de 31 activos fijos y exige a su antecesor Antioco Cala, que responda sobre este problema. Luego de varios d\u00edas de haber asumido el cargo la primera autoridad del Legislativo municipal denunci\u00f3 que sus [&hellip;]\" \/>\n<meta property=\"og:url\" content=\"https:\/\/www.eldiario.net\/portal\/2021\/05\/22\/presidenta-del-concejo-denuncia-falta-de-activos-fijos\/\" \/>\n<meta property=\"og:site_name\" content=\"El Diario - Bolivia\" \/>\n<meta property=\"article:publisher\" content=\"https:\/\/www.facebook.com\/eldiario.bolivia\/\" \/>\n<meta property=\"article:published_time\" content=\"2021-05-22T11:50:46+00:00\" \/>\n<meta name=\"author\" content=\"Jeanette\" \/>\n<meta name=\"twitter:card\" content=\"summary_large_image\" \/>\n<meta name=\"twitter:creator\" content=\"@eldiario_net\" \/>\n<meta name=\"twitter:site\" content=\"@eldiario_net\" \/>\n<meta name=\"twitter:label1\" content=\"Escrito por\" \/>\n\t<meta name=\"twitter:data1\" content=\"Jeanette\" \/>\n\t<meta name=\"twitter:label2\" content=\"Tiempo de lectura\" \/>\n\t<meta name=\"twitter:data2\" content=\"2 minutos\" \/>\n<script type=\"application\/ld+json\" class=\"yoast-schema-graph\">{\"@context\":\"https:\\\/\\\/schema.org\",\"@graph\":[{\"@type\":\"Article\",\"@id\":\"https:\\\/\\\/www.eldiario.net\\\/portal\\\/2021\\\/05\\\/22\\\/presidenta-del-concejo-denuncia-falta-de-activos-fijos\\\/#article\",\"isPartOf\":{\"@id\":\"https:\\\/\\\/www.eldiario.net\\\/portal\\\/2021\\\/05\\\/22\\\/presidenta-del-concejo-denuncia-falta-de-activos-fijos\\\/\"},\"author\":{\"name\":\"Jeanette\",\"@id\":\"https:\\\/\\\/www.eldiario.net\\\/portal\\\/#\\\/schema\\\/person\\\/f46445640444750d7d753ccd04ae01b7\"},\"headline\":\"Presidenta del Concejo denuncia falta de activos fijos\",\"datePublished\":\"2021-05-22T11:50:46+00:00\",\"mainEntityOfPage\":{\"@id\":\"https:\\\/\\\/www.eldiario.net\\\/portal\\\/2021\\\/05\\\/22\\\/presidenta-del-concejo-denuncia-falta-de-activos-fijos\\\/\"},\"wordCount\":449,\"publisher\":{\"@id\":\"https:\\\/\\\/www.eldiario.net\\\/portal\\\/#organization\"},\"image\":{\"@id\":\"https:\\\/\\\/www.eldiario.net\\\/portal\\\/2021\\\/05\\\/22\\\/presidenta-del-concejo-denuncia-falta-de-activos-fijos\\\/#primaryimage\"},\"thumbnailUrl\":\"\",\"articleSection\":[\"Nacional\"],\"inLanguage\":\"es\"},{\"@type\":\"WebPage\",\"@id\":\"https:\\\/\\\/www.eldiario.net\\\/portal\\\/2021\\\/05\\\/22\\\/presidenta-del-concejo-denuncia-falta-de-activos-fijos\\\/\",\"url\":\"https:\\\/\\\/www.eldiario.net\\\/portal\\\/2021\\\/05\\\/22\\\/presidenta-del-concejo-denuncia-falta-de-activos-fijos\\\/\",\"name\":\"Presidenta del Concejo denuncia falta de activos fijos - El Diario - Bolivia\",\"isPartOf\":{\"@id\":\"https:\\\/\\\/www.eldiario.net\\\/portal\\\/#website\"},\"primaryImageOfPage\":{\"@id\":\"https:\\\/\\\/www.eldiario.net\\\/portal\\\/2021\\\/05\\\/22\\\/presidenta-del-concejo-denuncia-falta-de-activos-fijos\\\/#primaryimage\"},\"image\":{\"@id\":\"https:\\\/\\\/www.eldiario.net\\\/portal\\\/2021\\\/05\\\/22\\\/presidenta-del-concejo-denuncia-falta-de-activos-fijos\\\/#primaryimage\"},\"thumbnailUrl\":\"\",\"datePublished\":\"2021-05-22T11:50:46+00:00\",\"breadcrumb\":{\"@id\":\"https:\\\/\\\/www.eldiario.net\\\/portal\\\/2021\\\/05\\\/22\\\/presidenta-del-concejo-denuncia-falta-de-activos-fijos\\\/#breadcrumb\"},\"inLanguage\":\"es\",\"potentialAction\":[{\"@type\":\"ReadAction\",\"target\":[\"https:\\\/\\\/www.eldiario.net\\\/portal\\\/2021\\\/05\\\/22\\\/presidenta-del-concejo-denuncia-falta-de-activos-fijos\\\/\"]}]},{\"@type\":\"ImageObject\",\"inLanguage\":\"es\",\"@id\":\"https:\\\/\\\/www.eldiario.net\\\/portal\\\/2021\\\/05\\\/22\\\/presidenta-del-concejo-denuncia-falta-de-activos-fijos\\\/#primaryimage\",\"url\":\"\",\"contentUrl\":\"\"},{\"@type\":\"BreadcrumbList\",\"@id\":\"https:\\\/\\\/www.eldiario.net\\\/portal\\\/2021\\\/05\\\/22\\\/presidenta-del-concejo-denuncia-falta-de-activos-fijos\\\/#breadcrumb\",\"itemListElement\":[{\"@type\":\"ListItem\",\"position\":1,\"name\":\"Portada\",\"item\":\"https:\\\/\\\/www.eldiario.net\\\/portal\\\/\"},{\"@type\":\"ListItem\",\"position\":2,\"name\":\"Presidenta del Concejo denuncia falta de activos fijos\"}]},{\"@type\":\"WebSite\",\"@id\":\"https:\\\/\\\/www.eldiario.net\\\/portal\\\/#website\",\"url\":\"https:\\\/\\\/www.eldiario.net\\\/portal\\\/\",\"name\":\"El Diario - Decano de la prensa nacional\",\"description\":\"El Diario - Decano de la prensa nacional\",\"publisher\":{\"@id\":\"https:\\\/\\\/www.eldiario.net\\\/portal\\\/#organization\"},\"potentialAction\":[{\"@type\":\"SearchAction\",\"target\":{\"@type\":\"EntryPoint\",\"urlTemplate\":\"https:\\\/\\\/www.eldiario.net\\\/portal\\\/?s={search_term_string}\"},\"query-input\":{\"@type\":\"PropertyValueSpecification\",\"valueRequired\":true,\"valueName\":\"search_term_string\"}}],\"inLanguage\":\"es\"},{\"@type\":\"Organization\",\"@id\":\"https:\\\/\\\/www.eldiario.net\\\/portal\\\/#organization\",\"name\":\"El Diario - Decano de la prensa nacional\",\"url\":\"https:\\\/\\\/www.eldiario.net\\\/portal\\\/\",\"logo\":{\"@type\":\"ImageObject\",\"inLanguage\":\"es\",\"@id\":\"https:\\\/\\\/www.eldiario.net\\\/portal\\\/#\\\/schema\\\/logo\\\/image\\\/\",\"url\":\"https:\\\/\\\/www.eldiario.net\\\/portal\\\/wp-content\\\/uploads\\\/2023\\\/07\\\/logo_ED.jpg\",\"contentUrl\":\"https:\\\/\\\/www.eldiario.net\\\/portal\\\/wp-content\\\/uploads\\\/2023\\\/07\\\/logo_ED.jpg\",\"width\":272,\"height\":52,\"caption\":\"El Diario - Decano de la prensa nacional\"},\"image\":{\"@id\":\"https:\\\/\\\/www.eldiario.net\\\/portal\\\/#\\\/schema\\\/logo\\\/image\\\/\"},\"sameAs\":[\"https:\\\/\\\/www.facebook.com\\\/eldiario.bolivia\\\/\",\"https:\\\/\\\/x.com\\\/eldiario_net\"]},{\"@type\":\"Person\",\"@id\":\"https:\\\/\\\/www.eldiario.net\\\/portal\\\/#\\\/schema\\\/person\\\/f46445640444750d7d753ccd04ae01b7\",\"name\":\"Jeanette\",\"image\":{\"@type\":\"ImageObject\",\"inLanguage\":\"es\",\"@id\":\"https:\\\/\\\/secure.gravatar.com\\\/avatar\\\/3ea2118a5f7dad2b7138b1187a6b7ee55f160b9968b66013c3a3ef39dd7e5798?s=96&d=mm&r=g\",\"url\":\"https:\\\/\\\/secure.gravatar.com\\\/avatar\\\/3ea2118a5f7dad2b7138b1187a6b7ee55f160b9968b66013c3a3ef39dd7e5798?s=96&d=mm&r=g\",\"contentUrl\":\"https:\\\/\\\/secure.gravatar.com\\\/avatar\\\/3ea2118a5f7dad2b7138b1187a6b7ee55f160b9968b66013c3a3ef39dd7e5798?s=96&d=mm&r=g\",\"caption\":\"Jeanette\"},\"sameAs\":[\"https:\\\/\\\/www.eldiario.net\\\/portal\"],\"url\":\"https:\\\/\\\/www.eldiario.net\\\/portal\\\/author\\\/jeanette\\\/\"}]}<\/script>\n<!-- \/ Yoast SEO plugin. -->","yoast_head_json":{"title":"Presidenta del Concejo denuncia falta de activos fijos - El Diario - Bolivia","robots":{"index":"index","follow":"follow","max-snippet":"max-snippet:-1","max-image-preview":"max-image-preview:large","max-video-preview":"max-video-preview:-1"},"canonical":"https:\/\/www.eldiario.net\/portal\/2021\/05\/22\/presidenta-del-concejo-denuncia-falta-de-activos-fijos\/","og_locale":"es_ES","og_type":"article","og_title":"Presidenta del Concejo denuncia falta de activos fijos - El Diario - Bolivia","og_description":"La presidenta del Concejo Municipal de la ciudad de El Alto, Iris Flores, denunci\u00f3 que en oficinas del Legislativo desaparecieron m\u00e1s de 31 activos fijos y exige a su antecesor Antioco Cala, que responda sobre este problema. Luego de varios d\u00edas de haber asumido el cargo la primera autoridad del Legislativo municipal denunci\u00f3 que sus [&hellip;]","og_url":"https:\/\/www.eldiario.net\/portal\/2021\/05\/22\/presidenta-del-concejo-denuncia-falta-de-activos-fijos\/","og_site_name":"El Diario - Bolivia","article_publisher":"https:\/\/www.facebook.com\/eldiario.bolivia\/","article_published_time":"2021-05-22T11:50:46+00:00","author":"Jeanette","twitter_card":"summary_large_image","twitter_creator":"@eldiario_net","twitter_site":"@eldiario_net","twitter_misc":{"Escrito por":"Jeanette","Tiempo de lectura":"2 minutos"},"schema":{"@context":"https:\/\/schema.org","@graph":[{"@type":"Article","@id":"https:\/\/www.eldiario.net\/portal\/2021\/05\/22\/presidenta-del-concejo-denuncia-falta-de-activos-fijos\/#article","isPartOf":{"@id":"https:\/\/www.eldiario.net\/portal\/2021\/05\/22\/presidenta-del-concejo-denuncia-falta-de-activos-fijos\/"},"author":{"name":"Jeanette","@id":"https:\/\/www.eldiario.net\/portal\/#\/schema\/person\/f46445640444750d7d753ccd04ae01b7"},"headline":"Presidenta del Concejo denuncia falta de activos fijos","datePublished":"2021-05-22T11:50:46+00:00","mainEntityOfPage":{"@id":"https:\/\/www.eldiario.net\/portal\/2021\/05\/22\/presidenta-del-concejo-denuncia-falta-de-activos-fijos\/"},"wordCount":449,"publisher":{"@id":"https:\/\/www.eldiario.net\/portal\/#organization"},"image":{"@id":"https:\/\/www.eldiario.net\/portal\/2021\/05\/22\/presidenta-del-concejo-denuncia-falta-de-activos-fijos\/#primaryimage"},"thumbnailUrl":"","articleSection":["Nacional"],"inLanguage":"es"},{"@type":"WebPage","@id":"https:\/\/www.eldiario.net\/portal\/2021\/05\/22\/presidenta-del-concejo-denuncia-falta-de-activos-fijos\/","url":"https:\/\/www.eldiario.net\/portal\/2021\/05\/22\/presidenta-del-concejo-denuncia-falta-de-activos-fijos\/","name":"Presidenta del Concejo denuncia falta de activos fijos - El Diario - Bolivia","isPartOf":{"@id":"https:\/\/www.eldiario.net\/portal\/#website"},"primaryImageOfPage":{"@id":"https:\/\/www.eldiario.net\/portal\/2021\/05\/22\/presidenta-del-concejo-denuncia-falta-de-activos-fijos\/#primaryimage"},"image":{"@id":"https:\/\/www.eldiario.net\/portal\/2021\/05\/22\/presidenta-del-concejo-denuncia-falta-de-activos-fijos\/#primaryimage"},"thumbnailUrl":"","datePublished":"2021-05-22T11:50:46+00:00","breadcrumb":{"@id":"https:\/\/www.eldiario.net\/portal\/2021\/05\/22\/presidenta-del-concejo-denuncia-falta-de-activos-fijos\/#breadcrumb"},"inLanguage":"es","potentialAction":[{"@type":"ReadAction","target":["https:\/\/www.eldiario.net\/portal\/2021\/05\/22\/presidenta-del-concejo-denuncia-falta-de-activos-fijos\/"]}]},{"@type":"ImageObject","inLanguage":"es","@id":"https:\/\/www.eldiario.net\/portal\/2021\/05\/22\/presidenta-del-concejo-denuncia-falta-de-activos-fijos\/#primaryimage","url":"","contentUrl":""},{"@type":"BreadcrumbList","@id":"https:\/\/www.eldiario.net\/portal\/2021\/05\/22\/presidenta-del-concejo-denuncia-falta-de-activos-fijos\/#breadcrumb","itemListElement":[{"@type":"ListItem","position":1,"name":"Portada","item":"https:\/\/www.eldiario.net\/portal\/"},{"@type":"ListItem","position":2,"name":"Presidenta del Concejo denuncia falta de activos fijos"}]},{"@type":"WebSite","@id":"https:\/\/www.eldiario.net\/portal\/#website","url":"https:\/\/www.eldiario.net\/portal\/","name":"El Diario - Decano de la prensa nacional","description":"El Diario - Decano de la prensa nacional","publisher":{"@id":"https:\/\/www.eldiario.net\/portal\/#organization"},"potentialAction":[{"@type":"SearchAction","target":{"@type":"EntryPoint","urlTemplate":"https:\/\/www.eldiario.net\/portal\/?s={search_term_string}"},"query-input":{"@type":"PropertyValueSpecification","valueRequired":true,"valueName":"search_term_string"}}],"inLanguage":"es"},{"@type":"Organization","@id":"https:\/\/www.eldiario.net\/portal\/#organization","name":"El Diario - Decano de la prensa nacional","url":"https:\/\/www.eldiario.net\/portal\/","logo":{"@type":"ImageObject","inLanguage":"es","@id":"https:\/\/www.eldiario.net\/portal\/#\/schema\/logo\/image\/","url":"https:\/\/www.eldiario.net\/portal\/wp-content\/uploads\/2023\/07\/logo_ED.jpg","contentUrl":"https:\/\/www.eldiario.net\/portal\/wp-content\/uploads\/2023\/07\/logo_ED.jpg","width":272,"height":52,"caption":"El Diario - Decano de la prensa nacional"},"image":{"@id":"https:\/\/www.eldiario.net\/portal\/#\/schema\/logo\/image\/"},"sameAs":["https:\/\/www.facebook.com\/eldiario.bolivia\/","https:\/\/x.com\/eldiario_net"]},{"@type":"Person","@id":"https:\/\/www.eldiario.net\/portal\/#\/schema\/person\/f46445640444750d7d753ccd04ae01b7","name":"Jeanette","image":{"@type":"ImageObject","inLanguage":"es","@id":"https:\/\/secure.gravatar.com\/avatar\/3ea2118a5f7dad2b7138b1187a6b7ee55f160b9968b66013c3a3ef39dd7e5798?s=96&d=mm&r=g","url":"https:\/\/secure.gravatar.com\/avatar\/3ea2118a5f7dad2b7138b1187a6b7ee55f160b9968b66013c3a3ef39dd7e5798?s=96&d=mm&r=g","contentUrl":"https:\/\/secure.gravatar.com\/avatar\/3ea2118a5f7dad2b7138b1187a6b7ee55f160b9968b66013c3a3ef39dd7e5798?s=96&d=mm&r=g","caption":"Jeanette"},"sameAs":["https:\/\/www.eldiario.net\/portal"],"url":"https:\/\/www.eldiario.net\/portal\/author\/jeanette\/"}]}},"_links":{"self":[{"href":"https:\/\/www.eldiario.net\/portal\/wp-json\/wp\/v2\/posts\/5518","targetHints":{"allow":["GET"]}}],"collection":[{"href":"https:\/\/www.eldiario.net\/portal\/wp-json\/wp\/v2\/posts"}],"about":[{"href":"https:\/\/www.eldiario.net\/portal\/wp-json\/wp\/v2\/types\/post"}],"author":[{"embeddable":true,"href":"https:\/\/www.eldiario.net\/portal\/wp-json\/wp\/v2\/users\/1"}],"replies":[{"embeddable":true,"href":"https:\/\/www.eldiario.net\/portal\/wp-json\/wp\/v2\/comments?post=5518"}],"version-history":[{"count":0,"href":"https:\/\/www.eldiario.net\/portal\/wp-json\/wp\/v2\/posts\/5518\/revisions"}],"wp:attachment":[{"href":"https:\/\/www.eldiario.net\/portal\/wp-json\/wp\/v2\/media?parent=5518"}],"wp:term":[{"taxonomy":"category","embeddable":true,"href":"https:\/\/www.eldiario.net\/portal\/wp-json\/wp\/v2\/categories?post=5518"},{"taxonomy":"post_tag","embeddable":true,"href":"https:\/\/www.eldiario.net\/portal\/wp-json\/wp\/v2\/tags?post=5518"}],"curies":[{"name":"wp","href":"https:\/\/api.w.org\/{rel}","templated":true}]}}