{"id":5512,"date":"2021-05-22T07:48:39","date_gmt":"2021-05-22T11:48:39","guid":{"rendered":"https:\/\/www.eldiario.net\/portal\/?p=5512"},"modified":"2021-05-22T07:48:39","modified_gmt":"2021-05-22T11:48:39","slug":"arias-promete-mejorar-salud-como-homenaje-a-sahonero","status":"publish","type":"post","link":"https:\/\/www.eldiario.net\/portal\/2021\/05\/22\/arias-promete-mejorar-salud-como-homenaje-a-sahonero\/","title":{"rendered":"Arias promete mejorar salud  como homenaje a Sahonero"},"content":{"rendered":"<p>El secretario municipal de Salud y Deportes de la Alcald\u00eda pace\u00f1a, Ren\u00e9 Sahonero, falleci\u00f3 ayer por complicaciones de covid-19. En su memoria, el alcalde Iv\u00e1n Arias comprometi\u00f3 mejorar el sistema de salud de la ciudad de La Paz.<br \/>\n\u201cSea un homenaje a mi amigo, mi compa\u00f1ero, con el cual he batallado contra el covid-19, hemos estado juntos, hemos llegado a querernos, hemos llegado a ser hermanos y hoy se nos va\u201d, expres\u00f3 con l\u00e1grimas, el Alcalde pace\u00f1o.<br \/>\nArias y Sahonero trabajaron juntos durante la primera ola de la pandemia que ingres\u00f3 en Bolivia en marzo de 2020, cuando ambos desempe\u00f1aban labores como titular del Ministerio de Obras P\u00fablicas y director del Servicio Departamental de Salud (Sedes), respectivamente.<br \/>\n\u201cVamos a seguir trabajando, te vamos a hacer el mejor homenaje, so\u00f1\u00e1bamos con una ciudad con mejor salud, una ciudad m\u00e1s linda, como siempre re\u00edamos\u201d, agreg\u00f3.<br \/>\nSahonero falleci\u00f3 en horas de la ma\u00f1ana en el Hospital Municipal de Cotahuma, donde fue internado el pasado 13 de mayo en la Unidad de Terapia Intensiva. Su cuadro se complic\u00f3, pese a haber recibido las dos dosis de la vacuna anticovid Sin opharm y requer\u00eda medicaci\u00f3n especial.<br \/>\nEl informe del director del Hospital Municipal de Cotahuma, Mart\u00edn Carrasco, determin\u00f3 que la salud del profesional fue afectada por la denominada variable de Brasil.<br \/>\n\u201cSe ha hecho un laboratorio de tipificaci\u00f3n de la cepa y sali\u00f3 la P.1. Nuestro secretario falleci\u00f3 a las 10.00 de hoy (ayer), producto de un paro cardiorrespiratorio, producto de la variante brasile\u00f1a. El m\u00e9dico estaba con ventilaci\u00f3n mec\u00e1nica, con los antibi\u00f3ticos y todo lo que permite el protocolo\u201d, inform\u00f3 el m\u00e9dico.<br \/>\n\u201cYo llamo al pueblo de La Paz y de Bolivia a que no relajemos la disciplina, el control. Ren\u00e9 est\u00e1s con Dios, has luchado por esta ciudad, hemos recorrido caminos contigo, me parte el alma, mi amigo\u201d, reflexion\u00f3 Arias.<br \/>\nSahonero era m\u00e9dico cirujano titulado de la Universidad Mayor de San Andr\u00e9s (UMSA), con amplia experiencia en el manejo de la salud en cargos p\u00fablicos. Adem\u00e1s del Sedes de La Paz, trabaj\u00f3 en el Ministerio de Salud como director t\u00e9cnico de Salud para encarar la lucha contra la pandemia.<br \/>\n\u201cEstamos apenados por esta infausta noticia, nos ha tomado por sorpresa. Ten\u00edamos la esperanza de que podr\u00eda salir adelante de esta enfermedad. El doctor Sahonero era una persona muy querida, muy capaz estaba involucrado en cuanto a la gerencia desde hace mucho tiempo\u201d, destac\u00f3 el director del Hospital del T\u00f3rax, Marco Garc\u00eda.<br \/>\nA su turno, el presidente del Colegio M\u00e9dico de Bolivia, Luis Larrea, lament\u00f3 que el sector salud y sus profesionales sigan expuestos a la muerte, al estar luchando en primera l\u00ednea contra la pandemia, sin contar con recursos o insumos de bioseguridad \u00f3ptimos.<br \/>\n\u201cEsto ense\u00f1a a la poblaci\u00f3n que los m\u00e9dicos estamos desprotegidos, Ren\u00e9 viene de trabajar en el sistema p\u00fablico y deja la familia y el lugar para que otro colega ingrese. No tiene jubilaci\u00f3n, ni renta para la familia que deja\u201d, declar\u00f3 Larrea a Fides.<br \/>\nFinalmente, seg\u00fan la agencia municipal, el secretario ejecutivo del Gobierno Aut\u00f3nomo Municipal de La Paz (Gamlp), Julio Linares, dio lectura a la Resoluci\u00f3n Ejecutiva 253 que declar\u00f3 desde ayer siete d\u00edas de duelo institucional y dispone el abanderamiento de todos los edificios a media asta y con cresp\u00f3n negro. Tambi\u00e9n se instal\u00f3 una capilla ardiente en el hall del Palacio Consistorial. (VisorBolivia)<\/p>\n","protected":false},"excerpt":{"rendered":"<p>El secretario municipal de Salud y Deportes de la Alcald\u00eda pace\u00f1a, Ren\u00e9 Sahonero, falleci\u00f3 ayer por complicaciones de covid-19. En su memoria, el alcalde Iv\u00e1n Arias comprometi\u00f3 mejorar el sistema de salud de la ciudad de La Paz. \u201cSea un homenaje a mi amigo, mi compa\u00f1ero, con el cual he batallado contra el covid-19, hemos [&hellip;]<\/p>\n","protected":false},"author":1,"featured_media":5513,"comment_status":"closed","ping_status":"closed","sticky":false,"template":"","format":"standard","meta":{"_acf_changed":false,"footnotes":""},"categories":[12],"tags":[],"class_list":["post-5512","post","type-post","status-publish","format-standard","has-post-thumbnail","category-nacional"],"acf":{"antetitulo":""},"yoast_head":"<!-- This site is optimized with the Yoast SEO plugin v28.3 - https:\/\/yoast.com\/product\/yoast-seo-wordpress\/ -->\n<title>Arias promete mejorar salud como homenaje a Sahonero - El Diario - Bolivia<\/title>\n<meta name=\"robots\" content=\"index, follow, max-snippet:-1, max-image-preview:large, max-video-preview:-1\" \/>\n<link rel=\"canonical\" href=\"https:\/\/www.eldiario.net\/portal\/2021\/05\/22\/arias-promete-mejorar-salud-como-homenaje-a-sahonero\/\" \/>\n<meta property=\"og:locale\" content=\"es_ES\" \/>\n<meta property=\"og:type\" content=\"article\" \/>\n<meta property=\"og:title\" content=\"Arias promete mejorar salud como homenaje a Sahonero - El Diario - Bolivia\" \/>\n<meta property=\"og:description\" content=\"El secretario municipal de Salud y Deportes de la Alcald\u00eda pace\u00f1a, Ren\u00e9 Sahonero, falleci\u00f3 ayer por complicaciones de covid-19. En su memoria, el alcalde Iv\u00e1n Arias comprometi\u00f3 mejorar el sistema de salud de la ciudad de La Paz. \u201cSea un homenaje a mi amigo, mi compa\u00f1ero, con el cual he batallado contra el covid-19, hemos [&hellip;]\" \/>\n<meta property=\"og:url\" content=\"https:\/\/www.eldiario.net\/portal\/2021\/05\/22\/arias-promete-mejorar-salud-como-homenaje-a-sahonero\/\" \/>\n<meta property=\"og:site_name\" content=\"El Diario - Bolivia\" \/>\n<meta property=\"article:publisher\" content=\"https:\/\/www.facebook.com\/eldiario.bolivia\/\" \/>\n<meta property=\"article:published_time\" content=\"2021-05-22T11:48:39+00:00\" \/>\n<meta property=\"og:image\" content=\"https:\/\/www.eldiario.net\/portal\/wp-content\/uploads\/2021\/05\/1LP-7.jpg\" \/>\n\t<meta property=\"og:image:width\" content=\"1280\" \/>\n\t<meta property=\"og:image:height\" content=\"853\" \/>\n\t<meta property=\"og:image:type\" content=\"image\/jpeg\" \/>\n<meta name=\"author\" content=\"Jeanette\" \/>\n<meta name=\"twitter:card\" content=\"summary_large_image\" \/>\n<meta name=\"twitter:creator\" content=\"@eldiario_net\" \/>\n<meta name=\"twitter:site\" content=\"@eldiario_net\" \/>\n<meta name=\"twitter:label1\" content=\"Escrito por\" \/>\n\t<meta name=\"twitter:data1\" content=\"Jeanette\" \/>\n\t<meta name=\"twitter:label2\" content=\"Tiempo de lectura\" \/>\n\t<meta name=\"twitter:data2\" content=\"3 minutos\" \/>\n<script type=\"application\/ld+json\" class=\"yoast-schema-graph\">{\"@context\":\"https:\\\/\\\/schema.org\",\"@graph\":[{\"@type\":\"Article\",\"@id\":\"https:\\\/\\\/www.eldiario.net\\\/portal\\\/2021\\\/05\\\/22\\\/arias-promete-mejorar-salud-como-homenaje-a-sahonero\\\/#article\",\"isPartOf\":{\"@id\":\"https:\\\/\\\/www.eldiario.net\\\/portal\\\/2021\\\/05\\\/22\\\/arias-promete-mejorar-salud-como-homenaje-a-sahonero\\\/\"},\"author\":{\"name\":\"Jeanette\",\"@id\":\"https:\\\/\\\/www.eldiario.net\\\/portal\\\/#\\\/schema\\\/person\\\/f46445640444750d7d753ccd04ae01b7\"},\"headline\":\"Arias promete mejorar salud como homenaje a Sahonero\",\"datePublished\":\"2021-05-22T11:48:39+00:00\",\"mainEntityOfPage\":{\"@id\":\"https:\\\/\\\/www.eldiario.net\\\/portal\\\/2021\\\/05\\\/22\\\/arias-promete-mejorar-salud-como-homenaje-a-sahonero\\\/\"},\"wordCount\":606,\"publisher\":{\"@id\":\"https:\\\/\\\/www.eldiario.net\\\/portal\\\/#organization\"},\"image\":{\"@id\":\"https:\\\/\\\/www.eldiario.net\\\/portal\\\/2021\\\/05\\\/22\\\/arias-promete-mejorar-salud-como-homenaje-a-sahonero\\\/#primaryimage\"},\"thumbnailUrl\":\"https:\\\/\\\/www.eldiario.net\\\/portal\\\/wp-content\\\/uploads\\\/2021\\\/05\\\/1LP-7.jpg\",\"articleSection\":[\"Nacional\"],\"inLanguage\":\"es\"},{\"@type\":\"WebPage\",\"@id\":\"https:\\\/\\\/www.eldiario.net\\\/portal\\\/2021\\\/05\\\/22\\\/arias-promete-mejorar-salud-como-homenaje-a-sahonero\\\/\",\"url\":\"https:\\\/\\\/www.eldiario.net\\\/portal\\\/2021\\\/05\\\/22\\\/arias-promete-mejorar-salud-como-homenaje-a-sahonero\\\/\",\"name\":\"Arias promete mejorar salud como homenaje a Sahonero - El Diario - Bolivia\",\"isPartOf\":{\"@id\":\"https:\\\/\\\/www.eldiario.net\\\/portal\\\/#website\"},\"primaryImageOfPage\":{\"@id\":\"https:\\\/\\\/www.eldiario.net\\\/portal\\\/2021\\\/05\\\/22\\\/arias-promete-mejorar-salud-como-homenaje-a-sahonero\\\/#primaryimage\"},\"image\":{\"@id\":\"https:\\\/\\\/www.eldiario.net\\\/portal\\\/2021\\\/05\\\/22\\\/arias-promete-mejorar-salud-como-homenaje-a-sahonero\\\/#primaryimage\"},\"thumbnailUrl\":\"https:\\\/\\\/www.eldiario.net\\\/portal\\\/wp-content\\\/uploads\\\/2021\\\/05\\\/1LP-7.jpg\",\"datePublished\":\"2021-05-22T11:48:39+00:00\",\"breadcrumb\":{\"@id\":\"https:\\\/\\\/www.eldiario.net\\\/portal\\\/2021\\\/05\\\/22\\\/arias-promete-mejorar-salud-como-homenaje-a-sahonero\\\/#breadcrumb\"},\"inLanguage\":\"es\",\"potentialAction\":[{\"@type\":\"ReadAction\",\"target\":[\"https:\\\/\\\/www.eldiario.net\\\/portal\\\/2021\\\/05\\\/22\\\/arias-promete-mejorar-salud-como-homenaje-a-sahonero\\\/\"]}]},{\"@type\":\"ImageObject\",\"inLanguage\":\"es\",\"@id\":\"https:\\\/\\\/www.eldiario.net\\\/portal\\\/2021\\\/05\\\/22\\\/arias-promete-mejorar-salud-como-homenaje-a-sahonero\\\/#primaryimage\",\"url\":\"https:\\\/\\\/www.eldiario.net\\\/portal\\\/wp-content\\\/uploads\\\/2021\\\/05\\\/1LP-7.jpg\",\"contentUrl\":\"https:\\\/\\\/www.eldiario.net\\\/portal\\\/wp-content\\\/uploads\\\/2021\\\/05\\\/1LP-7.jpg\",\"width\":1280,\"height\":853},{\"@type\":\"BreadcrumbList\",\"@id\":\"https:\\\/\\\/www.eldiario.net\\\/portal\\\/2021\\\/05\\\/22\\\/arias-promete-mejorar-salud-como-homenaje-a-sahonero\\\/#breadcrumb\",\"itemListElement\":[{\"@type\":\"ListItem\",\"position\":1,\"name\":\"Portada\",\"item\":\"https:\\\/\\\/www.eldiario.net\\\/portal\\\/\"},{\"@type\":\"ListItem\",\"position\":2,\"name\":\"Arias promete mejorar salud como homenaje a Sahonero\"}]},{\"@type\":\"WebSite\",\"@id\":\"https:\\\/\\\/www.eldiario.net\\\/portal\\\/#website\",\"url\":\"https:\\\/\\\/www.eldiario.net\\\/portal\\\/\",\"name\":\"El Diario - Decano de la prensa nacional\",\"description\":\"El Diario - Decano de la prensa nacional\",\"publisher\":{\"@id\":\"https:\\\/\\\/www.eldiario.net\\\/portal\\\/#organization\"},\"potentialAction\":[{\"@type\":\"SearchAction\",\"target\":{\"@type\":\"EntryPoint\",\"urlTemplate\":\"https:\\\/\\\/www.eldiario.net\\\/portal\\\/?s={search_term_string}\"},\"query-input\":{\"@type\":\"PropertyValueSpecification\",\"valueRequired\":true,\"valueName\":\"search_term_string\"}}],\"inLanguage\":\"es\"},{\"@type\":\"Organization\",\"@id\":\"https:\\\/\\\/www.eldiario.net\\\/portal\\\/#organization\",\"name\":\"El Diario - Decano de la prensa nacional\",\"url\":\"https:\\\/\\\/www.eldiario.net\\\/portal\\\/\",\"logo\":{\"@type\":\"ImageObject\",\"inLanguage\":\"es\",\"@id\":\"https:\\\/\\\/www.eldiario.net\\\/portal\\\/#\\\/schema\\\/logo\\\/image\\\/\",\"url\":\"https:\\\/\\\/www.eldiario.net\\\/portal\\\/wp-content\\\/uploads\\\/2023\\\/07\\\/logo_ED.jpg\",\"contentUrl\":\"https:\\\/\\\/www.eldiario.net\\\/portal\\\/wp-content\\\/uploads\\\/2023\\\/07\\\/logo_ED.jpg\",\"width\":272,\"height\":52,\"caption\":\"El Diario - Decano de la prensa nacional\"},\"image\":{\"@id\":\"https:\\\/\\\/www.eldiario.net\\\/portal\\\/#\\\/schema\\\/logo\\\/image\\\/\"},\"sameAs\":[\"https:\\\/\\\/www.facebook.com\\\/eldiario.bolivia\\\/\",\"https:\\\/\\\/x.com\\\/eldiario_net\"]},{\"@type\":\"Person\",\"@id\":\"https:\\\/\\\/www.eldiario.net\\\/portal\\\/#\\\/schema\\\/person\\\/f46445640444750d7d753ccd04ae01b7\",\"name\":\"Jeanette\",\"image\":{\"@type\":\"ImageObject\",\"inLanguage\":\"es\",\"@id\":\"https:\\\/\\\/secure.gravatar.com\\\/avatar\\\/3ea2118a5f7dad2b7138b1187a6b7ee55f160b9968b66013c3a3ef39dd7e5798?s=96&d=mm&r=g\",\"url\":\"https:\\\/\\\/secure.gravatar.com\\\/avatar\\\/3ea2118a5f7dad2b7138b1187a6b7ee55f160b9968b66013c3a3ef39dd7e5798?s=96&d=mm&r=g\",\"contentUrl\":\"https:\\\/\\\/secure.gravatar.com\\\/avatar\\\/3ea2118a5f7dad2b7138b1187a6b7ee55f160b9968b66013c3a3ef39dd7e5798?s=96&d=mm&r=g\",\"caption\":\"Jeanette\"},\"sameAs\":[\"https:\\\/\\\/www.eldiario.net\\\/portal\"],\"url\":\"https:\\\/\\\/www.eldiario.net\\\/portal\\\/author\\\/jeanette\\\/\"}]}<\/script>\n<!-- \/ Yoast SEO plugin. -->","yoast_head_json":{"title":"Arias promete mejorar salud como homenaje a Sahonero - El Diario - Bolivia","robots":{"index":"index","follow":"follow","max-snippet":"max-snippet:-1","max-image-preview":"max-image-preview:large","max-video-preview":"max-video-preview:-1"},"canonical":"https:\/\/www.eldiario.net\/portal\/2021\/05\/22\/arias-promete-mejorar-salud-como-homenaje-a-sahonero\/","og_locale":"es_ES","og_type":"article","og_title":"Arias promete mejorar salud como homenaje a Sahonero - El Diario - Bolivia","og_description":"El secretario municipal de Salud y Deportes de la Alcald\u00eda pace\u00f1a, Ren\u00e9 Sahonero, falleci\u00f3 ayer por complicaciones de covid-19. En su memoria, el alcalde Iv\u00e1n Arias comprometi\u00f3 mejorar el sistema de salud de la ciudad de La Paz. \u201cSea un homenaje a mi amigo, mi compa\u00f1ero, con el cual he batallado contra el covid-19, hemos [&hellip;]","og_url":"https:\/\/www.eldiario.net\/portal\/2021\/05\/22\/arias-promete-mejorar-salud-como-homenaje-a-sahonero\/","og_site_name":"El Diario - Bolivia","article_publisher":"https:\/\/www.facebook.com\/eldiario.bolivia\/","article_published_time":"2021-05-22T11:48:39+00:00","og_image":[{"width":1280,"height":853,"url":"https:\/\/www.eldiario.net\/portal\/wp-content\/uploads\/2021\/05\/1LP-7.jpg","type":"image\/jpeg"}],"author":"Jeanette","twitter_card":"summary_large_image","twitter_creator":"@eldiario_net","twitter_site":"@eldiario_net","twitter_misc":{"Escrito por":"Jeanette","Tiempo de lectura":"3 minutos"},"schema":{"@context":"https:\/\/schema.org","@graph":[{"@type":"Article","@id":"https:\/\/www.eldiario.net\/portal\/2021\/05\/22\/arias-promete-mejorar-salud-como-homenaje-a-sahonero\/#article","isPartOf":{"@id":"https:\/\/www.eldiario.net\/portal\/2021\/05\/22\/arias-promete-mejorar-salud-como-homenaje-a-sahonero\/"},"author":{"name":"Jeanette","@id":"https:\/\/www.eldiario.net\/portal\/#\/schema\/person\/f46445640444750d7d753ccd04ae01b7"},"headline":"Arias promete mejorar salud como homenaje a Sahonero","datePublished":"2021-05-22T11:48:39+00:00","mainEntityOfPage":{"@id":"https:\/\/www.eldiario.net\/portal\/2021\/05\/22\/arias-promete-mejorar-salud-como-homenaje-a-sahonero\/"},"wordCount":606,"publisher":{"@id":"https:\/\/www.eldiario.net\/portal\/#organization"},"image":{"@id":"https:\/\/www.eldiario.net\/portal\/2021\/05\/22\/arias-promete-mejorar-salud-como-homenaje-a-sahonero\/#primaryimage"},"thumbnailUrl":"https:\/\/www.eldiario.net\/portal\/wp-content\/uploads\/2021\/05\/1LP-7.jpg","articleSection":["Nacional"],"inLanguage":"es"},{"@type":"WebPage","@id":"https:\/\/www.eldiario.net\/portal\/2021\/05\/22\/arias-promete-mejorar-salud-como-homenaje-a-sahonero\/","url":"https:\/\/www.eldiario.net\/portal\/2021\/05\/22\/arias-promete-mejorar-salud-como-homenaje-a-sahonero\/","name":"Arias promete mejorar salud como homenaje a Sahonero - El Diario - Bolivia","isPartOf":{"@id":"https:\/\/www.eldiario.net\/portal\/#website"},"primaryImageOfPage":{"@id":"https:\/\/www.eldiario.net\/portal\/2021\/05\/22\/arias-promete-mejorar-salud-como-homenaje-a-sahonero\/#primaryimage"},"image":{"@id":"https:\/\/www.eldiario.net\/portal\/2021\/05\/22\/arias-promete-mejorar-salud-como-homenaje-a-sahonero\/#primaryimage"},"thumbnailUrl":"https:\/\/www.eldiario.net\/portal\/wp-content\/uploads\/2021\/05\/1LP-7.jpg","datePublished":"2021-05-22T11:48:39+00:00","breadcrumb":{"@id":"https:\/\/www.eldiario.net\/portal\/2021\/05\/22\/arias-promete-mejorar-salud-como-homenaje-a-sahonero\/#breadcrumb"},"inLanguage":"es","potentialAction":[{"@type":"ReadAction","target":["https:\/\/www.eldiario.net\/portal\/2021\/05\/22\/arias-promete-mejorar-salud-como-homenaje-a-sahonero\/"]}]},{"@type":"ImageObject","inLanguage":"es","@id":"https:\/\/www.eldiario.net\/portal\/2021\/05\/22\/arias-promete-mejorar-salud-como-homenaje-a-sahonero\/#primaryimage","url":"https:\/\/www.eldiario.net\/portal\/wp-content\/uploads\/2021\/05\/1LP-7.jpg","contentUrl":"https:\/\/www.eldiario.net\/portal\/wp-content\/uploads\/2021\/05\/1LP-7.jpg","width":1280,"height":853},{"@type":"BreadcrumbList","@id":"https:\/\/www.eldiario.net\/portal\/2021\/05\/22\/arias-promete-mejorar-salud-como-homenaje-a-sahonero\/#breadcrumb","itemListElement":[{"@type":"ListItem","position":1,"name":"Portada","item":"https:\/\/www.eldiario.net\/portal\/"},{"@type":"ListItem","position":2,"name":"Arias promete mejorar salud como homenaje a Sahonero"}]},{"@type":"WebSite","@id":"https:\/\/www.eldiario.net\/portal\/#website","url":"https:\/\/www.eldiario.net\/portal\/","name":"El Diario - Decano de la prensa nacional","description":"El Diario - Decano de la prensa nacional","publisher":{"@id":"https:\/\/www.eldiario.net\/portal\/#organization"},"potentialAction":[{"@type":"SearchAction","target":{"@type":"EntryPoint","urlTemplate":"https:\/\/www.eldiario.net\/portal\/?s={search_term_string}"},"query-input":{"@type":"PropertyValueSpecification","valueRequired":true,"valueName":"search_term_string"}}],"inLanguage":"es"},{"@type":"Organization","@id":"https:\/\/www.eldiario.net\/portal\/#organization","name":"El Diario - Decano de la prensa nacional","url":"https:\/\/www.eldiario.net\/portal\/","logo":{"@type":"ImageObject","inLanguage":"es","@id":"https:\/\/www.eldiario.net\/portal\/#\/schema\/logo\/image\/","url":"https:\/\/www.eldiario.net\/portal\/wp-content\/uploads\/2023\/07\/logo_ED.jpg","contentUrl":"https:\/\/www.eldiario.net\/portal\/wp-content\/uploads\/2023\/07\/logo_ED.jpg","width":272,"height":52,"caption":"El Diario - Decano de la prensa nacional"},"image":{"@id":"https:\/\/www.eldiario.net\/portal\/#\/schema\/logo\/image\/"},"sameAs":["https:\/\/www.facebook.com\/eldiario.bolivia\/","https:\/\/x.com\/eldiario_net"]},{"@type":"Person","@id":"https:\/\/www.eldiario.net\/portal\/#\/schema\/person\/f46445640444750d7d753ccd04ae01b7","name":"Jeanette","image":{"@type":"ImageObject","inLanguage":"es","@id":"https:\/\/secure.gravatar.com\/avatar\/3ea2118a5f7dad2b7138b1187a6b7ee55f160b9968b66013c3a3ef39dd7e5798?s=96&d=mm&r=g","url":"https:\/\/secure.gravatar.com\/avatar\/3ea2118a5f7dad2b7138b1187a6b7ee55f160b9968b66013c3a3ef39dd7e5798?s=96&d=mm&r=g","contentUrl":"https:\/\/secure.gravatar.com\/avatar\/3ea2118a5f7dad2b7138b1187a6b7ee55f160b9968b66013c3a3ef39dd7e5798?s=96&d=mm&r=g","caption":"Jeanette"},"sameAs":["https:\/\/www.eldiario.net\/portal"],"url":"https:\/\/www.eldiario.net\/portal\/author\/jeanette\/"}]}},"_links":{"self":[{"href":"https:\/\/www.eldiario.net\/portal\/wp-json\/wp\/v2\/posts\/5512","targetHints":{"allow":["GET"]}}],"collection":[{"href":"https:\/\/www.eldiario.net\/portal\/wp-json\/wp\/v2\/posts"}],"about":[{"href":"https:\/\/www.eldiario.net\/portal\/wp-json\/wp\/v2\/types\/post"}],"author":[{"embeddable":true,"href":"https:\/\/www.eldiario.net\/portal\/wp-json\/wp\/v2\/users\/1"}],"replies":[{"embeddable":true,"href":"https:\/\/www.eldiario.net\/portal\/wp-json\/wp\/v2\/comments?post=5512"}],"version-history":[{"count":0,"href":"https:\/\/www.eldiario.net\/portal\/wp-json\/wp\/v2\/posts\/5512\/revisions"}],"wp:featuredmedia":[{"embeddable":true,"href":"https:\/\/www.eldiario.net\/portal\/wp-json\/wp\/v2\/media\/5513"}],"wp:attachment":[{"href":"https:\/\/www.eldiario.net\/portal\/wp-json\/wp\/v2\/media?parent=5512"}],"wp:term":[{"taxonomy":"category","embeddable":true,"href":"https:\/\/www.eldiario.net\/portal\/wp-json\/wp\/v2\/categories?post=5512"},{"taxonomy":"post_tag","embeddable":true,"href":"https:\/\/www.eldiario.net\/portal\/wp-json\/wp\/v2\/tags?post=5512"}],"curies":[{"name":"wp","href":"https:\/\/api.w.org\/{rel}","templated":true}]}}