{"id":5509,"date":"2021-05-22T07:47:35","date_gmt":"2021-05-22T11:47:35","guid":{"rendered":"https:\/\/www.eldiario.net\/portal\/?p=5509"},"modified":"2021-05-22T07:47:35","modified_gmt":"2021-05-22T11:47:35","slug":"jovenes-salen-a-las-calles-sin-ninguna-razon-valida","status":"publish","type":"post","link":"https:\/\/www.eldiario.net\/portal\/2021\/05\/22\/jovenes-salen-a-las-calles-sin-ninguna-razon-valida\/","title":{"rendered":"J\u00f3venes salen a las calles  sin ninguna raz\u00f3n v\u00e1lida"},"content":{"rendered":"<p>El director del hospital del Ni\u00f1o, Alfredo Mendoza, reclam\u00f3 porque en la ciudad de La Paz muchos j\u00f3venes est\u00e1n en las calles sin ninguna raz\u00f3n valedera y sin las medidas de bioseguridad, como el barbijo.<br \/>\nProtest\u00f3, adem\u00e1s, que la poblaci\u00f3n est\u00e1 relajando las medidas de bioseguridad tanto que parece que perdi\u00f3 el miedo al virus.<br \/>\n\u201cTodos los pa\u00edses han reportado una mayor incidencia de afectaci\u00f3n de pacientes pedi\u00e1tricos (ni\u00f1os y j\u00f3venes), pero no es porque estas nuevas cepas, sea brasile\u00f1a, brit\u00e1nica o sudafricana, tengan especial predilecci\u00f3n por la edad pedi\u00e1trica, lo que sucede es que se han relajado las medidas de bioseguridad fundamentalmente en ni\u00f1os y adolescentes, nosotros vemos en La Paz muchos ni\u00f1os, adolescentes en las calles y a veces sin una raz\u00f3n valedera\u201d, lament\u00f3 el m\u00e9dico.<br \/>\nInform\u00f3 que en la tercera ola, 18 ni\u00f1os con coronavirus fueron atendidos en el Hospital de Ni\u00f1o, pero afortunadamente 15 de ellos recibieron alta m\u00e9dica y tres contin\u00faan recibiendo tratamiento.<br \/>\nSeg\u00fan el doctor, no es que las nuevas variantes del coronavirus est\u00e1n atacando preferentemente a ni\u00f1os y j\u00f3venes, sino que no se est\u00e1n cumpliendo las medidas de bioseguridad por ese sector y por eso son m\u00e1s propensos a contraer el virus.<br \/>\n\u201cNo es que estas nuevas cepas tengan especial predilecci\u00f3n por los ni\u00f1os, por los adolescentes, sino es que como el virus original, infecta a los ni\u00f1os, pero gracias a Dios, solo un 3 % va a desarrollar la enfermedad severa y m\u00e1s del 90 % puede cursar una enfermedad leve, pero no nos tenemos que confiar\u201d, aclar\u00f3.<br \/>\nEl doctor Mendoza advirti\u00f3 que en esta \u00e9poca de invierno, incrementar\u00e1n los casos de resfr\u00edos, pero sus s\u00edntomas pueden ser confundidos con coronavirus, por lo que recomienda que si un ni\u00f1o presenta s\u00edntomas como tos, fiebre, dolor de cabeza debe ser sometido a una prueba de covid-19 para iniciar un determinado tratamiento, public\u00f3 Urgente.bo<br \/>\nRecord\u00f3 que el 2020 las cifras de infecciones respiratorias fueron menores, porque al menos tres meses la poblaci\u00f3n estuvo en su casa y cumpl\u00eda estrictamente las medidas de bioseguridad.<\/p>\n","protected":false},"excerpt":{"rendered":"<p>El director del hospital del Ni\u00f1o, Alfredo Mendoza, reclam\u00f3 porque en la ciudad de La Paz muchos j\u00f3venes est\u00e1n en las calles sin ninguna raz\u00f3n valedera y sin las medidas de bioseguridad, como el barbijo. Protest\u00f3, adem\u00e1s, que la poblaci\u00f3n est\u00e1 relajando las medidas de bioseguridad tanto que parece que perdi\u00f3 el miedo al virus. [&hellip;]<\/p>\n","protected":false},"author":1,"featured_media":5510,"comment_status":"closed","ping_status":"closed","sticky":false,"template":"","format":"standard","meta":{"_acf_changed":false,"footnotes":""},"categories":[12],"tags":[],"class_list":["post-5509","post","type-post","status-publish","format-standard","has-post-thumbnail","category-nacional"],"acf":{"antetitulo":""},"yoast_head":"<!-- This site is optimized with the Yoast SEO plugin v28.3 - https:\/\/yoast.com\/product\/yoast-seo-wordpress\/ -->\n<title>J\u00f3venes salen a las calles sin ninguna raz\u00f3n v\u00e1lida - El Diario - Bolivia<\/title>\n<meta name=\"robots\" content=\"index, follow, max-snippet:-1, max-image-preview:large, max-video-preview:-1\" \/>\n<link rel=\"canonical\" href=\"https:\/\/www.eldiario.net\/portal\/2021\/05\/22\/jovenes-salen-a-las-calles-sin-ninguna-razon-valida\/\" \/>\n<meta property=\"og:locale\" content=\"es_ES\" \/>\n<meta property=\"og:type\" content=\"article\" \/>\n<meta property=\"og:title\" content=\"J\u00f3venes salen a las calles sin ninguna raz\u00f3n v\u00e1lida - El Diario - Bolivia\" \/>\n<meta property=\"og:description\" content=\"El director del hospital del Ni\u00f1o, Alfredo Mendoza, reclam\u00f3 porque en la ciudad de La Paz muchos j\u00f3venes est\u00e1n en las calles sin ninguna raz\u00f3n valedera y sin las medidas de bioseguridad, como el barbijo. Protest\u00f3, adem\u00e1s, que la poblaci\u00f3n est\u00e1 relajando las medidas de bioseguridad tanto que parece que perdi\u00f3 el miedo al virus. [&hellip;]\" \/>\n<meta property=\"og:url\" content=\"https:\/\/www.eldiario.net\/portal\/2021\/05\/22\/jovenes-salen-a-las-calles-sin-ninguna-razon-valida\/\" \/>\n<meta property=\"og:site_name\" content=\"El Diario - Bolivia\" \/>\n<meta property=\"article:publisher\" content=\"https:\/\/www.facebook.com\/eldiario.bolivia\/\" \/>\n<meta property=\"article:published_time\" content=\"2021-05-22T11:47:35+00:00\" \/>\n<meta name=\"author\" content=\"Jeanette\" \/>\n<meta name=\"twitter:card\" content=\"summary_large_image\" \/>\n<meta name=\"twitter:creator\" content=\"@eldiario_net\" \/>\n<meta name=\"twitter:site\" content=\"@eldiario_net\" \/>\n<meta name=\"twitter:label1\" content=\"Escrito por\" \/>\n\t<meta name=\"twitter:data1\" content=\"Jeanette\" \/>\n\t<meta name=\"twitter:label2\" content=\"Tiempo de lectura\" \/>\n\t<meta name=\"twitter:data2\" content=\"2 minutos\" \/>\n<script type=\"application\/ld+json\" class=\"yoast-schema-graph\">{\"@context\":\"https:\\\/\\\/schema.org\",\"@graph\":[{\"@type\":\"Article\",\"@id\":\"https:\\\/\\\/www.eldiario.net\\\/portal\\\/2021\\\/05\\\/22\\\/jovenes-salen-a-las-calles-sin-ninguna-razon-valida\\\/#article\",\"isPartOf\":{\"@id\":\"https:\\\/\\\/www.eldiario.net\\\/portal\\\/2021\\\/05\\\/22\\\/jovenes-salen-a-las-calles-sin-ninguna-razon-valida\\\/\"},\"author\":{\"name\":\"Jeanette\",\"@id\":\"https:\\\/\\\/www.eldiario.net\\\/portal\\\/#\\\/schema\\\/person\\\/f46445640444750d7d753ccd04ae01b7\"},\"headline\":\"J\u00f3venes salen a las calles sin ninguna raz\u00f3n v\u00e1lida\",\"datePublished\":\"2021-05-22T11:47:35+00:00\",\"mainEntityOfPage\":{\"@id\":\"https:\\\/\\\/www.eldiario.net\\\/portal\\\/2021\\\/05\\\/22\\\/jovenes-salen-a-las-calles-sin-ninguna-razon-valida\\\/\"},\"wordCount\":385,\"publisher\":{\"@id\":\"https:\\\/\\\/www.eldiario.net\\\/portal\\\/#organization\"},\"image\":{\"@id\":\"https:\\\/\\\/www.eldiario.net\\\/portal\\\/2021\\\/05\\\/22\\\/jovenes-salen-a-las-calles-sin-ninguna-razon-valida\\\/#primaryimage\"},\"thumbnailUrl\":\"\",\"articleSection\":[\"Nacional\"],\"inLanguage\":\"es\"},{\"@type\":\"WebPage\",\"@id\":\"https:\\\/\\\/www.eldiario.net\\\/portal\\\/2021\\\/05\\\/22\\\/jovenes-salen-a-las-calles-sin-ninguna-razon-valida\\\/\",\"url\":\"https:\\\/\\\/www.eldiario.net\\\/portal\\\/2021\\\/05\\\/22\\\/jovenes-salen-a-las-calles-sin-ninguna-razon-valida\\\/\",\"name\":\"J\u00f3venes salen a las calles sin ninguna raz\u00f3n v\u00e1lida - El Diario - Bolivia\",\"isPartOf\":{\"@id\":\"https:\\\/\\\/www.eldiario.net\\\/portal\\\/#website\"},\"primaryImageOfPage\":{\"@id\":\"https:\\\/\\\/www.eldiario.net\\\/portal\\\/2021\\\/05\\\/22\\\/jovenes-salen-a-las-calles-sin-ninguna-razon-valida\\\/#primaryimage\"},\"image\":{\"@id\":\"https:\\\/\\\/www.eldiario.net\\\/portal\\\/2021\\\/05\\\/22\\\/jovenes-salen-a-las-calles-sin-ninguna-razon-valida\\\/#primaryimage\"},\"thumbnailUrl\":\"\",\"datePublished\":\"2021-05-22T11:47:35+00:00\",\"breadcrumb\":{\"@id\":\"https:\\\/\\\/www.eldiario.net\\\/portal\\\/2021\\\/05\\\/22\\\/jovenes-salen-a-las-calles-sin-ninguna-razon-valida\\\/#breadcrumb\"},\"inLanguage\":\"es\",\"potentialAction\":[{\"@type\":\"ReadAction\",\"target\":[\"https:\\\/\\\/www.eldiario.net\\\/portal\\\/2021\\\/05\\\/22\\\/jovenes-salen-a-las-calles-sin-ninguna-razon-valida\\\/\"]}]},{\"@type\":\"ImageObject\",\"inLanguage\":\"es\",\"@id\":\"https:\\\/\\\/www.eldiario.net\\\/portal\\\/2021\\\/05\\\/22\\\/jovenes-salen-a-las-calles-sin-ninguna-razon-valida\\\/#primaryimage\",\"url\":\"\",\"contentUrl\":\"\"},{\"@type\":\"BreadcrumbList\",\"@id\":\"https:\\\/\\\/www.eldiario.net\\\/portal\\\/2021\\\/05\\\/22\\\/jovenes-salen-a-las-calles-sin-ninguna-razon-valida\\\/#breadcrumb\",\"itemListElement\":[{\"@type\":\"ListItem\",\"position\":1,\"name\":\"Portada\",\"item\":\"https:\\\/\\\/www.eldiario.net\\\/portal\\\/\"},{\"@type\":\"ListItem\",\"position\":2,\"name\":\"J\u00f3venes salen a las calles sin ninguna raz\u00f3n v\u00e1lida\"}]},{\"@type\":\"WebSite\",\"@id\":\"https:\\\/\\\/www.eldiario.net\\\/portal\\\/#website\",\"url\":\"https:\\\/\\\/www.eldiario.net\\\/portal\\\/\",\"name\":\"El Diario - Decano de la prensa nacional\",\"description\":\"El Diario - Decano de la prensa nacional\",\"publisher\":{\"@id\":\"https:\\\/\\\/www.eldiario.net\\\/portal\\\/#organization\"},\"potentialAction\":[{\"@type\":\"SearchAction\",\"target\":{\"@type\":\"EntryPoint\",\"urlTemplate\":\"https:\\\/\\\/www.eldiario.net\\\/portal\\\/?s={search_term_string}\"},\"query-input\":{\"@type\":\"PropertyValueSpecification\",\"valueRequired\":true,\"valueName\":\"search_term_string\"}}],\"inLanguage\":\"es\"},{\"@type\":\"Organization\",\"@id\":\"https:\\\/\\\/www.eldiario.net\\\/portal\\\/#organization\",\"name\":\"El Diario - Decano de la prensa nacional\",\"url\":\"https:\\\/\\\/www.eldiario.net\\\/portal\\\/\",\"logo\":{\"@type\":\"ImageObject\",\"inLanguage\":\"es\",\"@id\":\"https:\\\/\\\/www.eldiario.net\\\/portal\\\/#\\\/schema\\\/logo\\\/image\\\/\",\"url\":\"https:\\\/\\\/www.eldiario.net\\\/portal\\\/wp-content\\\/uploads\\\/2023\\\/07\\\/logo_ED.jpg\",\"contentUrl\":\"https:\\\/\\\/www.eldiario.net\\\/portal\\\/wp-content\\\/uploads\\\/2023\\\/07\\\/logo_ED.jpg\",\"width\":272,\"height\":52,\"caption\":\"El Diario - Decano de la prensa nacional\"},\"image\":{\"@id\":\"https:\\\/\\\/www.eldiario.net\\\/portal\\\/#\\\/schema\\\/logo\\\/image\\\/\"},\"sameAs\":[\"https:\\\/\\\/www.facebook.com\\\/eldiario.bolivia\\\/\",\"https:\\\/\\\/x.com\\\/eldiario_net\"]},{\"@type\":\"Person\",\"@id\":\"https:\\\/\\\/www.eldiario.net\\\/portal\\\/#\\\/schema\\\/person\\\/f46445640444750d7d753ccd04ae01b7\",\"name\":\"Jeanette\",\"image\":{\"@type\":\"ImageObject\",\"inLanguage\":\"es\",\"@id\":\"https:\\\/\\\/secure.gravatar.com\\\/avatar\\\/3ea2118a5f7dad2b7138b1187a6b7ee55f160b9968b66013c3a3ef39dd7e5798?s=96&d=mm&r=g\",\"url\":\"https:\\\/\\\/secure.gravatar.com\\\/avatar\\\/3ea2118a5f7dad2b7138b1187a6b7ee55f160b9968b66013c3a3ef39dd7e5798?s=96&d=mm&r=g\",\"contentUrl\":\"https:\\\/\\\/secure.gravatar.com\\\/avatar\\\/3ea2118a5f7dad2b7138b1187a6b7ee55f160b9968b66013c3a3ef39dd7e5798?s=96&d=mm&r=g\",\"caption\":\"Jeanette\"},\"sameAs\":[\"https:\\\/\\\/www.eldiario.net\\\/portal\"],\"url\":\"https:\\\/\\\/www.eldiario.net\\\/portal\\\/author\\\/jeanette\\\/\"}]}<\/script>\n<!-- \/ Yoast SEO plugin. -->","yoast_head_json":{"title":"J\u00f3venes salen a las calles sin ninguna raz\u00f3n v\u00e1lida - El Diario - Bolivia","robots":{"index":"index","follow":"follow","max-snippet":"max-snippet:-1","max-image-preview":"max-image-preview:large","max-video-preview":"max-video-preview:-1"},"canonical":"https:\/\/www.eldiario.net\/portal\/2021\/05\/22\/jovenes-salen-a-las-calles-sin-ninguna-razon-valida\/","og_locale":"es_ES","og_type":"article","og_title":"J\u00f3venes salen a las calles sin ninguna raz\u00f3n v\u00e1lida - El Diario - Bolivia","og_description":"El director del hospital del Ni\u00f1o, Alfredo Mendoza, reclam\u00f3 porque en la ciudad de La Paz muchos j\u00f3venes est\u00e1n en las calles sin ninguna raz\u00f3n valedera y sin las medidas de bioseguridad, como el barbijo. Protest\u00f3, adem\u00e1s, que la poblaci\u00f3n est\u00e1 relajando las medidas de bioseguridad tanto que parece que perdi\u00f3 el miedo al virus. [&hellip;]","og_url":"https:\/\/www.eldiario.net\/portal\/2021\/05\/22\/jovenes-salen-a-las-calles-sin-ninguna-razon-valida\/","og_site_name":"El Diario - Bolivia","article_publisher":"https:\/\/www.facebook.com\/eldiario.bolivia\/","article_published_time":"2021-05-22T11:47:35+00:00","author":"Jeanette","twitter_card":"summary_large_image","twitter_creator":"@eldiario_net","twitter_site":"@eldiario_net","twitter_misc":{"Escrito por":"Jeanette","Tiempo de lectura":"2 minutos"},"schema":{"@context":"https:\/\/schema.org","@graph":[{"@type":"Article","@id":"https:\/\/www.eldiario.net\/portal\/2021\/05\/22\/jovenes-salen-a-las-calles-sin-ninguna-razon-valida\/#article","isPartOf":{"@id":"https:\/\/www.eldiario.net\/portal\/2021\/05\/22\/jovenes-salen-a-las-calles-sin-ninguna-razon-valida\/"},"author":{"name":"Jeanette","@id":"https:\/\/www.eldiario.net\/portal\/#\/schema\/person\/f46445640444750d7d753ccd04ae01b7"},"headline":"J\u00f3venes salen a las calles sin ninguna raz\u00f3n v\u00e1lida","datePublished":"2021-05-22T11:47:35+00:00","mainEntityOfPage":{"@id":"https:\/\/www.eldiario.net\/portal\/2021\/05\/22\/jovenes-salen-a-las-calles-sin-ninguna-razon-valida\/"},"wordCount":385,"publisher":{"@id":"https:\/\/www.eldiario.net\/portal\/#organization"},"image":{"@id":"https:\/\/www.eldiario.net\/portal\/2021\/05\/22\/jovenes-salen-a-las-calles-sin-ninguna-razon-valida\/#primaryimage"},"thumbnailUrl":"","articleSection":["Nacional"],"inLanguage":"es"},{"@type":"WebPage","@id":"https:\/\/www.eldiario.net\/portal\/2021\/05\/22\/jovenes-salen-a-las-calles-sin-ninguna-razon-valida\/","url":"https:\/\/www.eldiario.net\/portal\/2021\/05\/22\/jovenes-salen-a-las-calles-sin-ninguna-razon-valida\/","name":"J\u00f3venes salen a las calles sin ninguna raz\u00f3n v\u00e1lida - El Diario - Bolivia","isPartOf":{"@id":"https:\/\/www.eldiario.net\/portal\/#website"},"primaryImageOfPage":{"@id":"https:\/\/www.eldiario.net\/portal\/2021\/05\/22\/jovenes-salen-a-las-calles-sin-ninguna-razon-valida\/#primaryimage"},"image":{"@id":"https:\/\/www.eldiario.net\/portal\/2021\/05\/22\/jovenes-salen-a-las-calles-sin-ninguna-razon-valida\/#primaryimage"},"thumbnailUrl":"","datePublished":"2021-05-22T11:47:35+00:00","breadcrumb":{"@id":"https:\/\/www.eldiario.net\/portal\/2021\/05\/22\/jovenes-salen-a-las-calles-sin-ninguna-razon-valida\/#breadcrumb"},"inLanguage":"es","potentialAction":[{"@type":"ReadAction","target":["https:\/\/www.eldiario.net\/portal\/2021\/05\/22\/jovenes-salen-a-las-calles-sin-ninguna-razon-valida\/"]}]},{"@type":"ImageObject","inLanguage":"es","@id":"https:\/\/www.eldiario.net\/portal\/2021\/05\/22\/jovenes-salen-a-las-calles-sin-ninguna-razon-valida\/#primaryimage","url":"","contentUrl":""},{"@type":"BreadcrumbList","@id":"https:\/\/www.eldiario.net\/portal\/2021\/05\/22\/jovenes-salen-a-las-calles-sin-ninguna-razon-valida\/#breadcrumb","itemListElement":[{"@type":"ListItem","position":1,"name":"Portada","item":"https:\/\/www.eldiario.net\/portal\/"},{"@type":"ListItem","position":2,"name":"J\u00f3venes salen a las calles sin ninguna raz\u00f3n v\u00e1lida"}]},{"@type":"WebSite","@id":"https:\/\/www.eldiario.net\/portal\/#website","url":"https:\/\/www.eldiario.net\/portal\/","name":"El Diario - Decano de la prensa nacional","description":"El Diario - Decano de la prensa nacional","publisher":{"@id":"https:\/\/www.eldiario.net\/portal\/#organization"},"potentialAction":[{"@type":"SearchAction","target":{"@type":"EntryPoint","urlTemplate":"https:\/\/www.eldiario.net\/portal\/?s={search_term_string}"},"query-input":{"@type":"PropertyValueSpecification","valueRequired":true,"valueName":"search_term_string"}}],"inLanguage":"es"},{"@type":"Organization","@id":"https:\/\/www.eldiario.net\/portal\/#organization","name":"El Diario - Decano de la prensa nacional","url":"https:\/\/www.eldiario.net\/portal\/","logo":{"@type":"ImageObject","inLanguage":"es","@id":"https:\/\/www.eldiario.net\/portal\/#\/schema\/logo\/image\/","url":"https:\/\/www.eldiario.net\/portal\/wp-content\/uploads\/2023\/07\/logo_ED.jpg","contentUrl":"https:\/\/www.eldiario.net\/portal\/wp-content\/uploads\/2023\/07\/logo_ED.jpg","width":272,"height":52,"caption":"El Diario - Decano de la prensa nacional"},"image":{"@id":"https:\/\/www.eldiario.net\/portal\/#\/schema\/logo\/image\/"},"sameAs":["https:\/\/www.facebook.com\/eldiario.bolivia\/","https:\/\/x.com\/eldiario_net"]},{"@type":"Person","@id":"https:\/\/www.eldiario.net\/portal\/#\/schema\/person\/f46445640444750d7d753ccd04ae01b7","name":"Jeanette","image":{"@type":"ImageObject","inLanguage":"es","@id":"https:\/\/secure.gravatar.com\/avatar\/3ea2118a5f7dad2b7138b1187a6b7ee55f160b9968b66013c3a3ef39dd7e5798?s=96&d=mm&r=g","url":"https:\/\/secure.gravatar.com\/avatar\/3ea2118a5f7dad2b7138b1187a6b7ee55f160b9968b66013c3a3ef39dd7e5798?s=96&d=mm&r=g","contentUrl":"https:\/\/secure.gravatar.com\/avatar\/3ea2118a5f7dad2b7138b1187a6b7ee55f160b9968b66013c3a3ef39dd7e5798?s=96&d=mm&r=g","caption":"Jeanette"},"sameAs":["https:\/\/www.eldiario.net\/portal"],"url":"https:\/\/www.eldiario.net\/portal\/author\/jeanette\/"}]}},"_links":{"self":[{"href":"https:\/\/www.eldiario.net\/portal\/wp-json\/wp\/v2\/posts\/5509","targetHints":{"allow":["GET"]}}],"collection":[{"href":"https:\/\/www.eldiario.net\/portal\/wp-json\/wp\/v2\/posts"}],"about":[{"href":"https:\/\/www.eldiario.net\/portal\/wp-json\/wp\/v2\/types\/post"}],"author":[{"embeddable":true,"href":"https:\/\/www.eldiario.net\/portal\/wp-json\/wp\/v2\/users\/1"}],"replies":[{"embeddable":true,"href":"https:\/\/www.eldiario.net\/portal\/wp-json\/wp\/v2\/comments?post=5509"}],"version-history":[{"count":0,"href":"https:\/\/www.eldiario.net\/portal\/wp-json\/wp\/v2\/posts\/5509\/revisions"}],"wp:attachment":[{"href":"https:\/\/www.eldiario.net\/portal\/wp-json\/wp\/v2\/media?parent=5509"}],"wp:term":[{"taxonomy":"category","embeddable":true,"href":"https:\/\/www.eldiario.net\/portal\/wp-json\/wp\/v2\/categories?post=5509"},{"taxonomy":"post_tag","embeddable":true,"href":"https:\/\/www.eldiario.net\/portal\/wp-json\/wp\/v2\/tags?post=5509"}],"curies":[{"name":"wp","href":"https:\/\/api.w.org\/{rel}","templated":true}]}}