{"id":54023,"date":"2022-01-05T05:32:56","date_gmt":"2022-01-05T09:32:56","guid":{"rendered":"https:\/\/www.eldiario.net\/portal\/?p=54023"},"modified":"2022-01-05T05:32:56","modified_gmt":"2022-01-05T09:32:56","slug":"detienen-a-sospechoso-de-asesinato-presidente-de-haiti","status":"publish","type":"post","link":"https:\/\/www.eldiario.net\/portal\/2022\/01\/05\/detienen-a-sospechoso-de-asesinato-presidente-de-haiti\/","title":{"rendered":"Detienen a sospechoso de  asesinato presidente de Hait\u00ed"},"content":{"rendered":"<p>Autoridades estadounidenses detuvieron a un colombiano por su presunta implicaci\u00f3n en el asesinato del presidente haitiano Jovenel Mo\u00efse, seg\u00fan dijo a Reuters un funcionario policial estadounidense, quien a\u00f1adi\u00f3 que el sospechoso har\u00e1 una primera comparecencia ante un tribunal.<\/p>\n<p>El detenido, Mario Palacios, es un antiguo miembro del ej\u00e9rcito colombiano que, seg\u00fan las autoridades haitianas, formaba parte de un grupo de mercenarios que asesin\u00f3 a Mo\u00efse en julio.<\/p>\n<p>Est\u00e1 previsto que Palacios comparezca ante el tribunal federal de Miami el martes por la tarde, dijo la fuente, que habl\u00f3 bajo condici\u00f3n de anonimato. The Miami Herald fue el primero en informar de la detenci\u00f3n.<\/p>\n<p>Palacios fue detenido en Panam\u00e1 el lunes mientras era deportado de Jamaica a Colombia, seg\u00fan dos personas familiarizadas con el asunto.<\/p>\n<p>Las autoridades haitianas han detenido a unas 45 personas en relaci\u00f3n con el asesinato, que cre\u00f3 un vac\u00edo pol\u00edtico en la naci\u00f3n caribe\u00f1a, pero a\u00fan no han acusado a nadie.<\/p>\n<p>Cr\u00edticos en Hait\u00ed se han quejado de la lentitud, la intimidaci\u00f3n y la manipulaci\u00f3n de testigos en la investigaci\u00f3n del asesinato de Mo\u00efse. (Reuters)<\/p>\n<p>&nbsp;<\/p>\n","protected":false},"excerpt":{"rendered":"<p>Autoridades estadounidenses detuvieron a un colombiano por su presunta implicaci\u00f3n en el asesinato del presidente haitiano Jovenel Mo\u00efse, seg\u00fan dijo a Reuters un funcionario policial estadounidense, quien a\u00f1adi\u00f3 que el sospechoso har\u00e1 una primera comparecencia ante un tribunal. El detenido, Mario Palacios, es un antiguo miembro del ej\u00e9rcito colombiano que, seg\u00fan las autoridades haitianas, formaba [&hellip;]<\/p>\n","protected":false},"author":1,"featured_media":54024,"comment_status":"closed","ping_status":"closed","sticky":false,"template":"","format":"standard","meta":{"_acf_changed":false,"footnotes":""},"categories":[3],"tags":[],"class_list":["post-54023","post","type-post","status-publish","format-standard","has-post-thumbnail","category-internacional"],"acf":{"antetitulo":""},"yoast_head":"<!-- This site is optimized with the Yoast SEO plugin v28.4 - https:\/\/yoast.com\/product\/yoast-seo-wordpress\/ -->\n<title>Detienen a sospechoso de asesinato presidente de Hait\u00ed - El Diario - Bolivia<\/title>\n<meta name=\"robots\" content=\"index, follow, max-snippet:-1, max-image-preview:large, max-video-preview:-1\" \/>\n<link rel=\"canonical\" href=\"https:\/\/www.eldiario.net\/portal\/2022\/01\/05\/detienen-a-sospechoso-de-asesinato-presidente-de-haiti\/\" \/>\n<meta property=\"og:locale\" content=\"es_ES\" \/>\n<meta property=\"og:type\" content=\"article\" \/>\n<meta property=\"og:title\" content=\"Detienen a sospechoso de asesinato presidente de Hait\u00ed - El Diario - Bolivia\" \/>\n<meta property=\"og:description\" content=\"Autoridades estadounidenses detuvieron a un colombiano por su presunta implicaci\u00f3n en el asesinato del presidente haitiano Jovenel Mo\u00efse, seg\u00fan dijo a Reuters un funcionario policial estadounidense, quien a\u00f1adi\u00f3 que el sospechoso har\u00e1 una primera comparecencia ante un tribunal. El detenido, Mario Palacios, es un antiguo miembro del ej\u00e9rcito colombiano que, seg\u00fan las autoridades haitianas, formaba [&hellip;]\" \/>\n<meta property=\"og:url\" content=\"https:\/\/www.eldiario.net\/portal\/2022\/01\/05\/detienen-a-sospechoso-de-asesinato-presidente-de-haiti\/\" \/>\n<meta property=\"og:site_name\" content=\"El Diario - Bolivia\" \/>\n<meta property=\"article:publisher\" content=\"https:\/\/www.facebook.com\/eldiario.bolivia\/\" \/>\n<meta property=\"article:published_time\" content=\"2022-01-05T09:32:56+00:00\" \/>\n<meta name=\"author\" content=\"Jeanette\" \/>\n<meta name=\"twitter:card\" content=\"summary_large_image\" \/>\n<meta name=\"twitter:creator\" content=\"@eldiario_net\" \/>\n<meta name=\"twitter:site\" content=\"@eldiario_net\" \/>\n<meta name=\"twitter:label1\" content=\"Escrito por\" \/>\n\t<meta name=\"twitter:data1\" content=\"Jeanette\" \/>\n\t<meta name=\"twitter:label2\" content=\"Tiempo de lectura\" \/>\n\t<meta name=\"twitter:data2\" content=\"1 minuto\" \/>\n<script type=\"application\/ld+json\" class=\"yoast-schema-graph\">{\"@context\":\"https:\\\/\\\/schema.org\",\"@graph\":[{\"@type\":\"Article\",\"@id\":\"https:\\\/\\\/www.eldiario.net\\\/portal\\\/2022\\\/01\\\/05\\\/detienen-a-sospechoso-de-asesinato-presidente-de-haiti\\\/#article\",\"isPartOf\":{\"@id\":\"https:\\\/\\\/www.eldiario.net\\\/portal\\\/2022\\\/01\\\/05\\\/detienen-a-sospechoso-de-asesinato-presidente-de-haiti\\\/\"},\"author\":{\"name\":\"Jeanette\",\"@id\":\"https:\\\/\\\/www.eldiario.net\\\/portal\\\/#\\\/schema\\\/person\\\/2c57cf2b7a7ae032e449e4c9b1019eac\"},\"headline\":\"Detienen a sospechoso de asesinato presidente de Hait\u00ed\",\"datePublished\":\"2022-01-05T09:32:56+00:00\",\"mainEntityOfPage\":{\"@id\":\"https:\\\/\\\/www.eldiario.net\\\/portal\\\/2022\\\/01\\\/05\\\/detienen-a-sospechoso-de-asesinato-presidente-de-haiti\\\/\"},\"wordCount\":207,\"publisher\":{\"@id\":\"https:\\\/\\\/www.eldiario.net\\\/portal\\\/#organization\"},\"image\":{\"@id\":\"https:\\\/\\\/www.eldiario.net\\\/portal\\\/2022\\\/01\\\/05\\\/detienen-a-sospechoso-de-asesinato-presidente-de-haiti\\\/#primaryimage\"},\"thumbnailUrl\":\"\",\"articleSection\":[\"Internacional\"],\"inLanguage\":\"es\"},{\"@type\":\"WebPage\",\"@id\":\"https:\\\/\\\/www.eldiario.net\\\/portal\\\/2022\\\/01\\\/05\\\/detienen-a-sospechoso-de-asesinato-presidente-de-haiti\\\/\",\"url\":\"https:\\\/\\\/www.eldiario.net\\\/portal\\\/2022\\\/01\\\/05\\\/detienen-a-sospechoso-de-asesinato-presidente-de-haiti\\\/\",\"name\":\"Detienen a sospechoso de asesinato presidente de Hait\u00ed - El Diario - Bolivia\",\"isPartOf\":{\"@id\":\"https:\\\/\\\/www.eldiario.net\\\/portal\\\/#website\"},\"primaryImageOfPage\":{\"@id\":\"https:\\\/\\\/www.eldiario.net\\\/portal\\\/2022\\\/01\\\/05\\\/detienen-a-sospechoso-de-asesinato-presidente-de-haiti\\\/#primaryimage\"},\"image\":{\"@id\":\"https:\\\/\\\/www.eldiario.net\\\/portal\\\/2022\\\/01\\\/05\\\/detienen-a-sospechoso-de-asesinato-presidente-de-haiti\\\/#primaryimage\"},\"thumbnailUrl\":\"\",\"datePublished\":\"2022-01-05T09:32:56+00:00\",\"breadcrumb\":{\"@id\":\"https:\\\/\\\/www.eldiario.net\\\/portal\\\/2022\\\/01\\\/05\\\/detienen-a-sospechoso-de-asesinato-presidente-de-haiti\\\/#breadcrumb\"},\"inLanguage\":\"es\",\"potentialAction\":[{\"@type\":\"ReadAction\",\"target\":[\"https:\\\/\\\/www.eldiario.net\\\/portal\\\/2022\\\/01\\\/05\\\/detienen-a-sospechoso-de-asesinato-presidente-de-haiti\\\/\"]}]},{\"@type\":\"ImageObject\",\"inLanguage\":\"es\",\"@id\":\"https:\\\/\\\/www.eldiario.net\\\/portal\\\/2022\\\/01\\\/05\\\/detienen-a-sospechoso-de-asesinato-presidente-de-haiti\\\/#primaryimage\",\"url\":\"\",\"contentUrl\":\"\"},{\"@type\":\"BreadcrumbList\",\"@id\":\"https:\\\/\\\/www.eldiario.net\\\/portal\\\/2022\\\/01\\\/05\\\/detienen-a-sospechoso-de-asesinato-presidente-de-haiti\\\/#breadcrumb\",\"itemListElement\":[{\"@type\":\"ListItem\",\"position\":1,\"name\":\"Portada\",\"item\":\"https:\\\/\\\/www.eldiario.net\\\/portal\\\/\"},{\"@type\":\"ListItem\",\"position\":2,\"name\":\"Detienen a sospechoso de asesinato presidente de Hait\u00ed\"}]},{\"@type\":\"WebSite\",\"@id\":\"https:\\\/\\\/www.eldiario.net\\\/portal\\\/#website\",\"url\":\"https:\\\/\\\/www.eldiario.net\\\/portal\\\/\",\"name\":\"El Diario - Decano de la prensa nacional\",\"description\":\"El Diario - Decano de la prensa nacional\",\"publisher\":{\"@id\":\"https:\\\/\\\/www.eldiario.net\\\/portal\\\/#organization\"},\"potentialAction\":[{\"@type\":\"SearchAction\",\"target\":{\"@type\":\"EntryPoint\",\"urlTemplate\":\"https:\\\/\\\/www.eldiario.net\\\/portal\\\/?s={search_term_string}\"},\"query-input\":{\"@type\":\"PropertyValueSpecification\",\"valueRequired\":true,\"valueName\":\"search_term_string\"}}],\"inLanguage\":\"es\"},{\"@type\":\"Organization\",\"@id\":\"https:\\\/\\\/www.eldiario.net\\\/portal\\\/#organization\",\"name\":\"El Diario - Decano de la prensa nacional\",\"url\":\"https:\\\/\\\/www.eldiario.net\\\/portal\\\/\",\"logo\":{\"@type\":\"ImageObject\",\"inLanguage\":\"es\",\"@id\":\"https:\\\/\\\/www.eldiario.net\\\/portal\\\/#\\\/schema\\\/logo\\\/image\\\/\",\"url\":\"https:\\\/\\\/www.eldiario.net\\\/portal\\\/wp-content\\\/uploads\\\/2023\\\/07\\\/logo_ED.jpg\",\"contentUrl\":\"https:\\\/\\\/www.eldiario.net\\\/portal\\\/wp-content\\\/uploads\\\/2023\\\/07\\\/logo_ED.jpg\",\"width\":272,\"height\":52,\"caption\":\"El Diario - Decano de la prensa nacional\"},\"image\":{\"@id\":\"https:\\\/\\\/www.eldiario.net\\\/portal\\\/#\\\/schema\\\/logo\\\/image\\\/\"},\"sameAs\":[\"https:\\\/\\\/www.facebook.com\\\/eldiario.bolivia\\\/\",\"https:\\\/\\\/x.com\\\/eldiario_net\"]},{\"@type\":\"Person\",\"@id\":\"https:\\\/\\\/www.eldiario.net\\\/portal\\\/#\\\/schema\\\/person\\\/2c57cf2b7a7ae032e449e4c9b1019eac\",\"name\":\"Jeanette\",\"image\":{\"@type\":\"ImageObject\",\"inLanguage\":\"es\",\"@id\":\"https:\\\/\\\/secure.gravatar.com\\\/avatar\\\/3ea2118a5f7dad2b7138b1187a6b7ee55f160b9968b66013c3a3ef39dd7e5798?s=96&d=mm&r=g\",\"url\":\"https:\\\/\\\/secure.gravatar.com\\\/avatar\\\/3ea2118a5f7dad2b7138b1187a6b7ee55f160b9968b66013c3a3ef39dd7e5798?s=96&d=mm&r=g\",\"contentUrl\":\"https:\\\/\\\/secure.gravatar.com\\\/avatar\\\/3ea2118a5f7dad2b7138b1187a6b7ee55f160b9968b66013c3a3ef39dd7e5798?s=96&d=mm&r=g\",\"caption\":\"Jeanette\"},\"sameAs\":[\"https:\\\/\\\/www.eldiario.net\\\/portal\"],\"url\":\"https:\\\/\\\/www.eldiario.net\\\/portal\\\/author\\\/jeanette\\\/\"}]}<\/script>\n<!-- \/ Yoast SEO plugin. -->","yoast_head_json":{"title":"Detienen a sospechoso de asesinato presidente de Hait\u00ed - El Diario - Bolivia","robots":{"index":"index","follow":"follow","max-snippet":"max-snippet:-1","max-image-preview":"max-image-preview:large","max-video-preview":"max-video-preview:-1"},"canonical":"https:\/\/www.eldiario.net\/portal\/2022\/01\/05\/detienen-a-sospechoso-de-asesinato-presidente-de-haiti\/","og_locale":"es_ES","og_type":"article","og_title":"Detienen a sospechoso de asesinato presidente de Hait\u00ed - El Diario - Bolivia","og_description":"Autoridades estadounidenses detuvieron a un colombiano por su presunta implicaci\u00f3n en el asesinato del presidente haitiano Jovenel Mo\u00efse, seg\u00fan dijo a Reuters un funcionario policial estadounidense, quien a\u00f1adi\u00f3 que el sospechoso har\u00e1 una primera comparecencia ante un tribunal. El detenido, Mario Palacios, es un antiguo miembro del ej\u00e9rcito colombiano que, seg\u00fan las autoridades haitianas, formaba [&hellip;]","og_url":"https:\/\/www.eldiario.net\/portal\/2022\/01\/05\/detienen-a-sospechoso-de-asesinato-presidente-de-haiti\/","og_site_name":"El Diario - Bolivia","article_publisher":"https:\/\/www.facebook.com\/eldiario.bolivia\/","article_published_time":"2022-01-05T09:32:56+00:00","author":"Jeanette","twitter_card":"summary_large_image","twitter_creator":"@eldiario_net","twitter_site":"@eldiario_net","twitter_misc":{"Escrito por":"Jeanette","Tiempo de lectura":"1 minuto"},"schema":{"@context":"https:\/\/schema.org","@graph":[{"@type":"Article","@id":"https:\/\/www.eldiario.net\/portal\/2022\/01\/05\/detienen-a-sospechoso-de-asesinato-presidente-de-haiti\/#article","isPartOf":{"@id":"https:\/\/www.eldiario.net\/portal\/2022\/01\/05\/detienen-a-sospechoso-de-asesinato-presidente-de-haiti\/"},"author":{"name":"Jeanette","@id":"https:\/\/www.eldiario.net\/portal\/#\/schema\/person\/2c57cf2b7a7ae032e449e4c9b1019eac"},"headline":"Detienen a sospechoso de asesinato presidente de Hait\u00ed","datePublished":"2022-01-05T09:32:56+00:00","mainEntityOfPage":{"@id":"https:\/\/www.eldiario.net\/portal\/2022\/01\/05\/detienen-a-sospechoso-de-asesinato-presidente-de-haiti\/"},"wordCount":207,"publisher":{"@id":"https:\/\/www.eldiario.net\/portal\/#organization"},"image":{"@id":"https:\/\/www.eldiario.net\/portal\/2022\/01\/05\/detienen-a-sospechoso-de-asesinato-presidente-de-haiti\/#primaryimage"},"thumbnailUrl":"","articleSection":["Internacional"],"inLanguage":"es"},{"@type":"WebPage","@id":"https:\/\/www.eldiario.net\/portal\/2022\/01\/05\/detienen-a-sospechoso-de-asesinato-presidente-de-haiti\/","url":"https:\/\/www.eldiario.net\/portal\/2022\/01\/05\/detienen-a-sospechoso-de-asesinato-presidente-de-haiti\/","name":"Detienen a sospechoso de asesinato presidente de Hait\u00ed - El Diario - Bolivia","isPartOf":{"@id":"https:\/\/www.eldiario.net\/portal\/#website"},"primaryImageOfPage":{"@id":"https:\/\/www.eldiario.net\/portal\/2022\/01\/05\/detienen-a-sospechoso-de-asesinato-presidente-de-haiti\/#primaryimage"},"image":{"@id":"https:\/\/www.eldiario.net\/portal\/2022\/01\/05\/detienen-a-sospechoso-de-asesinato-presidente-de-haiti\/#primaryimage"},"thumbnailUrl":"","datePublished":"2022-01-05T09:32:56+00:00","breadcrumb":{"@id":"https:\/\/www.eldiario.net\/portal\/2022\/01\/05\/detienen-a-sospechoso-de-asesinato-presidente-de-haiti\/#breadcrumb"},"inLanguage":"es","potentialAction":[{"@type":"ReadAction","target":["https:\/\/www.eldiario.net\/portal\/2022\/01\/05\/detienen-a-sospechoso-de-asesinato-presidente-de-haiti\/"]}]},{"@type":"ImageObject","inLanguage":"es","@id":"https:\/\/www.eldiario.net\/portal\/2022\/01\/05\/detienen-a-sospechoso-de-asesinato-presidente-de-haiti\/#primaryimage","url":"","contentUrl":""},{"@type":"BreadcrumbList","@id":"https:\/\/www.eldiario.net\/portal\/2022\/01\/05\/detienen-a-sospechoso-de-asesinato-presidente-de-haiti\/#breadcrumb","itemListElement":[{"@type":"ListItem","position":1,"name":"Portada","item":"https:\/\/www.eldiario.net\/portal\/"},{"@type":"ListItem","position":2,"name":"Detienen a sospechoso de asesinato presidente de Hait\u00ed"}]},{"@type":"WebSite","@id":"https:\/\/www.eldiario.net\/portal\/#website","url":"https:\/\/www.eldiario.net\/portal\/","name":"El Diario - Decano de la prensa nacional","description":"El Diario - Decano de la prensa nacional","publisher":{"@id":"https:\/\/www.eldiario.net\/portal\/#organization"},"potentialAction":[{"@type":"SearchAction","target":{"@type":"EntryPoint","urlTemplate":"https:\/\/www.eldiario.net\/portal\/?s={search_term_string}"},"query-input":{"@type":"PropertyValueSpecification","valueRequired":true,"valueName":"search_term_string"}}],"inLanguage":"es"},{"@type":"Organization","@id":"https:\/\/www.eldiario.net\/portal\/#organization","name":"El Diario - Decano de la prensa nacional","url":"https:\/\/www.eldiario.net\/portal\/","logo":{"@type":"ImageObject","inLanguage":"es","@id":"https:\/\/www.eldiario.net\/portal\/#\/schema\/logo\/image\/","url":"https:\/\/www.eldiario.net\/portal\/wp-content\/uploads\/2023\/07\/logo_ED.jpg","contentUrl":"https:\/\/www.eldiario.net\/portal\/wp-content\/uploads\/2023\/07\/logo_ED.jpg","width":272,"height":52,"caption":"El Diario - Decano de la prensa nacional"},"image":{"@id":"https:\/\/www.eldiario.net\/portal\/#\/schema\/logo\/image\/"},"sameAs":["https:\/\/www.facebook.com\/eldiario.bolivia\/","https:\/\/x.com\/eldiario_net"]},{"@type":"Person","@id":"https:\/\/www.eldiario.net\/portal\/#\/schema\/person\/2c57cf2b7a7ae032e449e4c9b1019eac","name":"Jeanette","image":{"@type":"ImageObject","inLanguage":"es","@id":"https:\/\/secure.gravatar.com\/avatar\/3ea2118a5f7dad2b7138b1187a6b7ee55f160b9968b66013c3a3ef39dd7e5798?s=96&d=mm&r=g","url":"https:\/\/secure.gravatar.com\/avatar\/3ea2118a5f7dad2b7138b1187a6b7ee55f160b9968b66013c3a3ef39dd7e5798?s=96&d=mm&r=g","contentUrl":"https:\/\/secure.gravatar.com\/avatar\/3ea2118a5f7dad2b7138b1187a6b7ee55f160b9968b66013c3a3ef39dd7e5798?s=96&d=mm&r=g","caption":"Jeanette"},"sameAs":["https:\/\/www.eldiario.net\/portal"],"url":"https:\/\/www.eldiario.net\/portal\/author\/jeanette\/"}]}},"_links":{"self":[{"href":"https:\/\/www.eldiario.net\/portal\/wp-json\/wp\/v2\/posts\/54023","targetHints":{"allow":["GET"]}}],"collection":[{"href":"https:\/\/www.eldiario.net\/portal\/wp-json\/wp\/v2\/posts"}],"about":[{"href":"https:\/\/www.eldiario.net\/portal\/wp-json\/wp\/v2\/types\/post"}],"author":[{"embeddable":true,"href":"https:\/\/www.eldiario.net\/portal\/wp-json\/wp\/v2\/users\/1"}],"replies":[{"embeddable":true,"href":"https:\/\/www.eldiario.net\/portal\/wp-json\/wp\/v2\/comments?post=54023"}],"version-history":[{"count":0,"href":"https:\/\/www.eldiario.net\/portal\/wp-json\/wp\/v2\/posts\/54023\/revisions"}],"wp:attachment":[{"href":"https:\/\/www.eldiario.net\/portal\/wp-json\/wp\/v2\/media?parent=54023"}],"wp:term":[{"taxonomy":"category","embeddable":true,"href":"https:\/\/www.eldiario.net\/portal\/wp-json\/wp\/v2\/categories?post=54023"},{"taxonomy":"post_tag","embeddable":true,"href":"https:\/\/www.eldiario.net\/portal\/wp-json\/wp\/v2\/tags?post=54023"}],"curies":[{"name":"wp","href":"https:\/\/api.w.org\/{rel}","templated":true}]}}