{"id":54020,"date":"2022-01-05T05:31:56","date_gmt":"2022-01-05T09:31:56","guid":{"rendered":"https:\/\/www.eldiario.net\/portal\/?p=54020"},"modified":"2022-01-05T05:31:56","modified_gmt":"2022-01-05T09:31:56","slug":"francia-investiga-terrorismo-por-explosion-en-equipo-de-rally","status":"publish","type":"post","link":"https:\/\/www.eldiario.net\/portal\/2022\/01\/05\/francia-investiga-terrorismo-por-explosion-en-equipo-de-rally\/","title":{"rendered":"Francia investiga terrorismo  por explosi\u00f3n en equipo de rally"},"content":{"rendered":"<p>Par\u00eds.- Fiscales franceses dijeron ayer que iniciaron una investigaci\u00f3n por terrorismo despu\u00e9s de que un veh\u00edculo involucrado en el Par\u00eds-Dakar explot\u00f3 la semana pasada en Arabia Saudita, hiriendo a uno de los competidores.<\/p>\n<p>En un comunicado, los fiscales dijeron que la explosi\u00f3n ocurri\u00f3 el 30 de diciembre en la ciudad saud\u00ed de Yeda y que cinco ciudadanos franceses estaban en el veh\u00edculo en el momento del hecho.<\/p>\n<p>El medio de comunicaci\u00f3n franc\u00e9s FranceInfo dijo el 1 de enero que una explosi\u00f3n hab\u00eda afectado a un veh\u00edculo de apoyo utilizado por el equipo Sodicars.<\/p>\n<p>Citando al director de la carrera David Castera, FranceInfo dijo que la explosi\u00f3n ocurri\u00f3 cuando el veh\u00edculo de apoyo sali\u00f3 del hotel del equipo para dirigirse al inicio de la etapa de la carrera.<\/p>\n<p>Agreg\u00f3 que el copiloto Philippe Boutron sufri\u00f3 una lesi\u00f3n grave en una pierna y tuvo que ser hospitalizado.<\/p>\n<p>&nbsp;<\/p>\n","protected":false},"excerpt":{"rendered":"<p>Par\u00eds.- Fiscales franceses dijeron ayer que iniciaron una investigaci\u00f3n por terrorismo despu\u00e9s de que un veh\u00edculo involucrado en el Par\u00eds-Dakar explot\u00f3 la semana pasada en Arabia Saudita, hiriendo a uno de los competidores. En un comunicado, los fiscales dijeron que la explosi\u00f3n ocurri\u00f3 el 30 de diciembre en la ciudad saud\u00ed de Yeda y que [&hellip;]<\/p>\n","protected":false},"author":1,"featured_media":54021,"comment_status":"closed","ping_status":"closed","sticky":false,"template":"","format":"standard","meta":{"_acf_changed":false,"footnotes":""},"categories":[3],"tags":[],"class_list":["post-54020","post","type-post","status-publish","format-standard","has-post-thumbnail","category-internacional"],"acf":{"antetitulo":""},"yoast_head":"<!-- This site is optimized with the Yoast SEO plugin v28.4 - https:\/\/yoast.com\/product\/yoast-seo-wordpress\/ -->\n<title>Francia investiga terrorismo por explosi\u00f3n en equipo de rally - El Diario - Bolivia<\/title>\n<meta name=\"robots\" content=\"index, follow, max-snippet:-1, max-image-preview:large, max-video-preview:-1\" \/>\n<link rel=\"canonical\" href=\"https:\/\/www.eldiario.net\/portal\/2022\/01\/05\/francia-investiga-terrorismo-por-explosion-en-equipo-de-rally\/\" \/>\n<meta property=\"og:locale\" content=\"es_ES\" \/>\n<meta property=\"og:type\" content=\"article\" \/>\n<meta property=\"og:title\" content=\"Francia investiga terrorismo por explosi\u00f3n en equipo de rally - El Diario - Bolivia\" \/>\n<meta property=\"og:description\" content=\"Par\u00eds.- Fiscales franceses dijeron ayer que iniciaron una investigaci\u00f3n por terrorismo despu\u00e9s de que un veh\u00edculo involucrado en el Par\u00eds-Dakar explot\u00f3 la semana pasada en Arabia Saudita, hiriendo a uno de los competidores. En un comunicado, los fiscales dijeron que la explosi\u00f3n ocurri\u00f3 el 30 de diciembre en la ciudad saud\u00ed de Yeda y que [&hellip;]\" \/>\n<meta property=\"og:url\" content=\"https:\/\/www.eldiario.net\/portal\/2022\/01\/05\/francia-investiga-terrorismo-por-explosion-en-equipo-de-rally\/\" \/>\n<meta property=\"og:site_name\" content=\"El Diario - Bolivia\" \/>\n<meta property=\"article:publisher\" content=\"https:\/\/www.facebook.com\/eldiario.bolivia\/\" \/>\n<meta property=\"article:published_time\" content=\"2022-01-05T09:31:56+00:00\" \/>\n<meta name=\"author\" content=\"Jeanette\" \/>\n<meta name=\"twitter:card\" content=\"summary_large_image\" \/>\n<meta name=\"twitter:creator\" content=\"@eldiario_net\" \/>\n<meta name=\"twitter:site\" content=\"@eldiario_net\" \/>\n<meta name=\"twitter:label1\" content=\"Escrito por\" \/>\n\t<meta name=\"twitter:data1\" content=\"Jeanette\" \/>\n\t<meta name=\"twitter:label2\" content=\"Tiempo de lectura\" \/>\n\t<meta name=\"twitter:data2\" content=\"1 minuto\" \/>\n<script type=\"application\/ld+json\" class=\"yoast-schema-graph\">{\"@context\":\"https:\\\/\\\/schema.org\",\"@graph\":[{\"@type\":\"Article\",\"@id\":\"https:\\\/\\\/www.eldiario.net\\\/portal\\\/2022\\\/01\\\/05\\\/francia-investiga-terrorismo-por-explosion-en-equipo-de-rally\\\/#article\",\"isPartOf\":{\"@id\":\"https:\\\/\\\/www.eldiario.net\\\/portal\\\/2022\\\/01\\\/05\\\/francia-investiga-terrorismo-por-explosion-en-equipo-de-rally\\\/\"},\"author\":{\"name\":\"Jeanette\",\"@id\":\"https:\\\/\\\/www.eldiario.net\\\/portal\\\/#\\\/schema\\\/person\\\/2c57cf2b7a7ae032e449e4c9b1019eac\"},\"headline\":\"Francia investiga terrorismo por explosi\u00f3n en equipo de rally\",\"datePublished\":\"2022-01-05T09:31:56+00:00\",\"mainEntityOfPage\":{\"@id\":\"https:\\\/\\\/www.eldiario.net\\\/portal\\\/2022\\\/01\\\/05\\\/francia-investiga-terrorismo-por-explosion-en-equipo-de-rally\\\/\"},\"wordCount\":170,\"publisher\":{\"@id\":\"https:\\\/\\\/www.eldiario.net\\\/portal\\\/#organization\"},\"image\":{\"@id\":\"https:\\\/\\\/www.eldiario.net\\\/portal\\\/2022\\\/01\\\/05\\\/francia-investiga-terrorismo-por-explosion-en-equipo-de-rally\\\/#primaryimage\"},\"thumbnailUrl\":\"\",\"articleSection\":[\"Internacional\"],\"inLanguage\":\"es\"},{\"@type\":\"WebPage\",\"@id\":\"https:\\\/\\\/www.eldiario.net\\\/portal\\\/2022\\\/01\\\/05\\\/francia-investiga-terrorismo-por-explosion-en-equipo-de-rally\\\/\",\"url\":\"https:\\\/\\\/www.eldiario.net\\\/portal\\\/2022\\\/01\\\/05\\\/francia-investiga-terrorismo-por-explosion-en-equipo-de-rally\\\/\",\"name\":\"Francia investiga terrorismo por explosi\u00f3n en equipo de rally - El Diario - Bolivia\",\"isPartOf\":{\"@id\":\"https:\\\/\\\/www.eldiario.net\\\/portal\\\/#website\"},\"primaryImageOfPage\":{\"@id\":\"https:\\\/\\\/www.eldiario.net\\\/portal\\\/2022\\\/01\\\/05\\\/francia-investiga-terrorismo-por-explosion-en-equipo-de-rally\\\/#primaryimage\"},\"image\":{\"@id\":\"https:\\\/\\\/www.eldiario.net\\\/portal\\\/2022\\\/01\\\/05\\\/francia-investiga-terrorismo-por-explosion-en-equipo-de-rally\\\/#primaryimage\"},\"thumbnailUrl\":\"\",\"datePublished\":\"2022-01-05T09:31:56+00:00\",\"breadcrumb\":{\"@id\":\"https:\\\/\\\/www.eldiario.net\\\/portal\\\/2022\\\/01\\\/05\\\/francia-investiga-terrorismo-por-explosion-en-equipo-de-rally\\\/#breadcrumb\"},\"inLanguage\":\"es\",\"potentialAction\":[{\"@type\":\"ReadAction\",\"target\":[\"https:\\\/\\\/www.eldiario.net\\\/portal\\\/2022\\\/01\\\/05\\\/francia-investiga-terrorismo-por-explosion-en-equipo-de-rally\\\/\"]}]},{\"@type\":\"ImageObject\",\"inLanguage\":\"es\",\"@id\":\"https:\\\/\\\/www.eldiario.net\\\/portal\\\/2022\\\/01\\\/05\\\/francia-investiga-terrorismo-por-explosion-en-equipo-de-rally\\\/#primaryimage\",\"url\":\"\",\"contentUrl\":\"\"},{\"@type\":\"BreadcrumbList\",\"@id\":\"https:\\\/\\\/www.eldiario.net\\\/portal\\\/2022\\\/01\\\/05\\\/francia-investiga-terrorismo-por-explosion-en-equipo-de-rally\\\/#breadcrumb\",\"itemListElement\":[{\"@type\":\"ListItem\",\"position\":1,\"name\":\"Portada\",\"item\":\"https:\\\/\\\/www.eldiario.net\\\/portal\\\/\"},{\"@type\":\"ListItem\",\"position\":2,\"name\":\"Francia investiga terrorismo por explosi\u00f3n en equipo de rally\"}]},{\"@type\":\"WebSite\",\"@id\":\"https:\\\/\\\/www.eldiario.net\\\/portal\\\/#website\",\"url\":\"https:\\\/\\\/www.eldiario.net\\\/portal\\\/\",\"name\":\"El Diario - Decano de la prensa nacional\",\"description\":\"El Diario - Decano de la prensa nacional\",\"publisher\":{\"@id\":\"https:\\\/\\\/www.eldiario.net\\\/portal\\\/#organization\"},\"potentialAction\":[{\"@type\":\"SearchAction\",\"target\":{\"@type\":\"EntryPoint\",\"urlTemplate\":\"https:\\\/\\\/www.eldiario.net\\\/portal\\\/?s={search_term_string}\"},\"query-input\":{\"@type\":\"PropertyValueSpecification\",\"valueRequired\":true,\"valueName\":\"search_term_string\"}}],\"inLanguage\":\"es\"},{\"@type\":\"Organization\",\"@id\":\"https:\\\/\\\/www.eldiario.net\\\/portal\\\/#organization\",\"name\":\"El Diario - Decano de la prensa nacional\",\"url\":\"https:\\\/\\\/www.eldiario.net\\\/portal\\\/\",\"logo\":{\"@type\":\"ImageObject\",\"inLanguage\":\"es\",\"@id\":\"https:\\\/\\\/www.eldiario.net\\\/portal\\\/#\\\/schema\\\/logo\\\/image\\\/\",\"url\":\"https:\\\/\\\/www.eldiario.net\\\/portal\\\/wp-content\\\/uploads\\\/2023\\\/07\\\/logo_ED.jpg\",\"contentUrl\":\"https:\\\/\\\/www.eldiario.net\\\/portal\\\/wp-content\\\/uploads\\\/2023\\\/07\\\/logo_ED.jpg\",\"width\":272,\"height\":52,\"caption\":\"El Diario - Decano de la prensa nacional\"},\"image\":{\"@id\":\"https:\\\/\\\/www.eldiario.net\\\/portal\\\/#\\\/schema\\\/logo\\\/image\\\/\"},\"sameAs\":[\"https:\\\/\\\/www.facebook.com\\\/eldiario.bolivia\\\/\",\"https:\\\/\\\/x.com\\\/eldiario_net\"]},{\"@type\":\"Person\",\"@id\":\"https:\\\/\\\/www.eldiario.net\\\/portal\\\/#\\\/schema\\\/person\\\/2c57cf2b7a7ae032e449e4c9b1019eac\",\"name\":\"Jeanette\",\"image\":{\"@type\":\"ImageObject\",\"inLanguage\":\"es\",\"@id\":\"https:\\\/\\\/secure.gravatar.com\\\/avatar\\\/3ea2118a5f7dad2b7138b1187a6b7ee55f160b9968b66013c3a3ef39dd7e5798?s=96&d=mm&r=g\",\"url\":\"https:\\\/\\\/secure.gravatar.com\\\/avatar\\\/3ea2118a5f7dad2b7138b1187a6b7ee55f160b9968b66013c3a3ef39dd7e5798?s=96&d=mm&r=g\",\"contentUrl\":\"https:\\\/\\\/secure.gravatar.com\\\/avatar\\\/3ea2118a5f7dad2b7138b1187a6b7ee55f160b9968b66013c3a3ef39dd7e5798?s=96&d=mm&r=g\",\"caption\":\"Jeanette\"},\"sameAs\":[\"https:\\\/\\\/www.eldiario.net\\\/portal\"],\"url\":\"https:\\\/\\\/www.eldiario.net\\\/portal\\\/author\\\/jeanette\\\/\"}]}<\/script>\n<!-- \/ Yoast SEO plugin. -->","yoast_head_json":{"title":"Francia investiga terrorismo por explosi\u00f3n en equipo de rally - El Diario - Bolivia","robots":{"index":"index","follow":"follow","max-snippet":"max-snippet:-1","max-image-preview":"max-image-preview:large","max-video-preview":"max-video-preview:-1"},"canonical":"https:\/\/www.eldiario.net\/portal\/2022\/01\/05\/francia-investiga-terrorismo-por-explosion-en-equipo-de-rally\/","og_locale":"es_ES","og_type":"article","og_title":"Francia investiga terrorismo por explosi\u00f3n en equipo de rally - El Diario - Bolivia","og_description":"Par\u00eds.- Fiscales franceses dijeron ayer que iniciaron una investigaci\u00f3n por terrorismo despu\u00e9s de que un veh\u00edculo involucrado en el Par\u00eds-Dakar explot\u00f3 la semana pasada en Arabia Saudita, hiriendo a uno de los competidores. En un comunicado, los fiscales dijeron que la explosi\u00f3n ocurri\u00f3 el 30 de diciembre en la ciudad saud\u00ed de Yeda y que [&hellip;]","og_url":"https:\/\/www.eldiario.net\/portal\/2022\/01\/05\/francia-investiga-terrorismo-por-explosion-en-equipo-de-rally\/","og_site_name":"El Diario - Bolivia","article_publisher":"https:\/\/www.facebook.com\/eldiario.bolivia\/","article_published_time":"2022-01-05T09:31:56+00:00","author":"Jeanette","twitter_card":"summary_large_image","twitter_creator":"@eldiario_net","twitter_site":"@eldiario_net","twitter_misc":{"Escrito por":"Jeanette","Tiempo de lectura":"1 minuto"},"schema":{"@context":"https:\/\/schema.org","@graph":[{"@type":"Article","@id":"https:\/\/www.eldiario.net\/portal\/2022\/01\/05\/francia-investiga-terrorismo-por-explosion-en-equipo-de-rally\/#article","isPartOf":{"@id":"https:\/\/www.eldiario.net\/portal\/2022\/01\/05\/francia-investiga-terrorismo-por-explosion-en-equipo-de-rally\/"},"author":{"name":"Jeanette","@id":"https:\/\/www.eldiario.net\/portal\/#\/schema\/person\/2c57cf2b7a7ae032e449e4c9b1019eac"},"headline":"Francia investiga terrorismo por explosi\u00f3n en equipo de rally","datePublished":"2022-01-05T09:31:56+00:00","mainEntityOfPage":{"@id":"https:\/\/www.eldiario.net\/portal\/2022\/01\/05\/francia-investiga-terrorismo-por-explosion-en-equipo-de-rally\/"},"wordCount":170,"publisher":{"@id":"https:\/\/www.eldiario.net\/portal\/#organization"},"image":{"@id":"https:\/\/www.eldiario.net\/portal\/2022\/01\/05\/francia-investiga-terrorismo-por-explosion-en-equipo-de-rally\/#primaryimage"},"thumbnailUrl":"","articleSection":["Internacional"],"inLanguage":"es"},{"@type":"WebPage","@id":"https:\/\/www.eldiario.net\/portal\/2022\/01\/05\/francia-investiga-terrorismo-por-explosion-en-equipo-de-rally\/","url":"https:\/\/www.eldiario.net\/portal\/2022\/01\/05\/francia-investiga-terrorismo-por-explosion-en-equipo-de-rally\/","name":"Francia investiga terrorismo por explosi\u00f3n en equipo de rally - El Diario - Bolivia","isPartOf":{"@id":"https:\/\/www.eldiario.net\/portal\/#website"},"primaryImageOfPage":{"@id":"https:\/\/www.eldiario.net\/portal\/2022\/01\/05\/francia-investiga-terrorismo-por-explosion-en-equipo-de-rally\/#primaryimage"},"image":{"@id":"https:\/\/www.eldiario.net\/portal\/2022\/01\/05\/francia-investiga-terrorismo-por-explosion-en-equipo-de-rally\/#primaryimage"},"thumbnailUrl":"","datePublished":"2022-01-05T09:31:56+00:00","breadcrumb":{"@id":"https:\/\/www.eldiario.net\/portal\/2022\/01\/05\/francia-investiga-terrorismo-por-explosion-en-equipo-de-rally\/#breadcrumb"},"inLanguage":"es","potentialAction":[{"@type":"ReadAction","target":["https:\/\/www.eldiario.net\/portal\/2022\/01\/05\/francia-investiga-terrorismo-por-explosion-en-equipo-de-rally\/"]}]},{"@type":"ImageObject","inLanguage":"es","@id":"https:\/\/www.eldiario.net\/portal\/2022\/01\/05\/francia-investiga-terrorismo-por-explosion-en-equipo-de-rally\/#primaryimage","url":"","contentUrl":""},{"@type":"BreadcrumbList","@id":"https:\/\/www.eldiario.net\/portal\/2022\/01\/05\/francia-investiga-terrorismo-por-explosion-en-equipo-de-rally\/#breadcrumb","itemListElement":[{"@type":"ListItem","position":1,"name":"Portada","item":"https:\/\/www.eldiario.net\/portal\/"},{"@type":"ListItem","position":2,"name":"Francia investiga terrorismo por explosi\u00f3n en equipo de rally"}]},{"@type":"WebSite","@id":"https:\/\/www.eldiario.net\/portal\/#website","url":"https:\/\/www.eldiario.net\/portal\/","name":"El Diario - Decano de la prensa nacional","description":"El Diario - Decano de la prensa nacional","publisher":{"@id":"https:\/\/www.eldiario.net\/portal\/#organization"},"potentialAction":[{"@type":"SearchAction","target":{"@type":"EntryPoint","urlTemplate":"https:\/\/www.eldiario.net\/portal\/?s={search_term_string}"},"query-input":{"@type":"PropertyValueSpecification","valueRequired":true,"valueName":"search_term_string"}}],"inLanguage":"es"},{"@type":"Organization","@id":"https:\/\/www.eldiario.net\/portal\/#organization","name":"El Diario - Decano de la prensa nacional","url":"https:\/\/www.eldiario.net\/portal\/","logo":{"@type":"ImageObject","inLanguage":"es","@id":"https:\/\/www.eldiario.net\/portal\/#\/schema\/logo\/image\/","url":"https:\/\/www.eldiario.net\/portal\/wp-content\/uploads\/2023\/07\/logo_ED.jpg","contentUrl":"https:\/\/www.eldiario.net\/portal\/wp-content\/uploads\/2023\/07\/logo_ED.jpg","width":272,"height":52,"caption":"El Diario - Decano de la prensa nacional"},"image":{"@id":"https:\/\/www.eldiario.net\/portal\/#\/schema\/logo\/image\/"},"sameAs":["https:\/\/www.facebook.com\/eldiario.bolivia\/","https:\/\/x.com\/eldiario_net"]},{"@type":"Person","@id":"https:\/\/www.eldiario.net\/portal\/#\/schema\/person\/2c57cf2b7a7ae032e449e4c9b1019eac","name":"Jeanette","image":{"@type":"ImageObject","inLanguage":"es","@id":"https:\/\/secure.gravatar.com\/avatar\/3ea2118a5f7dad2b7138b1187a6b7ee55f160b9968b66013c3a3ef39dd7e5798?s=96&d=mm&r=g","url":"https:\/\/secure.gravatar.com\/avatar\/3ea2118a5f7dad2b7138b1187a6b7ee55f160b9968b66013c3a3ef39dd7e5798?s=96&d=mm&r=g","contentUrl":"https:\/\/secure.gravatar.com\/avatar\/3ea2118a5f7dad2b7138b1187a6b7ee55f160b9968b66013c3a3ef39dd7e5798?s=96&d=mm&r=g","caption":"Jeanette"},"sameAs":["https:\/\/www.eldiario.net\/portal"],"url":"https:\/\/www.eldiario.net\/portal\/author\/jeanette\/"}]}},"_links":{"self":[{"href":"https:\/\/www.eldiario.net\/portal\/wp-json\/wp\/v2\/posts\/54020","targetHints":{"allow":["GET"]}}],"collection":[{"href":"https:\/\/www.eldiario.net\/portal\/wp-json\/wp\/v2\/posts"}],"about":[{"href":"https:\/\/www.eldiario.net\/portal\/wp-json\/wp\/v2\/types\/post"}],"author":[{"embeddable":true,"href":"https:\/\/www.eldiario.net\/portal\/wp-json\/wp\/v2\/users\/1"}],"replies":[{"embeddable":true,"href":"https:\/\/www.eldiario.net\/portal\/wp-json\/wp\/v2\/comments?post=54020"}],"version-history":[{"count":0,"href":"https:\/\/www.eldiario.net\/portal\/wp-json\/wp\/v2\/posts\/54020\/revisions"}],"wp:attachment":[{"href":"https:\/\/www.eldiario.net\/portal\/wp-json\/wp\/v2\/media?parent=54020"}],"wp:term":[{"taxonomy":"category","embeddable":true,"href":"https:\/\/www.eldiario.net\/portal\/wp-json\/wp\/v2\/categories?post=54020"},{"taxonomy":"post_tag","embeddable":true,"href":"https:\/\/www.eldiario.net\/portal\/wp-json\/wp\/v2\/tags?post=54020"}],"curies":[{"name":"wp","href":"https:\/\/api.w.org\/{rel}","templated":true}]}}