{"id":54008,"date":"2022-01-04T06:34:36","date_gmt":"2022-01-04T10:34:36","guid":{"rendered":"https:\/\/www.eldiario.net\/portal\/?p=54008"},"modified":"2022-01-04T06:34:36","modified_gmt":"2022-01-04T10:34:36","slug":"acciones-nocivas-en-desmedro-de-la-naturaleza","status":"publish","type":"post","link":"https:\/\/www.eldiario.net\/portal\/2022\/01\/04\/acciones-nocivas-en-desmedro-de-la-naturaleza\/","title":{"rendered":"Acciones nocivas en desmedro de la naturaleza"},"content":{"rendered":"<p><strong>Por: Equipo editor<\/strong><\/p>\n<p>&nbsp;<\/p>\n<p><strong>Problemas ambientales en Bolivia<\/strong><\/p>\n<p>&nbsp;<\/p>\n<p>Dentro de los problemas ambientales encontrados en Bolivia tenemos: la p\u00e9rdida de la cobertura vegetal, la erosi\u00f3n de los suelos, la deforestaci\u00f3n, la quema indiscriminada de bosques, el uso indiscriminado de agroqu\u00edmicos en la agricultura, el sobrepastoreo, la contaminaci\u00f3n de las aguas debido a la miner\u00eda y la falta de saneamiento ambiental en las zonas urbanas.<\/p>\n<p>&nbsp;<\/p>\n<p><strong>Erosi\u00f3n de los suelos<\/strong><\/p>\n<p>&nbsp;<\/p>\n<p>La erosi\u00f3n es el desgaste de la capa superficial de la tierra, donde se hallan los sustratos que ayudan a fertilizar el suelo. Si bien el aire y el agua pueden provocar erosi\u00f3n, el quitar las capas de protecci\u00f3n, como hierbas, \u00e1rboles y rocas, tambi\u00e9n influyen en su expansi\u00f3n.<\/p>\n<p>&nbsp;<\/p>\n<p>Uno de los principales problemas ecol\u00f3gicos de Bolivia es la erosi\u00f3n de los suelos, por ser de gran magnitud y tener implicaciones con la econom\u00eda y alimentaci\u00f3n de la poblaci\u00f3n. El hombre al realizar los cultivos anuales, el sobrepastoreo, el uso excesivo de los arbustos como le\u00f1a y el uso inadecuado de t\u00e9cnicas inapropiadas en la agricultura, ha causado la fragilidad de los suelos.<\/p>\n<p>&nbsp;<\/p>\n<p>En Bolivia, los departamentos m\u00e1s afectados por estos fen\u00f3menos son: La Paz, Cochabamba, Chuquisaca, Potos\u00ed y Oruro, especialmente en sus regiones \u00e1ridas y semi\u00e1ridas.<\/p>\n<p>&nbsp;<\/p>\n<p>Para prevenir la erosi\u00f3n de los suelos es necesario capacitar a los agricultores en el uso adecuado de los agroqu\u00edmicos y el Medio Ambiente.<\/p>\n<p>&nbsp;<\/p>\n<p><strong>Deforestaci\u00f3n<\/strong><\/p>\n<p>&nbsp;<\/p>\n<p>La deforestaci\u00f3n de los bosques en Bolivia, se ha visto incrementada en los \u00faltimos a\u00f1os a consecuencia de la expansi\u00f3n de la agricultura mecanizada, seguida de la ganader\u00eda. El departamento de Santa Cruz es el que m\u00e1s se ha encontrado afectado con un 76 % de su territorio, el crecimiento de la agricultura mecanizada se debe al acceso a los mercados de exportaci\u00f3n.<\/p>\n<p>&nbsp;<\/p>\n<p>Actualmente, la p\u00e9rdida anual de los bosques a consecuencia de la deforestaci\u00f3n es de 194.000 hect\u00e1reas, en los departamentos de Santa Cruz y Beni, mismo que llegan al 8 % del territorio nacional.<\/p>\n<p>&nbsp;<\/p>\n<p>Dentro de otras causas de la deforestaci\u00f3n se encuentra la tala indiscriminada de los \u00e1rboles con fines comerciales, si bien los bosques pueden regenerarse, la actividad maderera implica la apertura de caminos, que posteriormente facilitan la ocupaci\u00f3n espont\u00e1nea de las tierras por los colonos migrantes, con la consecuente deforestaci\u00f3n.<\/p>\n<p>&nbsp;<\/p>\n<p><strong>Lucha contra la deforestaci\u00f3n en Bolivia<\/strong><\/p>\n<p>&nbsp;<\/p>\n<p>El Gobierno reconoci\u00f3 que los chaqueos e incendios en los bosques causan la deforestaci\u00f3n de aproximadamente 200.000 hect\u00e1reas por a\u00f1o, especialmente en las tierras bajas. En Bolivia existen m\u00e1s de 7 millones de \u00e1rboles plantados en \u00e1reas deforestadas y hasta 2015 se cumplir\u00e1 la meta de 10 millones.<\/p>\n<p>&nbsp;<\/p>\n<p><strong>Impacto de la industria petrolera y minera<\/strong><\/p>\n<p>&nbsp;<\/p>\n<p>La industria petrolera es un agente importante en la degradaci\u00f3n ambiental, dentro de los sistemas de impactos se encuentran la apertura de carreteras y oleoductos, construcciones diversas, derrames de petr\u00f3leo y descargas de aguas de formaci\u00f3n (salubres y contaminadas) abriendo paso a la colonizaci\u00f3n espont\u00e1nea y la deforestaci\u00f3n como impactos secundarios.<\/p>\n<p>&nbsp;<\/p>\n<p>Las actividades mineras generan impactos severos como la destrucci\u00f3n de la cobertura vegetal, la erosi\u00f3n, sedimentaci\u00f3n de los r\u00edos y contaminaci\u00f3n de los suelos agropecuarios con productos residuales. Entre las contaminantes que se producen se encuentran, \u00e1cidos, bases, as\u00ed como tambi\u00e9n metales pesados peligrosos para la salud humana que afectan a la agricultura y la ganader\u00eda.<\/p>\n<p>&nbsp;<\/p>\n<p><strong>Cambios clim\u00e1ticos<\/strong><\/p>\n<p>&nbsp;<\/p>\n<p>El cambio clim\u00e1tico es la modificaci\u00f3n del clima atribuida directa o indirectamente a la actividad humana que se suma a la variabilidad del clima. Las causas son: las emisiones industriales, la combusti\u00f3n, el chaqueo y el uso inadecuado de la tierra, que producen la emisi\u00f3n de los gases del efecto invernadero como: el di\u00f3xido de carbono, metano, clorofluorocarbonos, y \u00f3xido nitroso los cuales han incrementado de manera considerada su concentraci\u00f3n en la atm\u00f3sfera. Uno de los impactos m\u00e1s notorios del calentamiento global es el retroceso de los glaciares andinos, el mismo que pone en riesgo el abastecimiento de aguas y energ\u00eda el\u00e9ctrica en las ciudades de La Paz y El Alto.<\/p>\n<p>&nbsp;<\/p>\n<p><strong>Contaminaci\u00f3n del agua<\/strong><\/p>\n<p>&nbsp;<\/p>\n<p>La contaminaci\u00f3n del agua en Bolivia se debe a los desechos provenientes de la industria minera (Oruro y Potos\u00ed) estas aguas atraviesan cerca de las grandes ciudades (La Paz, El Alto, Cochabamba y Santa Cruz). Actualmente se calcula que el 82 % de enfermedades encontradas en Bolivia son a causa de las aguas contaminadas, dentro de las cuales se encuentran a las diarreas infantiles que causan mortalidad infantil.<\/p>\n<p>&nbsp;<\/p>\n<p>Actualmente, se han registrado contaminaci\u00f3n de las aguas del lago Titicaca, los pobladores indican que de un d\u00eda para otro, las aguas se ti\u00f1eron de color verde, muchas especies de ranas murieron y se encuentran en peligro de extinci\u00f3n, no se sabe con certeza de donde proviene esta contaminaci\u00f3n, pero se sospecha de industrias del vecino pa\u00eds Per\u00fa.<\/p>\n<p><a href=\"https:\/\/www.eldiario.net\/portal\/wp-content\/uploads\/2022\/01\/Bio-Mas.png\"><img loading=\"lazy\" decoding=\"async\" class=\"aligncenter size-full wp-image-54010\" src=\"https:\/\/www.eldiario.net\/portal\/wp-content\/uploads\/2022\/01\/Bio-Mas.png\" alt=\"\" width=\"1020\" height=\"1275\" \/><\/a><\/p>\n","protected":false},"excerpt":{"rendered":"<p>Por: Equipo editor &nbsp; Problemas ambientales en Bolivia &nbsp; Dentro de los problemas ambientales encontrados en Bolivia tenemos: la p\u00e9rdida de la cobertura vegetal, la erosi\u00f3n de los suelos, la deforestaci\u00f3n, la quema indiscriminada de bosques, el uso indiscriminado de agroqu\u00edmicos en la agricultura, el sobrepastoreo, la contaminaci\u00f3n de las aguas debido a la miner\u00eda [&hellip;]<\/p>\n","protected":false},"author":1,"featured_media":54009,"comment_status":"closed","ping_status":"closed","sticky":false,"template":"","format":"standard","meta":{"_acf_changed":false,"footnotes":""},"categories":[43],"tags":[],"class_list":["post-54008","post","type-post","status-publish","format-standard","has-post-thumbnail","category-nuevos-horizontes"],"acf":{"antetitulo":""},"yoast_head":"<!-- This site is optimized with the Yoast SEO plugin v28.4 - https:\/\/yoast.com\/product\/yoast-seo-wordpress\/ -->\n<title>Acciones nocivas en desmedro de la naturaleza - El Diario - Bolivia<\/title>\n<meta name=\"robots\" content=\"index, follow, max-snippet:-1, max-image-preview:large, max-video-preview:-1\" \/>\n<link rel=\"canonical\" href=\"https:\/\/www.eldiario.net\/portal\/2022\/01\/04\/acciones-nocivas-en-desmedro-de-la-naturaleza\/\" \/>\n<meta property=\"og:locale\" content=\"es_ES\" \/>\n<meta property=\"og:type\" content=\"article\" \/>\n<meta property=\"og:title\" content=\"Acciones nocivas en desmedro de la naturaleza - El Diario - Bolivia\" \/>\n<meta property=\"og:description\" content=\"Por: Equipo editor &nbsp; Problemas ambientales en Bolivia &nbsp; Dentro de los problemas ambientales encontrados en Bolivia tenemos: la p\u00e9rdida de la cobertura vegetal, la erosi\u00f3n de los suelos, la deforestaci\u00f3n, la quema indiscriminada de bosques, el uso indiscriminado de agroqu\u00edmicos en la agricultura, el sobrepastoreo, la contaminaci\u00f3n de las aguas debido a la miner\u00eda [&hellip;]\" \/>\n<meta property=\"og:url\" content=\"https:\/\/www.eldiario.net\/portal\/2022\/01\/04\/acciones-nocivas-en-desmedro-de-la-naturaleza\/\" \/>\n<meta property=\"og:site_name\" content=\"El Diario - Bolivia\" \/>\n<meta property=\"article:publisher\" content=\"https:\/\/www.facebook.com\/eldiario.bolivia\/\" \/>\n<meta property=\"article:published_time\" content=\"2022-01-04T10:34:36+00:00\" \/>\n<meta name=\"author\" content=\"Jeanette\" \/>\n<meta name=\"twitter:card\" content=\"summary_large_image\" \/>\n<meta name=\"twitter:creator\" content=\"@eldiario_net\" \/>\n<meta name=\"twitter:site\" content=\"@eldiario_net\" \/>\n<meta name=\"twitter:label1\" content=\"Escrito por\" \/>\n\t<meta name=\"twitter:data1\" content=\"Jeanette\" \/>\n\t<meta name=\"twitter:label2\" content=\"Tiempo de lectura\" \/>\n\t<meta name=\"twitter:data2\" content=\"4 minutos\" \/>\n<script type=\"application\/ld+json\" class=\"yoast-schema-graph\">{\"@context\":\"https:\\\/\\\/schema.org\",\"@graph\":[{\"@type\":\"Article\",\"@id\":\"https:\\\/\\\/www.eldiario.net\\\/portal\\\/2022\\\/01\\\/04\\\/acciones-nocivas-en-desmedro-de-la-naturaleza\\\/#article\",\"isPartOf\":{\"@id\":\"https:\\\/\\\/www.eldiario.net\\\/portal\\\/2022\\\/01\\\/04\\\/acciones-nocivas-en-desmedro-de-la-naturaleza\\\/\"},\"author\":{\"name\":\"Jeanette\",\"@id\":\"https:\\\/\\\/www.eldiario.net\\\/portal\\\/#\\\/schema\\\/person\\\/2c57cf2b7a7ae032e449e4c9b1019eac\"},\"headline\":\"Acciones nocivas en desmedro de la naturaleza\",\"datePublished\":\"2022-01-04T10:34:36+00:00\",\"mainEntityOfPage\":{\"@id\":\"https:\\\/\\\/www.eldiario.net\\\/portal\\\/2022\\\/01\\\/04\\\/acciones-nocivas-en-desmedro-de-la-naturaleza\\\/\"},\"wordCount\":876,\"publisher\":{\"@id\":\"https:\\\/\\\/www.eldiario.net\\\/portal\\\/#organization\"},\"image\":{\"@id\":\"https:\\\/\\\/www.eldiario.net\\\/portal\\\/2022\\\/01\\\/04\\\/acciones-nocivas-en-desmedro-de-la-naturaleza\\\/#primaryimage\"},\"thumbnailUrl\":\"\",\"articleSection\":[\"Nuevos Horizontes\"],\"inLanguage\":\"es\"},{\"@type\":\"WebPage\",\"@id\":\"https:\\\/\\\/www.eldiario.net\\\/portal\\\/2022\\\/01\\\/04\\\/acciones-nocivas-en-desmedro-de-la-naturaleza\\\/\",\"url\":\"https:\\\/\\\/www.eldiario.net\\\/portal\\\/2022\\\/01\\\/04\\\/acciones-nocivas-en-desmedro-de-la-naturaleza\\\/\",\"name\":\"Acciones nocivas en desmedro de la naturaleza - El Diario - Bolivia\",\"isPartOf\":{\"@id\":\"https:\\\/\\\/www.eldiario.net\\\/portal\\\/#website\"},\"primaryImageOfPage\":{\"@id\":\"https:\\\/\\\/www.eldiario.net\\\/portal\\\/2022\\\/01\\\/04\\\/acciones-nocivas-en-desmedro-de-la-naturaleza\\\/#primaryimage\"},\"image\":{\"@id\":\"https:\\\/\\\/www.eldiario.net\\\/portal\\\/2022\\\/01\\\/04\\\/acciones-nocivas-en-desmedro-de-la-naturaleza\\\/#primaryimage\"},\"thumbnailUrl\":\"\",\"datePublished\":\"2022-01-04T10:34:36+00:00\",\"breadcrumb\":{\"@id\":\"https:\\\/\\\/www.eldiario.net\\\/portal\\\/2022\\\/01\\\/04\\\/acciones-nocivas-en-desmedro-de-la-naturaleza\\\/#breadcrumb\"},\"inLanguage\":\"es\",\"potentialAction\":[{\"@type\":\"ReadAction\",\"target\":[\"https:\\\/\\\/www.eldiario.net\\\/portal\\\/2022\\\/01\\\/04\\\/acciones-nocivas-en-desmedro-de-la-naturaleza\\\/\"]}]},{\"@type\":\"ImageObject\",\"inLanguage\":\"es\",\"@id\":\"https:\\\/\\\/www.eldiario.net\\\/portal\\\/2022\\\/01\\\/04\\\/acciones-nocivas-en-desmedro-de-la-naturaleza\\\/#primaryimage\",\"url\":\"\",\"contentUrl\":\"\"},{\"@type\":\"BreadcrumbList\",\"@id\":\"https:\\\/\\\/www.eldiario.net\\\/portal\\\/2022\\\/01\\\/04\\\/acciones-nocivas-en-desmedro-de-la-naturaleza\\\/#breadcrumb\",\"itemListElement\":[{\"@type\":\"ListItem\",\"position\":1,\"name\":\"Portada\",\"item\":\"https:\\\/\\\/www.eldiario.net\\\/portal\\\/\"},{\"@type\":\"ListItem\",\"position\":2,\"name\":\"Acciones nocivas en desmedro de la naturaleza\"}]},{\"@type\":\"WebSite\",\"@id\":\"https:\\\/\\\/www.eldiario.net\\\/portal\\\/#website\",\"url\":\"https:\\\/\\\/www.eldiario.net\\\/portal\\\/\",\"name\":\"El Diario - Decano de la prensa nacional\",\"description\":\"El Diario - Decano de la prensa nacional\",\"publisher\":{\"@id\":\"https:\\\/\\\/www.eldiario.net\\\/portal\\\/#organization\"},\"potentialAction\":[{\"@type\":\"SearchAction\",\"target\":{\"@type\":\"EntryPoint\",\"urlTemplate\":\"https:\\\/\\\/www.eldiario.net\\\/portal\\\/?s={search_term_string}\"},\"query-input\":{\"@type\":\"PropertyValueSpecification\",\"valueRequired\":true,\"valueName\":\"search_term_string\"}}],\"inLanguage\":\"es\"},{\"@type\":\"Organization\",\"@id\":\"https:\\\/\\\/www.eldiario.net\\\/portal\\\/#organization\",\"name\":\"El Diario - Decano de la prensa nacional\",\"url\":\"https:\\\/\\\/www.eldiario.net\\\/portal\\\/\",\"logo\":{\"@type\":\"ImageObject\",\"inLanguage\":\"es\",\"@id\":\"https:\\\/\\\/www.eldiario.net\\\/portal\\\/#\\\/schema\\\/logo\\\/image\\\/\",\"url\":\"https:\\\/\\\/www.eldiario.net\\\/portal\\\/wp-content\\\/uploads\\\/2023\\\/07\\\/logo_ED.jpg\",\"contentUrl\":\"https:\\\/\\\/www.eldiario.net\\\/portal\\\/wp-content\\\/uploads\\\/2023\\\/07\\\/logo_ED.jpg\",\"width\":272,\"height\":52,\"caption\":\"El Diario - Decano de la prensa nacional\"},\"image\":{\"@id\":\"https:\\\/\\\/www.eldiario.net\\\/portal\\\/#\\\/schema\\\/logo\\\/image\\\/\"},\"sameAs\":[\"https:\\\/\\\/www.facebook.com\\\/eldiario.bolivia\\\/\",\"https:\\\/\\\/x.com\\\/eldiario_net\"]},{\"@type\":\"Person\",\"@id\":\"https:\\\/\\\/www.eldiario.net\\\/portal\\\/#\\\/schema\\\/person\\\/2c57cf2b7a7ae032e449e4c9b1019eac\",\"name\":\"Jeanette\",\"image\":{\"@type\":\"ImageObject\",\"inLanguage\":\"es\",\"@id\":\"https:\\\/\\\/secure.gravatar.com\\\/avatar\\\/3ea2118a5f7dad2b7138b1187a6b7ee55f160b9968b66013c3a3ef39dd7e5798?s=96&d=mm&r=g\",\"url\":\"https:\\\/\\\/secure.gravatar.com\\\/avatar\\\/3ea2118a5f7dad2b7138b1187a6b7ee55f160b9968b66013c3a3ef39dd7e5798?s=96&d=mm&r=g\",\"contentUrl\":\"https:\\\/\\\/secure.gravatar.com\\\/avatar\\\/3ea2118a5f7dad2b7138b1187a6b7ee55f160b9968b66013c3a3ef39dd7e5798?s=96&d=mm&r=g\",\"caption\":\"Jeanette\"},\"sameAs\":[\"https:\\\/\\\/www.eldiario.net\\\/portal\"],\"url\":\"https:\\\/\\\/www.eldiario.net\\\/portal\\\/author\\\/jeanette\\\/\"}]}<\/script>\n<!-- \/ Yoast SEO plugin. -->","yoast_head_json":{"title":"Acciones nocivas en desmedro de la naturaleza - El Diario - Bolivia","robots":{"index":"index","follow":"follow","max-snippet":"max-snippet:-1","max-image-preview":"max-image-preview:large","max-video-preview":"max-video-preview:-1"},"canonical":"https:\/\/www.eldiario.net\/portal\/2022\/01\/04\/acciones-nocivas-en-desmedro-de-la-naturaleza\/","og_locale":"es_ES","og_type":"article","og_title":"Acciones nocivas en desmedro de la naturaleza - El Diario - Bolivia","og_description":"Por: Equipo editor &nbsp; Problemas ambientales en Bolivia &nbsp; Dentro de los problemas ambientales encontrados en Bolivia tenemos: la p\u00e9rdida de la cobertura vegetal, la erosi\u00f3n de los suelos, la deforestaci\u00f3n, la quema indiscriminada de bosques, el uso indiscriminado de agroqu\u00edmicos en la agricultura, el sobrepastoreo, la contaminaci\u00f3n de las aguas debido a la miner\u00eda [&hellip;]","og_url":"https:\/\/www.eldiario.net\/portal\/2022\/01\/04\/acciones-nocivas-en-desmedro-de-la-naturaleza\/","og_site_name":"El Diario - Bolivia","article_publisher":"https:\/\/www.facebook.com\/eldiario.bolivia\/","article_published_time":"2022-01-04T10:34:36+00:00","author":"Jeanette","twitter_card":"summary_large_image","twitter_creator":"@eldiario_net","twitter_site":"@eldiario_net","twitter_misc":{"Escrito por":"Jeanette","Tiempo de lectura":"4 minutos"},"schema":{"@context":"https:\/\/schema.org","@graph":[{"@type":"Article","@id":"https:\/\/www.eldiario.net\/portal\/2022\/01\/04\/acciones-nocivas-en-desmedro-de-la-naturaleza\/#article","isPartOf":{"@id":"https:\/\/www.eldiario.net\/portal\/2022\/01\/04\/acciones-nocivas-en-desmedro-de-la-naturaleza\/"},"author":{"name":"Jeanette","@id":"https:\/\/www.eldiario.net\/portal\/#\/schema\/person\/2c57cf2b7a7ae032e449e4c9b1019eac"},"headline":"Acciones nocivas en desmedro de la naturaleza","datePublished":"2022-01-04T10:34:36+00:00","mainEntityOfPage":{"@id":"https:\/\/www.eldiario.net\/portal\/2022\/01\/04\/acciones-nocivas-en-desmedro-de-la-naturaleza\/"},"wordCount":876,"publisher":{"@id":"https:\/\/www.eldiario.net\/portal\/#organization"},"image":{"@id":"https:\/\/www.eldiario.net\/portal\/2022\/01\/04\/acciones-nocivas-en-desmedro-de-la-naturaleza\/#primaryimage"},"thumbnailUrl":"","articleSection":["Nuevos Horizontes"],"inLanguage":"es"},{"@type":"WebPage","@id":"https:\/\/www.eldiario.net\/portal\/2022\/01\/04\/acciones-nocivas-en-desmedro-de-la-naturaleza\/","url":"https:\/\/www.eldiario.net\/portal\/2022\/01\/04\/acciones-nocivas-en-desmedro-de-la-naturaleza\/","name":"Acciones nocivas en desmedro de la naturaleza - El Diario - Bolivia","isPartOf":{"@id":"https:\/\/www.eldiario.net\/portal\/#website"},"primaryImageOfPage":{"@id":"https:\/\/www.eldiario.net\/portal\/2022\/01\/04\/acciones-nocivas-en-desmedro-de-la-naturaleza\/#primaryimage"},"image":{"@id":"https:\/\/www.eldiario.net\/portal\/2022\/01\/04\/acciones-nocivas-en-desmedro-de-la-naturaleza\/#primaryimage"},"thumbnailUrl":"","datePublished":"2022-01-04T10:34:36+00:00","breadcrumb":{"@id":"https:\/\/www.eldiario.net\/portal\/2022\/01\/04\/acciones-nocivas-en-desmedro-de-la-naturaleza\/#breadcrumb"},"inLanguage":"es","potentialAction":[{"@type":"ReadAction","target":["https:\/\/www.eldiario.net\/portal\/2022\/01\/04\/acciones-nocivas-en-desmedro-de-la-naturaleza\/"]}]},{"@type":"ImageObject","inLanguage":"es","@id":"https:\/\/www.eldiario.net\/portal\/2022\/01\/04\/acciones-nocivas-en-desmedro-de-la-naturaleza\/#primaryimage","url":"","contentUrl":""},{"@type":"BreadcrumbList","@id":"https:\/\/www.eldiario.net\/portal\/2022\/01\/04\/acciones-nocivas-en-desmedro-de-la-naturaleza\/#breadcrumb","itemListElement":[{"@type":"ListItem","position":1,"name":"Portada","item":"https:\/\/www.eldiario.net\/portal\/"},{"@type":"ListItem","position":2,"name":"Acciones nocivas en desmedro de la naturaleza"}]},{"@type":"WebSite","@id":"https:\/\/www.eldiario.net\/portal\/#website","url":"https:\/\/www.eldiario.net\/portal\/","name":"El Diario - Decano de la prensa nacional","description":"El Diario - Decano de la prensa nacional","publisher":{"@id":"https:\/\/www.eldiario.net\/portal\/#organization"},"potentialAction":[{"@type":"SearchAction","target":{"@type":"EntryPoint","urlTemplate":"https:\/\/www.eldiario.net\/portal\/?s={search_term_string}"},"query-input":{"@type":"PropertyValueSpecification","valueRequired":true,"valueName":"search_term_string"}}],"inLanguage":"es"},{"@type":"Organization","@id":"https:\/\/www.eldiario.net\/portal\/#organization","name":"El Diario - Decano de la prensa nacional","url":"https:\/\/www.eldiario.net\/portal\/","logo":{"@type":"ImageObject","inLanguage":"es","@id":"https:\/\/www.eldiario.net\/portal\/#\/schema\/logo\/image\/","url":"https:\/\/www.eldiario.net\/portal\/wp-content\/uploads\/2023\/07\/logo_ED.jpg","contentUrl":"https:\/\/www.eldiario.net\/portal\/wp-content\/uploads\/2023\/07\/logo_ED.jpg","width":272,"height":52,"caption":"El Diario - Decano de la prensa nacional"},"image":{"@id":"https:\/\/www.eldiario.net\/portal\/#\/schema\/logo\/image\/"},"sameAs":["https:\/\/www.facebook.com\/eldiario.bolivia\/","https:\/\/x.com\/eldiario_net"]},{"@type":"Person","@id":"https:\/\/www.eldiario.net\/portal\/#\/schema\/person\/2c57cf2b7a7ae032e449e4c9b1019eac","name":"Jeanette","image":{"@type":"ImageObject","inLanguage":"es","@id":"https:\/\/secure.gravatar.com\/avatar\/3ea2118a5f7dad2b7138b1187a6b7ee55f160b9968b66013c3a3ef39dd7e5798?s=96&d=mm&r=g","url":"https:\/\/secure.gravatar.com\/avatar\/3ea2118a5f7dad2b7138b1187a6b7ee55f160b9968b66013c3a3ef39dd7e5798?s=96&d=mm&r=g","contentUrl":"https:\/\/secure.gravatar.com\/avatar\/3ea2118a5f7dad2b7138b1187a6b7ee55f160b9968b66013c3a3ef39dd7e5798?s=96&d=mm&r=g","caption":"Jeanette"},"sameAs":["https:\/\/www.eldiario.net\/portal"],"url":"https:\/\/www.eldiario.net\/portal\/author\/jeanette\/"}]}},"_links":{"self":[{"href":"https:\/\/www.eldiario.net\/portal\/wp-json\/wp\/v2\/posts\/54008","targetHints":{"allow":["GET"]}}],"collection":[{"href":"https:\/\/www.eldiario.net\/portal\/wp-json\/wp\/v2\/posts"}],"about":[{"href":"https:\/\/www.eldiario.net\/portal\/wp-json\/wp\/v2\/types\/post"}],"author":[{"embeddable":true,"href":"https:\/\/www.eldiario.net\/portal\/wp-json\/wp\/v2\/users\/1"}],"replies":[{"embeddable":true,"href":"https:\/\/www.eldiario.net\/portal\/wp-json\/wp\/v2\/comments?post=54008"}],"version-history":[{"count":0,"href":"https:\/\/www.eldiario.net\/portal\/wp-json\/wp\/v2\/posts\/54008\/revisions"}],"wp:attachment":[{"href":"https:\/\/www.eldiario.net\/portal\/wp-json\/wp\/v2\/media?parent=54008"}],"wp:term":[{"taxonomy":"category","embeddable":true,"href":"https:\/\/www.eldiario.net\/portal\/wp-json\/wp\/v2\/categories?post=54008"},{"taxonomy":"post_tag","embeddable":true,"href":"https:\/\/www.eldiario.net\/portal\/wp-json\/wp\/v2\/tags?post=54008"}],"curies":[{"name":"wp","href":"https:\/\/api.w.org\/{rel}","templated":true}]}}