{"id":53992,"date":"2022-01-04T06:26:23","date_gmt":"2022-01-04T10:26:23","guid":{"rendered":"https:\/\/www.eldiario.net\/portal\/?p=53992"},"modified":"2022-01-04T06:26:23","modified_gmt":"2022-01-04T10:26:23","slug":"inde-asegura-al-nene-correa-aviles-ya-pinta-bien","status":"publish","type":"post","link":"https:\/\/www.eldiario.net\/portal\/2022\/01\/04\/inde-asegura-al-nene-correa-aviles-ya-pinta-bien\/","title":{"rendered":"Inde asegura al \u00abNene\u00bb Correa, Avil\u00e9s, ya \u00abpinta\u00bb bien"},"content":{"rendered":"<p class=\"v1MsoNormal\">Independiente hizo noticia tras perder a la mayor\u00eda de sus jugadores. Ayer renov\u00f3 con Erick Correa y Mijail Avil\u00e9s, pilares en el equipo que se coron\u00f3 campe\u00f3n, dejando una sensaci\u00f3n de satisfacci\u00f3n en su parcialidad que se preocup\u00f3 ante la salida de varias de sus figuras.<\/p>\n<p class=\"v1MsoNormal\">Se dec\u00eda que el \u00abNene\u00bb Correa partir\u00eda a Wilsterman, pero se queda en el \u00abMatador\u00bb, jugar\u00e1 \u00f1a Copa Libertadores y el torneo local.<\/p>\n<p class=\"v1MsoNormal\">De manera paralela hubo varias renovaciones de contrato ayer, entre las que destacan el volante y capit\u00e1n llanero, Mijail Avil\u00e9s, quien fue sondeado por equipos del interior.<\/p>\n<p class=\"v1MsoNormal\">Adem\u00e1s, el Inde renov\u00f3 con Joel Bejarano, Henry Alaca, Luis Al\u00ed, adem\u00e1s de los Bejarano, el \u00abMonky\u00bb Bejarano y el \u00abVeloz \u00bb Medina, quienes no se mover\u00e1n del elenco chuquisaque\u00f1o que est\u00e1 conformando un plantel con recursos limitados.<\/p>\n<p class=\"v1MsoNormal\">Por este motivo, el entrenador Marcelo Robledo y la presidenta Jenny Monta\u00f1o y su directorio se reunieron ayer para confirmar el mejor equipo posible.<\/p>\n","protected":false},"excerpt":{"rendered":"<p>Independiente hizo noticia tras perder a la mayor\u00eda de sus jugadores. Ayer renov\u00f3 con Erick Correa y Mijail Avil\u00e9s, pilares en el equipo que se coron\u00f3 campe\u00f3n, dejando una sensaci\u00f3n de satisfacci\u00f3n en su parcialidad que se preocup\u00f3 ante la salida de varias de sus figuras. Se dec\u00eda que el \u00abNene\u00bb Correa partir\u00eda a Wilsterman, [&hellip;]<\/p>\n","protected":false},"author":1,"featured_media":53993,"comment_status":"closed","ping_status":"closed","sticky":false,"template":"","format":"standard","meta":{"_acf_changed":false,"footnotes":""},"categories":[6],"tags":[],"class_list":["post-53992","post","type-post","status-publish","format-standard","has-post-thumbnail","category-deportes"],"acf":{"antetitulo":""},"yoast_head":"<!-- This site is optimized with the Yoast SEO plugin v28.4 - https:\/\/yoast.com\/product\/yoast-seo-wordpress\/ -->\n<title>Inde asegura al &quot;Nene&quot; Correa, Avil\u00e9s, ya &quot;pinta&quot; bien - El Diario - Bolivia<\/title>\n<meta name=\"robots\" content=\"index, follow, max-snippet:-1, max-image-preview:large, max-video-preview:-1\" \/>\n<link rel=\"canonical\" href=\"https:\/\/www.eldiario.net\/portal\/2022\/01\/04\/inde-asegura-al-nene-correa-aviles-ya-pinta-bien\/\" \/>\n<meta property=\"og:locale\" content=\"es_ES\" \/>\n<meta property=\"og:type\" content=\"article\" \/>\n<meta property=\"og:title\" content=\"Inde asegura al &quot;Nene&quot; Correa, Avil\u00e9s, ya &quot;pinta&quot; bien - El Diario - Bolivia\" \/>\n<meta property=\"og:description\" content=\"Independiente hizo noticia tras perder a la mayor\u00eda de sus jugadores. Ayer renov\u00f3 con Erick Correa y Mijail Avil\u00e9s, pilares en el equipo que se coron\u00f3 campe\u00f3n, dejando una sensaci\u00f3n de satisfacci\u00f3n en su parcialidad que se preocup\u00f3 ante la salida de varias de sus figuras. Se dec\u00eda que el \u00abNene\u00bb Correa partir\u00eda a Wilsterman, [&hellip;]\" \/>\n<meta property=\"og:url\" content=\"https:\/\/www.eldiario.net\/portal\/2022\/01\/04\/inde-asegura-al-nene-correa-aviles-ya-pinta-bien\/\" \/>\n<meta property=\"og:site_name\" content=\"El Diario - Bolivia\" \/>\n<meta property=\"article:publisher\" content=\"https:\/\/www.facebook.com\/eldiario.bolivia\/\" \/>\n<meta property=\"article:published_time\" content=\"2022-01-04T10:26:23+00:00\" \/>\n<meta name=\"author\" content=\"Jeanette\" \/>\n<meta name=\"twitter:card\" content=\"summary_large_image\" \/>\n<meta name=\"twitter:creator\" content=\"@eldiario_net\" \/>\n<meta name=\"twitter:site\" content=\"@eldiario_net\" \/>\n<meta name=\"twitter:label1\" content=\"Escrito por\" \/>\n\t<meta name=\"twitter:data1\" content=\"Jeanette\" \/>\n\t<meta name=\"twitter:label2\" content=\"Tiempo de lectura\" \/>\n\t<meta name=\"twitter:data2\" content=\"1 minuto\" \/>\n<script type=\"application\/ld+json\" class=\"yoast-schema-graph\">{\"@context\":\"https:\\\/\\\/schema.org\",\"@graph\":[{\"@type\":\"Article\",\"@id\":\"https:\\\/\\\/www.eldiario.net\\\/portal\\\/2022\\\/01\\\/04\\\/inde-asegura-al-nene-correa-aviles-ya-pinta-bien\\\/#article\",\"isPartOf\":{\"@id\":\"https:\\\/\\\/www.eldiario.net\\\/portal\\\/2022\\\/01\\\/04\\\/inde-asegura-al-nene-correa-aviles-ya-pinta-bien\\\/\"},\"author\":{\"name\":\"Jeanette\",\"@id\":\"https:\\\/\\\/www.eldiario.net\\\/portal\\\/#\\\/schema\\\/person\\\/2c57cf2b7a7ae032e449e4c9b1019eac\"},\"headline\":\"Inde asegura al \u00abNene\u00bb Correa, Avil\u00e9s, ya \u00abpinta\u00bb bien\",\"datePublished\":\"2022-01-04T10:26:23+00:00\",\"mainEntityOfPage\":{\"@id\":\"https:\\\/\\\/www.eldiario.net\\\/portal\\\/2022\\\/01\\\/04\\\/inde-asegura-al-nene-correa-aviles-ya-pinta-bien\\\/\"},\"wordCount\":181,\"publisher\":{\"@id\":\"https:\\\/\\\/www.eldiario.net\\\/portal\\\/#organization\"},\"image\":{\"@id\":\"https:\\\/\\\/www.eldiario.net\\\/portal\\\/2022\\\/01\\\/04\\\/inde-asegura-al-nene-correa-aviles-ya-pinta-bien\\\/#primaryimage\"},\"thumbnailUrl\":\"\",\"articleSection\":[\"Deportes\"],\"inLanguage\":\"es\"},{\"@type\":\"WebPage\",\"@id\":\"https:\\\/\\\/www.eldiario.net\\\/portal\\\/2022\\\/01\\\/04\\\/inde-asegura-al-nene-correa-aviles-ya-pinta-bien\\\/\",\"url\":\"https:\\\/\\\/www.eldiario.net\\\/portal\\\/2022\\\/01\\\/04\\\/inde-asegura-al-nene-correa-aviles-ya-pinta-bien\\\/\",\"name\":\"Inde asegura al \\\"Nene\\\" Correa, Avil\u00e9s, ya \\\"pinta\\\" bien - El Diario - Bolivia\",\"isPartOf\":{\"@id\":\"https:\\\/\\\/www.eldiario.net\\\/portal\\\/#website\"},\"primaryImageOfPage\":{\"@id\":\"https:\\\/\\\/www.eldiario.net\\\/portal\\\/2022\\\/01\\\/04\\\/inde-asegura-al-nene-correa-aviles-ya-pinta-bien\\\/#primaryimage\"},\"image\":{\"@id\":\"https:\\\/\\\/www.eldiario.net\\\/portal\\\/2022\\\/01\\\/04\\\/inde-asegura-al-nene-correa-aviles-ya-pinta-bien\\\/#primaryimage\"},\"thumbnailUrl\":\"\",\"datePublished\":\"2022-01-04T10:26:23+00:00\",\"breadcrumb\":{\"@id\":\"https:\\\/\\\/www.eldiario.net\\\/portal\\\/2022\\\/01\\\/04\\\/inde-asegura-al-nene-correa-aviles-ya-pinta-bien\\\/#breadcrumb\"},\"inLanguage\":\"es\",\"potentialAction\":[{\"@type\":\"ReadAction\",\"target\":[\"https:\\\/\\\/www.eldiario.net\\\/portal\\\/2022\\\/01\\\/04\\\/inde-asegura-al-nene-correa-aviles-ya-pinta-bien\\\/\"]}]},{\"@type\":\"ImageObject\",\"inLanguage\":\"es\",\"@id\":\"https:\\\/\\\/www.eldiario.net\\\/portal\\\/2022\\\/01\\\/04\\\/inde-asegura-al-nene-correa-aviles-ya-pinta-bien\\\/#primaryimage\",\"url\":\"\",\"contentUrl\":\"\"},{\"@type\":\"BreadcrumbList\",\"@id\":\"https:\\\/\\\/www.eldiario.net\\\/portal\\\/2022\\\/01\\\/04\\\/inde-asegura-al-nene-correa-aviles-ya-pinta-bien\\\/#breadcrumb\",\"itemListElement\":[{\"@type\":\"ListItem\",\"position\":1,\"name\":\"Portada\",\"item\":\"https:\\\/\\\/www.eldiario.net\\\/portal\\\/\"},{\"@type\":\"ListItem\",\"position\":2,\"name\":\"Inde asegura al \u00abNene\u00bb Correa, Avil\u00e9s, ya \u00abpinta\u00bb bien\"}]},{\"@type\":\"WebSite\",\"@id\":\"https:\\\/\\\/www.eldiario.net\\\/portal\\\/#website\",\"url\":\"https:\\\/\\\/www.eldiario.net\\\/portal\\\/\",\"name\":\"El Diario - Decano de la prensa nacional\",\"description\":\"El Diario - Decano de la prensa nacional\",\"publisher\":{\"@id\":\"https:\\\/\\\/www.eldiario.net\\\/portal\\\/#organization\"},\"potentialAction\":[{\"@type\":\"SearchAction\",\"target\":{\"@type\":\"EntryPoint\",\"urlTemplate\":\"https:\\\/\\\/www.eldiario.net\\\/portal\\\/?s={search_term_string}\"},\"query-input\":{\"@type\":\"PropertyValueSpecification\",\"valueRequired\":true,\"valueName\":\"search_term_string\"}}],\"inLanguage\":\"es\"},{\"@type\":\"Organization\",\"@id\":\"https:\\\/\\\/www.eldiario.net\\\/portal\\\/#organization\",\"name\":\"El Diario - Decano de la prensa nacional\",\"url\":\"https:\\\/\\\/www.eldiario.net\\\/portal\\\/\",\"logo\":{\"@type\":\"ImageObject\",\"inLanguage\":\"es\",\"@id\":\"https:\\\/\\\/www.eldiario.net\\\/portal\\\/#\\\/schema\\\/logo\\\/image\\\/\",\"url\":\"https:\\\/\\\/www.eldiario.net\\\/portal\\\/wp-content\\\/uploads\\\/2023\\\/07\\\/logo_ED.jpg\",\"contentUrl\":\"https:\\\/\\\/www.eldiario.net\\\/portal\\\/wp-content\\\/uploads\\\/2023\\\/07\\\/logo_ED.jpg\",\"width\":272,\"height\":52,\"caption\":\"El Diario - Decano de la prensa nacional\"},\"image\":{\"@id\":\"https:\\\/\\\/www.eldiario.net\\\/portal\\\/#\\\/schema\\\/logo\\\/image\\\/\"},\"sameAs\":[\"https:\\\/\\\/www.facebook.com\\\/eldiario.bolivia\\\/\",\"https:\\\/\\\/x.com\\\/eldiario_net\"]},{\"@type\":\"Person\",\"@id\":\"https:\\\/\\\/www.eldiario.net\\\/portal\\\/#\\\/schema\\\/person\\\/2c57cf2b7a7ae032e449e4c9b1019eac\",\"name\":\"Jeanette\",\"image\":{\"@type\":\"ImageObject\",\"inLanguage\":\"es\",\"@id\":\"https:\\\/\\\/secure.gravatar.com\\\/avatar\\\/3ea2118a5f7dad2b7138b1187a6b7ee55f160b9968b66013c3a3ef39dd7e5798?s=96&d=mm&r=g\",\"url\":\"https:\\\/\\\/secure.gravatar.com\\\/avatar\\\/3ea2118a5f7dad2b7138b1187a6b7ee55f160b9968b66013c3a3ef39dd7e5798?s=96&d=mm&r=g\",\"contentUrl\":\"https:\\\/\\\/secure.gravatar.com\\\/avatar\\\/3ea2118a5f7dad2b7138b1187a6b7ee55f160b9968b66013c3a3ef39dd7e5798?s=96&d=mm&r=g\",\"caption\":\"Jeanette\"},\"sameAs\":[\"https:\\\/\\\/www.eldiario.net\\\/portal\"],\"url\":\"https:\\\/\\\/www.eldiario.net\\\/portal\\\/author\\\/jeanette\\\/\"}]}<\/script>\n<!-- \/ Yoast SEO plugin. -->","yoast_head_json":{"title":"Inde asegura al \"Nene\" Correa, Avil\u00e9s, ya \"pinta\" bien - El Diario - Bolivia","robots":{"index":"index","follow":"follow","max-snippet":"max-snippet:-1","max-image-preview":"max-image-preview:large","max-video-preview":"max-video-preview:-1"},"canonical":"https:\/\/www.eldiario.net\/portal\/2022\/01\/04\/inde-asegura-al-nene-correa-aviles-ya-pinta-bien\/","og_locale":"es_ES","og_type":"article","og_title":"Inde asegura al \"Nene\" Correa, Avil\u00e9s, ya \"pinta\" bien - El Diario - Bolivia","og_description":"Independiente hizo noticia tras perder a la mayor\u00eda de sus jugadores. Ayer renov\u00f3 con Erick Correa y Mijail Avil\u00e9s, pilares en el equipo que se coron\u00f3 campe\u00f3n, dejando una sensaci\u00f3n de satisfacci\u00f3n en su parcialidad que se preocup\u00f3 ante la salida de varias de sus figuras. Se dec\u00eda que el \u00abNene\u00bb Correa partir\u00eda a Wilsterman, [&hellip;]","og_url":"https:\/\/www.eldiario.net\/portal\/2022\/01\/04\/inde-asegura-al-nene-correa-aviles-ya-pinta-bien\/","og_site_name":"El Diario - Bolivia","article_publisher":"https:\/\/www.facebook.com\/eldiario.bolivia\/","article_published_time":"2022-01-04T10:26:23+00:00","author":"Jeanette","twitter_card":"summary_large_image","twitter_creator":"@eldiario_net","twitter_site":"@eldiario_net","twitter_misc":{"Escrito por":"Jeanette","Tiempo de lectura":"1 minuto"},"schema":{"@context":"https:\/\/schema.org","@graph":[{"@type":"Article","@id":"https:\/\/www.eldiario.net\/portal\/2022\/01\/04\/inde-asegura-al-nene-correa-aviles-ya-pinta-bien\/#article","isPartOf":{"@id":"https:\/\/www.eldiario.net\/portal\/2022\/01\/04\/inde-asegura-al-nene-correa-aviles-ya-pinta-bien\/"},"author":{"name":"Jeanette","@id":"https:\/\/www.eldiario.net\/portal\/#\/schema\/person\/2c57cf2b7a7ae032e449e4c9b1019eac"},"headline":"Inde asegura al \u00abNene\u00bb Correa, Avil\u00e9s, ya \u00abpinta\u00bb bien","datePublished":"2022-01-04T10:26:23+00:00","mainEntityOfPage":{"@id":"https:\/\/www.eldiario.net\/portal\/2022\/01\/04\/inde-asegura-al-nene-correa-aviles-ya-pinta-bien\/"},"wordCount":181,"publisher":{"@id":"https:\/\/www.eldiario.net\/portal\/#organization"},"image":{"@id":"https:\/\/www.eldiario.net\/portal\/2022\/01\/04\/inde-asegura-al-nene-correa-aviles-ya-pinta-bien\/#primaryimage"},"thumbnailUrl":"","articleSection":["Deportes"],"inLanguage":"es"},{"@type":"WebPage","@id":"https:\/\/www.eldiario.net\/portal\/2022\/01\/04\/inde-asegura-al-nene-correa-aviles-ya-pinta-bien\/","url":"https:\/\/www.eldiario.net\/portal\/2022\/01\/04\/inde-asegura-al-nene-correa-aviles-ya-pinta-bien\/","name":"Inde asegura al \"Nene\" Correa, Avil\u00e9s, ya \"pinta\" bien - El Diario - Bolivia","isPartOf":{"@id":"https:\/\/www.eldiario.net\/portal\/#website"},"primaryImageOfPage":{"@id":"https:\/\/www.eldiario.net\/portal\/2022\/01\/04\/inde-asegura-al-nene-correa-aviles-ya-pinta-bien\/#primaryimage"},"image":{"@id":"https:\/\/www.eldiario.net\/portal\/2022\/01\/04\/inde-asegura-al-nene-correa-aviles-ya-pinta-bien\/#primaryimage"},"thumbnailUrl":"","datePublished":"2022-01-04T10:26:23+00:00","breadcrumb":{"@id":"https:\/\/www.eldiario.net\/portal\/2022\/01\/04\/inde-asegura-al-nene-correa-aviles-ya-pinta-bien\/#breadcrumb"},"inLanguage":"es","potentialAction":[{"@type":"ReadAction","target":["https:\/\/www.eldiario.net\/portal\/2022\/01\/04\/inde-asegura-al-nene-correa-aviles-ya-pinta-bien\/"]}]},{"@type":"ImageObject","inLanguage":"es","@id":"https:\/\/www.eldiario.net\/portal\/2022\/01\/04\/inde-asegura-al-nene-correa-aviles-ya-pinta-bien\/#primaryimage","url":"","contentUrl":""},{"@type":"BreadcrumbList","@id":"https:\/\/www.eldiario.net\/portal\/2022\/01\/04\/inde-asegura-al-nene-correa-aviles-ya-pinta-bien\/#breadcrumb","itemListElement":[{"@type":"ListItem","position":1,"name":"Portada","item":"https:\/\/www.eldiario.net\/portal\/"},{"@type":"ListItem","position":2,"name":"Inde asegura al \u00abNene\u00bb Correa, Avil\u00e9s, ya \u00abpinta\u00bb bien"}]},{"@type":"WebSite","@id":"https:\/\/www.eldiario.net\/portal\/#website","url":"https:\/\/www.eldiario.net\/portal\/","name":"El Diario - Decano de la prensa nacional","description":"El Diario - Decano de la prensa nacional","publisher":{"@id":"https:\/\/www.eldiario.net\/portal\/#organization"},"potentialAction":[{"@type":"SearchAction","target":{"@type":"EntryPoint","urlTemplate":"https:\/\/www.eldiario.net\/portal\/?s={search_term_string}"},"query-input":{"@type":"PropertyValueSpecification","valueRequired":true,"valueName":"search_term_string"}}],"inLanguage":"es"},{"@type":"Organization","@id":"https:\/\/www.eldiario.net\/portal\/#organization","name":"El Diario - Decano de la prensa nacional","url":"https:\/\/www.eldiario.net\/portal\/","logo":{"@type":"ImageObject","inLanguage":"es","@id":"https:\/\/www.eldiario.net\/portal\/#\/schema\/logo\/image\/","url":"https:\/\/www.eldiario.net\/portal\/wp-content\/uploads\/2023\/07\/logo_ED.jpg","contentUrl":"https:\/\/www.eldiario.net\/portal\/wp-content\/uploads\/2023\/07\/logo_ED.jpg","width":272,"height":52,"caption":"El Diario - Decano de la prensa nacional"},"image":{"@id":"https:\/\/www.eldiario.net\/portal\/#\/schema\/logo\/image\/"},"sameAs":["https:\/\/www.facebook.com\/eldiario.bolivia\/","https:\/\/x.com\/eldiario_net"]},{"@type":"Person","@id":"https:\/\/www.eldiario.net\/portal\/#\/schema\/person\/2c57cf2b7a7ae032e449e4c9b1019eac","name":"Jeanette","image":{"@type":"ImageObject","inLanguage":"es","@id":"https:\/\/secure.gravatar.com\/avatar\/3ea2118a5f7dad2b7138b1187a6b7ee55f160b9968b66013c3a3ef39dd7e5798?s=96&d=mm&r=g","url":"https:\/\/secure.gravatar.com\/avatar\/3ea2118a5f7dad2b7138b1187a6b7ee55f160b9968b66013c3a3ef39dd7e5798?s=96&d=mm&r=g","contentUrl":"https:\/\/secure.gravatar.com\/avatar\/3ea2118a5f7dad2b7138b1187a6b7ee55f160b9968b66013c3a3ef39dd7e5798?s=96&d=mm&r=g","caption":"Jeanette"},"sameAs":["https:\/\/www.eldiario.net\/portal"],"url":"https:\/\/www.eldiario.net\/portal\/author\/jeanette\/"}]}},"_links":{"self":[{"href":"https:\/\/www.eldiario.net\/portal\/wp-json\/wp\/v2\/posts\/53992","targetHints":{"allow":["GET"]}}],"collection":[{"href":"https:\/\/www.eldiario.net\/portal\/wp-json\/wp\/v2\/posts"}],"about":[{"href":"https:\/\/www.eldiario.net\/portal\/wp-json\/wp\/v2\/types\/post"}],"author":[{"embeddable":true,"href":"https:\/\/www.eldiario.net\/portal\/wp-json\/wp\/v2\/users\/1"}],"replies":[{"embeddable":true,"href":"https:\/\/www.eldiario.net\/portal\/wp-json\/wp\/v2\/comments?post=53992"}],"version-history":[{"count":0,"href":"https:\/\/www.eldiario.net\/portal\/wp-json\/wp\/v2\/posts\/53992\/revisions"}],"wp:attachment":[{"href":"https:\/\/www.eldiario.net\/portal\/wp-json\/wp\/v2\/media?parent=53992"}],"wp:term":[{"taxonomy":"category","embeddable":true,"href":"https:\/\/www.eldiario.net\/portal\/wp-json\/wp\/v2\/categories?post=53992"},{"taxonomy":"post_tag","embeddable":true,"href":"https:\/\/www.eldiario.net\/portal\/wp-json\/wp\/v2\/tags?post=53992"}],"curies":[{"name":"wp","href":"https:\/\/api.w.org\/{rel}","templated":true}]}}