{"id":53989,"date":"2022-01-04T06:25:33","date_gmt":"2022-01-04T10:25:33","guid":{"rendered":"https:\/\/www.eldiario.net\/portal\/?p=53989"},"modified":"2022-01-04T06:25:33","modified_gmt":"2022-01-04T10:25:33","slug":"del-solar-tenemos-un-equipo-muy-potente","status":"publish","type":"post","link":"https:\/\/www.eldiario.net\/portal\/2022\/01\/04\/del-solar-tenemos-un-equipo-muy-potente\/","title":{"rendered":"Del Solar: \u00abTenemos un equipo muy potente\u00bb"},"content":{"rendered":"<p class=\"v1MsoNormal\">El vicepresidente del club Bol\u00edvar, Jorge Del Solar, no ocult\u00f3 ayer su satisfacci\u00f3n tras el inicio de la pretemporada donde la mayor\u00eda del plantel m\u00e1s los refuerzos se dieron cita para las pruebas PCR. Del Solar, que se encarg\u00f3 de las contrataciones, afirm\u00f3 que se arm\u00f3 un equipo \u00abmuy potente\u00bb para encarar el 2022.<\/p>\n<p class=\"v1MsoNormal\">\u00abCreo que tenemos un equipo muy potente, tenemos una ofensiva temible, un equipo bastante equilibrado con cambios en casi todos los puestos as\u00ed que estamos muy ilusionados\u00bb, sostuvo Del Solar en Tembladerani.<\/p>\n<p class=\"v1MsoNormal\">Los celestes dieron luz verde ayer a la actual temporada donde la Academia contar\u00e1 con siete caras nuevas (Francisco Da Costa, Carlos Antonio Melgar, Sebasti\u00e1n Reyes, Jos\u00e9 Sagredo, Bruno S\u00e1vio, Patricio Rodr\u00edguez y el juvenil Javier Uzeda) como refuerzos para encarar los cert\u00e1menes locales y la Copa Libertadores de Am\u00e9rica (primera fase).<\/p>\n<p class=\"v1MsoNormal\">\u00abHemos trabajado fuerte los dos \u00faltimos meses hablando con el cuerpo t\u00e9cnico viendo jugador por jugador y sobre qu\u00e9 necesit\u00e1bamos. Las negociaciones para traer refuerzos fueron arduas, pero fueron positivas y creo que ser\u00e1 un buen a\u00f1o\u00bb, complement\u00f3 el directivo.<\/p>\n<p class=\"v1MsoNormal\">Del Solar subray\u00f3 que el equipo celeste qued\u00f3 completo, pero no descart\u00f3 que alguien m\u00e1s se sume, pero esto qued\u00f3 en evaluaci\u00f3n y en funci\u00f3n a la pretemporada que inici\u00f3 ayer. \u00abEl libro de pases se cierra el 31 de marzo. Nos va servir la pretemporada para ver si necesitamos (un fichaje m\u00e1s) en alg\u00fan lugar espec\u00edfico por ahora estamos bien\u00bb, mencion\u00f3.<\/p>\n<p class=\"v1MsoNormal\">SALIDAS Y PR\u00c9STAMOS<\/p>\n<p class=\"v1MsoNormal\">Sobre salidas, el vicepresidente bolivarista indic\u00f3 que C\u00e9sar Menacho tiene todo arreglado para ir como restamos a Wilstermann y ayer se confirm\u00f3 que Diego Gim\u00e9nez ser\u00e1 cedido a Independiente. En tanto, sobre el caso del espa\u00f1ol Alberto Guiti\u00e1n indic\u00f3 que sigue siendo del plantel.\u00a0 Se manejaba que Guiti\u00e1n no estar\u00eda en planes de Antonio Carlos Zago, pero ayer se present\u00f3 de manera normal a la pretemporada y dijo que \u00abpor el momento estamos aqu\u00ed nadie nos ha comunicado lo contrario. Venimos ilusionados y sabemos lo que nos espera este a\u00f1o\u00bb, sostuvo el defensor ib\u00e9rico.<\/p>\n","protected":false},"excerpt":{"rendered":"<p>El vicepresidente del club Bol\u00edvar, Jorge Del Solar, no ocult\u00f3 ayer su satisfacci\u00f3n tras el inicio de la pretemporada donde la mayor\u00eda del plantel m\u00e1s los refuerzos se dieron cita para las pruebas PCR. Del Solar, que se encarg\u00f3 de las contrataciones, afirm\u00f3 que se arm\u00f3 un equipo \u00abmuy potente\u00bb para encarar el 2022. \u00abCreo [&hellip;]<\/p>\n","protected":false},"author":1,"featured_media":53990,"comment_status":"closed","ping_status":"closed","sticky":false,"template":"","format":"standard","meta":{"_acf_changed":false,"footnotes":""},"categories":[6],"tags":[],"class_list":["post-53989","post","type-post","status-publish","format-standard","has-post-thumbnail","category-deportes"],"acf":{"antetitulo":""},"yoast_head":"<!-- This site is optimized with the Yoast SEO plugin v28.4 - https:\/\/yoast.com\/product\/yoast-seo-wordpress\/ -->\n<title>Del Solar: &quot;Tenemos un equipo muy potente&quot; - El Diario - Bolivia<\/title>\n<meta name=\"robots\" content=\"index, follow, max-snippet:-1, max-image-preview:large, max-video-preview:-1\" \/>\n<link rel=\"canonical\" href=\"https:\/\/www.eldiario.net\/portal\/2022\/01\/04\/del-solar-tenemos-un-equipo-muy-potente\/\" \/>\n<meta property=\"og:locale\" content=\"es_ES\" \/>\n<meta property=\"og:type\" content=\"article\" \/>\n<meta property=\"og:title\" content=\"Del Solar: &quot;Tenemos un equipo muy potente&quot; - El Diario - Bolivia\" \/>\n<meta property=\"og:description\" content=\"El vicepresidente del club Bol\u00edvar, Jorge Del Solar, no ocult\u00f3 ayer su satisfacci\u00f3n tras el inicio de la pretemporada donde la mayor\u00eda del plantel m\u00e1s los refuerzos se dieron cita para las pruebas PCR. Del Solar, que se encarg\u00f3 de las contrataciones, afirm\u00f3 que se arm\u00f3 un equipo \u00abmuy potente\u00bb para encarar el 2022. \u00abCreo [&hellip;]\" \/>\n<meta property=\"og:url\" content=\"https:\/\/www.eldiario.net\/portal\/2022\/01\/04\/del-solar-tenemos-un-equipo-muy-potente\/\" \/>\n<meta property=\"og:site_name\" content=\"El Diario - Bolivia\" \/>\n<meta property=\"article:publisher\" content=\"https:\/\/www.facebook.com\/eldiario.bolivia\/\" \/>\n<meta property=\"article:published_time\" content=\"2022-01-04T10:25:33+00:00\" \/>\n<meta name=\"author\" content=\"Jeanette\" \/>\n<meta name=\"twitter:card\" content=\"summary_large_image\" \/>\n<meta name=\"twitter:creator\" content=\"@eldiario_net\" \/>\n<meta name=\"twitter:site\" content=\"@eldiario_net\" \/>\n<meta name=\"twitter:label1\" content=\"Escrito por\" \/>\n\t<meta name=\"twitter:data1\" content=\"Jeanette\" \/>\n\t<meta name=\"twitter:label2\" content=\"Tiempo de lectura\" \/>\n\t<meta name=\"twitter:data2\" content=\"2 minutos\" \/>\n<script type=\"application\/ld+json\" class=\"yoast-schema-graph\">{\"@context\":\"https:\\\/\\\/schema.org\",\"@graph\":[{\"@type\":\"Article\",\"@id\":\"https:\\\/\\\/www.eldiario.net\\\/portal\\\/2022\\\/01\\\/04\\\/del-solar-tenemos-un-equipo-muy-potente\\\/#article\",\"isPartOf\":{\"@id\":\"https:\\\/\\\/www.eldiario.net\\\/portal\\\/2022\\\/01\\\/04\\\/del-solar-tenemos-un-equipo-muy-potente\\\/\"},\"author\":{\"name\":\"Jeanette\",\"@id\":\"https:\\\/\\\/www.eldiario.net\\\/portal\\\/#\\\/schema\\\/person\\\/2c57cf2b7a7ae032e449e4c9b1019eac\"},\"headline\":\"Del Solar: \u00abTenemos un equipo muy potente\u00bb\",\"datePublished\":\"2022-01-04T10:25:33+00:00\",\"mainEntityOfPage\":{\"@id\":\"https:\\\/\\\/www.eldiario.net\\\/portal\\\/2022\\\/01\\\/04\\\/del-solar-tenemos-un-equipo-muy-potente\\\/\"},\"wordCount\":369,\"publisher\":{\"@id\":\"https:\\\/\\\/www.eldiario.net\\\/portal\\\/#organization\"},\"image\":{\"@id\":\"https:\\\/\\\/www.eldiario.net\\\/portal\\\/2022\\\/01\\\/04\\\/del-solar-tenemos-un-equipo-muy-potente\\\/#primaryimage\"},\"thumbnailUrl\":\"\",\"articleSection\":[\"Deportes\"],\"inLanguage\":\"es\"},{\"@type\":\"WebPage\",\"@id\":\"https:\\\/\\\/www.eldiario.net\\\/portal\\\/2022\\\/01\\\/04\\\/del-solar-tenemos-un-equipo-muy-potente\\\/\",\"url\":\"https:\\\/\\\/www.eldiario.net\\\/portal\\\/2022\\\/01\\\/04\\\/del-solar-tenemos-un-equipo-muy-potente\\\/\",\"name\":\"Del Solar: \\\"Tenemos un equipo muy potente\\\" - El Diario - Bolivia\",\"isPartOf\":{\"@id\":\"https:\\\/\\\/www.eldiario.net\\\/portal\\\/#website\"},\"primaryImageOfPage\":{\"@id\":\"https:\\\/\\\/www.eldiario.net\\\/portal\\\/2022\\\/01\\\/04\\\/del-solar-tenemos-un-equipo-muy-potente\\\/#primaryimage\"},\"image\":{\"@id\":\"https:\\\/\\\/www.eldiario.net\\\/portal\\\/2022\\\/01\\\/04\\\/del-solar-tenemos-un-equipo-muy-potente\\\/#primaryimage\"},\"thumbnailUrl\":\"\",\"datePublished\":\"2022-01-04T10:25:33+00:00\",\"breadcrumb\":{\"@id\":\"https:\\\/\\\/www.eldiario.net\\\/portal\\\/2022\\\/01\\\/04\\\/del-solar-tenemos-un-equipo-muy-potente\\\/#breadcrumb\"},\"inLanguage\":\"es\",\"potentialAction\":[{\"@type\":\"ReadAction\",\"target\":[\"https:\\\/\\\/www.eldiario.net\\\/portal\\\/2022\\\/01\\\/04\\\/del-solar-tenemos-un-equipo-muy-potente\\\/\"]}]},{\"@type\":\"ImageObject\",\"inLanguage\":\"es\",\"@id\":\"https:\\\/\\\/www.eldiario.net\\\/portal\\\/2022\\\/01\\\/04\\\/del-solar-tenemos-un-equipo-muy-potente\\\/#primaryimage\",\"url\":\"\",\"contentUrl\":\"\"},{\"@type\":\"BreadcrumbList\",\"@id\":\"https:\\\/\\\/www.eldiario.net\\\/portal\\\/2022\\\/01\\\/04\\\/del-solar-tenemos-un-equipo-muy-potente\\\/#breadcrumb\",\"itemListElement\":[{\"@type\":\"ListItem\",\"position\":1,\"name\":\"Portada\",\"item\":\"https:\\\/\\\/www.eldiario.net\\\/portal\\\/\"},{\"@type\":\"ListItem\",\"position\":2,\"name\":\"Del Solar: \u00abTenemos un equipo muy potente\u00bb\"}]},{\"@type\":\"WebSite\",\"@id\":\"https:\\\/\\\/www.eldiario.net\\\/portal\\\/#website\",\"url\":\"https:\\\/\\\/www.eldiario.net\\\/portal\\\/\",\"name\":\"El Diario - Decano de la prensa nacional\",\"description\":\"El Diario - Decano de la prensa nacional\",\"publisher\":{\"@id\":\"https:\\\/\\\/www.eldiario.net\\\/portal\\\/#organization\"},\"potentialAction\":[{\"@type\":\"SearchAction\",\"target\":{\"@type\":\"EntryPoint\",\"urlTemplate\":\"https:\\\/\\\/www.eldiario.net\\\/portal\\\/?s={search_term_string}\"},\"query-input\":{\"@type\":\"PropertyValueSpecification\",\"valueRequired\":true,\"valueName\":\"search_term_string\"}}],\"inLanguage\":\"es\"},{\"@type\":\"Organization\",\"@id\":\"https:\\\/\\\/www.eldiario.net\\\/portal\\\/#organization\",\"name\":\"El Diario - Decano de la prensa nacional\",\"url\":\"https:\\\/\\\/www.eldiario.net\\\/portal\\\/\",\"logo\":{\"@type\":\"ImageObject\",\"inLanguage\":\"es\",\"@id\":\"https:\\\/\\\/www.eldiario.net\\\/portal\\\/#\\\/schema\\\/logo\\\/image\\\/\",\"url\":\"https:\\\/\\\/www.eldiario.net\\\/portal\\\/wp-content\\\/uploads\\\/2023\\\/07\\\/logo_ED.jpg\",\"contentUrl\":\"https:\\\/\\\/www.eldiario.net\\\/portal\\\/wp-content\\\/uploads\\\/2023\\\/07\\\/logo_ED.jpg\",\"width\":272,\"height\":52,\"caption\":\"El Diario - Decano de la prensa nacional\"},\"image\":{\"@id\":\"https:\\\/\\\/www.eldiario.net\\\/portal\\\/#\\\/schema\\\/logo\\\/image\\\/\"},\"sameAs\":[\"https:\\\/\\\/www.facebook.com\\\/eldiario.bolivia\\\/\",\"https:\\\/\\\/x.com\\\/eldiario_net\"]},{\"@type\":\"Person\",\"@id\":\"https:\\\/\\\/www.eldiario.net\\\/portal\\\/#\\\/schema\\\/person\\\/2c57cf2b7a7ae032e449e4c9b1019eac\",\"name\":\"Jeanette\",\"image\":{\"@type\":\"ImageObject\",\"inLanguage\":\"es\",\"@id\":\"https:\\\/\\\/secure.gravatar.com\\\/avatar\\\/3ea2118a5f7dad2b7138b1187a6b7ee55f160b9968b66013c3a3ef39dd7e5798?s=96&d=mm&r=g\",\"url\":\"https:\\\/\\\/secure.gravatar.com\\\/avatar\\\/3ea2118a5f7dad2b7138b1187a6b7ee55f160b9968b66013c3a3ef39dd7e5798?s=96&d=mm&r=g\",\"contentUrl\":\"https:\\\/\\\/secure.gravatar.com\\\/avatar\\\/3ea2118a5f7dad2b7138b1187a6b7ee55f160b9968b66013c3a3ef39dd7e5798?s=96&d=mm&r=g\",\"caption\":\"Jeanette\"},\"sameAs\":[\"https:\\\/\\\/www.eldiario.net\\\/portal\"],\"url\":\"https:\\\/\\\/www.eldiario.net\\\/portal\\\/author\\\/jeanette\\\/\"}]}<\/script>\n<!-- \/ Yoast SEO plugin. -->","yoast_head_json":{"title":"Del Solar: \"Tenemos un equipo muy potente\" - El Diario - Bolivia","robots":{"index":"index","follow":"follow","max-snippet":"max-snippet:-1","max-image-preview":"max-image-preview:large","max-video-preview":"max-video-preview:-1"},"canonical":"https:\/\/www.eldiario.net\/portal\/2022\/01\/04\/del-solar-tenemos-un-equipo-muy-potente\/","og_locale":"es_ES","og_type":"article","og_title":"Del Solar: \"Tenemos un equipo muy potente\" - El Diario - Bolivia","og_description":"El vicepresidente del club Bol\u00edvar, Jorge Del Solar, no ocult\u00f3 ayer su satisfacci\u00f3n tras el inicio de la pretemporada donde la mayor\u00eda del plantel m\u00e1s los refuerzos se dieron cita para las pruebas PCR. Del Solar, que se encarg\u00f3 de las contrataciones, afirm\u00f3 que se arm\u00f3 un equipo \u00abmuy potente\u00bb para encarar el 2022. \u00abCreo [&hellip;]","og_url":"https:\/\/www.eldiario.net\/portal\/2022\/01\/04\/del-solar-tenemos-un-equipo-muy-potente\/","og_site_name":"El Diario - Bolivia","article_publisher":"https:\/\/www.facebook.com\/eldiario.bolivia\/","article_published_time":"2022-01-04T10:25:33+00:00","author":"Jeanette","twitter_card":"summary_large_image","twitter_creator":"@eldiario_net","twitter_site":"@eldiario_net","twitter_misc":{"Escrito por":"Jeanette","Tiempo de lectura":"2 minutos"},"schema":{"@context":"https:\/\/schema.org","@graph":[{"@type":"Article","@id":"https:\/\/www.eldiario.net\/portal\/2022\/01\/04\/del-solar-tenemos-un-equipo-muy-potente\/#article","isPartOf":{"@id":"https:\/\/www.eldiario.net\/portal\/2022\/01\/04\/del-solar-tenemos-un-equipo-muy-potente\/"},"author":{"name":"Jeanette","@id":"https:\/\/www.eldiario.net\/portal\/#\/schema\/person\/2c57cf2b7a7ae032e449e4c9b1019eac"},"headline":"Del Solar: \u00abTenemos un equipo muy potente\u00bb","datePublished":"2022-01-04T10:25:33+00:00","mainEntityOfPage":{"@id":"https:\/\/www.eldiario.net\/portal\/2022\/01\/04\/del-solar-tenemos-un-equipo-muy-potente\/"},"wordCount":369,"publisher":{"@id":"https:\/\/www.eldiario.net\/portal\/#organization"},"image":{"@id":"https:\/\/www.eldiario.net\/portal\/2022\/01\/04\/del-solar-tenemos-un-equipo-muy-potente\/#primaryimage"},"thumbnailUrl":"","articleSection":["Deportes"],"inLanguage":"es"},{"@type":"WebPage","@id":"https:\/\/www.eldiario.net\/portal\/2022\/01\/04\/del-solar-tenemos-un-equipo-muy-potente\/","url":"https:\/\/www.eldiario.net\/portal\/2022\/01\/04\/del-solar-tenemos-un-equipo-muy-potente\/","name":"Del Solar: \"Tenemos un equipo muy potente\" - El Diario - Bolivia","isPartOf":{"@id":"https:\/\/www.eldiario.net\/portal\/#website"},"primaryImageOfPage":{"@id":"https:\/\/www.eldiario.net\/portal\/2022\/01\/04\/del-solar-tenemos-un-equipo-muy-potente\/#primaryimage"},"image":{"@id":"https:\/\/www.eldiario.net\/portal\/2022\/01\/04\/del-solar-tenemos-un-equipo-muy-potente\/#primaryimage"},"thumbnailUrl":"","datePublished":"2022-01-04T10:25:33+00:00","breadcrumb":{"@id":"https:\/\/www.eldiario.net\/portal\/2022\/01\/04\/del-solar-tenemos-un-equipo-muy-potente\/#breadcrumb"},"inLanguage":"es","potentialAction":[{"@type":"ReadAction","target":["https:\/\/www.eldiario.net\/portal\/2022\/01\/04\/del-solar-tenemos-un-equipo-muy-potente\/"]}]},{"@type":"ImageObject","inLanguage":"es","@id":"https:\/\/www.eldiario.net\/portal\/2022\/01\/04\/del-solar-tenemos-un-equipo-muy-potente\/#primaryimage","url":"","contentUrl":""},{"@type":"BreadcrumbList","@id":"https:\/\/www.eldiario.net\/portal\/2022\/01\/04\/del-solar-tenemos-un-equipo-muy-potente\/#breadcrumb","itemListElement":[{"@type":"ListItem","position":1,"name":"Portada","item":"https:\/\/www.eldiario.net\/portal\/"},{"@type":"ListItem","position":2,"name":"Del Solar: \u00abTenemos un equipo muy potente\u00bb"}]},{"@type":"WebSite","@id":"https:\/\/www.eldiario.net\/portal\/#website","url":"https:\/\/www.eldiario.net\/portal\/","name":"El Diario - Decano de la prensa nacional","description":"El Diario - Decano de la prensa nacional","publisher":{"@id":"https:\/\/www.eldiario.net\/portal\/#organization"},"potentialAction":[{"@type":"SearchAction","target":{"@type":"EntryPoint","urlTemplate":"https:\/\/www.eldiario.net\/portal\/?s={search_term_string}"},"query-input":{"@type":"PropertyValueSpecification","valueRequired":true,"valueName":"search_term_string"}}],"inLanguage":"es"},{"@type":"Organization","@id":"https:\/\/www.eldiario.net\/portal\/#organization","name":"El Diario - Decano de la prensa nacional","url":"https:\/\/www.eldiario.net\/portal\/","logo":{"@type":"ImageObject","inLanguage":"es","@id":"https:\/\/www.eldiario.net\/portal\/#\/schema\/logo\/image\/","url":"https:\/\/www.eldiario.net\/portal\/wp-content\/uploads\/2023\/07\/logo_ED.jpg","contentUrl":"https:\/\/www.eldiario.net\/portal\/wp-content\/uploads\/2023\/07\/logo_ED.jpg","width":272,"height":52,"caption":"El Diario - Decano de la prensa nacional"},"image":{"@id":"https:\/\/www.eldiario.net\/portal\/#\/schema\/logo\/image\/"},"sameAs":["https:\/\/www.facebook.com\/eldiario.bolivia\/","https:\/\/x.com\/eldiario_net"]},{"@type":"Person","@id":"https:\/\/www.eldiario.net\/portal\/#\/schema\/person\/2c57cf2b7a7ae032e449e4c9b1019eac","name":"Jeanette","image":{"@type":"ImageObject","inLanguage":"es","@id":"https:\/\/secure.gravatar.com\/avatar\/3ea2118a5f7dad2b7138b1187a6b7ee55f160b9968b66013c3a3ef39dd7e5798?s=96&d=mm&r=g","url":"https:\/\/secure.gravatar.com\/avatar\/3ea2118a5f7dad2b7138b1187a6b7ee55f160b9968b66013c3a3ef39dd7e5798?s=96&d=mm&r=g","contentUrl":"https:\/\/secure.gravatar.com\/avatar\/3ea2118a5f7dad2b7138b1187a6b7ee55f160b9968b66013c3a3ef39dd7e5798?s=96&d=mm&r=g","caption":"Jeanette"},"sameAs":["https:\/\/www.eldiario.net\/portal"],"url":"https:\/\/www.eldiario.net\/portal\/author\/jeanette\/"}]}},"_links":{"self":[{"href":"https:\/\/www.eldiario.net\/portal\/wp-json\/wp\/v2\/posts\/53989","targetHints":{"allow":["GET"]}}],"collection":[{"href":"https:\/\/www.eldiario.net\/portal\/wp-json\/wp\/v2\/posts"}],"about":[{"href":"https:\/\/www.eldiario.net\/portal\/wp-json\/wp\/v2\/types\/post"}],"author":[{"embeddable":true,"href":"https:\/\/www.eldiario.net\/portal\/wp-json\/wp\/v2\/users\/1"}],"replies":[{"embeddable":true,"href":"https:\/\/www.eldiario.net\/portal\/wp-json\/wp\/v2\/comments?post=53989"}],"version-history":[{"count":0,"href":"https:\/\/www.eldiario.net\/portal\/wp-json\/wp\/v2\/posts\/53989\/revisions"}],"wp:attachment":[{"href":"https:\/\/www.eldiario.net\/portal\/wp-json\/wp\/v2\/media?parent=53989"}],"wp:term":[{"taxonomy":"category","embeddable":true,"href":"https:\/\/www.eldiario.net\/portal\/wp-json\/wp\/v2\/categories?post=53989"},{"taxonomy":"post_tag","embeddable":true,"href":"https:\/\/www.eldiario.net\/portal\/wp-json\/wp\/v2\/tags?post=53989"}],"curies":[{"name":"wp","href":"https:\/\/api.w.org\/{rel}","templated":true}]}}